{"id":13205,"date":"2017-04-04T11:00:00","date_gmt":"2017-04-04T11:00:00","guid":{"rendered":"https:\/\/mickgb.com\/?p=13205"},"modified":"2024-04-08T01:26:35","modified_gmt":"2024-04-08T01:26:35","slug":"sceal-eanna","status":"publish","type":"post","link":"https:\/\/mickgb.com\/en\/sceal-eanna\/","title":{"rendered":"Sc\u00e9al \u00c9anna."},"content":{"rendered":"<p style=\"text-align:center;margin-top:0pt;padding-top:0;margin-bottom:10pt;padding-bottom:0;line-height:1.8\"><strong><span style=\"font-size:28pt\">Sc\u00e9al  \u00c9anna<\/span><\/strong><\/p><p style=\"text-align:center;margin-top:0pt;padding-top:0;margin-bottom:10pt;padding-bottom:0;line-height:1.8\"><strong><span style=\"font-size:14pt\"><em> <\/em><\/span><span style=\"font-size:14pt\"><em>(This week we consider<\/em><\/span><span style=\"font-size:14pt\"><em>,<\/em><\/span><span style=\"font-size:14pt\"><em> <\/em><\/span><span style=\"font-size:14pt\"><em>again, <\/em><\/span><span style=\"font-size:14pt\"><em>our Taoiseach\u2019<\/em><\/span><span style=\"font-size:14pt\"><em>s achie<\/em><\/span><span style=\"font-size:14pt\"><em>vements and difficulties)<\/em><\/span><\/strong><\/p><p style=\"text-align:center;margin-top:0pt;padding-top:0;margin-bottom:10pt;padding-bottom:0;line-height:1.8\"><strong><span style=\"font-size:18pt\">An Dara Breith<\/span><\/strong><\/p><p style=\"text-align:center;margin-top:0pt;padding-top:0;margin-bottom:10pt;padding-bottom:0;line-height:1.8\"><strong><span style=\"font-size:14pt\"><em>Seo th\u00ed<\/em><\/span><span style=\"font-size:14pt\"><em>os<\/em><\/span><span style=\"font-size:14pt\"><em> p\u00edossa a scr\u00edobh m\u00e9 anseo cupla bliain \u00f3<\/em><\/span><span style=\"font-size:14pt\"><em> shoin.)<\/em><\/span><\/strong><\/p><p style=\"text-align:justify;margin-top:0pt;padding-top:0;margin-bottom:10pt;padding-bottom:0;line-height:1.8\"><span style=\"font-size:14pt\">T\u00e1<\/span><span style=\"font-size:14pt\">\u2019s <\/span><span style=\"font-size:14pt\">ag fia is ag fiolar go bhfuil s\u00e9 beagnach do-dh\u00e9anta breith ch\u00f3<\/span><span style=\"font-size:14pt\">ir a            thabhairt ar pholaiteoir ar bith go<\/span><span style=\"font-size:14pt\"> dt\u00ed mb\u00edonn a r\u00e9<\/span><span style=\"font-size:14pt\"> sa diallait thart<\/span><span style=\"font-size:14pt\">, agus ansin, <\/span><span style=\"font-size:14pt\"> t\u00e1 s\u00e9 r\u00f3-dh\u00e9anach, n\u00f3 nach ndeirtear go gcr\u00edochna\u00ed<\/span><span style=\"font-size:14pt\">onn <\/span><span style=\"font-size:14pt\">r\u00e9<\/span><span style=\"font-size:14pt\">im <\/span><span style=\"font-size:14pt\">chuile <\/span><span style=\"font-size:14pt\">pholaiteora sa l\u00e1<\/span><span style=\"font-size:14pt\">ib! <\/span><span style=\"font-size:14pt\"> <\/span><span style=\"font-size:14pt\">Tr\u00e1th\u00fa<\/span><span style=\"font-size:14pt\">il go leor<\/span><span style=\"font-size:14pt\">, n\u00ed bheidh orainn breith d\u00e1 leith\u00e9id a thabhairt sa ch\u00e1s \u00e1irithe seo<\/span><span style=\"font-size:14pt\"> go ceann tamaill eile<\/span><span style=\"font-size:14pt\">, n\u00f3 t\u00e1<\/span><span style=\"font-size:14pt\"> \u00c9anna s\u2019againne<\/span><span style=\"font-size:14pt\"> ag treabhadh leis<\/span><span style=\"font-size:14pt\"> go r\u00e1<\/span><span style=\"font-size:14pt\">bach i ngort na polait\u00edochta f\u00f3s, agus, de r\u00e9<\/span><span style=\"font-size:14pt\">ir <\/span><span style=\"font-size:14pt\">dealraimh,<\/span><span style=\"font-size:14pt\"> t\u00e1 s\u00e9 suite go daingean<\/span><span style=\"font-size:14pt\"> sa diallait<\/span><span style=\"font-size:14pt\">, agus a lucht taca\u00edochta s\u00e1sta tac\u00fa<\/span><span style=\"font-size:14pt\"> leis<\/span><span style=\"font-size:14pt\"> f\u00f3<\/span><span style=\"font-size:14pt\">s, agus gan ina choinne<\/span><span style=\"font-size:14pt\"> ach a shean naimhde agus rubail\u00edn m\u00edstuama neamhsple\u00e1igh. Sea, ag breathn\u00fa go fuarch\u00faiseach ar ch\u00farsa\u00ed<\/span><span style=\"font-size:14pt\">,<\/span><span style=\"font-size:14pt\"> d\u00e9arfadh duine gur mar sin a bh\u00ed, n\u00f3 breathnaigh ar shaol polait\u00edochta \u00c9anna<\/span><span style=\"font-size:14pt\">, go nuige seo<\/span><span style=\"font-size:14pt\">. Roinnt bheag blianta \u00f3<\/span><span style=\"font-size:14pt\"> shoin<\/span><span style=\"font-size:14pt\">, ba bheag duine sa<\/span><span style=\"font-size:14pt\"> t\u00edr a thi<\/span><span style=\"font-size:14pt\">\u00farfadh seans fata i mb\u00e9al muice<\/span><span style=\"font-size:14pt\"> don \u00c9anna c\u00e9<\/span><span style=\"font-size:14pt\">ann<\/span><span style=\"font-size:14pt\">a<\/span><span style=\"font-size:14pt\"> sin<\/span><span style=\"font-size:14pt\"> cathaoir a<\/span><span style=\"font-size:14pt\">n Taoisigh a bhaint amach len<\/span><span style=\"font-size:14pt\">a r\u00e9? N\u00ed<\/span><span style=\"font-size:14pt\"> rai<\/span><span style=\"font-size:14pt\">bh ann ag lucht na me\u00e1n ach s\u00fag\u00e1n so-l\u00fabtha n\u00e1r bhac scr\u00edobhaithe n\u00f3<\/span><span style=\"font-size:14pt\"> <\/span><span style=\"font-size:14pt\">v\u00f3t\u00f3ir\u00ed<\/span><span style=\"font-size:14pt\"> i bpobalb<\/span><span style=\"font-size:14pt\">hreitheanna leis. B\u2019in mar a bh\u00ed go dt\u00ed gur tugadh bualadh<\/span><span style=\"font-size:14pt\"> trom<\/span><span style=\"font-size:14pt\"> d\u00e1 Ph\u00e1irt\u00ed i dtoghch\u00e1<\/span><span style=\"font-size:14pt\">n<\/span><span style=\"font-size:14pt\">, agus n\u00ed<\/span><span style=\"font-size:14pt\"> raibh aon r\u00e1chairt r\u00f3-mh\u00f3<\/span><span style=\"font-size:14pt\">r ar chinnearacht Fhine Gael <\/span><span style=\"font-size:14pt\">d\u00e1 bharr sin.<\/span><span style=\"font-size:14pt\"> <\/span><span style=\"font-size:14pt\">A<\/span><span style=\"font-size:14pt\">ch nuair a os<\/span><span style=\"font-size:14pt\">cla\u00ed<\/span><span style=\"font-size:14pt\">tear an bhearna tagann<\/span><span style=\"font-size:14pt\"> fear<\/span><span style=\"font-size:14pt\"> a l\u00edonta<\/span><span style=\"font-size:14pt\"> ar an bhf\u00f3d<\/span><span style=\"font-size:14pt\">. <\/span><\/p><p style=\"text-align:center;margin-top:0pt;padding-top:0;margin-bottom:10pt;padding-bottom:0;line-height:1.8\"><strong><span style=\"font-size:18pt\">D\u00e1n \u00c9<\/span><span style=\"font-size:18pt\">anna<\/span><\/strong><\/p><p style=\"text-align:justify;margin-top:0pt;padding-top:0;margin-bottom:10pt;padding-bottom:0;line-height:1.8\"><span style=\"font-size:14pt\">B\u2019in \u00e9 d\u00e1n \u00c9<\/span><span style=\"font-size:14pt\">anna s\u2019againne. Ghlac <\/span><span style=\"font-size:14pt\">s\u00e9 le cinnireacht a Ph\u00e1irt\u00ed agus tar \u00e9is d\u00f3 dh\u00e1 cheann choinneal an mhe\u00e1no\u00edche a dh\u00f3, d\u2019\u00e9irigh leis l\u00e9<\/span><span style=\"font-size:14pt\">imt i ndiallait na cumhachta<\/span><span style=\"font-size:14pt\">,<\/span><span style=\"font-size:14pt\"> agus dul i bhf<\/span><span style=\"font-size:14pt\">eidhm ar mh\u00f3ramh a Ph\u00e1irt\u00ed, agus na D\u00e1<\/span><span style=\"font-size:14pt\">la<\/span><span style=\"font-size:14pt\">, len \u00e9 a ainmni\u00fa<\/span><span style=\"font-size:14pt\"> mar Thaoiseach. B\u2019in mar a tharla<\/span><span style=\"font-size:14pt\">, tamall gearr<\/span><span style=\"font-size:14pt\"> \u00f3<\/span><span style=\"font-size:14pt\"> sho<\/span><span style=\"font-size:14pt\">in anois, agus san idirlinn, d\u2019\u00e9<\/span><span style=\"font-size:14pt\">irigh leis an dTaoiseach nua<\/span><span style=\"font-size:14pt\">-thofa a dh\u00fa<\/span><span style=\"font-size:14pt\">thracht a chaitheamh ag streachailt le<\/span><span style=\"font-size:14pt\">is na<\/span><span style=\"font-size:14pt\"> fadhbanna do<\/span><span style=\"font-size:14pt\">&#8211;<\/span><span style=\"font-size:14pt\">scaoilte<\/span><span style=\"font-size:14pt\">, a fuair s\u00e9<\/span><span style=\"font-size:14pt\"> le hua<\/span><span style=\"font-size:14pt\">cht \u00f3na r\u00e9<\/span><span style=\"font-size:14pt\">amhtheachta san oif<\/span><span style=\"font-size:14pt\">ig sin<\/span><span style=\"font-size:14pt\">,<\/span><span style=\"font-size:14pt\"> <\/span><span style=\"font-size:14pt\">a<\/span><span style=\"font-size:14pt\">gus chomh maith le sin, t\u00e1 ag \u00e9ir\u00ed<\/span><span style=\"font-size:14pt\"> leis<\/span><span style=\"font-size:14pt\">,<\/span><span style=\"font-size:14pt\"> fa<\/span><span style=\"font-size:14pt\">nacht i ndiallait na cumhachta  abh<\/span><span style=\"font-size:14pt\">us<\/span><span style=\"font-size:14pt\">, agus greim sc\u00f3ige \u00e1<\/span><span style=\"font-size:14pt\"> bhreith<\/span><span style=\"font-size:14pt\"> aige<\/span><span style=\"font-size:14pt\"> ar scrog<\/span><span style=\"font-size:14pt\">all na bpobalbhreitheanna<\/span><span style=\"font-size:14pt\">,<\/span><span style=\"font-size:14pt\"> sa <\/span><span style=\"font-size:14pt\">chaoi gur tuigeadh go raibh <\/span><span style=\"font-size:14pt\">seans <\/span><span style=\"font-size:14pt\">maith <\/span><span style=\"font-size:14pt\">ann go n-\u00e9ireodh leis a Ph\u00e1irt\u00ed<\/span><span style=\"font-size:14pt\"> a sheoladh <\/span><span style=\"font-size:14pt\">isteach i nD\u00e1il \u00c9ireann do thr\u00e9<\/span><span style=\"font-size:14pt\">imhse e<\/span><span style=\"font-size:14pt\">ile cinnireachta<\/span><span style=\"font-size:14pt\">,<\/span><span style=\"font-size:14pt\"> ar ball. T\u00e1 sin uilig go bre\u00e1, ach b\u2019fh\u00e9idir go bhfuil \u00c9anna s\u2019againne ag cur s\u00edolta a threascartha<\/span><span style=\"font-size:14pt\"> i dtalamh m\u00e9ith an todhcha\u00ed che<\/span><span style=\"font-size:14pt\">ana s<\/span><span style=\"font-size:14pt\">in.<\/span><\/p><p style=\"text-align:justify;margin-top:0pt;padding-top:0;margin-bottom:10pt;padding-bottom:0;line-height:1.8\"><span style=\"font-size:14pt\">\u201c<\/span><span style=\"font-size:14pt\">Ag magadh f\u00fam at\u00e1 t\u00fa? Dheamhan polaiteoir <\/span><span style=\"font-size:14pt\">eile <\/span><span style=\"font-size:14pt\">sa t\u00edr at\u00e1 inchurtha leis an \u00c9anna c\u00e9<\/span><span style=\"font-size:14pt\">anna<\/span><span style=\"font-size:14pt\"> sin<\/span><span style=\"font-size:14pt\">.<\/span><span style=\"font-size:14pt\">\u201d<\/span><\/p><p style=\"text-align:center;margin-top:0pt;padding-top:0;margin-bottom:10pt;padding-bottom:0;line-height:1.8\"><strong><span style=\"font-size:18pt\">Ar an dtaobh eile den sc\u00e9al<\/span><span style=\"font-size:18pt\">&#8230;.<\/span><\/strong><\/p><p style=\"text-align:justify;margin-top:0pt;padding-top:0;margin-bottom:10pt;padding-bottom:0;line-height:1.8\"><span style=\"font-size:14pt\">\u201c<\/span><span style=\"font-size:14pt\">Ach c\u00e9<\/span><span style=\"font-size:14pt\"> h<\/span><span style=\"font-size:14pt\">iad na daoine seo nach bhfuil s\u00e1sta le gn\u00ed<\/span><span style=\"font-size:14pt\">omhartha<\/span><span style=\"font-size:14pt\">,<\/span><span style=\"font-size:14pt\"> agus<\/span><span style=\"font-size:14pt\"> le<\/span><span style=\"font-size:14pt\"> <\/span><span style=\"font-size:14pt\">h\u00e9achta\u00ed \u00c9<\/span><span style=\"font-size:14pt\">anna<\/span><span style=\"font-size:14pt\">,<\/span><span style=\"font-size:14pt\"> <\/span><span style=\"font-size:14pt\">\u00f3<\/span><span style=\"font-size:14pt\"> deineadh Taoiseach de?<\/span><span style=\"font-size:14pt\">\u201d<\/span><\/p><p style=\"text-align:justify;margin-top:0pt;padding-top:0;margin-bottom:10pt;padding-bottom:0;line-height:1.8\"><span style=\"font-size:14pt\">\u201c<\/span><span style=\"font-size:14pt\">C\u00e9<\/span><span style=\"font-size:14pt\">ard faoin \u00f3r\u00e1id \u00fa<\/span><span style=\"font-size:14pt\">d<\/span><span style=\"font-size:14pt\">,<\/span><span style=\"font-size:14pt\"> <\/span><span style=\"font-size:14pt\">in<\/span><span style=\"font-size:14pt\">a<\/span><span style=\"font-size:14pt\">r<\/span><span style=\"font-size:14pt\"> thug s\u00e9<\/span><span style=\"font-size:14pt\"> sciolladh<\/span><span style=\"font-size:14pt\"> teanga<\/span><span style=\"font-size:14pt\"> ar lucht na Vatac\u00e1ine f\u00e9in? N\u00e1r chuir an \u00f3r\u00e1id ch\u00e9anna sin fearg ar dhaoine \u00e1irithe? <\/span><span style=\"font-size:14pt\"> <\/span><span style=\"font-size:14pt\">a<\/span><span style=\"font-size:14pt\">gus<\/span><span style=\"font-size:14pt\"> <\/span><span style=\"font-size:14pt\">ansin<\/span><span style=\"font-size:14pt\">,<\/span><span style=\"font-size:14pt\"> <\/span><span style=\"font-size:14pt\">c\u00e9<\/span><span style=\"font-size:14pt\">ard<\/span><span style=\"font-size:14pt\"> <\/span><span style=\"font-size:14pt\">faoi dh\u00fa<\/span><span style=\"font-size:14pt\">n<\/span><span style=\"font-size:14pt\">adh Ionad Taidhleoireachta na t\u00edre seo sa Vatac\u00e1<\/span><span style=\"font-size:14pt\">in, tamall ina dhiaidh sin? <\/span><span style=\"font-size:14pt\">Ceapadh ag an am<\/span><span style=\"font-size:14pt\">, go raibh an leithsc\u00e9<\/span><span style=\"font-size:14pt\">al a tugadh<\/span><span style=\"font-size:14pt\">,<\/span><span style=\"font-size:14pt\"> ar leathchois, ar a laghad.<\/span><span style=\"font-size:14pt\"> Breathnaigh freisin ar a pholasa\u00ed<\/span><span style=\"font-size:14pt\"> i leith na Gaeilge<\/span><span style=\"font-size:14pt\">, agus feicfidh t\u00fa lear m\u00f3<\/span><span style=\"font-size:14pt\">r<\/span><span style=\"font-size:14pt\"> <\/span><span style=\"font-size:14pt\">eile<\/span><span style=\"font-size:14pt\"> daoine<\/span><span style=\"font-size:14pt\">,<\/span><span style=\"font-size:14pt\"> a <\/span><span style=\"font-size:14pt\">bhfuil cloch \u00e1<\/span><span style=\"font-size:14pt\"> cur sa mhainchille acu<\/span><span style=\"font-size:14pt\"> d\u00f3, cheana f\u00e9in<\/span><span style=\"font-size:14pt\">. Sea, mh\u2019anam, agus ansin<\/span><span style=\"font-size:14pt\">,<\/span><span style=\"font-size:14pt\"> t\u00e1<\/span><span style=\"font-size:14pt\"> fadhb<\/span><span style=\"font-size:14pt\"> an ghinmhillte<\/span><span style=\"font-size:14pt\">, fadhb at\u00e1 ag a<\/span><span style=\"font-size:14pt\">ib<\/span><span style=\"font-size:14pt\">i\u00fa lei ansin i gcoinsias a l\u00e1<\/span><span style=\"font-size:14pt\">n, agus a fhillfidh<\/span><span style=\"font-size:14pt\">,<\/span><span style=\"font-size:14pt\"> ar ball<\/span><span style=\"font-size:14pt\">,<\/span><span style=\"font-size:14pt\"> bfh\u00e9idir<\/span><span style=\"font-size:14pt\">, le sclamh a bhaint as \u00c9anna.<\/span><span style=\"font-size:14pt\"> <\/span><span style=\"font-size:14pt\">Sea, agus c\u00e1 <\/span><span style=\"font-size:14pt\">bhf\u00e1gf\u00e1 an t-aighneas <\/span><span style=\"font-size:14pt\">a t\u00f3gadh <\/span><span style=\"font-size:14pt\">faoi <\/span><span style=\"font-size:14pt\">\u2018<\/span><span style=\"font-size:14pt\">ph\u00f3<\/span><span style=\"font-size:14pt\">sadh aerach<\/span><span style=\"font-size:14pt\">\u2019<\/span><span style=\"font-size:14pt\">,<\/span><span style=\"font-size:14pt\"> <\/span><span style=\"font-size:14pt\">c<\/span><span style=\"font-size:14pt\">eist<\/span><span style=\"font-size:14pt\"> a bh\u00ed<\/span><span style=\"font-size:14pt\"> faoi chaibidil i r\u00e9 na D\u00e1<\/span><span style=\"font-size:14pt\">la sin<\/span><span style=\"font-size:14pt\">, sea,<\/span><span style=\"font-size:14pt\"> agus \u00c9anna f\u00f3<\/span><span style=\"font-size:14pt\">s sa diallait! <\/span><span style=\"font-size:14pt\">a<\/span><span style=\"font-size:14pt\">gus c\u00e9ard faoi leas\u00fa<\/span><span style=\"font-size:14pt\"> le f\u00e1il r\u00e9<\/span><span style=\"font-size:14pt\">idh leis an tSeanad<\/span><span style=\"font-size:14pt\">?<\/span><span style=\"font-size:14pt\"> agus an toradh a bh\u00ed ar an bhfiontar sin?<\/span><\/p><p style=\"text-align:center;margin-top:0pt;padding-top:0;margin-bottom:10pt;padding-bottom:0;line-height:1.8\"><span style=\"font-size:14pt\">**********************************************************<\/span><\/p><p style=\"text-align:center;margin-top:0pt;padding-top:0;margin-bottom:10pt;padding-bottom:0;line-height:1.8\"><strong><span style=\"font-size:18pt\">S\u00fail siar, agus dh\u00e1 sh\u00fail romhainn<\/span><\/strong><\/p><p style=\"text-align:justify;margin-top:0pt;padding-top:0;margin-bottom:10pt;padding-bottom:0;line-height:1.8\"><span style=\"font-size:14pt\">B\u2019in mar a sc<\/span><span style=\"font-size:14pt\">r\u00edobh m\u00e9 sa chol\u00fa<\/span><span style=\"font-size:14pt\">n seo<\/span><span style=\"font-size:14pt\">, roinnt bheag blianta \u00f3<\/span><span style=\"font-size:14pt\"> shoin<\/span><span style=\"font-size:14pt\">, agus dhealr\u00f3dh s\u00e9,<\/span><span style=\"font-size:14pt\"> de r\u00e9ir a l\u00e1n,<\/span><span style=\"font-size:14pt\"> n\u00e1r chuir \u00c9<\/span><span style=\"font-size:14pt\">anna len<\/span><span style=\"font-size:14pt\">a ch\u00e1<\/span><span style=\"font-size:14pt\">il mar pholaite<\/span><span style=\"font-size:14pt\">oir san idirlinn. N\u00edl le d\u00e9<\/span><span style=\"font-size:14pt\">anamh againn a<\/span><span style=\"font-size:14pt\">ch breathn\u00fa<\/span><span style=\"font-size:14pt\"> ar an <\/span><span style=\"font-size:14pt\">g<\/span><span style=\"font-size:14pt\">cogadh idirp<\/span><span style=\"font-size:14pt\">h\u00e1irt\u00edoch at\u00e1 \u00e1 fhearadh ar bhins\u00ed na D\u00e1<\/span><span style=\"font-size:14pt\">la <\/span><span style=\"font-size:14pt\">faoi l\u00e1<\/span><span style=\"font-size:14pt\">thair<\/span><span style=\"font-size:14pt\">,<\/span><span style=\"font-size:14pt\"> agus feicfidh t<\/span><span style=\"font-size:14pt\">\u00fa<\/span><span style=\"font-size:14pt\"> sceana<\/span><span style=\"font-size:14pt\"> \u00e1 bhfaobhr\u00fa<\/span><span style=\"font-size:14pt\">, <\/span><span style=\"font-size:14pt\">sear\u00fa<\/span><span style=\"font-size:14pt\">s<\/span><span style=\"font-size:14pt\"> \u00e1 gh\u00e9ar\u00fa<\/span><span style=\"font-size:14pt\">,<\/span><span style=\"font-size:14pt\"> agus polasaithe a n-ullmh\u00fa,<\/span><span style=\"font-size:14pt\"> don <\/span><span style=\"font-size:14pt\">olltoghch\u00e1n at\u00e1 \u00e1 thuar. Sna laethe at\u00e1 romhainn amach, feicfear stuaim agus clisteacht \u00c9anna, s\u00e9 sin m\u00e1 \u00e9ir\u00edonn leis <\/span><span style=\"font-size:14pt\">seas<\/span><span style=\"font-size:14pt\">amh in a<\/span><span style=\"font-size:14pt\">ghaidh na raice<\/span><span style=\"font-size:14pt\"> at\u00e1<\/span><span style=\"font-size:14pt\"> \u00e1 th\u00f3g\u00e1il, agus a bh\u00e9as \u00e1 gh\u00e9ar\u00fa,<\/span><span style=\"font-size:14pt\"> sna laethe <\/span><span style=\"font-size:14pt\">at\u00e1 <\/span><span style=\"font-size:14pt\">romhainn<\/span><span style=\"font-size:14pt\"> amach, idir seo agus an ch\u00e9<\/span><span style=\"font-size:14pt\">ad C<\/span><span style=\"font-size:14pt\">h\u00e1inaisn\u00e9<\/span><span style=\"font-size:14pt\">is eile<\/span><span style=\"font-size:14pt\">,<\/span><span style=\"font-size:14pt\"> s\u00e9 sin<\/span><span style=\"font-size:14pt\">,<\/span><span style=\"font-size:14pt\"> m\u00e1 \u00e9ir\u00edonn leis \u00e9al\u00f3 as an mbogach ina bhfuiltear sa toir air faoi l\u00e1thair!<\/span><\/p><p style=\"text-align:justify;margin-top:0pt;padding-top:0;margin-bottom:10pt;padding-bottom:0;line-height:1.8\"><span style=\"font-size:14pt\">C\u00e9ard \u00e9 do <\/span><span style=\"font-size:14pt\">thuairim fh\u00e9in faoi na c\u00farsa\u00ed<\/span><span style=\"font-size:14pt\"> sin?<\/span><span style=\"font-size:14pt\">&nbsp;&nbsp;<\/span><\/p><p style=\"text-align:justify;margin-top:0pt;padding-top:0;margin-bottom:10pt;padding-bottom:0;line-height:1.8\"><span style=\"font-size:14pt\"> <\/span><\/p><p style=\"text-align:justify;margin-top:0pt;padding-top:0;margin-bottom:10pt;padding-bottom:0;line-height:1.38\"><span style=\"height:1em\"><span>.<\/span><\/span><\/p><p style=\"text-align:justify;margin-top:0pt;padding-top:0;margin-bottom:10pt;padding-bottom:0;line-height:1.38\"><span style=\"height:1em\"><span>.<\/span><\/span><\/p><p style=\"text-align:justify;margin-top:0pt;padding-top:0;margin-bottom:10pt;padding-bottom:0;line-height:1.38\"><span style=\"font-size:14pt\"> <\/span><span style=\"font-size:14pt\">&nbsp;&nbsp;<\/span><\/p><p style=\"text-align:center;margin-top:0pt;padding-top:0;margin-bottom:10pt;padding-bottom:0;line-height:1.38\"><span style=\"height:1em\"><span>.<\/span><\/span><\/p>","protected":false},"excerpt":{"rendered":"<p>Sc\u00e9al \u00c9anna (This week we consider, again, our Taoiseach\u2019s achievements and difficulties) An Dara Breith Seo th\u00edos p\u00edossa a scr\u00edobh m\u00e9 anseo cupla bliain \u00f3 shoin.) T\u00e1\u2019s ag fia is ag fiolar go bhfuil s\u00e9 beagnach do-dh\u00e9anta breith ch\u00f3ir a thabhairt ar pholaiteoir ar bith go dt\u00ed mb\u00edonn a r\u00e9 sa diallait thart, agus ansin, [&hellip;]<\/p>\n","protected":false},"author":2,"featured_media":13435,"comment_status":"open","ping_status":"open","sticky":false,"template":"","format":"standard","meta":{"nf_dc_page":"","_et_pb_use_builder":"","_et_pb_old_content":"","_et_gb_content_width":"","footnotes":""},"categories":[1],"tags":[],"class_list":["post-13205","post","type-post","status-publish","format-standard","has-post-thumbnail","hentry","category-gan-chatagoir"],"_links":{"self":[{"href":"https:\/\/mickgb.com\/en\/wp-json\/wp\/v2\/posts\/13205","targetHints":{"allow":["GET"]}}],"collection":[{"href":"https:\/\/mickgb.com\/en\/wp-json\/wp\/v2\/posts"}],"about":[{"href":"https:\/\/mickgb.com\/en\/wp-json\/wp\/v2\/types\/post"}],"author":[{"embeddable":true,"href":"https:\/\/mickgb.com\/en\/wp-json\/wp\/v2\/users\/2"}],"replies":[{"embeddable":true,"href":"https:\/\/mickgb.com\/en\/wp-json\/wp\/v2\/comments?post=13205"}],"version-history":[{"count":1,"href":"https:\/\/mickgb.com\/en\/wp-json\/wp\/v2\/posts\/13205\/revisions"}],"predecessor-version":[{"id":13206,"href":"https:\/\/mickgb.com\/en\/wp-json\/wp\/v2\/posts\/13205\/revisions\/13206"}],"wp:featuredmedia":[{"embeddable":true,"href":"https:\/\/mickgb.com\/en\/wp-json\/wp\/v2\/media\/13435"}],"wp:attachment":[{"href":"https:\/\/mickgb.com\/en\/wp-json\/wp\/v2\/media?parent=13205"}],"wp:term":[{"taxonomy":"category","embeddable":true,"href":"https:\/\/mickgb.com\/en\/wp-json\/wp\/v2\/categories?post=13205"},{"taxonomy":"post_tag","embeddable":true,"href":"https:\/\/mickgb.com\/en\/wp-json\/wp\/v2\/tags?post=13205"}],"curies":[{"name":"wp","href":"https:\/\/api.w.org\/{rel}","templated":true}]}}