{"id":13217,"date":"2017-04-04T11:00:00","date_gmt":"2017-04-04T11:00:00","guid":{"rendered":"https:\/\/mickgb.com\/?p=13217"},"modified":"2024-04-08T01:13:35","modified_gmt":"2024-04-08T01:13:35","slug":"scrudu-cainte-cuid-a-do","status":"publish","type":"post","link":"https:\/\/mickgb.com\/en\/scrudu-cainte-cuid-a-do\/","title":{"rendered":"Scrudu Cainte Cuid a Do"},"content":{"rendered":"<p style=\"text-align:center;margin-top:0pt;padding-top:0;margin-bottom:0pt;padding-bottom:0;line-height:2.4;font-weight:bold;font-size:18pt\">Scr\u00fad\u00fa Cainte  Cuid a D\u00f3<\/p><p style=\"text-align:justify;margin-top:0pt;padding-top:0;margin-bottom:0pt;padding-bottom:0;line-height:2.4\"><strong><span style=\"font-size:14pt\">Cad a dh\u00e9anf\u00e1 d\u00e1 dtoghfa\u00ed th\u00fa id\u2019 Thaoiseach ar an t\u00edr seo?<\/span><\/strong><\/p><p style=\"text-align:justify;margin-top:0pt;padding-top:0;margin-bottom:0pt;padding-bottom:0;line-height:2.4\"><span style=\"height:1em\"><span>.<\/span><\/span><\/p><p style=\"text-align:justify;margin-top:0pt;padding-top:0;margin-bottom:0pt;padding-bottom:0;line-height:2.4\"><span style=\"font-size:14pt\">Ar an gc\u00e9ad dul s\u00ed<\/span><span style=\"font-size:14pt\">os, bheinn den tuairim, nach bhfuil baol ar bith ann go dtarl\u00f3dh a leith\u00e9id, ach, d\u00e1 dtarl\u00f3dh s\u00e9, bheadh \u00e1thas an domhain orm, n\u00f3 bheadh deis agam, iarracht a dh\u00e9anamh ar fhadhbanna uilig na t\u00edre seo a leigheas.<\/span><\/p><p style=\"text-align:justify;margin-top:0pt;padding-top:0;margin-bottom:0pt;padding-bottom:0;line-height:2.4\"><span style=\"font-size:14pt\">Ba \u00e9 an ch\u00e9ad rud a dh\u00e9anfainn n\u00f3 coirpigh uilig na t\u00edre seo a ghabh\u00e1il agus a chur isteach in Ionad Ceartaithe, agus sa tsl\u00ed sin, chuirfinn deireadh l\u00e1ithreach le m\u00ed-iompar \u00e1r ndaoine, idir \u00f3g agus aosta. Ansin, de r\u00e9ir mar a bheadh a gceacht foghlamtha acu, ligfinn saor ar\u00eds iad, ar choinn\u00edoll nac<\/span><span style=\"font-size:14pt\">h mbrisfid\u00eds an dl\u00ed ar\u00eds, agus go bhfanfadh siad glan amach \u00f3 choirpeacht, agus aindl\u00ed.<\/span><\/p><p style=\"text-align:justify;margin-top:0pt;padding-top:0;margin-bottom:0pt;padding-bottom:0;line-height:2.4\"><span style=\"font-size:14pt\">Nuair a bheadh sin d\u00e9anta agam, d\u2019fh\u00e9achfainn chuige, go mbeadh teacht isteach r\u00e9as\u00fanta ag chuile oibr\u00ed sa t\u00edr, agus ghearrfainn c\u00e1in trom ar mhilli\u00fanaithe na t\u00edre seo. Chuirfinn tuilleadh airgid ar f\u00e1il do na scoileanna agus do na m\u00fainteoir\u00ed. Chuirfinn deireadh le fadhb na n-ospid\u00e9al, agus nuair a bheadh an meid sin d\u00e9anta agam, d\u2019iarfainn ar an bpobal a dtuairim\u00ed fh\u00e9in a chur ar f\u00e1il don Rialtas, sa tsl\u00ed go mbeadh muid<\/span><span style=\"font-size:14pt\"> in ann freastal orthu, mar ba ch\u00f3ir.<\/span><\/p><p style=\"text-align:justify;margin-top:0pt;padding-top:0;margin-bottom:0pt;padding-bottom:0;line-height:2.4\"><span style=\"height:1em\"><span>.<\/span><\/span><\/p><p style=\"text-align:justify;margin-top:0pt;padding-top:0;margin-bottom:0pt;padding-bottom:0;line-height:2.4;font-weight:bold;font-size:14pt\">Deirtear uaireannta, gur pobal cin\u00edoch muid anseo in \u00c9irinn. An gceapf\u00e1 go bhfuil an ceart ag na daoine adeireann sin?<\/p><p style=\"text-align:justify;margin-top:0pt;padding-top:0;margin-bottom:0pt;padding-bottom:0;line-height:2.4\"><span style=\"height:1em\"><span>.<\/span><\/span><\/p><p style=\"text-align:justify;margin-top:0pt;padding-top:0;margin-bottom:0pt;padding-bottom:0;line-height:2.4\"><span style=\"font-size:14pt\">T\u00e1 agus N\u00edl. Mar sa ch\u00e9ad \u00e1it, nach ndeirtear sa tseanfhocal, gur cara gach duine go dt\u00e9ann a bh\u00f3 isteach i do gharra\u00ed. Bhuel, is \u00e9 an ch\u00e1s c\u00e9anna ag na hinimircigh \u00e9. Chomh fada is a fhanann siad ina dt\u00edr fhein, b\u00edonn muid bre\u00e1 cairdi\u00fail leo, agus fi\u00fa, bheadh muid s\u00e1sta chuile chabhair a chur ar f\u00e1il d\u00f3ibh, chomh fada is a fhanann siad ansin, ach nuair a thagann siad isteach sa t\u00edr s\u2019againne, agus nuair a \u00e9ir\u00edonn postanna gann, ansin, n\u00ed bh\u00edonn muid chomh cairdi\u00fail sin ar fad leo, agus m\u00e1 tharla\u00edonn gur da<\/span><span style=\"font-size:14pt\">oine gorma iad, na hinimircigh a thagann isteach chugainn agus a th\u00f3gann na postanna ganna sin, bhuel! ansin \u00e9ir\u00edonn eascairdeas idir sinne agus na gormaigh sin. An t\u00e9 a thabharfadh sin faoi deara, is d\u00f3cha go gceapfadh s\u00e9, agus go nd\u00e9arfadh s\u00e9, gur cin\u00edochas lom at\u00e1 \u00e1 chleachtadh againn, ach i nd\u00e1ir\u00edre, d\u00e1 mba dhaoine as Contae eile sa t\u00edr seo, a dh\u00e9anfadh an rud c\u00e9anna sin, mh\u00fascl\u00f3fa\u00ed an t-eascairdeas c\u00e9anna chucu, i gcro\u00edthe na ndaoine a f\u00e1gadh gan obair. <\/span><\/p><p style=\"text-align:justify;margin-top:0pt;padding-top:0;margin-bottom:0pt;padding-bottom:0;line-height:2.4\"><span style=\"font-size:14pt\">I nd\u00e1ir\u00edre, d\u00e9arfainn fh\u00e9in nach bhfuil muid cin<\/span><span style=\"font-size:14pt\">\u00edoch in aon chor, ach go mb\u00edonn drugall ar chuile dhuine, glacadh leis an rud at\u00e1 strains\u00e9artha, ach chomh luath is a chuireann muid aithne cheart ar na hinimircigh, b\u00edonn muid chomh cairdi\u00fail leo is a bheadh muid le duine as \u00e1r dt\u00edr fh\u00e9in.<\/span><\/p><p style=\"text-align:justify;margin-top:0pt;padding-top:0;margin-bottom:0pt;padding-bottom:0;line-height:2.4\"><span style=\"height:1em\"><span>.<\/span><\/span><\/p><p style=\"text-align:justify;margin-top:0pt;padding-top:0;margin-bottom:0pt;padding-bottom:0;line-height:2.4\"><strong><span style=\"font-size:14pt\">C\u00e9ard \u00e9 do mheas ar lucht polait\u00edochta na t\u00edre seo? <\/span><\/strong><\/p><p style=\"text-align:justify;margin-top:0pt;padding-top:0;margin-bottom:0pt;padding-bottom:0;line-height:2.4;font-size:14pt\"><span style=\"height:1em\"><span>.<\/span><\/span><\/p><p style=\"text-align:justify;margin-top:0pt;padding-top:0;margin-bottom:0pt;padding-bottom:0;line-height:2.4;font-size:14pt\">Ba ch\u00f3ir a r\u00e1 i dtosach, go bhfuil daoine ann, a cheapann, nach dt\u00e9ann le polait\u00edocht, ach an dream a dteasta\u00edonn uathu cr\u00f3n\u00e1n ar mhaithe leo fh\u00e9in, agus b\u2019fh\u00e9idir go bhfuil an corr-pholaiteoir ann, a bheadh s\u00e1sta breab a ghlacadh, ar mhaithe le f\u00e1bhar a dh\u00e9anamh do dhuine eic\u00ednt, agus sa tsl\u00ed sin b\u00edonn siad s\u00e1sta dearmad a dheanamh de leas an phobail, ach is \u00e9 mo thuairim fh\u00e9in, go bhfuil polaiteoir\u00ed againn sa t\u00edr seo, at\u00e1 chomh maith, agus chomh mac\u00e1nta, agus n\u00edos fearr d\u00e9arfainn, n\u00e1 na polaiteoir\u00ed a gheof\u00e1 in aon t\u00edr eile ar domhan. Anois, is f\u00e9idir a r\u00e1 go n-\u00edoctar go maith iad as a saothar, ach n\u00ed br\u00e9ag ar bith \u00e9 a r\u00e1, go mb\u00edonn ar an bPolaiteoir bheith i mbun a shaothair \u00f3 mhaidin go ho\u00edche, Domhnach is D\u00e1lach, agus \u00f3 cheann ceann na bliana, n\u00f3 caithfidh s\u00e9 freastal ar shaor\u00e1nach ar bith a thagann chuige ag lorg cabhrach.<\/p><p style=\"text-align:justify;margin-top:0pt;padding-top:0;margin-bottom:0pt;padding-bottom:0;line-height:2.4;font-size:14pt\">I l\u00e1thair na huaire seo, t\u00e1 daoine ann a deireann seo, agus daoine a deireann si\u00fad, faoin\u00e1r dTaoiseach, Bertie Ahearne, ach, is annamh a chloiseann t\u00fa duine den dream sin ag labhairt faoin m\u00e9id oibre a dh\u00e9anann an fear sin, ar mhaithe lena Th\u00edr, gan tracht in aonchor ar a nd\u00e9anann s\u00e9 ar mhaithe lena Ph\u00e1irt\u00ed, n\u00f3 ar mhaithe lena Phobal. Iarr ar na daoine sin, a dtugann s\u00e9 cabhair d\u00f3ibh, c\u00e9n cine\u00e1l duine \u00e9 Bertie, agus d\u00e9arfaidh siad leat, nach bhfuil a sh\u00e1r\u00fa mar pholaiteoir le f\u00e1il ar dhroim tal\u00fan.<\/p><p style=\"text-align:justify;margin-top:0pt;padding-top:0;margin-bottom:0pt;padding-bottom:0;line-height:2.4\"><span style=\"font-size:14pt\">Sea, caithfidh m\u00e9 a r\u00e1, go bhfuil meas, agus dh\u00e1 mheas, agam fh\u00e9in ar an lucht polait\u00edochta, as a nd\u00fathracht, as a mac\u00e1ntacht, agus as a dt\u00edr-ghr\u00e1, n\u00f3 is dream <\/span><span style=\"font-size:14pt\">iad, a chaitheann a gcuid ama ag saothr\u00fa ar son an phobail, agus nach deacair daoine d\u00e1 leith\u00e9id sin a fh\u00e1il, na laethe seo.<\/span><\/p>","protected":false},"excerpt":{"rendered":"<p>Scr\u00fad\u00fa Cainte Cuid a D\u00f3 Cad a dh\u00e9anf\u00e1 d\u00e1 dtoghfa\u00ed th\u00fa id\u2019 Thaoiseach ar an t\u00edr seo? . Ar an gc\u00e9ad dul s\u00edos, bheinn den tuairim, nach bhfuil baol ar bith ann go dtarl\u00f3dh a leith\u00e9id, ach, d\u00e1 dtarl\u00f3dh s\u00e9, bheadh \u00e1thas an domhain orm, n\u00f3 bheadh deis agam, iarracht a dh\u00e9anamh ar fhadhbanna uilig [&hellip;]<\/p>\n","protected":false},"author":2,"featured_media":13435,"comment_status":"open","ping_status":"open","sticky":false,"template":"","format":"standard","meta":{"nf_dc_page":"","_et_pb_use_builder":"","_et_pb_old_content":"","_et_gb_content_width":"","footnotes":""},"categories":[1],"tags":[],"class_list":["post-13217","post","type-post","status-publish","format-standard","has-post-thumbnail","hentry","category-gan-chatagoir"],"_links":{"self":[{"href":"https:\/\/mickgb.com\/en\/wp-json\/wp\/v2\/posts\/13217","targetHints":{"allow":["GET"]}}],"collection":[{"href":"https:\/\/mickgb.com\/en\/wp-json\/wp\/v2\/posts"}],"about":[{"href":"https:\/\/mickgb.com\/en\/wp-json\/wp\/v2\/types\/post"}],"author":[{"embeddable":true,"href":"https:\/\/mickgb.com\/en\/wp-json\/wp\/v2\/users\/2"}],"replies":[{"embeddable":true,"href":"https:\/\/mickgb.com\/en\/wp-json\/wp\/v2\/comments?post=13217"}],"version-history":[{"count":1,"href":"https:\/\/mickgb.com\/en\/wp-json\/wp\/v2\/posts\/13217\/revisions"}],"predecessor-version":[{"id":13218,"href":"https:\/\/mickgb.com\/en\/wp-json\/wp\/v2\/posts\/13217\/revisions\/13218"}],"wp:featuredmedia":[{"embeddable":true,"href":"https:\/\/mickgb.com\/en\/wp-json\/wp\/v2\/media\/13435"}],"wp:attachment":[{"href":"https:\/\/mickgb.com\/en\/wp-json\/wp\/v2\/media?parent=13217"}],"wp:term":[{"taxonomy":"category","embeddable":true,"href":"https:\/\/mickgb.com\/en\/wp-json\/wp\/v2\/categories?post=13217"},{"taxonomy":"post_tag","embeddable":true,"href":"https:\/\/mickgb.com\/en\/wp-json\/wp\/v2\/tags?post=13217"}],"curies":[{"name":"wp","href":"https:\/\/api.w.org\/{rel}","templated":true}]}}