{"id":13237,"date":"2017-04-04T11:00:00","date_gmt":"2017-04-04T11:00:00","guid":{"rendered":"https:\/\/mickgb.com\/?p=13237"},"modified":"2024-04-08T01:07:19","modified_gmt":"2024-04-08T01:07:19","slug":"seo-slainte-na-mbo-1","status":"publish","type":"post","link":"https:\/\/mickgb.com\/en\/seo-slainte-na-mbo-1\/","title":{"rendered":"SEO  SL\u00c1INTE  NA  mB\u00d3 &#8211; 1"},"content":{"rendered":"<p style=\"text-align:center;margin-top:0pt;padding-top:0;margin-bottom:10pt;padding-bottom:0;line-height:1.8\"><strong><span style=\"font-size:28pt\">SEO  SL\u00c1INTE  NA  B\u00d3<\/span><span style=\"font-size:28pt\">   1<\/span><\/strong><\/p><p style=\"text-align:justify;margin-top:0pt;padding-top:0;margin-bottom:10pt;padding-bottom:0;line-height:2.4\"><span style=\"font-size:14pt\">Peadar Bair\u00e9ad.<\/span><\/p><p style=\"text-align:center;margin-top:0pt;padding-top:0;margin-bottom:10pt;padding-bottom:0;line-height:2.4\"><strong><span style=\"font-size:14pt\"><em>(<\/em><\/span><span style=\"font-size:14pt\"><em>This week<\/em><\/span><span style=\"font-size:14pt\"><em>,<\/em><\/span><span style=\"font-size:14pt\"><em> we take a look a<\/em><\/span><span style=\"font-size:14pt\"><em>t the place of the cow<\/em><\/span><span style=\"font-size:14pt\"><em>,<\/em><\/span><span style=\"font-size:14pt\"><em> in Erris<\/em><\/span><span style=\"font-size:14pt\"><em> society<\/em><\/span><span style=\"font-size:14pt\"><em>, in the last <\/em><\/span><span style=\"font-size:14pt\"><em>century.<\/em><\/span><span style=\"font-size:14pt\"><em>)<\/em><\/span><\/strong><\/p><p style=\"text-align:justify;margin-top:0pt;padding-top:0;margin-bottom:10pt;padding-bottom:0;line-height:1.8;margin-left:36pt\"><strong><span style=\"font-size:14pt\"><em>Seo p\u00edosa a chuir m\u00e9 isteach ar chom\u00f3rtas, blianta fada \u00f3 shoin. N\u00edor bhuaigh s\u00e9 an ch\u00e9ad duais, ach th\u00e1inig s\u00e9 sa dara h\u00e1it, agus bh\u00ed m\u00e9 l\u00e1n-ts\u00e1sta le sin. B\u2019fh\u00e9idir n\u00e1r r\u00f3-olc an smaoineamh \u00e9, deis a thabhairt duit fh\u00e9in \u00e9 a l\u00e9amh anois, ar do chaoth\u00falacht, tar \u00e9is na blianta fada sin uilig. T\u00e1 s\u00fail agam go mbainfidh t\u00fa taitneamh as.<\/em><\/span><span style=\"font-size:14pt\"><em> T\u00f3gfaidh s\u00e9 roi<\/em><\/span><span style=\"font-size:14pt\"><em>nnt seachtain\u00ed  leis an tsraith aist\u00ed<\/em><\/span><span style=\"font-size:14pt\"><em> ar fad a fhoilsi\u00fa<\/em><\/span><span style=\"font-size:14pt\"><em> &#8211;<\/em><\/span><\/strong><\/p><p style=\"text-align:center;margin-top:0pt;padding-top:0;margin-bottom:10pt;padding-bottom:0;line-height:2.4\"><strong><span style=\"font-size:18pt\">M\u00f3r idir inn\u00e9 is inniu!<\/span><\/strong><\/p><p style=\"text-align:justify;margin-top:0pt;padding-top:0;margin-bottom:10pt;padding-bottom:0;line-height:1.8\"><span style=\"font-size:14pt\">Nach ioma\u00ed<\/span><span style=\"font-size:14pt\"> sin <\/span><span style=\"font-size:14pt\">athr\u00fa at\u00e1<\/span><span style=\"font-size:14pt\"> t<\/span><span style=\"font-size:14pt\">a<\/span><span style=\"font-size:14pt\">gtha ar<\/span><span style=\"font-size:14pt\"> <\/span><span style=\"font-size:14pt\">st\u00ed<\/span><span style=\"font-size:14pt\">l bheatha na<\/span><span style=\"font-size:14pt\"> <\/span><span style=\"font-size:14pt\">nd<\/span><span style=\"font-size:14pt\">aoine le<\/span><span style=\"font-size:14pt\"> breis<\/span><span style=\"font-size:14pt\"> <\/span><span style=\"font-size:14pt\">is <\/span><span style=\"font-size:14pt\">ceithre sc\u00f3r<\/span><span style=\"font-size:14pt\"> <\/span><span style=\"font-size:14pt\">blianta <\/span><span style=\"font-size:14pt\">anuas. <\/span><span style=\"font-size:14pt\">Nach ioma<\/span><span style=\"font-size:14pt\">\u00ed sin athr\u00fa a th\u00e1inig ar <\/span><span style=\"font-size:14pt\">a <\/span><span style=\"font-size:14pt\">n\u00f3<\/span><span style=\"font-size:14pt\">sann<\/span><span style=\"font-size:14pt\">a, ar <\/span><span style=\"font-size:14pt\">a gcreideamh, ar a dt<\/span><span style=\"font-size:14pt\">almha\u00ed<\/span><span style=\"font-size:14pt\">ocht, ar <\/span><span style=\"font-size:14pt\">a n-<\/span><span style=\"font-size:14pt\">iascaireacht<\/span><span style=\"font-size:14pt\">,<\/span><span style=\"font-size:14pt\"> a<\/span><span style=\"font-size:14pt\">gus ar<\/span><span style=\"font-size:14pt\"> a gc<\/span><span style=\"font-size:14pt\">aitheamh aimsire,<\/span><span style=\"font-size:14pt\"> \u00f3 bh\u00edos-sa \u00f3<\/span><span style=\"font-size:14pt\">g.<\/span><\/p><p style=\"text-align:justify;margin-top:0pt;padding-top:0;margin-bottom:10pt;padding-bottom:0;line-height:1.8\"><span style=\"font-size:14pt\">Do thuras na huaire seo, \u00e1fach, t\u00f3gfaidh m\u00e9<\/span><span style=\"font-size:14pt\"> an <\/span><span style=\"font-size:14pt\">bh\u00f3<\/span><span style=\"font-size:14pt\"> mar shlat tomhais ar na hathruithe at\u00e1<\/span><span style=\"font-size:14pt\"> tagtha ar an saol <\/span><span style=\"font-size:14pt\">sin<\/span><span style=\"font-size:14pt\">,<\/span><span style=\"font-size:14pt\"> <\/span><span style=\"font-size:14pt\">le mo linn<\/span><span style=\"font-size:14pt\">. <\/span><span style=\"font-size:14pt\">I mo thuairimse<\/span><span style=\"font-size:14pt\">, t\u00e1 n\u00edos m\u00f3 athruithe feicthe agamsa n\u00e1 mar at\u00e1<\/span><span style=\"font-size:14pt\"> feicthe ag a l<\/span><span style=\"font-size:14pt\">\u00e1<\/span><span style=\"font-size:14pt\">n  eile in \u00c9<\/span><span style=\"font-size:14pt\">irinn, i rith an ama sin<\/span><span style=\"font-size:14pt\">. T\u00f3<\/span><span style=\"font-size:14pt\">gadh mise<\/span><span style=\"font-size:14pt\"> <\/span><span style=\"font-size:14pt\">i mbaile na Druime, baile beag<\/span><span style=\"font-size:14pt\">,<\/span><span style=\"font-size:14pt\"> seascair<\/span><span style=\"font-size:14pt\">, iarg\u00fa<\/span><span style=\"font-size:14pt\">lta<\/span><span style=\"font-size:14pt\">,<\/span><span style=\"font-size:14pt\"> <\/span><span style=\"font-size:14pt\">i bPar\u00e1iste na Cille M\u00f3ire, i mbar\u00fa<\/span><span style=\"font-size:14pt\">ntacht Iorrais<\/span><span style=\"font-size:14pt\">,<\/span><span style=\"font-size:14pt\"> i gContae<\/span><span style=\"font-size:14pt\"> ollmh\u00f3r<\/span><span style=\"font-size:14pt\"> Mhaigh Eo,<\/span><span style=\"font-size:14pt\"> agus d\u2019fh\u00e1s m\u00e9 suas sa d\u00fathaigh sin,<\/span><span style=\"font-size:14pt\"> i bhfichid\u00ed<\/span><span style=\"font-size:14pt\">, agus<\/span><span style=\"font-size:14pt\"> i dtrioc<\/span><span style=\"font-size:14pt\">haid\u00ed<\/span><span style=\"font-size:14pt\"> an ocrais agus an ghorta<\/span><span style=\"font-size:14pt\">.<\/span><span style=\"font-size:14pt\"> <\/span><span style=\"font-size:14pt\">N<\/span><span style=\"font-size:14pt\">uair a dh\u00fanaim mo sh\u00faile feicim anois \u00e9, mo bhaile dh\u00fachais fh\u00e9in. <\/span><span style=\"font-size:14pt\">Na tithe <\/span><span style=\"font-size:14pt\">seascair<\/span><span style=\"font-size:14pt\">e, aoldaite, ceann tu\u00ed. <\/span><span style=\"font-size:14pt\">Feicim freisin<\/span><span style=\"font-size:14pt\">, na p\u00e9int\u00e9ir\u00ed a th\u00e1inig chugainn \u00f3n iasacht, agus feicim na picti\u00fair a dhathaigh siad d\u00e1r mbaile-ne, iad ansin ar sheast\u00e1in i l\u00e1<\/span><span style=\"font-size:14pt\">r an bhaile<\/span><span style=\"font-size:14pt\">, agus b\u2019in \u00e9 \u00e1<\/span><span style=\"font-size:14pt\">r mbaile<\/span><span style=\"font-size:14pt\">,<\/span><span style=\"font-size:14pt\"> m<\/span><span style=\"font-size:14pt\">ar a chonacthas do choimhthigh \u00e9<\/span><span style=\"font-size:14pt\">. <\/span><\/p><p style=\"text-align:center;margin-top:0pt;padding-top:0;margin-bottom:10pt;padding-bottom:0;line-height:1.8\"><strong><span style=\"font-size:18pt\">Bh\u00edodarsan cairdi\u00fail, cneasta&#8230;<\/span><\/strong><\/p><p style=\"text-align:justify;margin-top:0pt;padding-top:0;margin-bottom:10pt;padding-bottom:0;line-height:1.8\"><span style=\"font-size:14pt\">D\u00faradarsan go raibh s\u00e9 go  h\u00e1lainn. N<\/span><span style=\"font-size:14pt\">\u00ed mar sin a chonacthas domsa \u00e9 \u00e1<\/span><span style=\"font-size:14pt\">fach. N\u00ed fhaca mise aon \u00e1illeacht sna tithe sean-n\u00f3sacha, ceann-tu\u00ed \u00fad. N\u00edorbh \u00e9 an <\/span><span style=\"font-size:14pt\">baile fh\u00e9in a bh\u00ed go h\u00e1lainn, d\u00e1<\/span><span style=\"font-size:14pt\">r liomsa,  ach na daoine a bh\u00ed ina gc\u00f3na\u00ed ann.  Bh\u00edodarsan cairdi\u00fa<\/span><span style=\"font-size:14pt\">il, ci<\/span><span style=\"font-size:14pt\">ne\u00e1<\/span><span style=\"font-size:14pt\">lta, cn<\/span><span style=\"font-size:14pt\">easta. Ollchlann sh\u00f3isialta amh\u00e1in a bh\u00ed ionainn. N\u00ed fh\u00e1gfa\u00ed \u00e9inne ocrach in\u00e1r measc. Roinnf\u00ed<\/span><span style=\"font-size:14pt\"> gach nua\u00ed<\/span><span style=\"font-size:14pt\">ocht. <\/span><span style=\"font-size:14pt\">Bh\u00ed<\/span><span style=\"font-size:14pt\"> co<\/span><span style=\"font-size:14pt\">mhar na gcomha<\/span><span style=\"font-size:14pt\">rsan, agus an mheitheal, mar dh\u00fashraith d\u00e1r saol eacnama\u00edoch, agus nuair a smaoin\u00edm anois air, bh\u00ed<\/span><span style=\"font-size:14pt\"> an saol eacnam<\/span><span style=\"font-size:14pt\">a\u00edoch <\/span><span style=\"font-size:14pt\">sin <\/span><span style=\"font-size:14pt\">bunaithe, cuid mhaith, ar an mb\u00f3. B\u2019in mar a bh\u00ed<\/span><span style=\"font-size:14pt\">odh imeasc na gCeilteach<\/span><span style=\"font-size:14pt\">, riamh anall.  Nach ioma\u00ed sin seanfhocal in \u00e1r dteanga at\u00e1 bunaithe ar an mb\u00f3 ch\u00e9<\/span><span style=\"font-size:14pt\">anna?<\/span><\/p><p style=\"text-align:justify;margin-top:0pt;padding-top:0;margin-bottom:10pt;padding-bottom:0;line-height:1.8\"><span style=\"font-size:14pt\">B\u00ed<\/span><span style=\"font-size:14pt\">onn adharca fada ar na buaibh thar lear.<\/span><\/p><p style=\"text-align:justify;margin-top:0pt;padding-top:0;margin-bottom:10pt;padding-bottom:0;line-height:1.8\"><span style=\"font-size:14pt\">Is glas iad na cnoic i bhfad uainn<\/span><span style=\"font-size:14pt\">, ach n\u00ed bh\u00edonn siad f\u00e9<\/span><span style=\"font-size:14pt\">armhar<\/span><span style=\"font-size:14pt\">&#8230;<\/span><span style=\"font-size:14pt\">.<\/span><span style=\"font-size:14pt\">(<\/span><span style=\"font-size:14pt\">do na ba<\/span><span style=\"font-size:14pt\">)<\/span><span style=\"font-size:14pt\">&#8230;<\/span><\/p><p style=\"text-align:justify;margin-top:0pt;padding-top:0;margin-bottom:10pt;padding-bottom:0;line-height:1.8\"><span style=\"font-size:14pt\">Is fe<\/span><span style=\"font-size:14pt\">arr an tsl\u00e1int<\/span><span style=\"font-size:14pt\">e n\u00e1 na t\u00e1inte<\/span><span style=\"font-size:14pt\">.<\/span><\/p><p style=\"text-align:justify;margin-top:0pt;padding-top:0;margin-bottom:10pt;padding-bottom:0;line-height:1.8\"><span style=\"font-size:14pt\">Is cara gach comharsa go dt\u00e9 do bh\u00f3 ina gharra\u00ed.<\/span><span style=\"font-size:14pt\"> &#8211; <\/span><span style=\"font-size:14pt\">agus tuilleadh. <\/span><\/p><p style=\"text-align:justify;margin-top:0pt;padding-top:0;margin-bottom:10pt;padding-bottom:0;line-height:1.8\"><span style=\"font-size:14pt\">Smaoin\u00edm freisin ar th\u00e1bhacht na b\u00f3 im \u00f3ige fh\u00e9in mar bh\u00ed meas thar chuimse agamsa orthu, meas a mhaireann liom go dt\u00ed an l\u00e1 at\u00e1 inniu fh\u00e9<\/span><span style=\"font-size:14pt\">in ann.<\/span><\/p><p style=\"text-align:center;margin-top:0pt;padding-top:0;margin-bottom:10pt;padding-bottom:0;line-height:1.8\"><strong><span style=\"font-size:18pt\">M\u00f3r idir inn\u00e9 agus inniu<\/span><\/strong><\/p><p style=\"text-align:justify;margin-top:0pt;padding-top:0;margin-bottom:10pt;padding-bottom:0;line-height:1.8\"><span style=\"font-size:14pt\">Samhla\u00ed<\/span><span style=\"font-size:14pt\">tear dom<\/span><span style=\"font-size:14pt\">, mar sin, n\u00e1rbh olc an smaoineamh \u00e9 cuntas a scr\u00ed<\/span><span style=\"font-size:14pt\">obh anseo<\/span><span style=\"font-size:14pt\"> th\u00edos ar \u00e1it na b\u00f3<\/span><span style=\"font-size:14pt\"> <\/span><span style=\"font-size:14pt\">i saol mo mhuintire, nuair a bh\u00ed<\/span><span style=\"font-size:14pt\">  mise ag f\u00e1<\/span><span style=\"font-size:14pt\">s an\u00edos<\/span><span style=\"font-size:14pt\">.<\/span><\/p><p style=\"text-align:justify;margin-top:0pt;padding-top:0;margin-bottom:10pt;padding-bottom:0;line-height:1.8\"><span style=\"font-size:14pt\">Mar ad\u00fairt m\u00e9<\/span><span style=\"font-size:14pt\"> anois beag, ba <\/span><span style=\"font-size:14pt\">dhoiligh \u00e1it n\u00ed b\u2019iarg\u00falta na Iorras d\u2019fh\u00e1il nuair a bh\u00ed mise ag f\u00e1<\/span><span style=\"font-size:14pt\">s suas ann<\/span><span style=\"font-size:14pt\">,<\/span><span style=\"font-size:14pt\"> i <\/span><span style=\"font-size:14pt\">bhfichid\u00ed agus i dtriochaid\u00ed ocracha na haoise seo caite. \u00d3! a dhiabhail!, nach m\u00f3r idir inn\u00e9 agus inniu?  Sin an smaoineamh a bhuail m\u00e9 tr\u00e1thn\u00f3<\/span><span style=\"font-size:14pt\">na<\/span><span style=\"font-size:14pt\">, agus  m\u00e9 amuigh ag binn an t\u00ed<\/span><span style=\"font-size:14pt\"> s\u2019againne, ag<\/span><span style=\"font-size:14pt\"> \u00e9isteacht  le hinneall cr\u00faite ag cr\u00f3n\u00e1n leis go s\u00e1<\/span><span style=\"font-size:14pt\">sta<\/span><span style=\"font-size:14pt\">, gan str\u00f3, gan sine a fh\u00e1isceadh, gan m<\/span><span style=\"font-size:14pt\">h<\/span><span style=\"font-size:14pt\">ealladh, gan s<\/span><span style=\"font-size:14pt\">h<\/span><span style=\"font-size:14pt\">niugadh, gan c<\/span><span style=\"font-size:14pt\">h<\/span><span style=\"font-size:14pt\">r\u00f3n\u00e1n, na tada, gan l\u00e1<\/span><span style=\"font-size:14pt\">mh dhaonna a leagan orthu.<\/span><\/p><p style=\"text-align:justify;margin-top:0pt;padding-top:0;margin-bottom:10pt;padding-bottom:0;line-height:1.8\"><span style=\"font-size:14pt\">Nach \u00e9 an saol at\u00e1 athr<\/span><span style=\"font-size:14pt\">aithe,<\/span><span style=\"font-size:14pt\"> arsa mise liom fh\u00e9in, agus m\u2019aigne ag sleamhn\u00fa<\/span><span style=\"font-size:14pt\"> siar t<\/span><span style=\"font-size:14pt\">har <\/span><span style=\"font-size:14pt\">dhroichead stuach na mblian<\/span><span style=\"font-size:14pt\">ta, siar<\/span><span style=\"font-size:14pt\">, s\u00ed<\/span><span style=\"font-size:14pt\">os<\/span><span style=\"font-size:14pt\">, B\u00f3ithr\u00edn na Smaointe, agus isteach<\/span><span style=\"font-size:14pt\"> i ngor<\/span><span style=\"font-size:14pt\">t grianmhar,<\/span><span style=\"font-size:14pt\"> <\/span><span style=\"font-size:14pt\"> taitneamhach,<\/span><span style=\"font-size:14pt\"> <\/span><span style=\"font-size:14pt\"> na h\u00f3ige, agus os ar bha agus ar chr\u00fa, a tharraing m\u00e9 an sc\u00e9al seo, tos\u00f3<\/span><span style=\"font-size:14pt\">idh  <\/span><span style=\"font-size:14pt\">m\u00e9 ag tochrais ar an gceirtl\u00ed<\/span><span style=\"font-size:14pt\">n sin<\/span><span style=\"font-size:14pt\"> an ch\u00e9ad bhabhta eile<\/span><span style=\"font-size:14pt\">.<\/span><\/p><p style=\"text-align:justify;margin-top:0pt;padding-top:0;margin-bottom:10pt;padding-bottom:0;line-height:1.8\"><strong><span style=\"font-size:14pt\"><em>&#8230;&#8230;&#8230;&#8230;.<\/em><\/span><span style=\"font-size:14pt\"><em>Ar lean<\/em><\/span><span style=\"font-size:14pt\"><em>\u00faint, an tseachtain seo chugainn&#8230;&#8230;&#8230;&#8230;.<\/em><\/span><\/strong><span style=\"font-size:14pt\"> <\/span><\/p>","protected":false},"excerpt":{"rendered":"<p>SEO SL\u00c1INTE NA B\u00d3 1 Peadar Bair\u00e9ad. (This week, we take a look at the place of the cow, in Erris society, in the last century.) Seo p\u00edosa a chuir m\u00e9 isteach ar chom\u00f3rtas, blianta fada \u00f3 shoin. N\u00edor bhuaigh s\u00e9 an ch\u00e9ad duais, ach th\u00e1inig s\u00e9 sa dara h\u00e1it, agus bh\u00ed m\u00e9 l\u00e1n-ts\u00e1sta le [&hellip;]<\/p>\n","protected":false},"author":2,"featured_media":13435,"comment_status":"open","ping_status":"open","sticky":false,"template":"","format":"standard","meta":{"nf_dc_page":"","_et_pb_use_builder":"","_et_pb_old_content":"","_et_gb_content_width":"","footnotes":""},"categories":[1],"tags":[],"class_list":["post-13237","post","type-post","status-publish","format-standard","has-post-thumbnail","hentry","category-gan-chatagoir"],"_links":{"self":[{"href":"https:\/\/mickgb.com\/en\/wp-json\/wp\/v2\/posts\/13237","targetHints":{"allow":["GET"]}}],"collection":[{"href":"https:\/\/mickgb.com\/en\/wp-json\/wp\/v2\/posts"}],"about":[{"href":"https:\/\/mickgb.com\/en\/wp-json\/wp\/v2\/types\/post"}],"author":[{"embeddable":true,"href":"https:\/\/mickgb.com\/en\/wp-json\/wp\/v2\/users\/2"}],"replies":[{"embeddable":true,"href":"https:\/\/mickgb.com\/en\/wp-json\/wp\/v2\/comments?post=13237"}],"version-history":[{"count":1,"href":"https:\/\/mickgb.com\/en\/wp-json\/wp\/v2\/posts\/13237\/revisions"}],"predecessor-version":[{"id":13238,"href":"https:\/\/mickgb.com\/en\/wp-json\/wp\/v2\/posts\/13237\/revisions\/13238"}],"wp:featuredmedia":[{"embeddable":true,"href":"https:\/\/mickgb.com\/en\/wp-json\/wp\/v2\/media\/13435"}],"wp:attachment":[{"href":"https:\/\/mickgb.com\/en\/wp-json\/wp\/v2\/media?parent=13237"}],"wp:term":[{"taxonomy":"category","embeddable":true,"href":"https:\/\/mickgb.com\/en\/wp-json\/wp\/v2\/categories?post=13237"},{"taxonomy":"post_tag","embeddable":true,"href":"https:\/\/mickgb.com\/en\/wp-json\/wp\/v2\/tags?post=13237"}],"curies":[{"name":"wp","href":"https:\/\/api.w.org\/{rel}","templated":true}]}}