{"id":13247,"date":"2017-04-04T11:00:00","date_gmt":"2017-04-04T11:00:00","guid":{"rendered":"https:\/\/mickgb.com\/?p=13247"},"modified":"2024-04-08T01:24:35","modified_gmt":"2024-04-08T01:24:35","slug":"shelter-by-harlan-coben","status":"publish","type":"post","link":"https:\/\/mickgb.com\/en\/shelter-by-harlan-coben\/","title":{"rendered":"SHELTER by Harlan Coben."},"content":{"rendered":"<p style=\"text-align:center;margin-top:0pt;padding-top:0;margin-bottom:10pt;padding-bottom:0;line-height:1.38\"><strong><span style=\"font-size:28pt\">I  mB\u00e9al  an  Phobail<\/span><\/strong><\/p><p style=\"margin-top:0pt;padding-top:0;margin-bottom:10pt;padding-bottom:0;line-height:1.38\"><span style=\"height:1em\"><span>.<\/span><\/span><\/p><p style=\"margin-top:0pt;padding-top:0;margin-bottom:10pt;padding-bottom:0;line-height:1.38\"><strong><span style=\"font-size:18pt\">S<\/span><span style=\"font-size:18pt\">HELTER&#8230;&#8230;&#8230;&#8230;&#8230;&#8230;.c\u00e9adchl\u00f3&#8230;&#8230;&#8230;&#8230;&#8230;&#8230;.2011<\/span><\/strong><\/p><p style=\"margin-top:0pt;padding-top:0;margin-bottom:10pt;padding-bottom:0;line-height:1.38\"><strong><span style=\"font-size:18pt\">by<\/span><\/strong><\/p><p style=\"margin-top:0pt;padding-top:0;margin-bottom:10pt;padding-bottom:0;line-height:1.38\"><strong><span style=\"font-size:18pt\">Harlan Coben&#8230;&#8230;&#8230;&#8230;&#8230;&#8230;\u00a312.99 (sa UK amh\u00e1in)<\/span><\/strong><\/p><p style=\"margin-top:0pt;padding-top:0;margin-bottom:10pt;padding-bottom:0;line-height:1.38\"><span style=\"height:1em\"><span>.<\/span><\/span><\/p><p style=\"margin-top:0pt;padding-top:0;margin-bottom:10pt;padding-bottom:0;line-height:1.38\"><span style=\"font-size:14pt\">Peadar Bair\u00e9ad<\/span><\/p><p style=\"margin-top:0pt;padding-top:0;margin-bottom:10pt;padding-bottom:0;line-height:1.38\"><span style=\"height:1em\"><span>.<\/span><\/span><\/p><p style=\"text-align:justify;margin-top:0pt;padding-top:0;margin-bottom:10pt;padding-bottom:0;line-height:1.8\"><span style=\"font-size:14pt\">Mh\u00ednigh m\u00e9 dhaoibh, tamall \u00f3 shoin, go raibh m\u00e9 an-tugtha, na laethe seo, do thabhairt faoi shaothar \u00fada<\/span><span style=\"font-size:14pt\">r nua<\/span><span style=\"font-size:14pt\"> a l\u00e9amh, n\u00f3<\/span><span style=\"font-size:14pt\"> tuigeadh dom,<\/span><span style=\"font-size:14pt\"> ar deireadh thiar, to raibh fi\u00fantas insp\u00e9ise le f\u00e1<\/span><span style=\"font-size:14pt\">il <\/span><span style=\"font-size:14pt\">i roinnt mhaith acu, mar sin, n\u00ed haon ionadh gur thug m\u00e9<\/span><span style=\"font-size:14pt\"> faoin leabhar seo le Harla<\/span><span style=\"font-size:14pt\">n Coben, \u00fa<\/span><span style=\"font-size:14pt\">dar nach raibh cur amach<\/span><span style=\"font-size:14pt\"> agamsa air<\/span><span style=\"font-size:14pt\">, go dt\u00ed le d\u00e9ana\u00ed<\/span><span style=\"font-size:14pt\">.<\/span><span style=\"font-size:14pt\"> T\u00e1 c\u00f3na\u00ed ar an \u00fadar seo i Newark, New Jersey Mheirice\u00e1, \u00e9 p\u00f3sta agus ceathrar clainne air, agus n\u00ed raibh s\u00e9 ach s\u00e9 bliana is fiche nuair a foils\u00edodh a ch\u00e9ad leabhar. Fuair m\u00e9<\/span><span style=\"font-size:14pt\"> amach ansin<\/span><span style=\"font-size:14pt\">, go raibh an t-\u00fadar seo ar cheann de choirscr\u00edbhneoir\u00ed m\u00f3<\/span><span style=\"font-size:14pt\">ra an lae inniu<\/span><span style=\"font-size:14pt\">, agus a chruth\u00fa<\/span><span style=\"font-size:14pt\"> sin<\/span><span style=\"font-size:14pt\">,<\/span><span style=\"font-size:14pt\"> g<\/span><span style=\"font-size:14pt\">o dtuigtear go bhfuil s\u00e9<\/span><span style=\"font-size:14pt\"> ar cheann de na <\/span><span style=\"font-size:14pt\">coirscr\u00ed<\/span><span style=\"font-size:14pt\">bhneoir<\/span><span style=\"font-size:14pt\">\u00ed m\u00f3r-r\u00e1<\/span><span style=\"font-size:14pt\">chairte<\/span><span style=\"font-size:14pt\"> is c\u00e1<\/span><span style=\"font-size:14pt\">i<\/span><span style=\"font-size:14pt\">li\u00fa<\/span><span style=\"font-size:14pt\">la<\/span><span style=\"font-size:14pt\">,<\/span><span style=\"font-size:14pt\"> <\/span><span style=\"font-size:14pt\">at\u00e1<\/span><span style=\"font-size:14pt\"> ag cleachtadh a cheirde<\/span><span style=\"font-size:14pt\">, sa l\u00e1 at\u00e1 inniu ann. N\u00ed call dom a r\u00e1,<\/span><span style=\"font-size:14pt\"> go bhf<\/span><span style=\"font-size:14pt\">uil roinnt mhaith duaiseanna gn\u00f3<\/span><span style=\"font-size:14pt\">ite aige<\/span><span style=\"font-size:14pt\">, cheana f\u00e9<\/span><span style=\"font-size:14pt\">in<\/span><span style=\"font-size:14pt\">,<\/span><span style=\"font-size:14pt\"> <\/span><span style=\"font-size:14pt\">agus <\/span><span style=\"font-size:14pt\">t\u00e1 f\u00e1il ar a shaothar i gcupla sc\u00f3<\/span><span style=\"font-size:14pt\">r teanga<\/span><span style=\"font-size:14pt\">,<\/span><span style=\"font-size:14pt\"> a<\/span><span style=\"font-size:14pt\">gus deirtear go bhfuil thart<\/span><span style=\"font-size:14pt\"> ar leathch\u00e9ad milli\u00fan c\u00f3ip d\u00e1<\/span><span style=\"font-size:14pt\"> leabhair i <\/span><span style=\"font-size:14pt\">gcl\u00f3 sa saol m\u00f3r. N\u00ed beag n\u00e1 suarach an ch\u00e1il \u00e9<\/span><span style=\"font-size:14pt\"> sin<\/span><span style=\"font-size:14pt\">, a bheith saothraithe ag \u00fa<\/span><span style=\"font-size:14pt\">dar ar bith<\/span><span style=\"font-size:14pt\">,<\/span><span style=\"font-size:14pt\"> <\/span><span style=\"font-size:14pt\">agus gan \u00e9<\/span><span style=\"font-size:14pt\"> ach <\/span><span style=\"font-size:14pt\">thart ar chaoga bliain d\u2019aois f\u00f3s. Ba ch\u00f3<\/span><span style=\"font-size:14pt\">ir a lua anseo<\/span><span style=\"font-size:14pt\">, gurb \u00e9 seo an ch\u00e9<\/span><span style=\"font-size:14pt\">ad leabhar<\/span><span style=\"font-size:14pt\">,<\/span><span style=\"font-size:14pt\"> i sraith nua leabhar<\/span><span style=\"font-size:14pt\">, a scr\u00edobh s\u00e9 go speisialta do dhaoine \u00f3<\/span><span style=\"font-size:14pt\">ga. Chonaic muid<\/span><span style=\"font-size:14pt\">,<\/span><span style=\"font-size:14pt\"> <\/span><span style=\"font-size:14pt\">tamall \u00f3<\/span><span style=\"font-size:14pt\"> shoin<\/span><span style=\"font-size:14pt\">,<\/span><span style=\"font-size:14pt\"> gur dhein <\/span><span style=\"font-size:14pt\">John <\/span><span style=\"font-size:14pt\">Grisham an cleas c\u00e9<\/span><span style=\"font-size:14pt\">anna<\/span><span style=\"font-size:14pt\">, nuair a scr\u00edobh s\u00e9,<\/span><span style=\"font-size:14pt\"> Theodore Boone<\/span><span style=\"font-size:14pt\">, mar ch\u00e9<\/span><span style=\"font-size:14pt\">ad leabhar ina shraith<\/span><span style=\"font-size:14pt\"> nua do dh\u00e9ag\u00f3ir\u00ed freisin. Sna leabhair seo \u00fas\u00e1ideann na h\u00fa<\/span><span style=\"font-size:14pt\">dair<\/span><span style=\"font-size:14pt\"> c\u00e1ili\u00fala seo daoine \u00f3ga mar phr\u00ed<\/span><span style=\"font-size:14pt\">omhcharachtair<\/span><span style=\"font-size:14pt\">, agus an corrdhuine f\u00e1<\/span><span style=\"font-size:14pt\">sta caite isteach<\/span><span style=\"font-size:14pt\"> acu, le l\u00e9itheoir\u00ed f\u00e1sta a mhealladh len iad a l\u00e9<\/span><span style=\"font-size:14pt\">amh <\/span><span style=\"font-size:14pt\"> <\/span><span style=\"font-size:14pt\">freisin, agus caithfidh m\u00e9 a admh\u00e1<\/span><span style=\"font-size:14pt\">il<\/span><span style=\"font-size:14pt\">, go n-\u00e9ir\u00edonn go geal leo sa chusp\u00f3ir sin, n\u00f3, tr\u00edd is tr\u00edd, is leabhair shuimi\u00fala, l\u00e1n teannais, tarraingteacha<\/span><span style=\"font-size:14pt\">, iad<\/span><span style=\"font-size:14pt\">,<\/span><span style=\"font-size:14pt\"> a <\/span><span style=\"font-size:14pt\">chuireann an l\u00e9<\/span><span style=\"font-size:14pt\">itheoir fao<\/span><span style=\"font-size:14pt\">i gheasa fanacht ina mbun go dt\u00ed go mb\u00ed<\/span><span style=\"font-size:14pt\">onn an leathanach<\/span><span style=\"font-size:14pt\"> deiridh l\u00e9ite aige. Agus nach \u00e9 sin cusp\u00f3ir scr\u00edbhneoir  coirleabha<\/span><span style=\"font-size:14pt\">r ar bith?  <\/span><span style=\"font-size:14pt\"> <\/span><\/p><p style=\"text-align:justify;margin-top:0pt;padding-top:0;margin-bottom:10pt;padding-bottom:0;line-height:1.38\"><span style=\"font-size:14pt\">Ach, ag caint faoin sc\u00e9<\/span><span style=\"font-size:14pt\">al seo, <\/span><span style=\"font-size:14pt\">\u2018<\/span><span style=\"font-size:14pt\">SHELTER<\/span><span style=\"font-size:14pt\">\u2019<\/span><span style=\"font-size:14pt\">, le Harlan Coben, is \u00e9 Mickey Bolitar an pr\u00ed<\/span><span style=\"font-size:14pt\">omhcharactar, <\/span><span style=\"font-size:14pt\">fear \u00f3g a bhfuil anchuid taistil d\u00e9<\/span><span style=\"font-size:14pt\">anta aige<\/span><span style=\"font-size:14pt\"> lena thuist\u00ed<\/span><span style=\"font-size:14pt\">, agus \u00e9<\/span><span style=\"font-size:14pt\"> thar barr mar <\/span><span style=\"font-size:14pt\">chispheilead\u00f3ir. Fuair a athair b\u00e1s i dtimpiste b\u00f3thair, agus bh\u00ed a mh\u00e1thair tugtha do dhruga\u00ed, agus \u00ed s\u00e1<\/span><span style=\"font-size:14pt\">innithe i dteach leighis<\/span><span style=\"font-size:14pt\">, ag an am ai<\/span><span style=\"font-size:14pt\">rithe seo<\/span><span style=\"font-size:14pt\">. Nach gceapf\u00e1<\/span><span style=\"font-size:14pt\"> go mbainfeadh sin an gh<\/span><span style=\"font-size:14pt\">aoth as seolta dhuine ar bith? Ach chuaigh Mickey chun c\u00f3<\/span><span style=\"font-size:14pt\">nait<\/span><span style=\"font-size:14pt\">he lena uncail<\/span><span style=\"font-size:14pt\">,<\/span><span style=\"font-size:14pt\"> Myron, <\/span><span style=\"font-size:14pt\">Fear at\u00e1 ina phr\u00edomhcharachtar i gcoirsc\u00e9<\/span><span style=\"font-size:14pt\">alta eile<\/span><span style=\"font-size:14pt\"> leis an \u00fadar c\u00e1ili\u00fa<\/span><span style=\"font-size:14pt\">il seo, <\/span><span style=\"font-size:14pt\">agus cuireadh<\/span><span style=\"font-size:14pt\"> Mickey<\/span><span style=\"font-size:14pt\"> ag freastal ar scoil nua, \u00e1it ar chas s\u00e9 le, Ashley, chail\u00edn sp\u00e9iri\u00fail, sp\u00e9isi\u00fa<\/span><span style=\"font-size:14pt\">il,<\/span><span style=\"font-size:14pt\"> tarrraingteach, agus cheapf\u00e1<\/span><span style=\"font-size:14pt\"> go mbeadh leis<\/span><span style=\"font-size:14pt\">, feasta, ach n\u00ed mar a sh\u00edltear a bh\u00ed<\/span><span style=\"font-size:14pt\">tear<\/span><span style=\"font-size:14pt\">, go minic, agus n\u00edorbh eisceacht ar bith \u00e9<\/span><span style=\"font-size:14pt\"> Mickey Bolitar<\/span><span style=\"font-size:14pt\"> sa ch\u00e1<\/span><span style=\"font-size:14pt\">s seo<\/span><span style=\"font-size:14pt\">. N\u00ed raibh s\u00e9<\/span><span style=\"font-size:14pt\"> i bhfad sa scoil sin<\/span><span style=\"font-size:14pt\"> go bhfuair s\u00e9<\/span><span style=\"font-size:14pt\"> amach go raibh bulaithe ansin<\/span><span style=\"font-size:14pt\"> agus iad r\u00e9<\/span><span style=\"font-size:14pt\">idh<\/span><span style=\"font-size:14pt\">,<\/span><span style=\"font-size:14pt\"> ullamh<\/span><span style=\"font-size:14pt\">,<\/span><span style=\"font-size:14pt\"> le piocadh air. Chomh maith le sin, de phlimp, d\u2019<\/span><span style=\"font-size:14pt\">imigh Ashley as radharc, agus n\u00ed raibh f\u00e1il uirthi \u00e1<\/span><span style=\"font-size:14pt\">it ar bith. <\/span><span style=\"font-size:14pt\">C\u00e1 raibh s\u00ed imithe? Ar fuda\u00edodh \u00ed? n\u00f3 arbh amhlaidh a d\u2019imigh s\u00ed d\u00e1 deoin fh\u00e9<\/span><span style=\"font-size:14pt\">in? <\/span><span style=\"font-size:14pt\">N\u00ed<\/span><span style=\"font-size:14pt\"> r<\/span><span style=\"font-size:14pt\">aibh Mickey s\u00e1<\/span><span style=\"font-size:14pt\">sta, <\/span><span style=\"font-size:14pt\">cib\u00e9 ar bith \u00e9<\/span><span style=\"font-size:14pt\">, <\/span><span style=\"font-size:14pt\">cur s<\/span><span style=\"font-size:14pt\">uas leis an imeacht obann<\/span><span style=\"font-size:14pt\"> seo<\/span><span style=\"font-size:14pt\">,<\/span><span style=\"font-size:14pt\"> agus shocraigh s\u00e9 ar dhul ar a t\u00f3<\/span><span style=\"font-size:14pt\">ir.<\/span><span style=\"font-size:14pt\"> Shocraigh beirt d\u00e1<\/span><span style=\"font-size:14pt\"> c<\/span><span style=\"font-size:14pt\">homhscol\u00e1ir\u00ed<\/span><span style=\"font-size:14pt\"> dul i gcabhair air sa bhfiontar <\/span><span style=\"font-size:14pt\">neamhghn\u00e1ch seo, gas\u00fa<\/span><span style=\"font-size:14pt\">r agus girseach, Spoon a bhaist<\/span><span style=\"font-size:14pt\"> s\u00e9 ar an ngas\u00far agus Ema a bh\u00ed<\/span><span style=\"font-size:14pt\"> ar an ngirse<\/span><span style=\"font-size:14pt\">ach. N\u00ed call a r\u00e1,<\/span><span style=\"font-size:14pt\"> go raibh a uncail<\/span><span style=\"font-size:14pt\">,<\/span><span style=\"font-size:14pt\"> Myron<\/span><span style=\"font-size:14pt\">,<\/span><span style=\"font-size:14pt\"> ansin freisin<\/span><span style=\"font-size:14pt\">,<\/span><span style=\"font-size:14pt\"> le glaoch air<\/span><span style=\"font-size:14pt\">, d\u00e1<\/span><span style=\"font-size:14pt\"> dtiocfadh crua air.<\/span><span style=\"font-size:14pt\"> <\/span><span style=\"font-size:14pt\">Ba g<\/span><span style=\"font-size:14pt\">hearr go bhfuair Mickey amach n\u00e1<\/span><span style=\"font-size:14pt\">r chathair mar a tuairisc<\/span><span style=\"font-size:14pt\"> iad a l\u00e1n de na daoine a bh\u00ed thart air. Tr\u00edd an sc\u00e9<\/span><span style=\"font-size:14pt\">al seo <\/span><span style=\"font-size:14pt\">uilig, l\u00e9ir\u00ed<\/span><span style=\"font-size:14pt\">odh<\/span><span style=\"font-size:14pt\"> ceangal idir<\/span><span style=\"font-size:14pt\"> tarl\u00fa<\/span><span style=\"font-size:14pt\">init<\/span><span style=\"font-size:14pt\">\u00ed \u00e1<\/span><span style=\"font-size:14pt\">irithe<\/span><span style=\"font-size:14pt\"> sa sc\u00e9<\/span><span style=\"font-size:14pt\">al<\/span><span style=\"font-size:14pt\"> seo<\/span><span style=\"font-size:14pt\"> <\/span><span style=\"font-size:14pt\">agus g<\/span><span style=\"font-size:14pt\">\u00e9arlean\u00faint na nGi\u00fa<\/span><span style=\"font-size:14pt\">dach<\/span><span style=\"font-size:14pt\">,<\/span><span style=\"font-size:14pt\"> le linn an Dara Chogadh Domhanda<\/span><span style=\"font-size:14pt\">, agus faigheann an l\u00e9<\/span><span style=\"font-size:14pt\">itheoir amach freisin<\/span><span style=\"font-size:14pt\">, go raibh sc\u00e9al ar d\u00f3<\/span><span style=\"font-size:14pt\">igh taobh thia<\/span><span style=\"font-size:14pt\">r de dhuine de na charachtair r\u00fa<\/span><span style=\"font-size:14pt\">nda<\/span><span style=\"font-size:14pt\">, a ritheann tr\u00edd an sc\u00e9<\/span><span style=\"font-size:14pt\">al<\/span><span style=\"font-size:14pt\">, \u00f3 th\u00fas deireadh. S\u00ed<\/span><span style=\"font-size:14pt\"> an Bat Lady<\/span><span style=\"font-size:14pt\">, at\u00e1 idir cham\u00e1<\/span><span style=\"font-size:14pt\">in <\/span><span style=\"font-size:14pt\">agam<\/span><span style=\"font-size:14pt\"> anseo, n\u00f3<\/span><span style=\"font-size:14pt\"> Lizzy Sobek<\/span><span style=\"font-size:14pt\">, lena hainm cheart a thabhairt uirthi, duine d\u00edobh si\u00fad a th\u00e1inig sl\u00e1n \u00f3 gh\u00e9arlean\u00faint na nGi\u00fadach sna Campa\u00ed G\u00e9ibhinn, agus a mhair le d\u00edoltas eic\u00ed<\/span><span style=\"font-size:14pt\">nt a bhaint amach<\/span><span style=\"font-size:14pt\">,<\/span><span style=\"font-size:14pt\"> ar deireadh thiar. <\/span><span style=\"font-size:14pt\">Faigheann<\/span><span style=\"font-size:14pt\"> an l\u00e9<\/span><span style=\"font-size:14pt\">itheoi<\/span><span style=\"font-size:14pt\">r amach<\/span><span style=\"font-size:14pt\"> freisin<\/span><span style=\"font-size:14pt\"> faoi theach droch<\/span><span style=\"font-size:14pt\">ch\u00e1<\/span><span style=\"font-size:14pt\">ile<\/span><span style=\"font-size:14pt\">, ina gcoime\u00e1<\/span><span style=\"font-size:14pt\">dann<\/span><span style=\"font-size:14pt\"> an coirpeach,<\/span><span style=\"font-size:14pt\"> Buddy Ray<\/span><span style=\"font-size:14pt\">,<\/span><span style=\"font-size:14pt\"> agus a chuid bullaithe<\/span><span style=\"font-size:14pt\">, cail\u00edn\u00ed \u00f3ga i ng\u00e9ibhinn, gan fuascailt i nd\u00e1n d\u00f3ibh go deireadh an sc\u00e9<\/span><span style=\"font-size:14pt\">il. <\/span><\/p><p style=\"text-align:justify;margin-top:0pt;padding-top:0;margin-bottom:10pt;padding-bottom:0;line-height:1.38\"><span style=\"font-size:14pt\">M\u00e1 t\u00e1 locht le f\u00e1il agam ar an sc\u00e9<\/span><span style=\"font-size:14pt\">al seo<\/span><span style=\"font-size:14pt\">, is \u00e9 go bhfuil an iomarca<\/span><span style=\"font-size:14pt\"> charactar <\/span><span style=\"font-size:14pt\">drochch\u00e1ile curtha os \u00e1<\/span><span style=\"font-size:14pt\">r gcomhair ann, ach, t<\/span><span style=\"font-size:14pt\">r\u00edd is tr\u00edd, is sc\u00e9al sp\u00e9isi\u00fail, tarraing<\/span><span style=\"font-size:14pt\">theach, l\u00e1n-teannais \u00e9, agus caithfidh m\u00e9 a admh\u00e1<\/span><span style=\"font-size:14pt\">il<\/span><span style=\"font-size:14pt\">, gur bhain m\u00e9 fh\u00e9<\/span><span style=\"font-size:14pt\">in toit <\/span><span style=\"font-size:14pt\">agus taitneamh as, agus fuair m\u00e9<\/span><span style=\"font-size:14pt\"> amach go luath<\/span><span style=\"font-size:14pt\">, go raibh s\u00e9 deacair \u00e9 a leagan<\/span><span style=\"font-size:14pt\"> ar leataobh<\/span><span style=\"font-size:14pt\">, go dt\u00ed<\/span><span style=\"font-size:14pt\"> go<\/span><span style=\"font-size:14pt\"> raibh an leathanach deiridh l\u00e9<\/span><span style=\"font-size:14pt\">ite agam.         <\/span><\/p><p style=\"text-align:justify;margin-top:0pt;padding-top:0;margin-bottom:10pt;padding-bottom:0;line-height:1.38\"><span style=\"height:1em\"><span>.<\/span><\/span><\/p>","protected":false},"excerpt":{"rendered":"<p>I mB\u00e9al an Phobail . SHELTER&#8230;&#8230;&#8230;&#8230;&#8230;&#8230;.c\u00e9adchl\u00f3&#8230;&#8230;&#8230;&#8230;&#8230;&#8230;.2011 by Harlan Coben&#8230;&#8230;&#8230;&#8230;&#8230;&#8230;\u00a312.99 (sa UK amh\u00e1in) . Peadar Bair\u00e9ad . Mh\u00ednigh m\u00e9 dhaoibh, tamall \u00f3 shoin, go raibh m\u00e9 an-tugtha, na laethe seo, do thabhairt faoi shaothar \u00fadar nua a l\u00e9amh, n\u00f3 tuigeadh dom, ar deireadh thiar, to raibh fi\u00fantas insp\u00e9ise le f\u00e1il i roinnt mhaith acu, mar sin, [&hellip;]<\/p>\n","protected":false},"author":2,"featured_media":13435,"comment_status":"open","ping_status":"open","sticky":false,"template":"","format":"standard","meta":{"nf_dc_page":"","_et_pb_use_builder":"","_et_pb_old_content":"","_et_gb_content_width":"","footnotes":""},"categories":[1],"tags":[],"class_list":["post-13247","post","type-post","status-publish","format-standard","has-post-thumbnail","hentry","category-gan-chatagoir"],"_links":{"self":[{"href":"https:\/\/mickgb.com\/en\/wp-json\/wp\/v2\/posts\/13247","targetHints":{"allow":["GET"]}}],"collection":[{"href":"https:\/\/mickgb.com\/en\/wp-json\/wp\/v2\/posts"}],"about":[{"href":"https:\/\/mickgb.com\/en\/wp-json\/wp\/v2\/types\/post"}],"author":[{"embeddable":true,"href":"https:\/\/mickgb.com\/en\/wp-json\/wp\/v2\/users\/2"}],"replies":[{"embeddable":true,"href":"https:\/\/mickgb.com\/en\/wp-json\/wp\/v2\/comments?post=13247"}],"version-history":[{"count":1,"href":"https:\/\/mickgb.com\/en\/wp-json\/wp\/v2\/posts\/13247\/revisions"}],"predecessor-version":[{"id":13248,"href":"https:\/\/mickgb.com\/en\/wp-json\/wp\/v2\/posts\/13247\/revisions\/13248"}],"wp:featuredmedia":[{"embeddable":true,"href":"https:\/\/mickgb.com\/en\/wp-json\/wp\/v2\/media\/13435"}],"wp:attachment":[{"href":"https:\/\/mickgb.com\/en\/wp-json\/wp\/v2\/media?parent=13247"}],"wp:term":[{"taxonomy":"category","embeddable":true,"href":"https:\/\/mickgb.com\/en\/wp-json\/wp\/v2\/categories?post=13247"},{"taxonomy":"post_tag","embeddable":true,"href":"https:\/\/mickgb.com\/en\/wp-json\/wp\/v2\/tags?post=13247"}],"curies":[{"name":"wp","href":"https:\/\/api.w.org\/{rel}","templated":true}]}}