{"id":13251,"date":"2017-04-04T11:00:00","date_gmt":"2017-04-04T11:00:00","guid":{"rendered":"https:\/\/mickgb.com\/?p=13251"},"modified":"2024-04-08T01:24:35","modified_gmt":"2024-04-08T01:24:35","slug":"sin-chugam-an-ghealach-2","status":"publish","type":"post","link":"https:\/\/mickgb.com\/en\/sin-chugam-an-ghealach-2\/","title":{"rendered":"S\u00edn  chugam  an  Ghealach &#8211; 2."},"content":{"rendered":"<p style=\"margin-top:0pt;padding-top:0;margin-bottom:0pt;padding-bottom:0;line-height:1.8;font-size:12pt;margin-left:108pt\"><strong><span style=\"font-size:28pt\">S\u00edn chugam an Ghealach   2<\/span><\/strong><\/p><p style=\"margin-top:0pt;padding-top:0;margin-bottom:0pt;padding-bottom:0;line-height:1.8;font-size:12pt;margin-left:36pt\"><span style=\"font-size:14pt\">Peadar Bair\u00e9ad<\/span><\/p><p style=\"text-align:center;margin-top:0pt;padding-top:0;margin-bottom:0pt;padding-bottom:0;line-height:1.8;font-size:12pt;margin-left:36pt\"><span style=\"height:1em\"><span>.<\/span><\/span><\/p><p style=\"text-align:center;margin-top:0pt;padding-top:0;margin-bottom:0pt;padding-bottom:0;line-height:1.8;font-size:12pt;margin-left:36pt\"><strong><span style=\"font-size:14pt\"><em>(Thi<\/em><\/span><span style=\"font-size:14pt\"><em>s week we again go down Memory<\/em><\/span><span style=\"font-size:14pt\"><em> Lane)<\/em><\/span><\/strong><\/p><p style=\"margin-top:0pt;padding-top:0;margin-bottom:0pt;padding-bottom:0;line-height:1.8;font-size:12pt;margin-left:108pt\"><span style=\"height:1em\"><span>.<\/span><\/span><\/p><p style=\"text-align:justify;margin-top:0pt;padding-top:0;margin-bottom:0pt;padding-bottom:0;line-height:1.8;font-size:14pt\">Anois, b\u00edodh gur chreid m\u00e9 sna f\u00e9idireachta\u00ed sin uilig, a luaigh m\u00e9 anseo, an tseachtain seo caite, agus d\u00e9arfainn gur chreid roinnt mhaith de na daoine thart orm sa leagan amach c\u00e9anna sin, n\u00e1rbh asainn a baineadh an mealladh, nuair a fuaireamar amach, nach mar sin a tharla\u00edodh sa tsaol cam, casta, c\u00e9asta, a bh\u00ed thart orainn. <\/p><h2 style=\"text-align:center;margin-top:0pt;padding-top:0;margin-bottom:0pt;padding-bottom:0;line-height:1.8;font-weight:bold;font-size:18pt\">Geall\u00faint\u00ed  Polait\u00edochta!<\/h2><p style=\"text-align:justify;margin-top:0pt;padding-top:0;margin-bottom:0pt;padding-bottom:0;line-height:1.8;font-size:12pt\"><span style=\"font-size:14pt\">Breathnaigh ar ch\u00farsa\u00ed polait\u00edochta, i dtosach. Nuair a bh\u00ed mise \u00f3g, caithfidh m\u00e9 a admh\u00e1il, gur chreid m\u00e9 chuile fhocal \u00f3n lucht polait\u00edochta! D\u00faradarsan linn, go gcruth\u00f3dh siad saol an mhadaidh bh\u00e1in d\u00fainn ach \u00e1r v\u00f3ta\u00ed a bhronnadh orthu, l\u00e1 an toghch\u00e1in. D\u00e1 nd\u00e9anfadh muid amhlaidh, chuirfeadh siadsan \u00dat\u00f3ipe ar thalamh ar f\u00e1il d\u00fainn. Bheadh obair le f\u00e1il ag chuile shaor\u00e1nach, bheadh aras in \u00e1irithe do chuile chlann, bheadh scola\u00edocht den scoth le f\u00e1il, saor in aisce, ag chuile mhac m\u00e1thar, agus in\u00edon athar, sa t\u00edr. N\u00ed g\u00e1 dhom cur s\u00edos ar na h\u00e1iseanna eile a chuirf\u00ed ar f\u00e1il d\u00fainn, ach bheadh c\u00farsa\u00ed leighis, c\u00farsa\u00ed taistil, c\u00farsa\u00ed l\u00e9inn, agus chuile chineal c\u00farsa\u00ed eile, ar f\u00e1il, d\u2019\u00f3g agus d\u2019aosta, sa Phoblacht a bheadh againn, d\u00e1 mbronnfaim\u00eds an chumhacht chuige sin orthusan. Sea, agus bheadh deireadh go deo le bochtaineacht, le hanr\u00f3, le cruatan, agus le gorta.<\/span><\/p><h2 style=\"text-align:center;margin-top:0pt;padding-top:0;margin-bottom:0pt;padding-bottom:0;line-height:1.8;font-weight:bold;font-size:18pt\">Tuar agus Tairngreacht<\/h2><p style=\"text-align:justify;margin-top:0pt;padding-top:0;margin-bottom:0pt;padding-bottom:0;line-height:1.8;font-size:12pt\"><span style=\"font-size:14pt\">Agus ar th\u00e1inig an tuar faoin dtairngreacht, tr\u00e1th fuair siad na v\u00f3ta\u00ed agus an chumhacht? <\/span><\/p><p style=\"text-align:justify;margin-top:0pt;padding-top:0;margin-bottom:0pt;padding-bottom:0;line-height:1.8;font-size:12pt\"><span style=\"font-size:14pt\">Ag magadh f\u00fam at\u00e1 t\u00fa! N\u00f3 in \u00e1it d\u00f3ibh \u00dat\u00f3ipe a chur ar f\u00e1il d\u00fainn, is amhlaidh a chuaigh c\u00farsa\u00ed in olcas, \u00f3 bhliain go bliain. Sea, d\u00e1 mh\u00e9ad a gheall siad, is ea ba l\u00fa a dh\u00e1il siad! N\u00f3 b\u2019in mar a samhla\u00edodh d\u00fainne \u00e9, ach go h\u00e1irithe.<\/span><\/p><p style=\"text-align:justify;margin-top:0pt;padding-top:0;margin-bottom:0pt;padding-bottom:0;line-height:1.8;font-size:12pt\"><span style=\"font-size:14pt\">Gealladh d\u00fainn<\/span><span style=\"font-size:14pt\"> go mb<\/span><span style=\"font-size:14pt\">eadh saol an mhadaidh bh\u00e1in againn, ar ball.<\/span><span style=\"font-size:14pt\"> <\/span><span style=\"font-size:14pt\">Seaf\u00f3id<\/span><span style=\"font-size:14pt\">! N\u00f3 is d\u00f3cha nach bhfuil f\u00e1il ar shaol an mhadaidh ch\u00e9anna sin ar an saol anr\u00f3iteach, anacair seo, n\u00f3 m\u00e1 t\u00e1, caithfear dul tr\u00ed chruatan agus tr\u00ed hanr\u00f3 lena bhaint amach. Agus ag caint ar ch\u00farsa\u00ed sl\u00e1inte, nach minic a ghealltar don duine \u00f3g go mbeadh chuile sh\u00f3rt ar a dheis aige, ach an bheatha cheart a ithe, na deochanna sl\u00e1inti\u00fala \u00fad a \u00f3l, agus fanacht glan amach \u00f3 ph\u00f3it is \u00f3 chraos. <\/span><\/p><p style=\"text-align:center;margin-top:0pt;padding-top:0;margin-bottom:0pt;padding-bottom:0;line-height:1.8;font-size:12pt\"><strong><span style=\"font-size:18pt\">Geall\u00faint\u00ed n\u00e1r fiora\u00edodh<\/span><\/strong><\/p><p style=\"text-align:justify;margin-top:0pt;padding-top:0;margin-bottom:0pt;padding-bottom:0;line-height:1.8;font-size:12pt\"><span style=\"font-size:14pt\">Bhuel! N\u00ed i gc\u00f3na\u00ed a fh\u00edora\u00edtear na geall\u00faint\u00ed c\u00e9anna sin, ach oiread, n\u00f3 nach bhfaightear an tseanduine, anseo is ansi\u00fad, a dhearbha\u00edonn, gurbh iad an tobac agus an bhiot\u00e1ille a choinnigh sa tsi\u00fal \u00e9, tr\u00ed bhlianta fada a r\u00e9.<\/span><\/p><p style=\"text-align:justify;margin-top:0pt;padding-top:0;margin-bottom:0pt;padding-bottom:0;line-height:1.8;font-size:12pt\"><span style=\"font-size:14pt\">Sea, mh\u2019anam! Ar deireadh thiar, cuireadh ina lu\u00ed orm fh\u00e9in, go raibh cos\u00falachta\u00ed idir an ghealach agus an dr\u00e9imire \u00fad, ar dhein mo Dhaid tagairt d\u00f3ibh agus mise i mo ghas\u00far, agus c\u00farsa\u00ed an tsaoil seo. Mar nuair is c\u00farsa\u00ed an tsaoil seo, agus c\u00farsa\u00ed daonna, at\u00e1 idir cham\u00e1in againn, caithfimid glacadh leis, go bhfuil difir mh\u00f3r idir an rud at\u00e1 inmhianaithe, agus an rud a bhfuil f\u00e1il air, le linn \u00e1r r\u00e9 abhus. Soils\u00edonn \u00dat\u00f3ipe an cas\u00e1n d\u00fainn, agus spreagann s\u00e9 sinn i dtreo na foirfeachta daonna, ach, i nd\u00e1ir\u00edre p\u00edre, n\u00ed \u00e9ireoidh linn an st\u00e1das sin a r\u00e9aladh, fad is beo sinn. N\u00ed bhfuair m\u00e9 fh\u00e9in greim riamh ar an ngealach gheal soilseach \u00fad, ach sh\u00e1saigh an smaoineamh agus a fh\u00e9idireacht m\u00e9, le linn laethe duairce, dorcha, mo bheatha. Mar sin, n\u00e1 cuireadh s\u00e9 aon lagmhisneach orainn f\u00e1il amach nach <\/span><span style=\"font-size:14pt\">bhfuil an \u00dat\u00f3ipe \u00fad inshroichte<\/span><span style=\"font-size:14pt\"> ar an saol seo, ach ag an am gc\u00e9anna, n\u00e1r ch\u00f3ir go spreagfadh an choincheap ch\u00e9anna sinn teacht chomh c\u00f3ngarach agus is f\u00e9idir linn, don \u00dat\u00f3ipe ar thalamh \u00fad, a mheall, agus a sh\u00e1saigh sinn, go h\u00e1irithe <\/span><span style=\"font-size:14pt\">le linn laethe neamha\u00ed na h\u00f3ige?<\/span><span style=\"font-size:14pt\">. <\/span><\/p><p style=\"margin-top:0pt;padding-top:0;margin-bottom:0pt;padding-bottom:0;line-height:1.8;font-size:12pt;margin-left:108pt\"><span style=\"height:1em\"><span>.<\/span><\/span><\/p><p style=\"margin-top:0pt;padding-top:0;margin-bottom:0pt;padding-bottom:0;line-height:1.8;font-size:12pt;margin-left:108pt\"><span style=\"font-size:14pt\">Sa r\u00e9 \u00fad roimh th\u00f3irs\u00ed, is aibhl\u00e9is, is cnaip\u00ed<\/span><\/p><p style=\"margin-top:0pt;padding-top:0;margin-bottom:0pt;padding-bottom:0;line-height:1.8;font-size:12pt;margin-left:108pt\"><span style=\"font-size:14pt\">Ba chara sa sp\u00e9ir againn t\u2019aghaidh,<\/span><\/p><p style=\"margin-top:0pt;padding-top:0;margin-bottom:0pt;padding-bottom:0;line-height:1.8;font-size:12pt;margin-left:108pt\"><span style=\"font-size:14pt\">Shoilsigh t\u00fa cas\u00e1in gan locht is gan tuisle,<\/span><\/p><p style=\"margin-top:0pt;padding-top:0;margin-bottom:0pt;padding-bottom:0;line-height:1.8;font-size:12pt;margin-left:108pt\"><span style=\"font-size:14pt\">Is mheall t\u00fa na cairde ar chuairt chugainn.<\/span><\/p><p style=\"margin-top:0pt;padding-top:0;margin-bottom:0pt;padding-bottom:0;line-height:1.8;font-size:12pt;margin-left:108pt\"><span style=\"height:1em\"><span>.<\/span><\/span><\/p><p style=\"margin-top:0pt;padding-top:0;margin-bottom:0pt;padding-bottom:0;line-height:1.8;font-size:12pt;margin-left:108pt\"><span style=\"font-size:14pt\">Lasann t\u00fa lampa geal gl\u00e9 i mo chro\u00edse,<\/span><\/p><p style=\"margin-top:0pt;padding-top:0;margin-bottom:0pt;padding-bottom:0;line-height:1.8;font-size:12pt;margin-left:108pt\"><span style=\"font-size:14pt\">Led aghaidh ghealgh\u00e1ireach gan mhioscais,<\/span><\/p><p style=\"margin-top:0pt;padding-top:0;margin-bottom:0pt;padding-bottom:0;line-height:1.8;font-size:12pt;margin-left:108pt\"><span style=\"font-size:14pt\">Is sl\u00f3gann chugam cumhn\u00ed gan teorainn ina sluaite,<\/span><\/p><p style=\"margin-top:0pt;padding-top:0;margin-bottom:0pt;padding-bottom:0;line-height:1.8;font-size:12pt;margin-left:108pt\"><span style=\"font-size:14pt\">I gcui<\/span><span style=\"font-size:14pt\">mhne na gcomharsan a d\u2019imigh<\/span><span style=\"font-size:14pt\">.<\/span><\/p><p style=\"margin-top:0pt;padding-top:0;margin-bottom:0pt;padding-bottom:0;line-height:1.8;font-size:12pt;margin-left:108pt\"><span style=\"height:1em\"><span>.<\/span><\/span><\/p><p style=\"text-align:justify;margin-top:0pt;padding-top:0;margin-bottom:0pt;padding-bottom:0;line-height:1.8;font-size:14pt\"><span style=\"height:1em\"><span>.<\/span><\/span><\/p><p style=\"text-align:center;margin-top:0pt;padding-top:0;margin-bottom:0pt;padding-bottom:0;line-height:2.4;font-size:12pt\"><span style=\"height:1em\"><span>.<\/span><\/span><\/p><p style=\"text-align:center;margin-top:0pt;padding-top:0;margin-bottom:0pt;padding-bottom:0;line-height:2.4;font-size:12pt\"><span style=\"height:1em\"><span>.<\/span><\/span><\/p><p style=\"text-align:center;margin-top:0pt;padding-top:0;margin-bottom:0pt;padding-bottom:0;line-height:2.4;font-size:12pt\"><span style=\"height:1em\"><span>.<\/span><\/span><\/p>","protected":false},"excerpt":{"rendered":"<p>S\u00edn chugam an Ghealach 2 Peadar Bair\u00e9ad . (This week we again go down Memory Lane) . Anois, b\u00edodh gur chreid m\u00e9 sna f\u00e9idireachta\u00ed sin uilig, a luaigh m\u00e9 anseo, an tseachtain seo caite, agus d\u00e9arfainn gur chreid roinnt mhaith de na daoine thart orm sa leagan amach c\u00e9anna sin, n\u00e1rbh asainn a baineadh an [&hellip;]<\/p>\n","protected":false},"author":2,"featured_media":13435,"comment_status":"open","ping_status":"open","sticky":false,"template":"","format":"standard","meta":{"nf_dc_page":"","_et_pb_use_builder":"","_et_pb_old_content":"","_et_gb_content_width":"","footnotes":""},"categories":[1],"tags":[],"class_list":["post-13251","post","type-post","status-publish","format-standard","has-post-thumbnail","hentry","category-gan-chatagoir"],"_links":{"self":[{"href":"https:\/\/mickgb.com\/en\/wp-json\/wp\/v2\/posts\/13251","targetHints":{"allow":["GET"]}}],"collection":[{"href":"https:\/\/mickgb.com\/en\/wp-json\/wp\/v2\/posts"}],"about":[{"href":"https:\/\/mickgb.com\/en\/wp-json\/wp\/v2\/types\/post"}],"author":[{"embeddable":true,"href":"https:\/\/mickgb.com\/en\/wp-json\/wp\/v2\/users\/2"}],"replies":[{"embeddable":true,"href":"https:\/\/mickgb.com\/en\/wp-json\/wp\/v2\/comments?post=13251"}],"version-history":[{"count":1,"href":"https:\/\/mickgb.com\/en\/wp-json\/wp\/v2\/posts\/13251\/revisions"}],"predecessor-version":[{"id":13252,"href":"https:\/\/mickgb.com\/en\/wp-json\/wp\/v2\/posts\/13251\/revisions\/13252"}],"wp:featuredmedia":[{"embeddable":true,"href":"https:\/\/mickgb.com\/en\/wp-json\/wp\/v2\/media\/13435"}],"wp:attachment":[{"href":"https:\/\/mickgb.com\/en\/wp-json\/wp\/v2\/media?parent=13251"}],"wp:term":[{"taxonomy":"category","embeddable":true,"href":"https:\/\/mickgb.com\/en\/wp-json\/wp\/v2\/categories?post=13251"},{"taxonomy":"post_tag","embeddable":true,"href":"https:\/\/mickgb.com\/en\/wp-json\/wp\/v2\/tags?post=13251"}],"curies":[{"name":"wp","href":"https:\/\/api.w.org\/{rel}","templated":true}]}}