{"id":13287,"date":"2017-04-04T11:00:00","date_gmt":"2017-04-04T11:00:00","guid":{"rendered":"https:\/\/mickgb.com\/?p=13287"},"modified":"2024-04-08T01:16:42","modified_gmt":"2024-04-08T01:16:42","slug":"sraidini-cunga","status":"publish","type":"post","link":"https:\/\/mickgb.com\/en\/sraidini-cunga\/","title":{"rendered":"SR\u00c1ID\u00cdN\u00cd C\u00daNGA"},"content":{"rendered":"<p style=\"text-align:center;margin-top:0pt;padding-top:0;margin-bottom:0pt;padding-bottom:0;line-height:1.8;font-style:italic;font-weight:bold;font-size:18pt\"><span style=\"font-size:24pt\">I  mB\u00e9al  an  Phobail<\/span><\/p><p style=\"margin-top:0pt;padding-top:0;margin-bottom:0pt;padding-bottom:0;line-height:1.8;font-style:italic;font-weight:bold;font-size:18pt\"><span style=\"font-size:14pt\">Peadar Bair\u00e9ad<\/span><\/p><p style=\"text-align:center;margin-top:0pt;padding-top:0;margin-bottom:0pt;padding-bottom:0;line-height:1.8;font-style:italic;font-weight:bold;font-size:18pt\">An Chathair \u00c1lainn<\/p><p style=\"text-align:center;margin-top:0pt;padding-top:0;margin-bottom:0pt;padding-bottom:0;line-height:1.8;font-style:italic;font-weight:bold;font-size:18pt\"><span style=\"height:1em\"><span>.<\/span><\/span><\/p><p style=\"text-align:center;margin-top:0pt;padding-top:0;margin-bottom:0pt;padding-bottom:0;line-height:1.8;font-style:italic;font-weight:bold;font-size:18pt\"><span style=\"font-size:16pt\">(<\/span><span style=\"font-size:16pt\">This week, I mBeal an Phobail casts a kindly eye on our Faire Citie.)<\/span><\/p><p style=\"text-align:center;margin-top:0pt;padding-top:0;margin-bottom:0pt;padding-bottom:0;line-height:1.8;font-style:italic;font-weight:bold;font-size:18pt\"><span style=\"height:1em\"><span>.<\/span><\/span><\/p><p style=\"text-align:justify;margin-top:0pt;padding-top:0;margin-bottom:0pt;padding-bottom:0;line-height:1.8;font-style:italic;font-weight:bold;font-size:18pt\"><span style=\"font-size:14pt\">Ba \u00ed an ch\u00e9ad uair a leag m\u00e9 fh\u00e9in s\u00fail ar an gCathair \u00c1lainn s\u2019againne n\u00f3 i nDeireadh F\u00f3mhair na bliana 1966. Bh\u00ed m\u00e9 ag obair i mBaile \u00c1tha Cliath, agus tharla go raibh seacht mbliana caite agam ag obair san Ardchathair faoi\u2019n am sin, agus bh\u00ed mo dh\u00f3thain dubh faighte agam di. Bh\u00ed f\u00f3gra sna nuacht\u00e1in an tr\u00e1th sin, ag cur in i\u00fal go raibh m\u00fainteoir uathu i gCol\u00e1iste Chiar\u00e1in, agus tuigeadh dom, go nd\u00e9anfadh post sa Chol\u00e1iste sin an beart go seoigh dhom d\u00e1 nd\u00e9anfa\u00ed a leith\u00e9id a thairiscint dom. Chuir m\u00e9 istea<\/span><span style=\"font-size:14pt\">ch ar an bpost sin, agus tar \u00e9is m\u00e9 a chur faoi agallamh, glacadh liom mar mh\u00fainteoir san institi\u00faid \u00e1rsa, c\u00e9anna, sin. Ba ar l\u00e1 an agallaimh a  fuair m\u00e9 an ch\u00e9ad spl\u00e9achadh ar an Faire Citie seo, agus chuaigh \u00e1illeacht na cathrach i gcionn chomh m\u00f3r sin orm, gur dh\u00fairt m\u00e9 liom fh\u00e9in, go mbeadh s\u00e9 deacair \u00e1it n\u00edos feili\u00fana\u00ed a fh\u00e1il, le fr\u00e9amhacha a chur s\u00edos, agus le cathr\u00f3ireaht a bhaint amach, n\u00e1 an chathair \u00e1rsa seo. Tairgeadh an post sin dom, ar ball, agus n\u00ed call dom a r\u00e1, gur ghlac m\u00e9 go fonnmhar leis<\/span><span style=\"font-size:14pt\"> an dtairiscint sin. Sin mar a tharla gur th\u00e1inig m\u00e9 chun c\u00f3naithe, agus chun oibre, anseo cois Feoire. <\/span><\/p><p style=\"text-align:center;margin-top:0pt;padding-top:0;margin-bottom:0pt;padding-bottom:0;line-height:1.8;font-style:italic;font-weight:bold;font-size:18pt\">M\u00f3r idir Inn\u00e9 agus Inniu<\/p><p style=\"text-align:justify;margin-top:0pt;padding-top:0;margin-bottom:0pt;padding-bottom:0;line-height:1.8;font-style:italic;font-weight:bold;font-size:18pt\"><span style=\"font-size:14pt\">N\u00ed g\u00e1 dhom a r\u00e1, gur m\u00f3r go deo an difr\u00edocht idir an chathair, faoi mar a bh\u00ed in eireaball na bliana, 1966, agus an chathair ch\u00e9anna faoi mar at\u00e1 s\u00ed in eireaball na bliana seo, 2011, c\u00faig bliana is dh\u00e1 sc\u00f3r \u00f3 shoin anois! Cathair den tseand\u00e9anamh a bh\u00ed inti an tr\u00e1th \u00fad, agus ba bheag rud i bfoirm athnuachana, a <\/span><span style=\"font-size:14pt\">bh\u00ed le feice\u00e1il \u00f3 cheann ceann na cathrach, ag an am, ach ag an am gc\u00e9anna, bh\u00ed pearsantacht stairi\u00fail, \u00e1rsa, Gaelach, le tabhairt faoi deara ar shr\u00e1ideanna agus ar fhoirgnimh na Cathrach seo. N\u00ed call a r\u00e1, go ndeachaigh an Caisle\u00e1n, na hEaglais\u00ed, Col\u00e1iste Chiar\u00e1in, Teach an R\u00fataigh, An Tholsel, agus tuilleadh, ar liosta le h\u00e1ireamh iad, go ndeachaigh siad i gcionn go m\u00f3r orm. Thaitin leagan amach na cathrach liom freisin, \u00ed t\u00f3gtha thart ar abhainn na Feorach, a shn\u00edomhann a sl\u00ed, go s\u00edorai, s\u00e1sta, sleamhain<\/span><span style=\"font-size:14pt\">, tr\u00ed chro\u00ed an phobail, sea, agus na sr\u00e1ideanna a th\u00e9ann ag f\u00e1na\u00edocht thart, ag cuarta\u00edocht ar chuile chomharsanacht sa timpeall. Chuir Sr\u00e1id Mhaudlin faoi gheasa m\u00e9, n\u00f3 bh\u00ed rian l\u00e1imh na staire le feice\u00e1il go soil\u00e9ir ansin. agus \u00ed mar cheangal idir an Mh\u00f3r Roinn agus Sr\u00e1id Eoin. Sea, agus n\u00e1r dheacair foirgneamh n\u00edos suimi\u00fala a fh\u00e1il, \u00e1it ar bith, n\u00e1 Col\u00e1iste Chill Chainnigh, ar bhruach \u00e1lainn na Feoire, agus \u00e9 suite ansin ar an gc\u00falr\u00e1id, ach radharc aice ar Chaisle\u00e1n niamhrach, \u00e1lainn, na mBuitl\u00e9arach. Io<\/span><span style=\"font-size:14pt\">nad oiri\u00fanach d\u2019aos l\u00e9inn, d\u2019aos fionachtana, sea, agus d\u2019aos eagna freisin.  <\/span><\/p><p style=\"text-align:center;margin-top:0pt;padding-top:0;margin-bottom:0pt;padding-bottom:0;line-height:1.8;font-style:italic;font-weight:bold;font-size:18pt\">Col\u00e1iste cianaosta Chiar\u00e1in<\/p><p style=\"text-align:justify;margin-top:0pt;padding-top:0;margin-bottom:0pt;padding-bottom:0;line-height:1.8;font-style:italic;font-weight:bold;font-size:18pt\"><span style=\"font-size:14pt\">Ach b\u00edodh go ndeachaigh na hionaid sin uilig, agus tuilleadh, i bhfeidhm go m\u00f3r orm, ba mh\u00f3 f\u00f3s a chuaigh Col\u00e1iste Chiar\u00e1in fh\u00e9in i bhfeidhm orm, n\u00f3 ba \u00ed seo an ch\u00e9ad uair a raibh deis agam s\u00fail seabhaic a dh\u00edri\u00fa uirthi. Chuaigh m\u00e9 isteach tr\u00ed Gheata Bh\u00f3thar Chalainne, agus ba bheag n\u00e1r bhain an ch\u00e9ad spl\u00e9achadh sin a fuair m\u00e9 ar an su\u00edomh \u00e1rsa, \u00e1lainn, sin, ba bheag n\u00e1r bhain s\u00e9 radharc na s\u00fal d\u00edom. An Fhaiche ghlanbhearrtha, na faich\u00ed imeartha, na c\u00fairteanna liathr\u00f3id l\u00e1imhe, agus ansin d\u00ednit agus dra\u00edoc<\/span><span style=\"font-size:14pt\">ht aghaidh chlasaiceach an fhoirgnimh ghotaigh sin, ag \u00e9ir\u00ed go clochach, neamha\u00ed, os mo chomhair amach. Ba dheacair a sh\u00e1r\u00fa de radharc a fh\u00e1il i do shi\u00fal lae. Chuaigh an radharc sin i bhfeidhm go m\u00f3r orm, agus caithfidh m\u00e9 a admh\u00e1il, gur mar sin at\u00e1, anuas go dt\u00ed an l\u00e1 at\u00e1 inniu fh\u00e9in ann. <\/span><\/p><p style=\"text-align:justify;margin-top:0pt;padding-top:0;margin-bottom:0pt;padding-bottom:0;line-height:1.8;font-style:italic;font-weight:bold;font-size:18pt\"><span style=\"font-size:14pt\">Ach, b\u00edodh gur th\u00f3g siad si\u00fad uilig mo chro\u00ed, ag an am gc\u00e9anna, caithfidh m\u00e9 a admh\u00e1il, gur m\u00f3 f\u00f3s a th\u00e9<\/span><span style=\"font-size:14pt\">ann Sr\u00e1id\u00edn\u00ed caola, c\u00fanga, casta, na cathrach \u00e1ille seo i <\/span><span style=\"font-size:14pt\">bhfeidhm orm. D\u2019\u00e9irigh leis na Sr\u00e1id\u00edn\u00ed c\u00e9anna d\u00e1in\u00edn a bhaint asam, agus m\u00e9 i  bhfad ar shi\u00fal uathu, n\u00f3 tharla go raibh m\u00e9 ar saoire sna hOile\u00e1in Chan\u00e1ireacha ag an am. I Maspalomas, faoi mar a tharla&#8230; <\/span><\/p><p style=\"text-align:justify;margin-top:0pt;padding-top:0;margin-bottom:0pt;padding-bottom:0;line-height:1.8;font-style:italic;font-weight:bold;font-size:18pt\"><span style=\"font-size:14pt\">B\u2019fh\u00e9idir n\u00e1r dhochar ar bith \u00e9, athlua a dh\u00e9anamh air, ag an bpointe seo.  \u2018Sr\u00e1id\u00edn\u00ed C\u00fanga\u2019 a bhaist m\u00e9 air, agus seo chugaibh anois \u00e9&#8230;&#8230;  <\/span><\/p><p style=\"margin-top:0pt;padding-top:0;margin-bottom:0pt;padding-bottom:0;line-height:1.8;font-style:italic;font-weight:bold;font-size:18pt\"><span style=\"height:1em\"><span>.<\/span><\/span><\/p><p style=\"margin-top:0pt;padding-top:0;margin-bottom:0pt;padding-bottom:0;line-height:1.8;font-style:italic;font-weight:bold;font-size:18pt;margin-left:108pt\">SR\u00c1ID\u00cdN\u00cd C\u00daNGA<\/p><p style=\"margin-top:0pt;padding-top:0;margin-bottom:0pt;padding-bottom:0;line-height:1.8;margin-left:108pt\"><span style=\"height:1em\"><span>.<\/span><\/span><\/p><p style=\"margin-top:0pt;padding-top:0;margin-bottom:0pt;padding-bottom:0;line-height:1.8;margin-left:108pt\"><span style=\"font-size:14pt\">Motha\u00edm uaim sibh,<\/span><\/p><p style=\"margin-top:0pt;padding-top:0;margin-bottom:0pt;padding-bottom:0;line-height:1.8;margin-left:108pt\"><span style=\"font-size:14pt\">A shr\u00e1id\u00edn\u00ed c\u00fanga,<\/span><\/p><p style=\"margin-top:0pt;padding-top:0;margin-bottom:0pt;padding-bottom:0;line-height:1.8;margin-left:108pt\"><span style=\"font-size:14pt\">A shr\u00e1id\u00edn\u00ed \u00e1rsa Chill Chainnigh.<\/span><\/p><p style=\"margin-top:0pt;padding-top:0;margin-bottom:0pt;padding-bottom:0;line-height:1.8;margin-left:108pt\"><span style=\"height:1em\"><span>.<\/span><\/span><\/p><p style=\"margin-top:0pt;padding-top:0;margin-bottom:0pt;padding-bottom:0;line-height:1.8;margin-left:108pt\"><span style=\"font-size:14pt\">Sr\u00e1id\u00edn\u00ed naofa,<\/span><\/p><p style=\"margin-top:0pt;padding-top:0;margin-bottom:0pt;padding-bottom:0;line-height:1.8;margin-left:108pt\"><span style=\"font-size:14pt\">A sm\u00e9ideann go r\u00fanda<\/span><\/p><p style=\"margin-top:0pt;padding-top:0;margin-bottom:0pt;padding-bottom:0;line-height:1.8;margin-left:108pt\"><span style=\"font-size:14pt\">Ar dheoraithe c\u00e9asta<\/span><\/p><p style=\"margin-top:0pt;padding-top:0;margin-bottom:0pt;padding-bottom:0;line-height:1.8;margin-left:108pt\"><span style=\"font-size:14pt\">Chill Chainnigh.<\/span><\/p><p style=\"margin-top:0pt;padding-top:0;margin-bottom:0pt;padding-bottom:0;line-height:1.8;margin-left:108pt\"><span style=\"height:1em\"><span>.<\/span><\/span><\/p><p style=\"margin-top:0pt;padding-top:0;margin-bottom:0pt;padding-bottom:0;line-height:1.8;margin-left:108pt\"><span style=\"font-size:14pt\">Sr\u00e1id\u00edn\u00ed \u00e1ille,<\/span><\/p><p style=\"margin-top:0pt;padding-top:0;margin-bottom:0pt;padding-bottom:0;line-height:1.8;margin-left:108pt\"><span style=\"font-size:14pt\">Ag br\u00fachtadh go s\u00e1sta<\/span><\/p><p style=\"margin-top:0pt;padding-top:0;margin-bottom:0pt;padding-bottom:0;line-height:1.8;margin-left:108pt\"><span style=\"font-size:14pt\">Le sult is le g\u00e1ire<\/span><\/p><p style=\"margin-top:0pt;padding-top:0;margin-bottom:0pt;padding-bottom:0;line-height:1.8;margin-left:108pt\"><span style=\"font-size:14pt\">Chill Chainnigh.<\/span><\/p><p style=\"margin-top:0pt;padding-top:0;margin-bottom:0pt;padding-bottom:0;line-height:1.8;margin-left:108pt\"><span style=\"height:1em\"><span>.<\/span><\/span><\/p><p style=\"margin-top:0pt;padding-top:0;margin-bottom:0pt;padding-bottom:0;line-height:1.8;margin-left:108pt\"><span style=\"height:1em\"><span>.<\/span><\/span><\/p><p style=\"margin-top:0pt;padding-top:0;margin-bottom:0pt;padding-bottom:0;line-height:1.8;margin-left:108pt\"><span style=\"font-size:14pt\">Anocht is mo throithe<\/span><\/p><p style=\"margin-top:0pt;padding-top:0;margin-bottom:0pt;padding-bottom:0;line-height:1.8;margin-left:108pt\"><span style=\"font-size:14pt\">Ar shr\u00e1id Mhaspal\u00f3mas,<\/span><\/p><p style=\"margin-top:0pt;padding-top:0;margin-bottom:0pt;padding-bottom:0;line-height:1.8;margin-left:108pt\"><span style=\"font-size:14pt\">Filleann mo chro\u00ed<\/span><\/p><p style=\"margin-top:0pt;padding-top:0;margin-bottom:0pt;padding-bottom:0;line-height:1.8;margin-left:108pt\"><span style=\"font-size:14pt\">Ar Chill Chainnigh.<\/span><\/p><p style=\"margin-top:0pt;padding-top:0;margin-bottom:0pt;padding-bottom:0;line-height:1.8;margin-left:108pt\"><span style=\"height:1em\"><span>.<\/span><\/span><\/p><p style=\"margin-top:0pt;padding-top:0;margin-bottom:0pt;padding-bottom:0;line-height:1.8;margin-left:108pt\"><span style=\"font-size:14pt\">Is feicim go soil\u00e9ir,<\/span><\/p><p style=\"margin-top:0pt;padding-top:0;margin-bottom:0pt;padding-bottom:0;line-height:1.8;margin-left:108pt\"><span style=\"font-size:14pt\">Tr\u00ed sh\u00faile na cuimhne,<\/span><\/p><p style=\"margin-top:0pt;padding-top:0;margin-bottom:0pt;padding-bottom:0;line-height:1.8;margin-left:108pt\"><span style=\"font-size:14pt\">Sr\u00e1id\u00edn\u00ed d\u00edlse<\/span><\/p><p style=\"margin-top:0pt;padding-top:0;margin-bottom:0pt;padding-bottom:0;line-height:1.8;margin-left:108pt\"><span style=\"font-size:14pt\">Chill Chainnigh.<\/span><\/p><p style=\"margin-top:0pt;padding-top:0;margin-bottom:0pt;padding-bottom:0;line-height:1.8;margin-left:108pt\"><span style=\"height:1em\"><span>.<\/span><\/span><\/p><p style=\"margin-top:0pt;padding-top:0;margin-bottom:0pt;padding-bottom:0;line-height:1.2;margin-left:108pt\"><span style=\"font-size:14pt\">A shr\u00e1id\u00edn\u00ed c\u00fanga an cheana,<\/span><\/p><p style=\"margin-top:0pt;padding-top:0;margin-bottom:0pt;padding-bottom:0;line-height:1.2;margin-left:108pt\"><span style=\"font-size:14pt\">Snasta ag br\u00f3ga na gcianta,<\/span><\/p><p style=\"margin-top:0pt;padding-top:0;margin-bottom:0pt;padding-bottom:0;line-height:1.2;margin-left:108pt\"><span style=\"font-size:14pt\">Chugaibh, tr\u00ed cheo bog na m\u00edlte,<\/span><\/p><p style=\"margin-top:0pt;padding-top:0;margin-bottom:0pt;padding-bottom:0;line-height:1.2;margin-left:108pt\"><span style=\"font-size:14pt\">Seolaim gan seachr\u00e1n mo bheannacht.<\/span><\/p>","protected":false},"excerpt":{"rendered":"<p>I mB\u00e9al an Phobail Peadar Bair\u00e9ad An Chathair \u00c1lainn . (This week, I mBeal an Phobail casts a kindly eye on our Faire Citie.) . Ba \u00ed an ch\u00e9ad uair a leag m\u00e9 fh\u00e9in s\u00fail ar an gCathair \u00c1lainn s\u2019againne n\u00f3 i nDeireadh F\u00f3mhair na bliana 1966. Bh\u00ed m\u00e9 ag obair i mBaile \u00c1tha Cliath, [&hellip;]<\/p>\n","protected":false},"author":2,"featured_media":13435,"comment_status":"open","ping_status":"open","sticky":false,"template":"","format":"standard","meta":{"nf_dc_page":"","_et_pb_use_builder":"","_et_pb_old_content":"","_et_gb_content_width":"","footnotes":""},"categories":[1],"tags":[],"class_list":["post-13287","post","type-post","status-publish","format-standard","has-post-thumbnail","hentry","category-gan-chatagoir"],"_links":{"self":[{"href":"https:\/\/mickgb.com\/en\/wp-json\/wp\/v2\/posts\/13287","targetHints":{"allow":["GET"]}}],"collection":[{"href":"https:\/\/mickgb.com\/en\/wp-json\/wp\/v2\/posts"}],"about":[{"href":"https:\/\/mickgb.com\/en\/wp-json\/wp\/v2\/types\/post"}],"author":[{"embeddable":true,"href":"https:\/\/mickgb.com\/en\/wp-json\/wp\/v2\/users\/2"}],"replies":[{"embeddable":true,"href":"https:\/\/mickgb.com\/en\/wp-json\/wp\/v2\/comments?post=13287"}],"version-history":[{"count":1,"href":"https:\/\/mickgb.com\/en\/wp-json\/wp\/v2\/posts\/13287\/revisions"}],"predecessor-version":[{"id":13288,"href":"https:\/\/mickgb.com\/en\/wp-json\/wp\/v2\/posts\/13287\/revisions\/13288"}],"wp:featuredmedia":[{"embeddable":true,"href":"https:\/\/mickgb.com\/en\/wp-json\/wp\/v2\/media\/13435"}],"wp:attachment":[{"href":"https:\/\/mickgb.com\/en\/wp-json\/wp\/v2\/media?parent=13287"}],"wp:term":[{"taxonomy":"category","embeddable":true,"href":"https:\/\/mickgb.com\/en\/wp-json\/wp\/v2\/categories?post=13287"},{"taxonomy":"post_tag","embeddable":true,"href":"https:\/\/mickgb.com\/en\/wp-json\/wp\/v2\/tags?post=13287"}],"curies":[{"name":"wp","href":"https:\/\/api.w.org\/{rel}","templated":true}]}}