{"id":13333,"date":"2017-04-04T11:00:00","date_gmt":"2017-04-04T11:00:00","guid":{"rendered":"https:\/\/mickgb.com\/?p=13333"},"modified":"2024-04-08T01:06:37","modified_gmt":"2024-04-08T01:06:37","slug":"teachtairi-de","status":"publish","type":"post","link":"https:\/\/mickgb.com\/en\/teachtairi-de\/","title":{"rendered":"Teachtair\u00ed  D\u00e9"},"content":{"rendered":"<p style=\"text-align:center;margin-top:0pt;padding-top:0;margin-bottom:10pt;padding-bottom:0;line-height:1.8\"><strong><span style=\"font-size:28pt\">Teachtair\u00ed  D\u00e9<\/span><\/strong><\/p><p style=\"margin-top:0pt;padding-top:0;margin-bottom:10pt;padding-bottom:0;line-height:1.38\"><span style=\"font-size:14pt\">Peadar Bair\u00e9ad<\/span><\/p><p style=\"margin-top:0pt;padding-top:0;margin-bottom:10pt;padding-bottom:0;line-height:1.38\"><strong><span style=\"font-size:14pt\"><em>(This week we consider \u201cThe Other Side\u201d as seen, or as imagined, by humans)<\/em><\/span><\/strong><\/p><p style=\"text-align:center;margin-top:0pt;padding-top:0;margin-bottom:10pt;padding-bottom:0;line-height:1.38\"><span style=\"height:1em\"><span>.<\/span><\/span><\/p><p style=\"text-align:center;margin-top:0pt;padding-top:0;margin-bottom:10pt;padding-bottom:0;line-height:1.38\"><strong><span style=\"font-size:18pt\">Ar Sciat<\/span><span style=\"font-size:18pt\">h\u00e1<\/span><span style=\"font-size:18pt\">in na nAingeal<\/span><\/strong><\/p><p style=\"text-align:justify;margin-top:0pt;padding-top:0;margin-bottom:10pt;padding-bottom:0;line-height:1.8\"><span style=\"font-size:14pt\">Ar thug t\u00fa<\/span><span style=\"font-size:14pt\"> faoi deara<\/span><span style=\"font-size:14pt\">, go bhfuil sp\u00e9<\/span><span style=\"font-size:14pt\">is<\/span><span style=\"font-size:14pt\">, agus dh\u00e1 sp\u00e9<\/span><span style=\"font-size:14pt\">is<\/span><span style=\"font-size:14pt\">, \u00e1<\/span><span style=\"font-size:14pt\"> chur ag daoine sa saol eile<\/span><span style=\"font-size:14pt\">, le tamall de bhlianta anuas? T\u00e1 roinnt mhaith leabhar ar f\u00e1<\/span><span style=\"font-size:14pt\">il anois ina g<\/span><span style=\"font-size:14pt\">cuirtear s\u00edos, go h\u00e1<\/span><span style=\"font-size:14pt\">irithe, ar T<\/span><span style=\"font-size:14pt\">heach<\/span><span style=\"font-size:14pt\">tair\u00ed \u00fad D\u00e9<\/span><span style=\"font-size:14pt\">,<\/span><span style=\"font-size:14pt\"> a dh\u00e9anann teangmh\u00e1<\/span><span style=\"font-size:14pt\">i<\/span><span style=\"font-size:14pt\">l le daoine daonna, anois is ar\u00ed<\/span><span style=\"font-size:14pt\">s<\/span><span style=\"font-size:14pt\">,<\/span><span style=\"font-size:14pt\"> i r\u00e9<\/span><span style=\"font-size:14pt\"> na staire daonna<\/span><span style=\"font-size:14pt\">.<\/span><span style=\"font-size:14pt\"> T\u00e1<\/span><span style=\"font-size:14pt\"> roinnt lea<\/span><span style=\"font-size:14pt\">b<\/span><span style=\"font-size:14pt\">har \u00f3<\/span><span style=\"font-size:14pt\"> phean<\/span><span style=\"font-size:14pt\">n an \u00fadair ch\u00e1ili\u00fa<\/span><span style=\"font-size:14pt\">il<\/span><span style=\"font-size:14pt\"> \u00c9<\/span><span style=\"font-size:14pt\">ireannach <\/span><span style=\"font-size:14pt\">sin, Lorna<\/span><span style=\"font-size:14pt\"> Byrne, ina nd\u00e9anann s\u00ed cur s\u00edos ar \u00e1<\/span><span style=\"font-size:14pt\">it, agus ar thionchar<\/span><span style=\"font-size:14pt\">,<\/span><span style=\"font-size:14pt\"> na nAingeal<\/span><span style=\"font-size:14pt\">, i gc\u00farsa\u00ed a saoil fh\u00e9<\/span><span style=\"font-size:14pt\">in. <\/span><span style=\"font-size:14pt\">Ba chuid d\u00e1 saol laeth\u00fail iad na hAingil ch\u00e9<\/span><span style=\"font-size:14pt\">anna sin<\/span><span style=\"font-size:14pt\">, \u00f3 laethe a h\u00f3<\/span><span style=\"font-size:14pt\">ige anonn<\/span><span style=\"font-size:14pt\">, agus ba \u00e9 a thuig daoine thart uirthi n\u00f3 go raibh s\u00ed mallintinneach, ach ba \u00e9 f\u00edrinne an sc\u00e9il \u00e9 n\u00f3<\/span><span style=\"font-size:14pt\"> gur mhai<\/span><span style=\"font-size:14pt\">r Lorna i saol an spioraid, bun\u00fa<\/span><span style=\"font-size:14pt\">s an ama<\/span><span style=\"font-size:14pt\">, n\u00f3 ba chuid de ghn\u00e1th-throsc\u00e1<\/span><span style=\"font-size:14pt\">n a tuisceana iad na hAingil sin<\/span><span style=\"font-size:14pt\">, a raibh s\u00e1r-aithne aice orthu. I nd\u00e1ir<\/span><span style=\"font-size:14pt\">\u00edre, scr\u00edobh m\u00e9 p\u00edosa n\u00f3 dh\u00f3 an<\/span><span style=\"font-size:14pt\">seo<\/span><span style=\"font-size:14pt\">,<\/span><span style=\"font-size:14pt\"> i mB\u00e9al an Phobail<\/span><span style=\"font-size:14pt\">,<\/span><span style=\"font-size:14pt\"> faoi Lorna fh\u00e9<\/span><span style=\"font-size:14pt\">in, agus fa<\/span><span style=\"font-size:14pt\">oina cuid leabhar freisin. B\u2019fh\u00e9<\/span><span style=\"font-size:14pt\">idir gur c<\/span><span style=\"font-size:14pt\">uimhin libh leabhar eile ar scr\u00edobh m\u00e9 p\u00edosa faoi sa chol\u00fa<\/span><span style=\"font-size:14pt\">n seo<\/span><span style=\"font-size:14pt\">, tamall maith \u00f3<\/span><span style=\"font-size:14pt\"> shoin anois<\/span><span style=\"font-size:14pt\">, inar deineadh cur s\u00edos ar ch\u00fa<\/span><span style=\"font-size:14pt\">igear a chasfadh ort s<\/span><span style=\"font-size:14pt\">na Flaithis. Chomh maith leo si\u00fa<\/span><span style=\"font-size:14pt\">d<\/span><span style=\"font-size:14pt\">, t\u00e1 sruth lean\u00fa<\/span><span style=\"font-size:14pt\">nach leabhar \u00e1 gcur ar f\u00e1il d\u00fa<\/span><span style=\"font-size:14pt\">inn<\/span><span style=\"font-size:14pt\">,<\/span><span style=\"font-size:14pt\"> na laethe seo<\/span><span style=\"font-size:14pt\">, faoin saol thall, agus go h\u00e1<\/span><span style=\"font-size:14pt\">irithe faoi <\/span><span style=\"font-size:14pt\">na hAingil, faoi na teachtairi \u00fa<\/span><span style=\"font-size:14pt\">d a thag<\/span><span style=\"font-size:14pt\">ann \u00f3<\/span><span style=\"font-size:14pt\"> Dhia chuig daoine speisialta<\/span><span style=\"font-size:14pt\">, le s<\/span><span style=\"font-size:14pt\">c\u00e9al m\u00f3r eic\u00ednt, sc\u00e9al a chuirfea<\/span><span style=\"font-size:14pt\">dh cor i gcinni\u00fa<\/span><span style=\"font-size:14pt\">int<\/span><span style=\"font-size:14pt\">,<\/span><span style=\"font-size:14pt\"> agus i saol<\/span><span style=\"font-size:14pt\">,<\/span><span style=\"font-size:14pt\"> an duine daonna \u00e1irithe sin, n\u00f3<\/span><span style=\"font-size:14pt\"> i saol a<\/span><span style=\"font-size:14pt\">n<\/span><span style=\"font-size:14pt\"> chine s\u2019againne<\/span><span style=\"font-size:14pt\"> ar fad<\/span><span style=\"font-size:14pt\">.<\/span><\/p><p style=\"text-align:center;margin-top:0pt;padding-top:0;margin-bottom:10pt;padding-bottom:0;line-height:1.8\"><strong><span style=\"font-size:18pt\">Sc\u00e9<\/span><span style=\"font-size:18pt\">al ata i mb\u00e9al gach \u00e9inne<\/span><\/strong><\/p><p style=\"text-align:justify;margin-top:0pt;padding-top:0;margin-bottom:10pt;padding-bottom:0;line-height:1.8\"><span style=\"font-size:14pt\">Ach, n\u00ed chucu sin uilig at\u00e1 m\u00e9,<\/span><span style=\"font-size:14pt\"> an<\/span><span style=\"font-size:14pt\"> <\/span><span style=\"font-size:14pt\">babhta<\/span><span style=\"font-size:14pt\"> <\/span><span style=\"font-size:14pt\">seo, ach chuige seo. N\u00f3 is sc\u00e9<\/span><span style=\"font-size:14pt\">al <\/span><span style=\"font-size:14pt\">\u00e9<\/span><span style=\"font-size:14pt\"> <\/span><span style=\"font-size:14pt\">at\u00e1 imb\u00e9al gach \u00e9<\/span><span style=\"font-size:14pt\">inne<\/span><span style=\"font-size:14pt\">,<\/span><span style=\"font-size:14pt\"> le tamall gearr anuas. <\/span><\/p><p style=\"text-align:justify;margin-top:0pt;padding-top:0;margin-bottom:10pt;padding-bottom:0;line-height:1.8\"><span style=\"font-size:14pt\">C\u00e9n sc\u00e9al \u00e9 fh\u00e9<\/span><span style=\"font-size:14pt\">in, an ea?<\/span><\/p><p style=\"text-align:justify;margin-top:0pt;padding-top:0;margin-bottom:10pt;padding-bottom:0;line-height:1.8\"><span style=\"font-size:14pt\">T\u00e1. Sc\u00e9al faoin ngas\u00far \u00fa<\/span><span style=\"font-size:14pt\">d, Colton Burpo, mac le Todd Burpo<\/span><span style=\"font-size:14pt\">, Minist<\/span><span style=\"font-size:14pt\">ir in Eaglais Veisl\u00edoch<\/span><span style=\"font-size:14pt\">,<\/span><span style=\"font-size:14pt\"> i Nebraska<\/span><span style=\"font-size:14pt\">, Mheirice\u00e1<\/span><span style=\"font-size:14pt\">. Tharla anois<\/span><span style=\"font-size:14pt\">, nuair nach raibh an gas\u00far sin ach thart ar thr\u00ed<\/span><span style=\"font-size:14pt\"> bliana d\u2019aois<\/span><span style=\"font-size:14pt\">, gur phl\u00e9<\/span><span style=\"font-size:14pt\">asc a ai<\/span><span style=\"font-size:14pt\">pindic ag<\/span><span style=\"font-size:14pt\">us go raibh s\u00e9 i mb\u00e9<\/span><span style=\"font-size:14pt\">al<\/span><span style=\"font-size:14pt\"> an bh\u00e1is d\u00e1<\/span><span style=\"font-size:14pt\"> bharr sin<\/span><span style=\"font-size:14pt\">. Anois, agus \u00e9<\/span><span style=\"font-size:14pt\"> crochta <\/span><span style=\"font-size:14pt\">ansin idir an d\u00e1 shaol, deir an gas\u00fa<\/span><span style=\"font-size:14pt\">r<\/span><span style=\"font-size:14pt\">, gur thug s\u00e9<\/span><span style=\"font-size:14pt\"> cuairt ar n<\/span><span style=\"font-size:14pt\">a Flaithis, agus gur casadh a l\u00e1<\/span><span style=\"font-size:14pt\">n daoine air <\/span><span style=\"font-size:14pt\">ansin, <\/span><span style=\"font-size:14pt\">agus gur casadh \u00cdosa fh\u00e9in air i rith na tr\u00e9<\/span><span style=\"font-size:14pt\">imhse sin<\/span><span style=\"font-size:14pt\">. Anois, is rud \u00e9 at\u00e1<\/span><span style=\"font-size:14pt\"> coitianta go maith le blianta fada anuas<\/span><span style=\"font-size:14pt\">,<\/span><span style=\"font-size:14pt\"> go ndeir daoine<\/span><span style=\"font-size:14pt\">, a tharla\u00edonn gafa tamall idir an d\u00e1<\/span><span style=\"font-size:14pt\"> shaol<\/span><span style=\"font-size:14pt\">, go ndeir siad sin, go bhfuair siad spl\u00e9<\/span><span style=\"font-size:14pt\">achadh ar an saol eile<\/span><span style=\"font-size:14pt\">, tr\u00e1<\/span><span style=\"font-size:14pt\">th raibh siad crochta <\/span><span style=\"font-size:14pt\">sa riocht sin<\/span><span style=\"font-size:14pt\">, gar don bh\u00e1s. Sea, agus deir a mbun\u00fa<\/span><span style=\"font-size:14pt\">s<\/span><span style=\"font-size:14pt\">, go mbeadh siad bre\u00e1 s\u00e1<\/span><span style=\"font-size:14pt\">sta fanacht ansin<\/span><span style=\"font-size:14pt\">,<\/span><span style=\"font-size:14pt\"> ach gur cu<\/span><span style=\"font-size:14pt\">ireadh ar ais ar an saol seo ari<\/span><span style=\"font-size:14pt\">s iad<\/span><span style=\"font-size:14pt\">, le dualgais\u00ed a mbeatha a chr\u00edochn\u00fa<\/span><span style=\"font-size:14pt\">. Ach, le<\/span><span style=\"font-size:14pt\"> fileadh ar Colton Burpo. Admha<\/span><span style=\"font-size:14pt\">\u00ed<\/span><span style=\"font-size:14pt\">onn a athair \u00e1<\/span><span style=\"font-size:14pt\">fach<\/span><span style=\"font-size:14pt\">, go raibh athr\u00fa ollmh\u00f3<\/span><span style=\"font-size:14pt\">r tagtha ar C<\/span><span style=\"font-size:14pt\">h<\/span><span style=\"font-size:14pt\">olton<\/span><span style=\"font-size:14pt\">, tar \u00e9is na f\u00edse a l\u00e9ir\u00edodh d\u00f3, athr\u00fa bisigh, d\u00e1<\/span><span style=\"font-size:14pt\">r leis-sean.<\/span><\/p><p style=\"text-align:justify;margin-top:0pt;padding-top:0;margin-bottom:10pt;padding-bottom:0;line-height:1.8\"><span style=\"font-size:14pt\">Thart ar an am gc\u00e9<\/span><span style=\"font-size:14pt\">anna<\/span><span style=\"font-size:14pt\"> seo, bh\u00ed f\u00ed<\/span><span style=\"font-size:14pt\">s<\/span><span style=\"font-size:14pt\"> freisin<\/span><span style=\"font-size:14pt\"> ag Akaine Kramorik agus \u00ed<\/span><span style=\"font-size:14pt\"> thart ar cheithre bliana d\u2019aois, agus deir sise<\/span><span style=\"font-size:14pt\">, go bhfaca s\u00ed \u00cd<\/span><span style=\"font-size:14pt\">osa freisin<\/span><span style=\"font-size:14pt\">, agus tharraing s\u00ed picti\u00far de, faoi mar a chonaic s\u00ed \u00e9<\/span><span style=\"font-size:14pt\"> an t-am sin. Anois, <\/span><span style=\"font-size:14pt\">agus Co<\/span><span style=\"font-size:14pt\">lton thart ar cheithre bliana d\u00e9<\/span><span style=\"font-size:14pt\">ag d\u2019aois<\/span><span style=\"font-size:14pt\"> anois<\/span><span style=\"font-size:14pt\">, <\/span><span style=\"font-size:14pt\">aon<\/span><span style=\"font-size:14pt\">ta\u00edonn s\u00e9<\/span><span style=\"font-size:14pt\"> lei<\/span><span style=\"font-size:14pt\"> go raibh an picti\u00far sin an-chos\u00fail leis an \u00cd<\/span><span style=\"font-size:14pt\">osa a chonaic seisean<\/span><span style=\"font-size:14pt\"> agus \u00e9 crochta ansin idir an d\u00e1 shaol. Ach is suimi\u00fail an rud \u00e9, n\u00e1r casadh an bheirt sin ar a ch\u00e9<\/span><span style=\"font-size:14pt\">ile<\/span><span style=\"font-size:14pt\"> riamh<\/span><span style=\"font-size:14pt\"> roimhe sin<\/span><span style=\"font-size:14pt\">, agus s\u00edlim n\u00e1r Chr\u00edosta\u00ed in aon chor \u00ed,<\/span><span style=\"font-size:14pt\"> Akaine.<\/span><span style=\"font-size:14pt\"> <\/span><\/p><p style=\"text-align:center;margin-top:0pt;padding-top:0;margin-bottom:10pt;padding-bottom:0;line-height:1.8\"><span style=\"font-size:14pt\">\u201c<\/span><strong><span style=\"font-size:18pt\">Heaven is for real\u201d<\/span><\/strong><\/p><p style=\"text-align:justify;margin-top:0pt;padding-top:0;margin-bottom:10pt;padding-bottom:0;line-height:1.8\"><span style=\"font-size:14pt\">Faoin m<\/span><span style=\"font-size:14pt\">bliain 2010<\/span><span style=\"font-size:14pt\">,<\/span><span style=\"font-size:14pt\"> chuir Todd <\/span><span style=\"font-size:14pt\">an <\/span><span style=\"font-size:14pt\">leabhar \u201cHeaven is for Real\u201d<\/span><span style=\"font-size:14pt\"> <\/span><span style=\"font-size:14pt\">i gcl\u00f3, agus n\u00ed call dom a r\u00e1, go raibh r\u00e1chairt mh\u00f3<\/span><span style=\"font-size:14pt\">r air<\/span><span style=\"font-size:14pt\">, \u00f3<\/span><span style=\"font-size:14pt\"> cheann ceann na cruinne. Sa leabhar sin<\/span><span style=\"font-size:14pt\">,<\/span><span style=\"font-size:14pt\"> deir Todd linn<\/span><span style=\"font-size:14pt\">, gur inis a mhac sc\u00e9alta iomad\u00fala d\u00f3<\/span><span style=\"font-size:14pt\"> faoina thuras ar an saol eile. Ar ball ansin<\/span><span style=\"font-size:14pt\">, buna\u00ed<\/span><span style=\"font-size:14pt\">odh <\/span><span style=\"font-size:14pt\">scann\u00e1n ar an leabhar c\u00e9anna sin. Sna sc\u00e9alta a d\u2019inis s\u00e9 d\u00e1<\/span><span style=\"font-size:14pt\"> athair<\/span><span style=\"font-size:14pt\">, deir s\u00e9 gur casadh \u00cd<\/span><span style=\"font-size:14pt\">osa air<\/span><span style=\"font-size:14pt\">, agus go raibh capall \u00e1<\/span><span style=\"font-size:14pt\">lainn ildatha<\/span><span style=\"font-size:14pt\">ch aige<\/span><span style=\"font-size:14pt\">,<\/span><span style=\"font-size:14pt\"> agus chomh maith le sin<\/span><span style=\"font-size:14pt\">, deir s\u00e9 gur shuigh s\u00e9 ar ghl\u00fain \u00cd<\/span><span style=\"font-size:14pt\">osa.<\/span><\/p><p style=\"text-align:justify;margin-top:0pt;padding-top:0;margin-bottom:10pt;padding-bottom:0;line-height:1.8\"><span style=\"font-size:14pt\">Caithfear an cheist a chur ag an bpointe seo, an f\u00ed<\/span><span style=\"font-size:14pt\">ri<\/span><span style=\"font-size:14pt\">nne n\u00f3 fianna\u00edocht at\u00e1 le f\u00e1<\/span><span style=\"font-size:14pt\">il sa leabhar agus sa scann\u00e1<\/span><span style=\"font-size:14pt\">n<\/span><span style=\"font-size:14pt\"> seo? Faraoir! n\u00ed<\/span><span style=\"font-size:14pt\">l freagra na ceis<\/span><span style=\"font-size:14pt\">te sin agamsa, agus caithfidh m\u00e9 \u00e9 a fh\u00e1g\u00e1il f\u00fat fh\u00e9<\/span><span style=\"font-size:14pt\">in<\/span><span style=\"font-size:14pt\"> a shocr\u00fa an f\u00edor br\u00e9agach an sc\u00e9al a in<\/span><span style=\"font-size:14pt\">s\u00edonn Colton Burpo d\u00fainn ina leabhar<\/span><span style=\"font-size:14pt\">&#8230;<\/span><span style=\"font-size:14pt\">\u201d<\/span><span style=\"font-size:14pt\">Heaven i<\/span><span style=\"font-size:14pt\">s for Real\u201d, ach, caithfidh m\u00e9 a admh\u00e1il, go bhfuil fonn orm cuid \u00e1irithe den sc\u00e9al a chreidi\u00faint<\/span><span style=\"font-size:14pt\"> <\/span><span style=\"font-size:14pt\">&nbsp;&nbsp;&nbsp;&nbsp;<\/span><span style=\"font-size:14pt\"> <\/span><\/p>","protected":false},"excerpt":{"rendered":"<p>Teachtair\u00ed D\u00e9 Peadar Bair\u00e9ad (This week we consider \u201cThe Other Side\u201d as seen, or as imagined, by humans) . Ar Sciath\u00e1in na nAingeal Ar thug t\u00fa faoi deara, go bhfuil sp\u00e9is, agus dh\u00e1 sp\u00e9is, \u00e1 chur ag daoine sa saol eile, le tamall de bhlianta anuas? T\u00e1 roinnt mhaith leabhar ar f\u00e1il anois ina gcuirtear [&hellip;]<\/p>\n","protected":false},"author":2,"featured_media":13435,"comment_status":"open","ping_status":"open","sticky":false,"template":"","format":"standard","meta":{"nf_dc_page":"","_et_pb_use_builder":"","_et_pb_old_content":"","_et_gb_content_width":"","footnotes":""},"categories":[1],"tags":[],"class_list":["post-13333","post","type-post","status-publish","format-standard","has-post-thumbnail","hentry","category-gan-chatagoir"],"_links":{"self":[{"href":"https:\/\/mickgb.com\/en\/wp-json\/wp\/v2\/posts\/13333","targetHints":{"allow":["GET"]}}],"collection":[{"href":"https:\/\/mickgb.com\/en\/wp-json\/wp\/v2\/posts"}],"about":[{"href":"https:\/\/mickgb.com\/en\/wp-json\/wp\/v2\/types\/post"}],"author":[{"embeddable":true,"href":"https:\/\/mickgb.com\/en\/wp-json\/wp\/v2\/users\/2"}],"replies":[{"embeddable":true,"href":"https:\/\/mickgb.com\/en\/wp-json\/wp\/v2\/comments?post=13333"}],"version-history":[{"count":1,"href":"https:\/\/mickgb.com\/en\/wp-json\/wp\/v2\/posts\/13333\/revisions"}],"predecessor-version":[{"id":13334,"href":"https:\/\/mickgb.com\/en\/wp-json\/wp\/v2\/posts\/13333\/revisions\/13334"}],"wp:featuredmedia":[{"embeddable":true,"href":"https:\/\/mickgb.com\/en\/wp-json\/wp\/v2\/media\/13435"}],"wp:attachment":[{"href":"https:\/\/mickgb.com\/en\/wp-json\/wp\/v2\/media?parent=13333"}],"wp:term":[{"taxonomy":"category","embeddable":true,"href":"https:\/\/mickgb.com\/en\/wp-json\/wp\/v2\/categories?post=13333"},{"taxonomy":"post_tag","embeddable":true,"href":"https:\/\/mickgb.com\/en\/wp-json\/wp\/v2\/tags?post=13333"}],"curies":[{"name":"wp","href":"https:\/\/api.w.org\/{rel}","templated":true}]}}