{"id":13351,"date":"2017-04-04T11:00:00","date_gmt":"2017-04-04T11:00:00","guid":{"rendered":"https:\/\/mickgb.com\/?p=13351"},"modified":"2024-04-08T01:13:27","modified_gmt":"2024-04-08T01:13:27","slug":"the-dream-of-the-celt","status":"publish","type":"post","link":"https:\/\/mickgb.com\/en\/the-dream-of-the-celt\/","title":{"rendered":"The Dream of the Celt"},"content":{"rendered":"<p style=\"text-align:center;margin-top:0pt;padding-top:0;margin-bottom:10pt;padding-bottom:0;line-height:1.38\"><strong><span style=\"font-size:28pt\">F\u00eds an Cheiltigh<\/span><\/strong><\/p><p style=\"text-align:center;margin-top:0pt;padding-top:0;margin-bottom:10pt;padding-bottom:0;line-height:1.38;margin-left:72pt\"><span style=\"height:1em\"><span>.<\/span><\/span><\/p><p style=\"text-align:center;margin-top:0pt;padding-top:0;margin-bottom:10pt;padding-bottom:0;line-height:1.38;margin-left:72pt\"><strong><span style=\"font-size:14pt\"><em> <\/em><\/span><span style=\"font-size:14pt\"><em>(This week we take a look at <\/em><\/span><span style=\"font-size:14pt\"><em>an epic and moving novel based on the life and times of Roger Casement)<\/em><\/span><span style=\"font-size:14pt\"><em> <\/em><\/span><\/strong><\/p><p style=\"text-align:center;margin-top:0pt;padding-top:0;margin-bottom:10pt;padding-bottom:0;line-height:1.38;margin-left:72pt\"><span style=\"height:1em\"><span>.<\/span><\/span><\/p><p style=\"margin-top:0pt;padding-top:0;margin-bottom:10pt;padding-bottom:0;line-height:1.38\"><strong><span style=\"font-size:20pt\">The Dream of the Celt<\/span><span style=\"font-size:20pt\">&#8230;.<\/span><\/strong><span style=\"font-size:20pt\">le<\/span><strong><span style=\"font-size:20pt\">&#8230;.<\/span><span style=\"font-size:20pt\">Mario Vargas <\/span><span style=\"font-size:20pt\">Llosa<\/span><\/strong><\/p><p style=\"text-align:justify;margin-top:0pt;padding-top:0;margin-bottom:10pt;padding-bottom:0;line-height:1.38\"><span style=\"height:1em\"><span>.<\/span><\/span><\/p><p style=\"text-align:center;margin-top:0pt;padding-top:0;margin-bottom:10pt;padding-bottom:0;line-height:1.38\"><strong><span style=\"font-size:18pt\">Gafa i bPentonville<\/span><\/strong><\/p><p style=\"text-align:justify;margin-top:0pt;padding-top:0;margin-bottom:10pt;padding-bottom:0;line-height:1.38\"><span style=\"font-size:14pt\">I bPeiri\u00fa<\/span><span style=\"font-size:14pt\"> a rugadh<\/span><span style=\"font-size:14pt\"> an t-\u00fa<\/span><span style=\"font-size:14pt\">dar<\/span><span style=\"font-size:14pt\"> seo <\/span><span style=\"font-size:14pt\">sa bhliain 1936. T\u00e1 c\u00e1il idirn\u00e1isi\u00fanta bainte amach aige mar \u00farsc\u00e9ala\u00ed<\/span><span style=\"font-size:14pt\">, agus<\/span><span style=\"font-size:14pt\"> bronnadh Duais Nobel <\/span><span style=\"font-size:14pt\">sa Litr\u00ed<\/span><span style=\"font-size:14pt\">ocht air<\/span><span style=\"font-size:14pt\">,<\/span><span style=\"font-size:14pt\"> sa bhliain 2010. Deirtear<\/span><span style=\"font-size:14pt\"> ar chl\u00fadach c\u00fa<\/span><span style=\"font-size:14pt\">il an leabhair<\/span><span style=\"font-size:14pt\"> seo<\/span><span style=\"font-size:14pt\">&#8230;.<\/span><\/p><p style=\"text-align:justify;margin-top:0pt;padding-top:0;margin-bottom:10pt;padding-bottom:0;line-height:1.38;margin-left:72pt\"><strong><span style=\"font-size:14pt\"><em>\u201cCasement was feted as one of the greatest humanitarians of the age. <\/em><\/span><span style=\"font-size:14pt\"><em>Now he is about to die ignomini<\/em><\/span><span style=\"font-size:14pt\"><em>ously as a tr<\/em><\/span><span style=\"font-size:14pt\"><em>aitor.\u201d <\/em><\/span><\/strong><\/p><p style=\"text-align:justify;margin-top:0pt;padding-top:0;margin-bottom:10pt;padding-bottom:0;line-height:1.38\"><span style=\"font-size:14pt\">Is d\u00f3cha go bhf\u00e9adf\u00e1 a r\u00e1, gur ar na tairn\u00ed<\/span><span style=\"font-size:14pt\"> sin a chrochann Mario Vagras Llosa<\/span><span style=\"font-size:14pt\"> bun\u00fas an \u00farsc\u00e9il seo faoi Ruaidhr\u00ed<\/span><span style=\"font-size:14pt\"> Mhac Easmainn.<\/span><span style=\"font-size:14pt\"> <\/span><span style=\"font-size:14pt\">Ba \u00ed E<\/span><span style=\"font-size:14pt\">dith Grossman a<\/span><span style=\"font-size:14pt\"> d\u2019aistrigh an leabhar seo go B\u00e9<\/span><span style=\"font-size:14pt\">arla.<\/span><\/p><p style=\"text-align:justify;margin-top:0pt;padding-top:0;margin-bottom:10pt;padding-bottom:0;line-height:1.38\"><span style=\"font-size:14pt\">Tosa\u00edonn an sc\u00e9al agus Casement ina phr\u00edos\u00fa<\/span><span style=\"font-size:14pt\">nach<\/span><span style=\"font-size:14pt\"> i bPr\u00edos\u00fa<\/span><span style=\"font-size:14pt\">n <\/span><span style=\"font-size:14pt\">Phentonville<\/span><span style=\"font-size:14pt\">,<\/span><span style=\"font-size:14pt\"> i Samhradh na bliana 1916<\/span><span style=\"font-size:14pt\">, agus \u00e9<\/span><span style=\"font-size:14pt\"> ag fanacht ar a choin<\/span><span style=\"font-size:14pt\">ne leis an gcrochad\u00f3ir, n\u00f3<\/span><span style=\"font-size:14pt\"> bh\u00ed s\u00e9 daortha chun a chrochta<\/span><span style=\"font-size:14pt\"> agus b\u00ed<\/span><span style=\"font-size:14pt\">odh go raibh<\/span><span style=\"font-size:14pt\"> s\u00e9 ag fanacht ar fhreagra na n-\u00fadar\u00e1s ar a<\/span><span style=\"font-size:14pt\"> iarratas ar thr\u00f3caire, tuigeadh<\/span><span style=\"font-size:14pt\"> d\u00e1 l\u00e1n nach bhfaigheadh s\u00e9,<\/span><span style=\"font-size:14pt\"> i ndeireadh na preibe<\/span><span style=\"font-size:14pt\">,<\/span><span style=\"font-size:14pt\"> ach an t-eitea<\/span><span style=\"font-size:14pt\">chas. <\/span><\/p><p style=\"text-align:justify;margin-top:0pt;padding-top:0;margin-bottom:10pt;padding-bottom:0;line-height:1.38\"><span style=\"font-size:14pt\">Cuireann na t-\u00fadar s\u00edos <\/span><span style=\"font-size:14pt\">i dtosach <\/span><span style=\"font-size:14pt\">ar \u00f3ige Roger<\/span><span style=\"font-size:14pt\">,<\/span><span style=\"font-size:14pt\"> agus mar a d\u2019fh\u00e1s s\u00e9<\/span><span style=\"font-size:14pt\"> suas<\/span><span style=\"font-size:14pt\"> sa t\u00edr seo.  Agus b\u00ed<\/span><span style=\"font-size:14pt\">odh g<\/span><span style=\"font-size:14pt\">ur rugadh i mBaile Atha Cliath \u00e9<\/span><span style=\"font-size:14pt\">, <\/span><span style=\"font-size:14pt\">r\u00f3<\/span><span style=\"font-size:14pt\">mha<\/span><span style=\"font-size:14pt\">ir s\u00e9<\/span><span style=\"font-size:14pt\"> leis an gcois eile,<\/span><span style=\"font-size:14pt\"> n\u00f3 f\u00e9ach mar a chuireann an t-\u00fadar \u00e9<\/span><span style=\"font-size:14pt\">&#8230;<\/span><\/p><p style=\"text-align:justify;margin-top:0pt;padding-top:0;margin-bottom:10pt;padding-bottom:0;line-height:1.38;margin-left:72pt\"><strong><span style=\"font-size:14pt\"><em>\u201c&#8230;he took for granted what his father, Captain Roger C<\/em><\/span><span style=\"font-size:14pt\"><em>a<\/em><\/span><span style=\"font-size:14pt\"><em>sement, who had served&#8230;in India, had inculcated in him: his true birthplace was County Antrim in the heart of Ulster, the <\/em><\/span><span style=\"font-size:14pt\"><em>Protestant and pro-British Ireland where the Casement line had been <\/em><\/span><span style=\"font-size:14pt\"><em>established since the eighteenth<\/em><\/span><span style=\"font-size:14pt\"><em> century.\u201d<\/em><\/span><\/strong><\/p><p style=\"text-align:justify;margin-top:0pt;padding-top:0;margin-bottom:10pt;padding-bottom:0;line-height:1.38\"><span style=\"font-size:14pt\">Fuair an t-a<\/span><span style=\"font-size:14pt\">thair<\/span><span style=\"font-size:14pt\"> sin<\/span><span style=\"font-size:14pt\"> b\u00e1<\/span><span style=\"font-size:14pt\">s den eitinn sa bhliain 1876<\/span><span style=\"font-size:14pt\">, agus \u00f3 tharla go raibh an mh\u00e1thair b\u00e1saithe cheana f\u00e9<\/span><span style=\"font-size:14pt\">in<\/span><span style=\"font-size:14pt\">, f\u00e1gadh Roger \u00f3<\/span><span style=\"font-size:14pt\">g ina dh\u00ed<\/span><span style=\"font-size:14pt\">lleachta<\/span><span style=\"font-size:14pt\">, agus gan \u00e9 ach dh\u00e1 bhliain d\u00e9<\/span><span style=\"font-size:14pt\">ag d\u2019aois.<\/span><span style=\"font-size:14pt\"> D\u2019f<\/span><span style=\"font-size:14pt\">h\u00e1s agus d\u2019fhorbair s\u00e9,<\/span><span style=\"font-size:14pt\"> agus <\/span><span style=\"font-size:14pt\">ar ball<\/span><span style=\"font-size:14pt\">, chaith s\u00e9 seal ag d\u00e9<\/span><span style=\"font-size:14pt\">anamh taighde ar iom<\/span><span style=\"font-size:14pt\">par na nEorpach sa Chongo, go h\u00e1irithe dh\u00edrigh s\u00e9<\/span><span style=\"font-size:14pt\"> a aire ar iompar Leopold na Beilge, agus an chaoi ar bhain <\/span><span style=\"font-size:14pt\">seisean agus Eorpaigh eile,<\/span><span style=\"font-size:14pt\"> sochar as allas a<\/span><span style=\"font-size:14pt\">gus as feoil na nd\u00fachas<\/span><span style=\"font-size:14pt\">ach<\/span><span style=\"font-size:14pt\"> sa t\u00edr sin<\/span><span style=\"font-size:14pt\">. B\u2019uaf\u00e1<\/span><span style=\"font-size:14pt\">sach <\/span><span style=\"font-size:14pt\">go deo an sc\u00e9al a bh\u00ed<\/span><span style=\"font-size:14pt\"> le hinsint aige ar deireadh thiar<\/span><span style=\"font-size:14pt\">, nuair a bh\u00ed a ghn\u00f3 sa Chongo cr\u00ed<\/span><span style=\"font-size:14pt\">ochnaithe aige.<\/span><\/p><p style=\"text-align:center;margin-top:0pt;padding-top:0;margin-bottom:10pt;padding-bottom:0;line-height:1.38\"><strong><span style=\"font-size:18pt\">Putumayo  Pheiri\u00fa<\/span><\/strong><\/p><p style=\"text-align:justify;margin-top:0pt;padding-top:0;margin-bottom:10pt;padding-bottom:0;line-height:1.38\"><span style=\"font-size:14pt\">Faoi mar a ins\u00edonn an t-\u00fadar<\/span><span style=\"font-size:14pt\"> sc\u00e9<\/span><span style=\"font-size:14pt\">al Roger<\/span><span style=\"font-size:14pt\">,<\/span><span style=\"font-size:14pt\"> filleann s\u00e9,<\/span><span style=\"font-size:14pt\"> gach re seal<\/span><span style=\"font-size:14pt\">, ar a chruach\u00e1s i bpr\u00edos\u00fa<\/span><span style=\"font-size:14pt\">n<\/span><span style=\"font-size:14pt\">, agus \u00e9 ag fanacht ar sc\u00e9<\/span><span style=\"font-size:14pt\">al<\/span><span style=\"font-size:14pt\"> \u00f3 na h-\u00fadar\u00e1<\/span><span style=\"font-size:14pt\">is<\/span><span style=\"font-size:14pt\">, c\u00e9<\/span><span style=\"font-size:14pt\"> acu a raib<\/span><span style=\"font-size:14pt\">h siad s\u00e1<\/span><span style=\"font-size:14pt\">sta <\/span><span style=\"font-size:14pt\">an bhreith bh\u00e1is a loghadh d\u00f3<\/span><span style=\"font-size:14pt\">,<\/span><span style=\"font-size:14pt\"> n\u00f3<\/span><span style=\"font-size:14pt\"> nach raibh<\/span><span style=\"font-size:14pt\">,<\/span><span style=\"font-size:14pt\"> agus ansin<\/span><span style=\"font-size:14pt\">,<\/span><span style=\"font-size:14pt\"> leanann<\/span><span style=\"font-size:14pt\"> <\/span><span style=\"font-size:14pt\">s\u00e9 ar aghaidh leis an sc\u00e9<\/span><span style=\"font-size:14pt\">al<\/span><span style=\"font-size:14pt\">,<\/span><span style=\"font-size:14pt\"> <\/span><span style=\"font-size:14pt\">ag cur s\u00ed<\/span><span style=\"font-size:14pt\">os ar an gcarn oibre <\/span><span style=\"font-size:14pt\">a dhein Mac Easmainn  ar son dh\u00fa<\/span><span style=\"font-size:14pt\">chasaigh na C<\/span><span style=\"font-size:14pt\">ongo<\/span><span style=\"font-size:14pt\">,<\/span><span style=\"font-size:14pt\"> agus ar son m<\/span><span style=\"font-size:14pt\">h<\/span><span style=\"font-size:14pt\">uintir Amazonia<\/span><span style=\"font-size:14pt\"> freisin. Ba mh\u00f3<\/span><span style=\"font-size:14pt\">r an oscailt<\/span><span style=\"font-size:14pt\"> s\u00fal <\/span><span style=\"font-size:14pt\">\u00e9 <\/span><span style=\"font-size:14pt\">do chin\u00ed<\/span><span style=\"font-size:14pt\">ocha <\/span><span style=\"font-size:14pt\">sibhialta an Iarthair,<\/span><span style=\"font-size:14pt\"> ach go h\u00e1irithe, <\/span><span style=\"font-size:14pt\">tr\u00e1th chuala siad faoi\u2019n<\/span><span style=\"font-size:14pt\"> leatrom agu<\/span><span style=\"font-size:14pt\">s faoin<\/span><span style=\"font-size:14pt\"> \u00e9ag\u00f3ir uilig a bh\u00ed \u00e1 nd\u00e9anamh<\/span><span style=\"font-size:14pt\"> <\/span><span style=\"font-size:14pt\">ina n-ainm si\u00fad,<\/span><span style=\"font-size:14pt\"> <\/span><span style=\"font-size:14pt\">i bPutumayo Pheiri\u00fa agus <\/span><span style=\"font-size:14pt\">sna d\u00fathaigh iarg\u00fa<\/span><span style=\"font-size:14pt\">lt<\/span><span style=\"font-size:14pt\">a sin<\/span><span style=\"font-size:14pt\"> Amazonia<\/span><span style=\"font-size:14pt\">. <\/span><\/p><p style=\"text-align:justify;margin-top:0pt;padding-top:0;margin-bottom:10pt;padding-bottom:0;line-height:1.38\"><span style=\"font-size:14pt\">Ba dhian an praghas a dh\u00edol sl\u00e1inte agus aigne Ruaidhr\u00ed fh\u00e9in, fad is a bh\u00ed an taighde c\u00e9anna sin \u00e1 dh\u00e9<\/span><span style=\"font-size:14pt\">anamh aige<\/span><span style=\"font-size:14pt\"> ar an m\u00ed-\u00fas\u00e1id a tugadh do na cin\u00edocha c\u00e9<\/span><span style=\"font-size:14pt\">anna sin. Ach, gan dabh<\/span><span style=\"font-size:14pt\">t ar domhan, d\u2019aithin an saol m\u00f3<\/span><span style=\"font-size:14pt\">r sibhialta an gar <\/span><span style=\"font-size:14pt\">gan \u00e1ireamh a rinne s\u00e9 d\u00f3<\/span><span style=\"font-size:14pt\">ibh<\/span><span style=\"font-size:14pt\">, agus moladh go hard na sp\u00e9ire \u00e9<\/span><span style=\"font-size:14pt\">  mar an daonchara ba <\/span><span style=\"font-size:14pt\">mh\u00f3 a mhair lena linn. D\u00e1<\/span><span style=\"font-size:14pt\"> chomhartha sin<\/span><span style=\"font-size:14pt\">,<\/span><span style=\"font-size:14pt\"> bhronn an Impireacht<\/span><span style=\"font-size:14pt\"> fh\u00e9in<\/span><span style=\"font-size:14pt\"> gairm R<\/span><span style=\"font-size:14pt\">idire air, agus cheapf\u00e1 go mbeadh an saol m\u00f3<\/span><span style=\"font-size:14pt\">r ar a thoil aige feasta, ach<\/span><span style=\"font-size:14pt\"> n\u00ed mar a sh\u00edltear a bh\u00edtear go minic, n\u00f3<\/span><span style=\"font-size:14pt\"> ag an bpoi<\/span><span style=\"font-size:14pt\">nte sin<\/span><span style=\"font-size:14pt\">,<\/span><span style=\"font-size:14pt\"> gabhadh<\/span><span style=\"font-size:14pt\"> <\/span><span style=\"font-size:14pt\">in eangach <\/span><span style=\"font-size:14pt\">greamaitheach <\/span><span style=\"font-size:14pt\">na n\u00e1isi\u00fa<\/span><span style=\"font-size:14pt\">ntachta<\/span><span style=\"font-size:14pt\"> <\/span><span style=\"font-size:14pt\">\u00c9ireanna\u00ed<\/span><span style=\"font-size:14pt\"> \u00e9<\/span><span style=\"font-size:14pt\">, mar<\/span><span style=\"font-size:14pt\"> b\u2019fhacthas d\u00f3, go raibh \u00e9ag\u00f3ir agus leatrom \u00e1 nd\u00e9anamh ar a chine fh\u00e9in<\/span><span style=\"font-size:14pt\"> freisin,<\/span><span style=\"font-size:14pt\"> agus gur ch\u00f3ir d\u00f3 rud eic\u00ednt a dh\u00e9<\/span><span style=\"font-size:14pt\">anamh faoi. Rud a dhein<\/span><span style=\"font-size:14pt\">. A<\/span><span style=\"font-size:14pt\">ch gabhadh \u2018in flagrante\u2019<\/span><span style=\"font-size:14pt\"> \u00e9 ar ch\u00f3sta Chiarra\u00ed agus chuir s<\/span><span style=\"font-size:14pt\">in, agus poibli\u00fa a dhialanna, na tairn\u00ed<\/span><span style=\"font-size:14pt\"> deiridh ina ch\u00f3nra.<\/span><\/p><p style=\"text-align:justify;margin-top:0pt;padding-top:0;margin-bottom:10pt;padding-bottom:0;line-height:1.38\"><span style=\"font-size:14pt\">An-leabhar, an-l\u00e9amh, ina gcuireann an t-\u00fadar faoi gheasa sinn, lena scil<\/span><span style=\"font-size:14pt\">, lena sc\u00e9al,<\/span><span style=\"font-size:14pt\"> agus lena thuiscint ar stair <\/span><span style=\"font-size:14pt\">na <\/span><span style=\"font-size:14pt\">tr\u00e9imhse sin<\/span><span style=\"font-size:14pt\">.<\/span><span style=\"font-size:14pt\"> <\/span><\/p><p style=\"text-align:justify;margin-top:0pt;padding-top:0;margin-bottom:10pt;padding-bottom:0;line-height:1.38\"><span style=\"height:1em\"><span>.<\/span><\/span><\/p>","protected":false},"excerpt":{"rendered":"<p>F\u00eds an Cheiltigh . (This week we take a look at an epic and moving novel based on the life and times of Roger Casement) . The Dream of the Celt&#8230;.le&#8230;.Mario Vargas Llosa . Gafa i bPentonville I bPeiri\u00fa a rugadh an t-\u00fadar seo sa bhliain 1936. T\u00e1 c\u00e1il idirn\u00e1isi\u00fanta bainte amach aige mar \u00farsc\u00e9ala\u00ed, [&hellip;]<\/p>\n","protected":false},"author":2,"featured_media":13435,"comment_status":"open","ping_status":"open","sticky":false,"template":"","format":"standard","meta":{"nf_dc_page":"","_et_pb_use_builder":"","_et_pb_old_content":"","_et_gb_content_width":"","footnotes":""},"categories":[1],"tags":[],"class_list":["post-13351","post","type-post","status-publish","format-standard","has-post-thumbnail","hentry","category-gan-chatagoir"],"_links":{"self":[{"href":"https:\/\/mickgb.com\/en\/wp-json\/wp\/v2\/posts\/13351","targetHints":{"allow":["GET"]}}],"collection":[{"href":"https:\/\/mickgb.com\/en\/wp-json\/wp\/v2\/posts"}],"about":[{"href":"https:\/\/mickgb.com\/en\/wp-json\/wp\/v2\/types\/post"}],"author":[{"embeddable":true,"href":"https:\/\/mickgb.com\/en\/wp-json\/wp\/v2\/users\/2"}],"replies":[{"embeddable":true,"href":"https:\/\/mickgb.com\/en\/wp-json\/wp\/v2\/comments?post=13351"}],"version-history":[{"count":1,"href":"https:\/\/mickgb.com\/en\/wp-json\/wp\/v2\/posts\/13351\/revisions"}],"predecessor-version":[{"id":13352,"href":"https:\/\/mickgb.com\/en\/wp-json\/wp\/v2\/posts\/13351\/revisions\/13352"}],"wp:featuredmedia":[{"embeddable":true,"href":"https:\/\/mickgb.com\/en\/wp-json\/wp\/v2\/media\/13435"}],"wp:attachment":[{"href":"https:\/\/mickgb.com\/en\/wp-json\/wp\/v2\/media?parent=13351"}],"wp:term":[{"taxonomy":"category","embeddable":true,"href":"https:\/\/mickgb.com\/en\/wp-json\/wp\/v2\/categories?post=13351"},{"taxonomy":"post_tag","embeddable":true,"href":"https:\/\/mickgb.com\/en\/wp-json\/wp\/v2\/tags?post=13351"}],"curies":[{"name":"wp","href":"https:\/\/api.w.org\/{rel}","templated":true}]}}