{"id":13371,"date":"2017-04-04T11:00:00","date_gmt":"2017-04-04T11:00:00","guid":{"rendered":"https:\/\/mickgb.com\/?p=13371"},"modified":"2024-04-08T01:12:00","modified_gmt":"2024-04-08T01:12:00","slug":"the-sealed-letter","status":"publish","type":"post","link":"https:\/\/mickgb.com\/en\/the-sealed-letter\/","title":{"rendered":"The Sealed Letter,"},"content":{"rendered":"<p style=\"text-align:center;margin-top:0pt;padding-top:0;margin-bottom:10pt;padding-bottom:0;line-height:1.8\"><strong><span style=\"font-size:28pt\">Litir faoi Sh\u00e9ala<\/span><\/strong><\/p><p style=\"margin-top:0pt;padding-top:0;margin-bottom:10pt;padding-bottom:0;line-height:1.2\"><span style=\"font-size:14pt\">Peadar Bair\u00e9ad<\/span><\/p><p style=\"margin-top:0pt;padding-top:0;margin-bottom:10pt;padding-bottom:0;line-height:1.2\"><span style=\"height:1em\"><span>.<\/span><\/span><\/p><p style=\"margin-top:0pt;padding-top:0;margin-bottom:10pt;padding-bottom:0;line-height:1.2\"><strong><span style=\"font-size:20pt\">The Sealed Letter&#8230;&#8230;&#8230;&#8230;..<\/span><span style=\"font-size:20pt\">&#8230;&#8230;&#8230;&#8230;&#8230;&#8230;&#8230;&#8230;&#8230;&#8230;&#8230;<\/span><\/strong><\/p><p style=\"margin-top:0pt;padding-top:0;margin-bottom:10pt;padding-bottom:0;line-height:1.2\"><span style=\"font-size:20pt\">by<\/span><strong><span style=\"font-size:20pt\">&#8230;&#8230;&#8230;&#8230;&#8230;<\/span><span style=\"font-size:20pt\">&#8230;&#8230;&#8230;&#8230;&#8230;&#8230;&#8230;&#8230;&#8230;&#8230;&#8230;&#8230;&#8230;&#8230;&#8230;&#8230;&#8230;&#8230;.<\/span><span style=\"font-size:20pt\"> <\/span><\/strong><\/p><p style=\"margin-top:0pt;padding-top:0;margin-bottom:10pt;padding-bottom:0;line-height:1.2\"><strong><span style=\"font-size:20pt\">Emma Donoghue<\/span><span style=\"font-size:20pt\">&#8230;&#8230;&#8230;&#8230;&#8230;&#8230;&#8230;&#8230;&#8230;&#8230;&#8230;&#8230;&#8230;&#8230;&#8230;..<\/span><\/strong><\/p><p style=\"margin-top:0pt;padding-top:0;margin-bottom:10pt;padding-bottom:0;line-height:1.8;margin-left:72pt\"><span style=\"height:1em\"><span>.<\/span><\/span><\/p><p style=\"text-align:justify;margin-top:0pt;padding-top:0;margin-bottom:10pt;padding-bottom:0;line-height:1.8\"><span style=\"font-size:14pt\">N\u00ed g\u00e1 dhom an t-\u00fa<\/span><span style=\"font-size:14pt\">dar se<\/span><span style=\"font-size:14pt\">o a <\/span><span style=\"font-size:14pt\">chur<\/span><span style=\"font-size:14pt\"> <\/span><span style=\"font-size:14pt\">in aithne dhaoibh,<\/span><span style=\"font-size:14pt\"> n\u00f3<\/span><span style=\"font-size:14pt\"> nach bhfuil a fhios go maith<\/span><span style=\"font-size:14pt\"> ag chuile dhuine againn gurbh \u00ed a scr\u00edobh an s\u00e1r-leabhar \u00fad, \u201cRoom\u201d, tamall \u00f3<\/span><span style=\"font-size:14pt\"> shoin<\/span><span style=\"font-size:14pt\">,<\/span><span style=\"font-size:14pt\"> leabhar \u00e9 a chuaigh i gcionn go m\u00f3r ar l\u00e9itheoir\u00ed an tsaoil mh\u00f3<\/span><span style=\"font-size:14pt\">ir<\/span><span style=\"font-size:14pt\">, agus d\u00e1<\/span><span style=\"font-size:14pt\"> chomhartha<\/span><span style=\"font-size:14pt\"> sin, t\u00e1 s\u00e9 aistrithe cheana f\u00e9in go dh\u00e1 sc\u00f3<\/span><span style=\"font-size:14pt\">r teanga eile<\/span><span style=\"font-size:14pt\">, agus t\u00e1 go leor d<\/span><span style=\"font-size:14pt\">uaiseanna gn\u00f3<\/span><span style=\"font-size:14pt\">ite aige<\/span><span style=\"font-size:14pt\">, \u00f3  cuireadh i gcl\u00f3<\/span><span style=\"font-size:14pt\"> <\/span><span style=\"font-size:14pt\">\u00e9,<\/span><span style=\"font-size:14pt\"> <\/span><span style=\"font-size:14pt\">sa bhliain 2010. <\/span><strong><span style=\"font-size:14pt\">Jack<\/span><\/strong><span style=\"font-size:14pt\">, a bhaist s\u00ed ar an bpr\u00ed<\/span><span style=\"font-size:14pt\">om<\/span><span style=\"font-size:14pt\">hcharachtar sa leabhar sin, gas\u00far \u00f3g c\u00faig bliana d\u2019aois, gas\u00far n\u00e1r leag sp\u00e1g taobh amuigh de bhalla\u00ed an tseomra \u00fa<\/span><span style=\"font-size:14pt\">d<\/span><span style=\"font-size:14pt\">, \u00f3 rugadh \u00e9<\/span><span style=\"font-size:14pt\">, agus anois<\/span><span style=\"font-size:14pt\">, tosa\u00edonn s\u00e9<\/span><span style=\"font-size:14pt\"> ag <\/span><span style=\"font-size:14pt\">cur ceistanna ar a Mham faoi ch\u00farsa\u00ed an tsaoil mh\u00f3<\/span><span style=\"font-size:14pt\">ir ta<\/span><span style=\"font-size:14pt\">obh amuigh de bhalla\u00ed an tseomra. Tr\u00ed sh\u00faile Jack a cuireadh an s\u00e1r-sc\u00e9al sin in\u00e1r l\u00e1<\/span><span style=\"font-size:14pt\">thair. <\/span><span style=\"font-size:14pt\">In \u00c9irinn a rugadh an t-\u00fa<\/span><span style=\"font-size:14pt\">dar seo<\/span><span style=\"font-size:14pt\">,<\/span><span style=\"font-size:14pt\"> sa bhliain 1969. Bhain<\/span><span style=\"font-size:14pt\"> s\u00ed C\u00e9im Docht\u00fa<\/span><span style=\"font-size:14pt\">ireachta amach i Sasana<\/span><span style=\"font-size:14pt\">, agus t\u00e1 c\u00f3na\u00ed<\/span><span style=\"font-size:14pt\"> uirthi anois i gCeanada.<\/span><\/p><p style=\"text-align:center;margin-top:0pt;padding-top:0;margin-bottom:10pt;padding-bottom:0;line-height:1.8\"><strong><span style=\"font-size:18pt\">Carachtair inchreidte<\/span><\/strong><\/p><p style=\"text-align:justify;margin-top:0pt;padding-top:0;margin-bottom:10pt;padding-bottom:0;line-height:1.8\"><span style=\"font-size:14pt\">Ach, n\u00ed<\/span><span style=\"font-size:14pt\"> chuige sin<\/span><span style=\"font-size:14pt\"> uilig<\/span><span style=\"font-size:14pt\"> at\u00e1 m\u00e9, an babhta seo, n\u00f3 n\u00ed air a tharraing m\u00e9 an sc\u00e9<\/span><span style=\"font-size:14pt\">al, ach ar an leabhar nua seo, <\/span><span style=\"font-size:14pt\">The Sealed Letter<\/span><strong><span style=\"font-size:14pt\">,<\/span><\/strong><span style=\"font-size:14pt\"> leis an \u00fadar c\u00e9<\/span><span style=\"font-size:14pt\">anna sin<\/span><strong><span style=\"font-size:14pt\">, Emma Donoghue.<\/span><\/strong><span style=\"font-size:14pt\"> <\/span><span style=\"font-size:14pt\">T\u00e1<\/span><span style=\"font-size:14pt\"> cuid mhaith den leabhar seo bunaithe ar t<\/span><span style=\"font-size:14pt\">harluithe stairi\u00fala, ach <\/span><span style=\"font-size:14pt\">ag an am gc\u00e9anna, crutha\u00edonn an t-\u00fa<\/span><span style=\"font-size:14pt\">dar seo c<\/span><span style=\"font-size:14pt\">arachtair s<\/span><span style=\"font-size:14pt\">h<\/span><span style=\"font-size:14pt\">uimi\u00fa<\/span><span style=\"font-size:14pt\">la<\/span><span style=\"font-size:14pt\">,<\/span><span style=\"font-size:14pt\"> inchreidte<\/span><span style=\"font-size:14pt\">,<\/span><span style=\"font-size:14pt\"> leis <\/span><span style=\"font-size:14pt\">an sc\u00e9al a chur in\u00e1r l\u00e1thair. Casann an sc\u00e9<\/span><span style=\"font-size:14pt\">al thart ar <\/span><strong><span style=\"font-size:14pt\">He<\/span><span style=\"font-size:14pt\">len Codrington<\/span><\/strong><span style=\"font-size:14pt\"> agus ar a cara dh\u00ed<\/span><span style=\"font-size:14pt\">lis, <\/span><strong><span style=\"font-size:14pt\">Emily Faithful<\/span><\/strong><span style=\"font-size:14pt\">, n\u00f3<\/span><span style=\"font-size:14pt\"> <\/span><strong><span style=\"font-size:14pt\">Fido,<\/span><\/strong><span style=\"font-size:14pt\"> mar a thugtar uirthi, bun\u00fa<\/span><span style=\"font-size:14pt\">s an ama<\/span><span style=\"font-size:14pt\">, sa sc\u00e9<\/span><span style=\"font-size:14pt\">al seo.<\/span><span style=\"font-size:14pt\"> Bean a <\/span><span style=\"font-size:14pt\">bh\u00ed<\/span><span style=\"font-size:14pt\"> <\/span><span style=\"font-size:14pt\">s\u00e1<\/span><span style=\"font-size:14pt\">ite<\/span><span style=\"font-size:14pt\"> go dt\u00ed<\/span><span style=\"font-size:14pt\"> na cluasa<\/span><span style=\"font-size:14pt\"> i ngluaiseacht na mban i Sasana<\/span><span style=\"font-size:14pt\">,<\/span><span style=\"font-size:14pt\"> ag an am<\/span><span style=\"font-size:14pt\">, ba ea Fido<\/span><span style=\"font-size:14pt\">.<\/span><span style=\"font-size:14pt\"> Ph\u00f3<\/span><span style=\"font-size:14pt\">s <\/span><span style=\"font-size:14pt\">Helen Harry Codrington, fear at\u00e1<\/span><span style=\"font-size:14pt\"> ina <\/span><span style=\"font-size:14pt\">\u2018<\/span><span style=\"font-size:14pt\">Vice-Admiral<\/span><span style=\"font-size:14pt\">\u2019 ag t\u00fas an sc\u00e9i<\/span><span style=\"font-size:14pt\">l seo. Ach, blianta roimhe sin<\/span><span style=\"font-size:14pt\">, ba dhl\u00fa<\/span><span style=\"font-size:14pt\">thchairde iad F<\/span><span style=\"font-size:14pt\">ido agus Helen, cairde chomh dl\u00fath sin gur ch\u00f3<\/span><span style=\"font-size:14pt\">naigh <\/span><span style=\"font-size:14pt\">Fido le muintir Codrington, bun\u00fa<\/span><span style=\"font-size:14pt\">s an am<\/span><span style=\"font-size:14pt\">a, n\u00f3 d<\/span><span style=\"font-size:14pt\">healr\u00f3dh s\u00e9, nach raibh an l\u00e1n\u00fain ph\u00f3sta<\/span><span style=\"font-size:14pt\"> sin r\u00f3-chean\u00fail ar a ch\u00e9ile, agus freisin, dhealr\u00f3dh s\u00e9, go mba ch\u00f3<\/span><span style=\"font-size:14pt\">n<\/span><span style=\"font-size:14pt\">gara\u00ed an gaol a bh\u00ed idir na mn\u00e1 sin n\u00e1 mar a bh\u00ed<\/span><span style=\"font-size:14pt\"> idir Harry agus Helen.<\/span><\/p><p style=\"text-align:center;margin-top:0pt;padding-top:0;margin-bottom:10pt;padding-bottom:0;line-height:1.8\"><strong><span style=\"font-size:18pt\">Scannal<\/span><\/strong><\/p><p style=\"text-align:justify;margin-top:0pt;padding-top:0;margin-bottom:10pt;padding-bottom:0;line-height:1.8\"><span style=\"font-size:14pt\">Tar \u00e9<\/span><span style=\"font-size:14pt\">is do mhuintir Codrington seal a chaitheamh i Malta<\/span><span style=\"font-size:14pt\">,<\/span><span style=\"font-size:14pt\"> d\u2019fhill siad ar an mBreata<\/span><span style=\"font-size:14pt\">in ar\u00ed<\/span><span style=\"font-size:14pt\">s, agus faoin am sin<\/span><span style=\"font-size:14pt\">, ba bheag cion, n\u00f3 <\/span><span style=\"font-size:14pt\">meas<\/span><span style=\"font-size:14pt\">, a bh\u00ed ag ceachtar den bheirt p\u00f3sta sin ar a ch\u00e9<\/span><span style=\"font-size:14pt\">ile<\/span><span style=\"font-size:14pt\">, agus nuair a cuireadh ar a sh\u00fa<\/span><span style=\"font-size:14pt\">ile don <\/span><span style=\"font-size:14pt\">\u2018<\/span><span style=\"font-size:14pt\">Vice-Admiral<\/span><span style=\"font-size:14pt\">\u2019,<\/span><span style=\"font-size:14pt\"> go raibh a bhean<\/span><span style=\"font-size:14pt\">,<\/span><span style=\"font-size:14pt\"> <\/span><span style=\"font-size:14pt\">Helen<\/span><span style=\"font-size:14pt\">,<\/span><span style=\"font-size:14pt\"> ag fealladh air<\/span><span style=\"font-size:14pt\">, agus go raibh leann\u00e1<\/span><span style=\"font-size:14pt\">n f<\/span><span style=\"font-size:14pt\">ir aice le blianta roimhe sin. N\u00ed<\/span><span style=\"font-size:14pt\"> raibh leigh<\/span><span style=\"font-size:14pt\">eas ar an sc\u00e9<\/span><span style=\"font-size:14pt\">al sin,<\/span><span style=\"font-size:14pt\"> d\u00e1<\/span><span style=\"font-size:14pt\">r le Harry, ach colscaradh<\/span><span style=\"font-size:14pt\"> a lorg, agus d\u00e1r nd\u00f3<\/span><span style=\"font-size:14pt\">igh<\/span><span style=\"font-size:14pt\">,<\/span><span style=\"font-size:14pt\"> ba scannalach<\/span><span style=\"font-size:14pt\">, amach agus amuigh, an socr\u00fa \u00e9<\/span><span style=\"font-size:14pt\"> sin<\/span><span style=\"font-size:14pt\">,<\/span><span style=\"font-size:14pt\"> i Sasana<\/span><span style=\"font-size:14pt\">, sa mbliain 1866. N\u00ed g\u00e1 a r\u00e1 gur \u00e9<\/span><span style=\"font-size:14pt\">irigh le H<\/span><span style=\"font-size:14pt\">elen Fido a tharraing isteach sa scraith ghlugar s\u00f3isialta sin, ach tr\u00ed<\/span><span style=\"font-size:14pt\"> chleas<\/span><span style=\"font-size:14pt\"> na litreach s\u00e9alaithe, d\u2019\u00e9<\/span><span style=\"font-size:14pt\">irigh le Harry cor in aghaidh an chaim a thabhairt <\/span><span style=\"font-size:14pt\">di, rud a chuir d\u2019iachall ar Fido, iomp\u00f3 ar a s<\/span><span style=\"font-size:14pt\">eanchara <\/span><span style=\"font-size:14pt\">dh\u00edlis <\/span><span style=\"font-size:14pt\">Helen, rud a chinntigh gur tugadh cead colscartha don <\/span><span style=\"font-size:14pt\">\u2018<\/span><span style=\"font-size:14pt\">Vice-Admiral<\/span><span style=\"font-size:14pt\">\u2019, ach, n\u00ed g\u00e1 a r\u00e1 gur ghreamaigh cuid eic\u00ednt den l\u00e1<\/span><span style=\"font-size:14pt\">ib <\/span><span style=\"font-size:14pt\">d\u00edobh uilig, n\u00f3 ba n\u00f3s \u00e9<\/span><span style=\"font-size:14pt\"> an colscaradh nach raibh faiseanta i measc <\/span><span style=\"font-size:14pt\">na \u2018nuasal<\/span><span style=\"font-size:14pt\">\u2019, ag an am, ach b\u00edodh nach raibh baint r\u00f3-mh\u00f3r ag Fido leis an sc\u00e9<\/span><span style=\"font-size:14pt\">al, ba uir<\/span><span style=\"font-size:14pt\">thi ba throime a luigh an mille\u00e1n toisc n\u00e1r sheas s\u00ed lena dl\u00fa<\/span><span style=\"font-size:14pt\">thchara, agus chomh maith le sin<\/span><span style=\"font-size:14pt\">, ba bhean \u00ed ar theastaigh uaithi st\u00e1das na mban sa socha\u00ed a <\/span><span style=\"font-size:14pt\">ard\u00fa<\/span><span style=\"font-size:14pt\">,<\/span><span style=\"font-size:14pt\"> agus lena chois sin, ba bhean \u00ed, a bh\u00ed ag brath ar thaca\u00ed<\/span><span style=\"font-size:14pt\">ocht an phobail<\/span><span style=\"font-size:14pt\">, le teacht i dt\u00edr mar ghn\u00f3thad\u00f3ir mn\u00e1, i r\u00e9 \u00fad<\/span><span style=\"font-size:14pt\"> na bhfear.<\/span><\/p><p style=\"text-align:justify;margin-top:0pt;padding-top:0;margin-bottom:10pt;padding-bottom:0;line-height:1.8\"><span style=\"font-size:14pt\">M\u00e1<\/span><span style=\"font-size:14pt\">s uai<\/span><span style=\"font-size:14pt\">t fios f\u00e1tha chuile sc\u00e9il a fh\u00e1il, n\u00edl le d\u00e9<\/span><span style=\"font-size:14pt\">anamh agat ach a<\/span><span style=\"font-size:14pt\">n leabhar corraitheach seo a fh\u00e1<\/span><span style=\"font-size:14pt\">il<\/span><span style=\"font-size:14pt\">, is a l\u00e9amh. T\u00e1 m\u00e9 ag ceapadh go mbainfidh t\u00fa<\/span><span style=\"font-size:14pt\"> toit agus taitneamh as.<\/span><span style=\"font-size:14pt\">&#8230;&#8230;&#8230;&#8230;&#8230;..<\/span><span style=\"font-size:14pt\"> <\/span><span style=\"font-size:14pt\"> <\/span><\/p><p style=\"margin-top:0pt;padding-top:0;margin-bottom:10pt;padding-bottom:0;line-height:1.2\"><span style=\"height:1em\"><span>.<\/span><\/span><\/p><p style=\"text-align:center;margin-top:0pt;padding-top:0;margin-bottom:10pt;padding-bottom:0;line-height:1.2\"><span style=\"height:1em\"><span>.<\/span><\/span><\/p>","protected":false},"excerpt":{"rendered":"<p>Litir faoi Sh\u00e9ala Peadar Bair\u00e9ad . The Sealed Letter&#8230;&#8230;&#8230;&#8230;..&#8230;&#8230;&#8230;&#8230;&#8230;&#8230;&#8230;&#8230;&#8230;&#8230;&#8230; by&#8230;&#8230;&#8230;&#8230;&#8230;&#8230;&#8230;&#8230;&#8230;&#8230;&#8230;&#8230;&#8230;&#8230;&#8230;&#8230;&#8230;&#8230;&#8230;&#8230;&#8230;&#8230;&#8230;. Emma Donoghue&#8230;&#8230;&#8230;&#8230;&#8230;&#8230;&#8230;&#8230;&#8230;&#8230;&#8230;&#8230;&#8230;&#8230;&#8230;.. . N\u00ed g\u00e1 dhom an t-\u00fadar seo a chur in aithne dhaoibh, n\u00f3 nach bhfuil a fhios go maith ag chuile dhuine againn gurbh \u00ed a scr\u00edobh an s\u00e1r-leabhar \u00fad, \u201cRoom\u201d, tamall \u00f3 shoin, leabhar \u00e9 a chuaigh i gcionn go m\u00f3r ar [&hellip;]<\/p>\n","protected":false},"author":2,"featured_media":13435,"comment_status":"open","ping_status":"open","sticky":false,"template":"","format":"standard","meta":{"nf_dc_page":"","_et_pb_use_builder":"","_et_pb_old_content":"","_et_gb_content_width":"","footnotes":""},"categories":[1],"tags":[],"class_list":["post-13371","post","type-post","status-publish","format-standard","has-post-thumbnail","hentry","category-gan-chatagoir"],"_links":{"self":[{"href":"https:\/\/mickgb.com\/en\/wp-json\/wp\/v2\/posts\/13371","targetHints":{"allow":["GET"]}}],"collection":[{"href":"https:\/\/mickgb.com\/en\/wp-json\/wp\/v2\/posts"}],"about":[{"href":"https:\/\/mickgb.com\/en\/wp-json\/wp\/v2\/types\/post"}],"author":[{"embeddable":true,"href":"https:\/\/mickgb.com\/en\/wp-json\/wp\/v2\/users\/2"}],"replies":[{"embeddable":true,"href":"https:\/\/mickgb.com\/en\/wp-json\/wp\/v2\/comments?post=13371"}],"version-history":[{"count":1,"href":"https:\/\/mickgb.com\/en\/wp-json\/wp\/v2\/posts\/13371\/revisions"}],"predecessor-version":[{"id":13372,"href":"https:\/\/mickgb.com\/en\/wp-json\/wp\/v2\/posts\/13371\/revisions\/13372"}],"wp:featuredmedia":[{"embeddable":true,"href":"https:\/\/mickgb.com\/en\/wp-json\/wp\/v2\/media\/13435"}],"wp:attachment":[{"href":"https:\/\/mickgb.com\/en\/wp-json\/wp\/v2\/media?parent=13371"}],"wp:term":[{"taxonomy":"category","embeddable":true,"href":"https:\/\/mickgb.com\/en\/wp-json\/wp\/v2\/categories?post=13371"},{"taxonomy":"post_tag","embeddable":true,"href":"https:\/\/mickgb.com\/en\/wp-json\/wp\/v2\/tags?post=13371"}],"curies":[{"name":"wp","href":"https:\/\/api.w.org\/{rel}","templated":true}]}}