{"id":13379,"date":"2017-04-04T11:00:00","date_gmt":"2017-04-04T11:00:00","guid":{"rendered":"https:\/\/mickgb.com\/?p=13379"},"modified":"2024-04-08T01:12:00","modified_gmt":"2024-04-08T01:12:00","slug":"thin-air","status":"publish","type":"post","link":"https:\/\/mickgb.com\/en\/thin-air\/","title":{"rendered":"Thin Air"},"content":{"rendered":"<p style=\"margin-top:0pt;padding-top:0;margin-bottom:10pt;padding-bottom:0;line-height:1.8\"><strong><span style=\"font-size:28pt\">\u2018<\/span><span style=\"font-size:28pt\">Thin Air<\/span><span style=\"font-size:28pt\">\u2019<\/span><span style=\"font-size:28pt\">..<\/span><span style=\"font-size:28pt\">&#8230;&#8230;<\/span><\/strong><span style=\"font-size:18pt\">by<\/span><strong><span style=\"font-size:28pt\">.<\/span><span style=\"font-size:28pt\">.<\/span><span style=\"font-size:28pt\">&#8230;&#8230;Michelle Paver<\/span><\/strong><\/p><p style=\"text-align:justify;margin-top:0pt;padding-top:0;margin-bottom:10pt;padding-bottom:0;line-height:1.8;margin-left:36pt\"><strong><span style=\"font-size:16pt\"><em>( Sc\u00e9al \u00e9 seo faoi bhu\u00edon s<\/em><\/span><span style=\"font-size:16pt\"><em>h<\/em><\/span><span style=\"font-size:16pt\"><em>l\u00e9<\/em><\/span><span style=\"font-size:16pt\"><em>ibhteoir a thug faoi bharr shliabh Kangchunjunga a bhaint amach, sa bhliain 1935<\/em><\/span><span style=\"font-size:16pt\"><em>, ach <\/em><\/span><span style=\"font-size:16pt\"><em>bu\u00edon <\/em><\/span><span style=\"font-size:16pt\"><em>a raibh f\u00f3rsa\u00ed<\/em><\/span><span style=\"font-size:16pt\"><em> an tsa<\/em><\/span><span style=\"font-size:16pt\"><em>oil mh\u00f3ir ina gcoinne<\/em><\/span><span style=\"font-size:16pt\"><em>.)<\/em><\/span><\/strong><\/p><p style=\"margin-top:0pt;padding-top:0;margin-bottom:10pt;padding-bottom:0;line-height:1.8\"><span style=\"font-size:14pt\">Peadar Bair\u00e9ad<\/span><\/p><p style=\"text-align:center;margin-top:0pt;padding-top:0;margin-bottom:10pt;padding-bottom:0;line-height:1.8;margin-left:36pt\"><strong><span style=\"font-size:18pt\">Tai<\/span><span style=\"font-size:18pt\">bhseoireacht<\/span><span style=\"font-size:18pt\">?<\/span><\/strong><\/p><p style=\"text-align:justify;margin-top:0pt;padding-top:0;margin-bottom:10pt;padding-bottom:0;line-height:1.8\"><span style=\"font-size:14pt\">Tosa\u00edonn an sc\u00e9<\/span><span style=\"font-size:14pt\">al<\/span><span style=\"font-size:14pt\"> seo<\/span><span style=\"font-size:14pt\"> i <\/span><span style=\"font-size:14pt\">\u2018<\/span><span style=\"font-size:14pt\">Da<\/span><span style=\"font-size:14pt\">rjeeling<\/span><span style=\"font-size:14pt\">\u2019<\/span><span style=\"font-size:14pt\">,<\/span><span style=\"font-size:14pt\"> i \u2018West Bengal\u2019<\/span><span style=\"font-size:14pt\">,<\/span><span style=\"font-size:14pt\"> in Aib<\/span><span style=\"font-size:14pt\">re<\/span><span style=\"font-size:14pt\">\u00e1<\/span><span style=\"font-size:14pt\">n na bliana 1935<\/span><span style=\"font-size:14pt\">, \u00e1it a b<\/span><span style=\"font-size:14pt\">hfuil \u00e1r bpr\u00edomhcharactar agus \u00e1<\/span><span style=\"font-size:14pt\">r sc\u00e9ala\u00ed<\/span><span style=\"font-size:14pt\">,<\/span><span style=\"font-size:14pt\"> An Dr.<\/span><span style=\"font-size:14pt\"> Steven<\/span><span style=\"font-size:14pt\"> Pearce<\/span><span style=\"font-size:14pt\">,<\/span><span style=\"font-size:14pt\"> <\/span><span style=\"font-size:14pt\">i gcomhr\u00e1 le, Millicent, in\u00edon Charles Tennant, sl\u00e9<\/span><span style=\"font-size:14pt\">ibhteoir.<\/span><\/p><p style=\"text-align:justify;margin-top:0pt;padding-top:0;margin-bottom:10pt;padding-bottom:0;line-height:1.8\"><span style=\"font-size:14pt\">Ach i dtosac<\/span><span style=\"font-size:14pt\">h b\u00e1ire, c\u00e9rbh \u00ed an t-\u00fadar, an<\/span><span style=\"font-size:14pt\"> Michelle Paver seo? <\/span><span style=\"font-size:14pt\">Bhuel! fuair m\u00e9<\/span><span style=\"font-size:14pt\"> amach<\/span><span style=\"font-size:14pt\">, go mba \u00fadar c\u00e1ili\u00fail \u00ed<\/span><span style=\"font-size:14pt\"> a rugadh i Malawi<\/span><span style=\"font-size:14pt\">,<\/span><span style=\"font-size:14pt\"> sa bhl<\/span><span style=\"font-size:14pt\">iain 1960. Ba Bheilgeach <\/span><span style=\"font-size:14pt\">mn\u00e1 <\/span><span style=\"font-size:14pt\">\u00ed a m\u00e1<\/span><span style=\"font-size:14pt\">thair<\/span><span style=\"font-size:14pt\">, agus bh\u00ed<\/span><span style=\"font-size:14pt\"> a hathair i mbun<\/span><span style=\"font-size:14pt\"> a<\/span><span style=\"font-size:14pt\">n nuacht\u00e1in, \u2018The <\/span><span style=\"font-size:14pt\">Nyasaland Times\u2019. N\u00edor fhan s\u00ed i Malawi \u00e1fach, n\u00f3<\/span><span style=\"font-size:14pt\"> <\/span><span style=\"font-size:14pt\">thug siad Sasana orthu fh\u00e9<\/span><span style=\"font-size:14pt\">in<\/span><span style=\"font-size:14pt\"> nuair a bh\u00ed s\u00ed tr\u00ed bliana d\u2019aois. Chuaigh s\u00ed le Dl\u00ed,<\/span><span style=\"font-size:14pt\"> i dtosac<\/span><span style=\"font-size:14pt\">h baire, ach ar ball, chuaigh s\u00ed le Scr\u00ed<\/span><span style=\"font-size:14pt\">obhn\u00f3<\/span><span style=\"font-size:14pt\">ireacht, agus ba ghearr<\/span><span style=\"font-size:14pt\"> go raibh a hainm in airde mar \u00fadar c\u00e1ili\u00fa<\/span><span style=\"font-size:14pt\">il. Ba dhraoi<\/span><span style=\"font-size:14pt\"> \u00ed<\/span><span style=\"font-size:14pt\"> i mbun sc\u00e9<\/span><span style=\"font-size:14pt\">alta don Aos <\/span><span style=\"font-size:14pt\">\u00d3g, ach ba ghearr gur \u00e9irigh lei dul i gcionn ar l\u00e9itheoir\u00ed<\/span><span style=\"font-size:14pt\"> oilte<\/span><span style=\"font-size:14pt\">, seanchleachta,<\/span><span style=\"font-size:14pt\"> an tsaoil mh\u00f3<\/span><span style=\"font-size:14pt\">ir<\/span><span style=\"font-size:14pt\"> freisin<\/span><span style=\"font-size:14pt\">, agus anois<\/span><span style=\"font-size:14pt\">, t\u00e1 cl\u00fa agus c\u00e1<\/span><span style=\"font-size:14pt\">il bainte amach aici<\/span><span style=\"font-size:14pt\">,<\/span><span style=\"font-size:14pt\"> i bhfad agus i ngearr<\/span><span style=\"font-size:14pt\">, lena scil, go h\u00e1<\/span><span style=\"font-size:14pt\">irithe, i genre na Taibhseoireachta.<\/span><\/p><p style=\"text-align:center;margin-top:0pt;padding-top:0;margin-bottom:10pt;padding-bottom:0;line-height:1.8\"><strong><span style=\"font-size:18pt\">Bu\u00edon le Kan<\/span><span style=\"font-size:18pt\">g<\/span><span style=\"font-size:18pt\">chenjunga a dhreapadh.<\/span><\/strong><\/p><p style=\"text-align:justify;margin-top:0pt;padding-top:0;margin-bottom:10pt;padding-bottom:0;line-height:1.8\"><span style=\"font-size:14pt\">Ach le filleadh ar<\/span><span style=\"font-size:14pt\"> th\u00fas an sc\u00e9i<\/span><span style=\"font-size:14pt\">l<\/span><span style=\"font-size:14pt\"> seo<\/span><span style=\"font-size:14pt\"> at\u00e1<\/span><span style=\"font-size:14pt\"> <\/span><span style=\"font-size:14pt\">idir cham\u00e1<\/span><span style=\"font-size:14pt\">in agam<\/span><span style=\"font-size:14pt\">:- an <\/span><span style=\"font-size:14pt\">\u2018<\/span><span style=\"font-size:14pt\">Thin Air<\/span><span style=\"font-size:14pt\">\u2019 <\/span><span style=\"font-size:14pt\">seo&#8230; Mar ad\u00fairt m\u00e9<\/span><span style=\"font-size:14pt\"> thuas<\/span><span style=\"font-size:14pt\">, bh\u00ed an Docht\u00fa<\/span><span style=\"font-size:14pt\">ir Steven Pearce i Darjeeling<\/span><span style=\"font-size:14pt\">, \u00e1<\/span><span style=\"font-size:14pt\">it a raibh <\/span><span style=\"font-size:14pt\">socruithe aige buaileadh suas l<\/span><span style=\"font-size:14pt\">e sl\u00e9ibhteoir\u00ed<\/span><span style=\"font-size:14pt\"> eile<\/span><span style=\"font-size:14pt\">, agus \u00e9 de chusp\u00f3<\/span><span style=\"font-size:14pt\">ir acu Kangc<\/span><span style=\"font-size:14pt\">henjunga a dhreapadh. Sin an tr\u00ed\u00fa<\/span><span style=\"font-size:14pt\"> sliabh is airde ar<\/span><span style=\"font-size:14pt\"> domhan, agus lena chois sin, t\u00e1<\/span><span style=\"font-size:14pt\">id ann a cheapann<\/span><span style=\"font-size:14pt\">, gurb \u00e9<\/span><span style=\"font-size:14pt\"> <\/span><span style=\"font-size:14pt\">an ceann is deacra agus is cont\u00fairt\u00ed amuigh<\/span><span style=\"font-size:14pt\"> \u00e9<\/span><span style=\"font-size:14pt\">. N\u00edorbh iad an ch\u00e9<\/span><span style=\"font-size:14pt\">ad<\/span><span style=\"font-size:14pt\"> bhu\u00edon iad a thug faoi bharr an tsl\u00e9ibhe sin a bhaint amach<\/span><span style=\"font-size:14pt\">, <\/span><span style=\"font-size:14pt\">n\u00f3 n\u00e1<\/span><span style=\"font-size:14pt\">r lean siad lorg an bhu\u00edon sl\u00e9ibhteoir\u00ed <\/span><span style=\"font-size:14pt\">\u00fad <\/span><span style=\"font-size:14pt\">a thug faoin \u00e9acht<\/span><span style=\"font-size:14pt\"> sin<\/span><span style=\"font-size:14pt\"> a dh\u00e9anamh,<\/span><span style=\"font-size:14pt\"> sa bhliain 1907<\/span><span style=\"font-size:14pt\">,<\/span><span style=\"font-size:14pt\"> <\/span><span style=\"font-size:14pt\">faoi cheannas Charles Lyell, bu\u00ed<\/span><span style=\"font-size:14pt\">on ar theip orthu binn Kangchenjunga <\/span><span style=\"font-size:14pt\">a bhaint amach, agus leis an sc\u00e9al sin a dh\u00e9anamh n\u00edos measa, cailleadar c\u00faigear sl\u00e9<\/span><span style=\"font-size:14pt\">ibhteoir sa iarracht sin. Suas g<\/span><span style=\"font-size:14pt\">o dt\u00ed<\/span><span style=\"font-size:14pt\"> an pointe sin<\/span><span style=\"font-size:14pt\">, sa bhliain 1935,<\/span><span style=\"font-size:14pt\"> n\u00edor \u00e9irigh le dream ar bith sl\u00e9ibhteoir\u00ed barr an tsl\u00e9libhe sin a bhaint amach. Bh\u00ed dearth\u00e1ir an Docht\u00fa<\/span><span style=\"font-size:14pt\">ra <\/span><span style=\"font-size:14pt\">Pearce sa bhu\u00ed<\/span><span style=\"font-size:14pt\">on roghnaithe seo, agus Kits a bh\u00ed<\/span><span style=\"font-size:14pt\"> air<\/span><span style=\"font-size:14pt\">.<\/span><span style=\"font-size:14pt\"> <\/span><span style=\"font-size:14pt\">McLeellan<\/span><span style=\"font-size:14pt\">, a bh\u00ed i gceannas na bu\u00edne, agus in \u00e9<\/span><span style=\"font-size:14pt\">ineacht leo sin<\/span><span style=\"font-size:14pt\">, bh\u00ed<\/span><span style=\"font-size:14pt\"> beirt <\/span><span style=\"font-size:14pt\">eile, Cotterell agus Garrard.<\/span><span style=\"font-size:14pt\"> C\u00faigear ar fad a bh\u00ed sa bhu\u00edon.<\/span><\/p><p style=\"text-align:center;margin-top:0pt;padding-top:0;margin-bottom:10pt;padding-bottom:0;line-height:1.8\"><strong><span style=\"font-size:18pt\">Leis an \u2018Heavy Lifting\u2019 a dh\u00e9anamh.<\/span><\/strong><\/p><p style=\"text-align:justify;margin-top:0pt;padding-top:0;margin-bottom:10pt;padding-bottom:0;line-height:1.8\"><span style=\"font-size:14pt\"> N\u00ed g\u00e1 dhom a r\u00e1, go raibh bu\u00edon <\/span><span style=\"font-size:14pt\">\u2018<\/span><span style=\"font-size:14pt\">C\u00falaithe<\/span><span style=\"font-size:14pt\">\u2019<\/span><span style=\"font-size:14pt\"> (Coolies) mar ch\u00faltaca ag an mbu\u00ed<\/span><span style=\"font-size:14pt\">on <\/span><span style=\"font-size:14pt\">\u2018<\/span><span style=\"font-size:14pt\">Sahib<\/span><span style=\"font-size:14pt\">\u2019<\/span><span style=\"font-size:14pt\"> sin, le freastal orthu ag<\/span><span style=\"font-size:14pt\">us leis an \u2018heavy lifting\u2019 a dh\u00e9anamh d\u00f3<\/span><span style=\"font-size:14pt\">ibh.<\/span><\/p><p style=\"text-align:justify;margin-top:0pt;padding-top:0;margin-bottom:10pt;padding-bottom:0;line-height:1.8\"><span style=\"font-size:14pt\">Tar \u00e9is chuile ullmh\u00fach\u00e1n a dh\u00e9anamh, agus tar \u00e9is d\u00f3ibh iad fh\u00e9in a ghl\u00e9asadh mar ba ch\u00f3ir, bhuaileadar b\u00f3<\/span><span style=\"font-size:14pt\">thar<\/span><span style=\"font-size:14pt\">, bhuel! b\u2019fh\u00e9idir gur ch\u00f3ra a r\u00e1<\/span><span style=\"font-size:14pt\"> gur thug siad aghaidh ar Kan<\/span><span style=\"font-size:14pt\">g<\/span><span style=\"font-size:14pt\">chenjunga<\/span><span style=\"font-size:14pt\">,<\/span><span style=\"font-size:14pt\"> agus \u00e9<\/span><span style=\"font-size:14pt\"> d\u2019aidhm acu a m<\/span><span style=\"font-size:14pt\">h<\/span><span style=\"font-size:14pt\">ullach a bhaint amach, rud a<\/span><span style=\"font-size:14pt\"> theip ar Charles Lyell<\/span><span style=\"font-size:14pt\"> a dh\u00e9anamh,<\/span><span style=\"font-size:14pt\"> ocht mbliana is fiche roimhe sin.<\/span><span style=\"font-size:14pt\"> <\/span><span style=\"font-size:14pt\">Bh\u00ed go maith is n\u00ed<\/span><span style=\"font-size:14pt\"> raibh go holc<\/span><span style=\"font-size:14pt\">,<\/span><span style=\"font-size:14pt\"> mar adeir<\/span><span style=\"font-size:14pt\">eadh lucht na sc\u00e9alta fad\u00f3<\/span><span style=\"font-size:14pt\">. <\/span><span style=\"font-size:14pt\">Le cabhair \u00f3 na d\u00fachasaigh scili\u00fa<\/span><span style=\"font-size:14pt\">la<\/span><span style=\"font-size:14pt\">, bh\u00ed ag \u00e9ir\u00ed go maith leo, ar feadh tr\u00e9<\/span><span style=\"font-size:14pt\">imhse, ach diaidh ar ndiaidh<\/span><span style=\"font-size:14pt\">,<\/span><span style=\"font-size:14pt\"> <\/span><span style=\"font-size:14pt\">bh\u00ed f\u00f3rsa\u00ed<\/span><span style=\"font-size:14pt\"> eile, seach<\/span><span style=\"font-size:14pt\">as an aimsir, ag iarraidh lainc\u00eds a chur <\/span><span style=\"font-size:14pt\">ar an n-iarrachta\u00ed. Cuir leis na <\/span><span style=\"font-size:14pt\">f\u00f3rsa<\/span><span style=\"font-size:14pt\">\u00ed<\/span><span style=\"font-size:14pt\"> sin<\/span><span style=\"font-size:14pt\">,<\/span><span style=\"font-size:14pt\"> bh\u00ed ag nead\u00fa in intinn an Docht\u00fara Pearce, a<\/span><span style=\"font-size:14pt\">ch g<\/span><span style=\"font-size:14pt\">o hairithe, agus in aigne na nd\u00fa<\/span><span style=\"font-size:14pt\">chasach freisin<\/span><span style=\"font-size:14pt\">, <\/span><span style=\"font-size:14pt\">bh\u00ed <\/span><span style=\"font-size:14pt\">f\u00f3<\/span><span style=\"font-size:14pt\">rsa<\/span><span style=\"font-size:14pt\">,<\/span><span style=\"font-size:14pt\"> a thug le tuiscint<\/span><span style=\"font-size:14pt\"> d\u00f3ibh<\/span><span style=\"font-size:14pt\">, go raibh taibhs\u00ed bhu\u00edon<\/span><span style=\"font-size:14pt\"> <\/span><span style=\"font-size:14pt\">Lyell in \u00e9<\/span><span style=\"font-size:14pt\">ad leo<\/span><span style=\"font-size:14pt\">,<\/span><span style=\"font-size:14pt\"> agus <\/span><span style=\"font-size:14pt\">iad <\/span><span style=\"font-size:14pt\">ag i<\/span><span style=\"font-size:14pt\">arraidh<\/span><span style=\"font-size:14pt\">, b\u2019fh\u00e9idir, buair\u00edn an amhrais a cheangal d\u00e1 gcosa. T\u00e1 cuma ar an sc\u00e9al gur luigh na f\u00f3rsa\u00ed <\/span><span style=\"font-size:14pt\">seo<\/span><span style=\"font-size:14pt\">,<\/span><span style=\"font-size:14pt\"> go h\u00e1irithe<\/span><span style=\"font-size:14pt\">,<\/span><span style=\"font-size:14pt\"> ar ai<\/span><span style=\"font-size:14pt\">gne an Docht\u00fara Pearce, n\u00f3 b\u2019fh<\/span><span style=\"font-size:14pt\">\u00e9idir go bhfeictear sin d\u00fainn<\/span><span style=\"font-size:14pt\">,<\/span><span style=\"font-size:14pt\"> toisc gurbh \u00e9 an Docht\u00fair at\u00e1 i mbun an sc\u00e9<\/span><span style=\"font-size:14pt\">il. <\/span><span style=\"font-size:14pt\">Ach, ba \u00e9<\/span><span style=\"font-size:14pt\"> deireadh na mbeart<\/span><span style=\"font-size:14pt\"> \u00e9, n\u00f3<\/span><span style=\"font-size:14pt\"> gur cailleadh<\/span><span style=\"font-size:14pt\"> Kits,<\/span><span style=\"font-size:14pt\"> a dhearth\u00e1ir, agus gur \u00e9<\/span><span style=\"font-size:14pt\">irigh<\/span><span style=\"font-size:14pt\"> an bhu\u00ed<\/span><span style=\"font-size:14pt\">on<\/span><span style=\"font-size:14pt\"> ar fad<\/span><span style=\"font-size:14pt\"> as a dturas chun na binne. B\u2019<\/span><span style=\"font-size:14pt\">\u00e9igean d\u00f3ibh g\u00e9illeadh do na f\u00f3rsa\u00ed a bh\u00ed<\/span><span style=\"font-size:14pt\"> ina gcoinne, an aimsir, an sioc, an sneachta, caoile an aeir,<\/span><span style=\"font-size:14pt\"> (an \u2018Thin Air\u2019) ach,<\/span><span style=\"font-size:14pt\"> thar aon rud eile, a bhfait<\/span><span style=\"font-size:14pt\">\u00ed<\/span><span style=\"font-size:14pt\">os roimh chumhacht an tsaoil dofheicthe.<\/span><\/p><p style=\"text-align:center;margin-top:0pt;padding-top:0;margin-bottom:10pt;padding-bottom:0;line-height:1.8\"><strong><span style=\"font-size:18pt\">Sc\u00e9al at\u00e1 inchreidte, Ach&#8230;..<\/span><\/strong><\/p><p style=\"text-align:justify;margin-top:0pt;padding-top:0;margin-bottom:10pt;padding-bottom:0;line-height:1.8\"><span style=\"font-size:14pt\">Sc\u00e9al \u00e9 seo a imr\u00edonn a d<\/span><span style=\"font-size:14pt\">h<\/span><span style=\"font-size:14pt\">rao\u00edcht fh\u00e9in ar an l\u00e9itheoir, agus mo chuidse de, ba dhe<\/span><span style=\"font-size:14pt\">acair dom an leabhar seo a chur uaim, go dt\u00ed go raibh<\/span><span style=\"font-size:14pt\"> an deoi<\/span><span style=\"font-size:14pt\">r deiridh den sc\u00e9al di\u00fagtha agam<\/span><span style=\"font-size:14pt\">. <\/span><span style=\"font-size:14pt\">Ach, <\/span><span style=\"font-size:14pt\">i ndeireadh na d\u00e1la<\/span><span style=\"font-size:14pt\">, <\/span><span style=\"font-size:14pt\">n\u00e1r<\/span><span style=\"font-size:14pt\"> d<\/span><span style=\"font-size:14pt\">h<\/span><span style=\"font-size:14pt\">e<\/span><span style=\"font-size:14pt\">acair a chreidi\u00faint, nach raibh<\/span><span style=\"font-size:14pt\"> ann, i nd\u00e1ir\u00edre, ach cumad\u00f3ireacht! <\/span><\/p><p style=\"text-align:justify;margin-top:0pt;padding-top:0;margin-bottom:10pt;padding-bottom:0;line-height:1.8\"><span style=\"font-size:14pt\">B\u2019fh\u00e9idir gur mhaith leat fh\u00e9in tabhairt faoi? T\u00e1 m\u00e9 ag ceapadh nach mbeidh a chath\u00fa ort.<\/span><span style=\"font-size:14pt\">&nbsp;&nbsp;&nbsp;&nbsp;<\/span><\/p><p style=\"text-align:justify;margin-top:0pt;padding-top:0;margin-bottom:10pt;padding-bottom:0;line-height:1.8\"><span style=\"font-size:14pt\"> <\/span><span style=\"font-size:14pt\"> <\/span><span style=\"font-size:14pt\">&nbsp;&nbsp;<\/span><\/p><p style=\"margin-top:0pt;padding-top:0;margin-bottom:10pt;padding-bottom:0;line-height:1.8;margin-left:36pt\"><span style=\"height:1em\"><span>.<\/span><\/span><\/p><p style=\"margin-top:0pt;padding-top:0;margin-bottom:10pt;padding-bottom:0;line-height:1.8;margin-left:36pt\"><span style=\"height:1em\"><span>.<\/span><\/span><\/p>","protected":false},"excerpt":{"rendered":"<p>\u2018Thin Air\u2019..&#8230;&#8230;by..&#8230;&#8230;Michelle Paver ( Sc\u00e9al \u00e9 seo faoi bhu\u00edon shl\u00e9ibhteoir a thug faoi bharr shliabh Kangchunjunga a bhaint amach, sa bhliain 1935, ach bu\u00edon a raibh f\u00f3rsa\u00ed an tsaoil mh\u00f3ir ina gcoinne.) Peadar Bair\u00e9ad Taibhseoireacht? Tosa\u00edonn an sc\u00e9al seo i \u2018Darjeeling\u2019, i \u2018West Bengal\u2019, in Aibre\u00e1n na bliana 1935, \u00e1it a bhfuil \u00e1r bpr\u00edomhcharactar agus [&hellip;]<\/p>\n","protected":false},"author":2,"featured_media":13435,"comment_status":"open","ping_status":"open","sticky":false,"template":"","format":"standard","meta":{"nf_dc_page":"","_et_pb_use_builder":"","_et_pb_old_content":"","_et_gb_content_width":"","footnotes":""},"categories":[1],"tags":[],"class_list":["post-13379","post","type-post","status-publish","format-standard","has-post-thumbnail","hentry","category-gan-chatagoir"],"_links":{"self":[{"href":"https:\/\/mickgb.com\/en\/wp-json\/wp\/v2\/posts\/13379","targetHints":{"allow":["GET"]}}],"collection":[{"href":"https:\/\/mickgb.com\/en\/wp-json\/wp\/v2\/posts"}],"about":[{"href":"https:\/\/mickgb.com\/en\/wp-json\/wp\/v2\/types\/post"}],"author":[{"embeddable":true,"href":"https:\/\/mickgb.com\/en\/wp-json\/wp\/v2\/users\/2"}],"replies":[{"embeddable":true,"href":"https:\/\/mickgb.com\/en\/wp-json\/wp\/v2\/comments?post=13379"}],"version-history":[{"count":1,"href":"https:\/\/mickgb.com\/en\/wp-json\/wp\/v2\/posts\/13379\/revisions"}],"predecessor-version":[{"id":13380,"href":"https:\/\/mickgb.com\/en\/wp-json\/wp\/v2\/posts\/13379\/revisions\/13380"}],"wp:featuredmedia":[{"embeddable":true,"href":"https:\/\/mickgb.com\/en\/wp-json\/wp\/v2\/media\/13435"}],"wp:attachment":[{"href":"https:\/\/mickgb.com\/en\/wp-json\/wp\/v2\/media?parent=13379"}],"wp:term":[{"taxonomy":"category","embeddable":true,"href":"https:\/\/mickgb.com\/en\/wp-json\/wp\/v2\/categories?post=13379"},{"taxonomy":"post_tag","embeddable":true,"href":"https:\/\/mickgb.com\/en\/wp-json\/wp\/v2\/tags?post=13379"}],"curies":[{"name":"wp","href":"https:\/\/api.w.org\/{rel}","templated":true}]}}