{"id":8635,"date":"2021-09-10T22:47:13","date_gmt":"2021-09-10T22:47:13","guid":{"rendered":"https:\/\/mickgb.com\/?p=8635"},"modified":"2023-11-23T01:00:02","modified_gmt":"2023-11-23T01:00:02","slug":"pobalbhreith","status":"publish","type":"post","link":"https:\/\/mickgb.com\/en\/pobalbhreith\/","title":{"rendered":"Pobalbhreith!"},"content":{"rendered":"[et_pb_section fb_built=&#8221;1&#8243; admin_label=&#8221;section&#8221; _builder_version=&#8221;4.16&#8243; global_colors_info=&#8221;{}&#8221;][et_pb_row admin_label=&#8221;row&#8221; _builder_version=&#8221;4.16&#8243; background_size=&#8221;initial&#8221; background_position=&#8221;top_left&#8221; background_repeat=&#8221;repeat&#8221; global_colors_info=&#8221;{}&#8221;][et_pb_column type=&#8221;4_4&#8243; _builder_version=&#8221;4.16&#8243; custom_padding=&#8221;|||&#8221; global_colors_info=&#8221;{}&#8221; custom_padding__hover=&#8221;|||&#8221;][et_pb_text admin_label=&#8221;Text&#8221; _builder_version=&#8221;4.16&#8243; background_size=&#8221;initial&#8221; background_position=&#8221;top_left&#8221; background_repeat=&#8221;repeat&#8221; global_colors_info=&#8221;{}&#8221;]<p><span style=\"color: #222222; font-size: 14pt;\"><span style=\"font-size: 14pt;\"><script type=\"text\/javascript\" >\r\nvar cab={\r\n\r\n\turlStart: \"https:\/\/www.teanglann.ie\",\r\n\r\n\tclickify: function ($n) {\r\n\t\tvar $=jQuery;\r\n\t\tif(!$n) $n=$(document);\r\n\t\tif(!$n.jquery) $n=$($n);\r\n\t\tfor(var y=0; y<$n.toArray().length; y++){\r\n\t\t\tvar n=$n.toArray()[y];\r\n\t\t\tthis.cleanTuairisc(n);\r\n\t\t\tfor(var i=0; i<n.childNodes.length; i++) {\r\n\t\t\t\tnode=n.childNodes[i];\r\n\t\t\t\tif(node.nodeType==1 && node.nodeName!=\"a\" && node.nodeName!=\"A\") {\r\n\t\t\t\t\tnosplit=$(node).hasClass(\"nosplit\");\r\n\t\t\t\t\tthis.clickify(node);\r\n\t\t\t\t}\r\n\t\t\t\telse if(node.nodeType==3 && $.trim(node.nodeValue)!=\"\") {\r\n\t\t\t\t\tvar replace=document.createElement(\"span\");\r\n\t\t\t\t\treplace.innerHTML=this.clickifyText(node.nodeValue);\r\n\t\t\t\t\tn.replaceChild(replace, node);\r\n\t\t\t\t}\r\n\t\t\t}\r\n\t\t}\r\n\t},\r\n\t\r\n\tclickifyText: function(str) {\r\n\t\tvar ret=\"\";\r\n\t\tvar buffer=\"\";\r\n\t\tfor(var i=0; i<str.length; i++) {\r\n\t\t\tvar c=str.charAt(i);\r\n\t\t\tif(\"a\u00e1bcde\u00e9fghi\u00edjklmno\u00f3pqrstu\u00favwxyzA\u00c1BCDE\u00c9FGHI\u00cdJKLMNO\u00d3PQRSTU\u00daVWXYZ'\u2019-\".indexOf(c)>-1) {\r\n\t\t\t\tbuffer+=c;\r\n\t\t\t} else {\r\n\t\t\t\tif(buffer!=\"\") { ret+=this.text2click(buffer); buffer=\"\"; }\r\n\t\t\t\tret+=c;\r\n\t\t\t}\r\n\t\t}\r\n\t\tif(buffer!=\"\") { ret+=this.text2click(buffer); buffer=\"\"; }\r\n\t\treturn ret;\r\n\t},\r\n\t\r\n\ttext2click: function(str) {\r\n\t\tvar s=\"<span\";\r\n\t\ts+=\" style=\\\"cursor: pointer\\\"\";\r\n\t\ts+=\" onmouseover=\\\"this.style.color='#993300'; this.style.textDecoration='underline'\\\"\";\r\n\t\ts+=\" onmouseout=\\\"this.style.color=''; this.style.textDecoration=''\\\"\";\r\n\t\ts+=\" onclick=\\\"cab.lexclick(this)\\\"\";\r\n\t\ts+=\">\"\r\n\t\ts+=str;\r\n\t\ts+=\"<\/span>\";\r\n\t\treturn s;\r\n\t},\r\n\t\r\n\tcleanTuairisc: function(n){\r\n\t\tvar $=jQuery;\r\n\r\n\t\t\/\/remove Tuairisc.ie <span class=\"s1\"> etc:\r\n\t\t$(n).children(\"span.s2\").each(function(){ $(this).replaceWith(this.innerHTML); })\r\n\t\t$(n).children(\"span.s1\").each(function(){ $(this).replaceWith(this.innerHTML); })\r\n\t\t\r\n\t\t\/\/merge text nodes:\r\n\t\tvar prevNode;\r\n\t\tfor(var i=0; i<n.childNodes.length; i++) {\r\n\t\t\tvar node=n.childNodes[i];\r\n\t\t\tif(node.nodeType==3 && prevNode && prevNode.nodeType==3){\r\n\t\t\t\tprevNode.nodeValue+=node.nodeValue;\r\n\t\t\t\tnode.nodeValue=\"\";\r\n\t\t\t} else {\r\n\t\t\t\tprevNode=node;\r\n\t\t\t}\r\n\t\t}\r\n\t},\r\n\t\r\n\tlexclickOrigin: 0,\r\n\t\r\n\tlexclick: function(a){\r\n\t\tvar $=jQuery;\r\n\t\tvar str=a.innerText;\r\n\t\tclean=str.replace(\/^\\s*\/, \"\").replace(\/\\s*$\/, \"\");\r\n\t\tvar url=cab.urlStart+\"\/ga\/?s=\"+encodeURIComponent(clean)+\"&quickie=true\";\r\n\t\t$(\"body\").off(\"click\", cab.lexclickOff);\r\n\t\tif($(\"body\").width()>450) {\r\n\t\t\t$(\"#lexclick\").remove();\r\n\t\t\tvar $a=$(a);\r\n\t\t\t{\r\n\t\t\t\tvar leftOffset=$a.offset().left;\r\n\t\t\t\tvar className=\"\";\r\n\t\t\t}\r\n\t\t\tif(leftOffset>$(\"body\").width()\/2) {\r\n\t\t\t\tleftOffset=leftOffset-280;\r\n\t\t\t\tvar className=\"rightAnchored\";\r\n\t\t\t}\r\n\t\t\t\r\n\t\t\tvar css=\"position: absolute; z-index: 100; width: 300px; height: 370px; background-color: #dddddd; border: 1px solid #333333; padding: 5px; box-shadow: 0px 0px 5px #999999; border-radius: 2px; line-height: 1.5em;\";\r\n\t\t\tvar cssArrow=\"position: absolute; top: -9px; left: 10px; width: 15px; height: 9px; background-image: url(\\\"\"+cab.urlStart+\"\/cab\/lexclick-callout.gif\\\"); z-index: 101;\";\r\n\t\t\tif(className==\"rightAnchored\") cssArrow+=\" left: auto; right: 10px;\"\r\n\t\t\t\r\n\t\t\t$(\"<div id='lexclick' class='\"+className+\"' style='\"+css+\"; line-height: 1em;' onclick='cab.lexclickOrigin=123'><div class='arrow' style='\"+cssArrow+\"'><\/div><iframe name='lexclickFrame' style='width: 298px; height: 348px; border: 1px inset #333333;' src='\"+url+\"' frameborder='0'><\/iframe><div style='font-family: sans-serif; font-size: 12px; text-align: left; margin-top: 3px;'><a href='\"+url+\"' target='_blank' style='color: #336699; text-decoration: none; position: relative; top: -3px; text-shadow: 1px 1px 0px #eeeeee;' onmouseover='this.style.color=\\\"#4477aa\\\"' onmouseout='this.style.color=\\\"#336699\\\"'><img src='\"+cab.urlStart+\"\/cab\/application.png' width='16' height='16' style='position: relative; top: 3px; margin-right: 2px; margin-left: 2px;'\/> www.teanglann.ie \u00bb<\/a><\/div><\/div>\").appendTo(\"body\").offset({top: $a.offset().top+$a.height()+10, left: leftOffset});\r\n\t\t\tcab.lexclickOrigin=123;\r\n\t\t\t$(\"body\").on(\"click\", cab.lexclickOff);\r\n\t\t} else {\r\n\t\t\twindow.open(url);\r\n\t\t}\r\n\t},\r\n\r\n\tlexclickOff: function(){\r\n\t\tvar $=jQuery;\r\n\t\tif(cab.lexclickOrigin==0) {\r\n\t\t\t$(\"#lexclick\").remove();\r\n\t\t\t$(\"body\").off(\"click\", cab.lexclickOff);\r\n\t\t}\r\n\t\tcab.lexclickOrigin=0;\r\n\t},\r\n\t\r\n};\r\n\t\t\t<\/script>\r\n\r\n<script type=\"text\/javascript\">jQuery(document).ready(function(){ cab.clickify(); });<\/script><\/span><\/span><\/p>\n<p style=\"margin-top: 0pt; padding-top: 0; margin-bottom: 6pt; padding-bottom: 0; line-height: 1.3;\">Rinne an comhlacht taighde marga\u00edochta Kantar pobalbhreith do Chonradh na Gaeilge le d\u00e9ana\u00ed, agus foils\u00edodh na pr\u00edomhthortha\u00ed ar l\u00edne ar an su\u00edomh <a href=\"http:\/\/www.tuairisc.ie\">www.tuairisc.ie<\/a>. Seo achoimre bheag ag baint le tortha\u00ed \u00f3n Deisceart agus ansin c\u00fapla smaoineamh f\u00faithi.<\/p>\n<p><!-- \/wp:post-content --><!-- wp:freeform --><\/p>\n<p style=\"margin-top: 0pt; padding-top: 0; margin-bottom: 6pt; padding-bottom: 0; line-height: 1.3;\">Roinnfidh m\u00e9 na tortha\u00ed ina dh\u00e1 chatag\u00f3ir ar leith: \u00fas\u00e1id agus foghlaim na teanga agus taca\u00edocht don teanga \u00f3n St\u00e1t.\u00a0\u00a0Bh\u00ed an suirbh\u00e9 \u00e9asca go leor: tar \u00e9is gach r\u00e1iteas a l\u00e9amh, bh\u00ed ar an bhfreagr\u00f3ir ceann amh\u00e1in de na tr\u00ed rogha seo a thice\u00e1il: ag aont\u00fa, ag easaont\u00fa n\u00f3 n\u00ed fios.\u00a0\u00a0<\/p>\n<p><!-- \/wp:freeform --><!-- wp:freeform --><\/p>\n<p style=\"margin-top: 0pt; padding-top: 0; margin-bottom: 6pt; padding-bottom: 0; line-height: 1.3;\"><strong>Catag\u00f3ir: \u00das\u00e1id agus foghlaim na teanga<\/strong><\/p>\n<p><!-- \/wp:freeform --><!-- wp:freeform --><\/p>\n<p style=\"margin-top: 0pt; padding-top: 0; margin-bottom: 6pt; padding-bottom: 0; line-height: 1.3;\">R\u00e1iteas: T\u00e1 m\u00e9 muin\u00edneach as mo chuid Gaeilge labhartha.<\/p>\n<p><!-- \/wp:freeform --><!-- wp:freeform --><\/p>\n<p style=\"margin-top: 0pt; padding-top: 0; margin-bottom: 6pt; padding-bottom: 0; line-height: 1.3;\">Toradh: D\u2019aontaigh 21% leis. Sa bhliain 2017, d\u2019aontaigh 31% leis. Is \u00e1bhar buartha an titim shuntasach sin ar l\u00edon na ndaoine a bheadh muin\u00edneach an teanga a labhairt.<\/p>\n<p><!-- \/wp:freeform --><!-- wp:freeform --><\/p>\n<p style=\"margin-top: 0pt; padding-top: 0; margin-bottom: 6pt; padding-bottom: 0; line-height: 1.3;\">R\u00e1iteas: T\u00e1 m\u00e9 muin\u00edneach gur f\u00e9idir liom Gaeilge a thuiscint.<\/p>\n<p><!-- \/wp:freeform --><!-- wp:freeform --><\/p>\n<p style=\"margin-top: 0pt; padding-top: 0; margin-bottom: 6pt; padding-bottom: 0; line-height: 1.3;\">Toradh: D\u2019aontaigh 30% leis. Sa bhliain 2017, d\u2019aontaigh 40% leis. T\u00e1 an toradh seo cos\u00fail leis an gceann thuas.<\/p>\n<p><!-- \/wp:freeform --><!-- wp:freeform --><\/p>\n<p style=\"margin-top: 0pt; padding-top: 0; margin-bottom: 6pt; padding-bottom: 0; line-height: 1.3;\">R\u00e1iteas: I rith na dianghlas\u00e1la thug m\u00e9 faoi deara gur bhain m\u00e9 \u00fas\u00e1id as n\u00edos m\u00f3 Gaeilge ar l\u00edne, ar na me\u00e1in sh\u00f3isialta, i rang Gaeilge n\u00f3 eile.<\/p>\n<p><!-- \/wp:freeform --><!-- wp:freeform --><\/p>\n<p style=\"margin-top: 0pt; padding-top: 0; margin-bottom: 6pt; padding-bottom: 0; line-height: 1.3;\">Toradh: Thug 15% de dhaoine faoi deara go raibh siad ag \u00fas\u00e1id\/foghlaim Gaeilge ar l\u00edne n\u00edos m\u00f3 le linn na pand\u00e9ime. Toradh t\u00e1bhachtach \u00e9 seo, a l\u00e9ir\u00edonn go bhfuil suim ag daoine an Ghaeilge a \u00fas\u00e1id n\u00f3 a fhoghlaim, m\u00e1 t\u00e1 an fhaill agus an acmhainn acu.\u00a0\u00a0<\/p>\n<p><!-- \/wp:freeform --><!-- wp:freeform --><\/p>\n<p style=\"margin-top: 0pt; padding-top: 0; margin-bottom: 6pt; padding-bottom: 0; line-height: 1.3;\">R\u00e1iteas: Ba bhre\u00e1 liom deis a fh\u00e1il Gaeilge a labhairt n\u00edos minice.<\/p>\n<p><!-- \/wp:freeform --><!-- wp:freeform --><\/p>\n<p style=\"margin-top: 0pt; padding-top: 0; margin-bottom: 6pt; padding-bottom: 0; line-height: 1.3;\">Toradh: D\u2019aontaigh 45% leis, n\u00f3 dh\u00e1 thrian m\u00e1 fh\u00e1gann t\u00fa amach na daoine nach bhfuil tuairim acu faoin r\u00e1iteas sin. Tuar d\u00f3chais \u00e9 an toradh seo, a l\u00e9ir\u00edonn an m\u00e9id sp\u00e9ise at\u00e1 ag an bpobal Gaeilge a \u00fas\u00e1id.<\/p>\n<p><!-- \/wp:freeform --><!-- wp:freeform --><\/p>\n<p style=\"margin-top: 0pt; padding-top: 0; margin-bottom: 6pt; padding-bottom: 0; line-height: 1.3;\"><strong>Catag\u00f3ir: Taca\u00edocht \u00f3n St\u00e1t<\/strong><\/p>\n<p><!-- \/wp:freeform --><!-- wp:freeform --><\/p>\n<p style=\"margin-top: 0pt; padding-top: 0; margin-bottom: 6pt; padding-bottom: 0; line-height: 1.3;\">R\u00e1iteas: Ba ch\u00f3ir don St\u00e1t seirbh\u00eds\u00ed a shol\u00e1thar tr\u00ed Ghaeilge d\u00f3ibh si\u00fad ar mian leo leas a bhaint astu.<\/p>\n<p><!-- \/wp:freeform --><!-- wp:freeform --><\/p>\n<p style=\"margin-top: 0pt; padding-top: 0; margin-bottom: 6pt; padding-bottom: 0; line-height: 1.3;\">Toradh: D\u2019aontaigh 73% leis. T\u00e1 s\u00e9 soil\u00e9ir go bhfuil easpa seirbh\u00eds\u00ed St\u00e1it ar f\u00e1il as Gaeilge, agus go bhfuil formh\u00f3r an phobail ag iarraidh \u00f3n rialtas dul i mbun gn\u00edmh l\u00e1ithreach bonn.<\/p>\n<p><!-- \/wp:freeform --><!-- wp:freeform --><\/p>\n<p style=\"margin-top: 0pt; padding-top: 0; margin-bottom: 6pt; padding-bottom: 0; line-height: 1.3;\">R\u00e1iteas: Ba ch\u00f3ir don St\u00e1t taca\u00edocht bhreise a thabhairt don Ghaeilge.<\/p>\n<p><!-- \/wp:freeform --><!-- wp:freeform --><\/p>\n<p style=\"margin-top: 0pt; padding-top: 0; margin-bottom: 6pt; padding-bottom: 0; line-height: 1.3;\">Toradh: D\u2019aontaigh 65% leis. D\u00fairt Uachtar\u00e1n Chonradh na Gaeilge, Niall Comer: \u201cL\u00e9ir\u00edonn na figi\u00fair\u00ed seo go soil\u00e9ir go bhfuil g\u00e1 seirbh\u00eds\u00ed a chur ar f\u00e1il don phobal at\u00e1 ag iarraidh a saol a chaitheamh tr\u00ed Ghaeilge agus beidh reachta\u00edocht l\u00e1idir ag teast\u00e1il leis na seirbh\u00eds\u00ed sin a chinnti\u00fa.\u201d<\/p>\n<p><!-- \/wp:freeform --><!-- wp:freeform --><\/p>\n<p style=\"margin-top: 0pt; padding-top: 0; margin-bottom: 6pt; padding-bottom: 0; line-height: 1.3;\">R\u00e1iteas: Ba ch\u00f3ir don Rialtas c\u00f3ras taca\u00edochta a chur ar f\u00e1il chun a chinnti\u00fa go dtiocfaidh earn\u00e1il na gCol\u00e1ist\u00ed Samhraidh Gaeltachta tr\u00ed gh\u00e9arch\u00e9im an Covid-19.<\/p>\n<p><!-- \/wp:freeform --><!-- wp:freeform --><\/p>\n<p style=\"margin-top: 0pt; padding-top: 0; margin-bottom: 6pt; padding-bottom: 0; line-height: 1.3;\">Toradh: D\u2019aontaigh 67% leis. D\u00fairt Peadar Mac Fhlannchadha, bainisteoir abhc\u00f3ideachta agus Leas-Ardr\u00fana\u00ed Chonradh na Gaeilge: \u201cChabhr\u00f3dh seo le todhcha\u00ed na teanga a chinnti\u00fa do na gl\u00faine at\u00e1 le teacht. Anois an t-am leis na gn\u00edomhartha sin a dh\u00e9anamh.\u201d<\/p>\n<p><!-- \/wp:freeform --><!-- wp:freeform --><\/p>\n<p style=\"margin-top: 0pt; padding-top: 0; margin-bottom: 6pt; padding-bottom: 0; line-height: 1.3;\">R\u00e1iteas: Ba ch\u00f3ir go mbeadh taca\u00edocht ar f\u00e1il do theaghlaigh at\u00e1 ag t\u00f3g\u00e1il a bp\u00e1ist\u00ed tr\u00ed Ghaeilge, amhail taca\u00edocht airgeadais, oideachais n\u00f3 seirbh\u00eds\u00ed sl\u00e1inte.<\/p>\n<p><!-- \/wp:freeform --><!-- wp:freeform --><\/p>\n<p style=\"margin-top: 0pt; padding-top: 0; margin-bottom: 6pt; padding-bottom: 0; line-height: 1.3;\">Toradh: D\u2019aontaigh 48% leis. T\u00e1 deacrachta\u00ed ag baint le do theaghlach a th\u00f3g\u00e1il tr\u00ed Ghaeilge sa l\u00e1 at\u00e1 inniu ann, agus is fi\u00fa infheist\u00edocht a dh\u00edri\u00fa i dtreo na ch\u00e9ad ghl\u00faine eile!<\/p>\n<p><!-- \/wp:freeform --><!-- wp:freeform --><\/p>\n<p style=\"margin-top: 0pt; padding-top: 0; margin-bottom: 6pt; padding-bottom: 0; line-height: 1.3;\">R\u00e1iteas: Ba cheart don Rialtas c\u00f3ras plean\u00e1la tith\u00edochta faoi leith a fheidhmi\u00fa sa Ghaeltacht chun tac\u00fa le hinmharthanacht na Gaeilge mar theanga phobail.<\/p>\n<p><!-- \/wp:freeform --><!-- wp:freeform --><\/p>\n<p style=\"margin-top: 0pt; padding-top: 0; margin-bottom: 6pt; padding-bottom: 0; line-height: 1.3;\">Toradh: D\u2019aontaigh 58% leis. D\u00fairt Peadar Mac Fhlannchadha: \u201cT\u00e1 a fhios ag an saol m\u00f3r go bhfuil taca\u00edocht de dh\u00edth ar an Ghaeltacht, ar phobal na Gaeltachta, m\u00e1 t\u00e1 an teanga ag dul a\u2019 leanstan ar aghaidh ann. Sin an f\u00e1th a bhfuil polasa\u00ed cuimsitheach don phlean\u00e1il teanga sa Ghaeltacht de dh\u00edth a chinnteoidh todhcha\u00ed an phobail \u00e1iti\u00fail ina gceantar f\u00e9in tr\u00edna dteanga f\u00e9in.\u201d\u00a0\u00a0<\/p>\n<p><!-- \/wp:freeform --><!-- wp:freeform --><\/p>\n<p style=\"margin-top: 0pt; padding-top: 0; margin-bottom: 6pt; padding-bottom: 0; line-height: 1.3;\"><strong>C\u00fapla Smaoineamh<\/strong><\/p>\n<p><!-- \/wp:freeform --><!-- wp:freeform --><\/p>\n<p style=\"margin-top: 0pt; padding-top: 0; margin-bottom: 6pt; padding-bottom: 0; line-height: 1.3;\">T\u00e1 formh\u00f3r na ndaoine sa t\u00edr i bhf\u00e1bhar n\u00edos m\u00f3 deiseanna a bheith ar f\u00e1il acu chun Gaeilge a fhoghlaim agus a labhairt. T\u00e1 g\u00e9argh\u00e1 le hinfheist\u00edocht chiallmhar sa Ghaeilge sa t\u00edr ar fad, ach go h\u00e1irithe sa Ghaeltacht, mar gan na Gaeltachta\u00ed, n\u00ed teanga bheo \u00ed an Ghaeilge n\u00edos m\u00f3!\u00a0\u00a0T\u00e1 formh\u00f3r na ndaoine ag \u00e9ileamh go nd\u00e9anfaidh an rialtas an infheist\u00edocht sin, chomh luath agus is f\u00e9idir, chun \u00e1r dteanga a chaomhn\u00fa.\u00a0\u00a0<\/p>\n<p><!-- \/wp:freeform --><!-- wp:freeform --><\/p>\n<p style=\"margin-top: 0pt; padding-top: 0; margin-bottom: 6pt; padding-bottom: 0; line-height: 1.3;\">T\u00e1 toil an phobail ann agus ceapaim go bhfuil an toil pholaiti\u00fail ann freisin maidir le caomhn\u00fa agus athbheochan na teanga. Ach t\u00e1 an rud is t\u00e1bhachta\u00ed ar iarraidh f\u00f3s agus is \u00e9 sin infheist\u00edocht sa Ghaeilge a dh\u00e9anamh go pr\u00e1inneach.<\/p>\n<p><!-- \/wp:freeform --><!-- wp:freeform --><\/p>\n<p style=\"margin-top: 0pt; padding-top: 0; margin-bottom: 6pt; padding-bottom: 0; line-height: 1.3;\">Is furasta a bheith ag caint, \u00e1fach, agus sin an \u00e1it ina bhfuilimid inniu. Caithfimid \u00e1r mbr\u00fa ar an rialtas a mh\u00e9ad\u00fa, ag \u00e9ileamh go nd\u00e9anfar an infheist\u00edocht i gceist l\u00e1ithreach, sula mbeidh s\u00e9 r\u00f3dh\u00e9anach!<\/p>\n<p><!-- \/wp:freeform --><!-- wp:freeform --><\/p>\n<p style=\"margin-top: 0pt; padding-top: 0; margin-bottom: 6pt; padding-bottom: 0; line-height: 1.3;\"><span style=\"display: inline-block; height: 1em;\"><span style=\"display: none;\">.<\/span><\/span><\/p>\n<p><!-- \/wp:freeform --><!-- wp:freeform --><\/p>\n<p style=\"margin-top: 0pt; padding-top: 0; margin-bottom: 6pt; padding-bottom: 0; line-height: 1.3;\"><span style=\"display: inline-block; height: 1em;\"><span style=\"display: none;\">.<\/span><\/span><\/p>\n<p><!-- \/wp:freeform --><!-- wp:freeform --><\/p>\n<p style=\"margin-top: 0pt; padding-top: 0; margin-bottom: 6pt; padding-bottom: 0; line-height: 1.3;\">\u00a0\u00a0<span style=\"display: inline-block; height: 1em;\"><span style=\"display: none;\">.<\/span><\/span><\/p>\n<p><!-- \/wp:freeform --><!-- wp:freeform --><\/p>\n<p style=\"margin-top: 0pt; padding-top: 0; margin-bottom: 6pt; padding-bottom: 0; line-height: 1.3;\"><span style=\"display: inline-block; height: 1em;\"><span style=\"display: none;\">.<\/span><\/span><\/p>\n<p><!-- \/wp:freeform --><!-- wp:freeform --><\/p>\n<p style=\"margin-top: 0pt; padding-top: 0; margin-bottom: 6pt; padding-bottom: 0; line-height: 1.3;\">\u00a0\u00a0<span style=\"display: inline-block; height: 1em;\"><span style=\"display: none;\">.<\/span><\/span><\/p>\n<p><!-- \/wp:freeform --><!-- wp:freeform --><\/p>\n<p style=\"margin-top: 0pt; padding-top: 0; margin-bottom: 6pt; padding-bottom: 0; line-height: 1.3;\">\u00a0\u00a0<span style=\"display: inline-block; height: 1em;\"><span style=\"display: none;\">.<\/span><\/span><\/p>\n<p><!-- \/wp:freeform --><!-- wp:freeform --><\/p>\n<p style=\"margin-top: 0pt; padding-top: 0; margin-bottom: 6pt; padding-bottom: 0; line-height: 1.3;\"><span style=\"display: inline-block; height: 1em;\"><span style=\"display: none;\">.<\/span><\/span><\/p>\n<p><!-- \/wp:freeform --><!-- wp:freeform --><\/p>\n<p style=\"margin-top: 0pt; padding-top: 0; margin-bottom: 6pt; padding-bottom: 0; line-height: 1.3;\"><span style=\"display: inline-block; height: 1em;\"><span style=\"display: none;\">.<\/span><\/span><\/p>\n<p><!-- \/wp:freeform --><!-- wp:freeform --><\/p>\n<p style=\"margin-top: 0pt; padding-top: 0; margin-bottom: 6pt; padding-bottom: 0; line-height: 1.3;\"><span style=\"display: inline-block; height: 1em;\"><span style=\"display: none;\">.<\/span><\/span><\/p>\n<p><!-- \/wp:freeform --><!-- wp:freeform --><\/p>\n<p style=\"margin-top: 0pt; padding-top: 0; margin-bottom: 6pt; padding-bottom: 0; line-height: 1.3;\"><span style=\"display: inline-block; height: 1em;\"><span style=\"display: none;\">.<\/span><\/span><\/p>\n<p><!-- \/wp:freeform --><!-- wp:freeform --><\/p>\n<p style=\"margin-top: 0pt; padding-top: 0; margin-bottom: 6pt; padding-bottom: 0; line-height: 1.3;\"><span style=\"display: inline-block; height: 1em;\"><span style=\"display: none;\">.<\/span><\/span><\/p>\n<p><!-- \/wp:freeform --><!-- wp:freeform --><\/p>\n<p style=\"margin-top: 0pt; padding-top: 0; margin-bottom: 6pt; padding-bottom: 0; line-height: 1.3;\"><span style=\"display: inline-block; height: 1em;\"><span style=\"display: none;\">.<\/span><\/span><\/p>\n<p><!-- \/wp:freeform --><\/p>[\/et_pb_text][\/et_pb_column][\/et_pb_row][\/et_pb_section]","protected":false},"excerpt":{"rendered":"<p><script type=\"text\/javascript\" >\r\nvar cab={\r\n\r\n\turlStart: \"https:\/\/www.teanglann.ie\",\r\n\r\n\tclickify: function ($n) {\r\n\t\tvar $=jQuery;\r\n\t\tif(!$n) $n=$(document);\r\n\t\tif(!$n.jquery) $n=$($n);\r\n\t\tfor(var y=0; y<$n.toArray().length; y++){\r\n\t\t\tvar n=$n.toArray()[y];\r\n\t\t\tthis.cleanTuairisc(n);\r\n\t\t\tfor(var i=0; i<n.childNodes.length; i++) {\r\n\t\t\t\tnode=n.childNodes[i];\r\n\t\t\t\tif(node.nodeType==1 && node.nodeName!=\"a\" && node.nodeName!=\"A\") {\r\n\t\t\t\t\tnosplit=$(node).hasClass(\"nosplit\");\r\n\t\t\t\t\tthis.clickify(node);\r\n\t\t\t\t}\r\n\t\t\t\telse if(node.nodeType==3 && $.trim(node.nodeValue)!=\"\") {\r\n\t\t\t\t\tvar replace=document.createElement(\"span\");\r\n\t\t\t\t\treplace.innerHTML=this.clickifyText(node.nodeValue);\r\n\t\t\t\t\tn.replaceChild(replace, node);\r\n\t\t\t\t}\r\n\t\t\t}\r\n\t\t}\r\n\t},\r\n\t\r\n\tclickifyText: function(str) {\r\n\t\tvar ret=\"\";\r\n\t\tvar buffer=\"\";\r\n\t\tfor(var i=0; i<str.length; i++) {\r\n\t\t\tvar c=str.charAt(i);\r\n\t\t\tif(\"a\u00e1bcde\u00e9fghi\u00edjklmno\u00f3pqrstu\u00favwxyzA\u00c1BCDE\u00c9FGHI\u00cdJKLMNO\u00d3PQRSTU\u00daVWXYZ'\u2019-\".indexOf(c)>-1) {\r\n\t\t\t\tbuffer+=c;\r\n\t\t\t} else {\r\n\t\t\t\tif(buffer!=\"\") { ret+=this.text2click(buffer); buffer=\"\"; }\r\n\t\t\t\tret+=c;\r\n\t\t\t}\r\n\t\t}\r\n\t\tif(buffer!=\"\") { ret+=this.text2click(buffer); buffer=\"\"; }\r\n\t\treturn ret;\r\n\t},\r\n\t\r\n\ttext2click: function(str) {\r\n\t\tvar s=\"<span\";\r\n\t\ts+=\" style=\\\"cursor: pointer\\\"\";\r\n\t\ts+=\" onmouseover=\\\"this.style.color='#993300'; this.style.textDecoration='underline'\\\"\";\r\n\t\ts+=\" onmouseout=\\\"this.style.color=''; this.style.textDecoration=''\\\"\";\r\n\t\ts+=\" onclick=\\\"cab.lexclick(this)\\\"\";\r\n\t\ts+=\">\"\r\n\t\ts+=str;\r\n\t\ts+=\"<\/span>\";\r\n\t\treturn s;\r\n\t},\r\n\t\r\n\tcleanTuairisc: function(n){\r\n\t\tvar $=jQuery;\r\n\r\n\t\t\/\/remove Tuairisc.ie <span class=\"s1\"> etc:\r\n\t\t$(n).children(\"span.s2\").each(function(){ $(this).replaceWith(this.innerHTML); })\r\n\t\t$(n).children(\"span.s1\").each(function(){ $(this).replaceWith(this.innerHTML); })\r\n\t\t\r\n\t\t\/\/merge text nodes:\r\n\t\tvar prevNode;\r\n\t\tfor(var i=0; i<n.childNodes.length; i++) {\r\n\t\t\tvar node=n.childNodes[i];\r\n\t\t\tif(node.nodeType==3 && prevNode && prevNode.nodeType==3){\r\n\t\t\t\tprevNode.nodeValue+=node.nodeValue;\r\n\t\t\t\tnode.nodeValue=\"\";\r\n\t\t\t} else {\r\n\t\t\t\tprevNode=node;\r\n\t\t\t}\r\n\t\t}\r\n\t},\r\n\t\r\n\tlexclickOrigin: 0,\r\n\t\r\n\tlexclick: function(a){\r\n\t\tvar $=jQuery;\r\n\t\tvar str=a.innerText;\r\n\t\tclean=str.replace(\/^\\s*\/, \"\").replace(\/\\s*$\/, \"\");\r\n\t\tvar url=cab.urlStart+\"\/ga\/?s=\"+encodeURIComponent(clean)+\"&quickie=true\";\r\n\t\t$(\"body\").off(\"click\", cab.lexclickOff);\r\n\t\tif($(\"body\").width()>450) {\r\n\t\t\t$(\"#lexclick\").remove();\r\n\t\t\tvar $a=$(a);\r\n\t\t\t{\r\n\t\t\t\tvar leftOffset=$a.offset().left;\r\n\t\t\t\tvar className=\"\";\r\n\t\t\t}\r\n\t\t\tif(leftOffset>$(\"body\").width()\/2) {\r\n\t\t\t\tleftOffset=leftOffset-280;\r\n\t\t\t\tvar className=\"rightAnchored\";\r\n\t\t\t}\r\n\t\t\t\r\n\t\t\tvar css=\"position: absolute; z-index: 100; width: 300px; height: 370px; background-color: #dddddd; border: 1px solid #333333; padding: 5px; box-shadow: 0px 0px 5px #999999; border-radius: 2px; line-height: 1.5em;\";\r\n\t\t\tvar cssArrow=\"position: absolute; top: -9px; left: 10px; width: 15px; height: 9px; background-image: url(\\\"\"+cab.urlStart+\"\/cab\/lexclick-callout.gif\\\"); z-index: 101;\";\r\n\t\t\tif(className==\"rightAnchored\") cssArrow+=\" left: auto; right: 10px;\"\r\n\t\t\t\r\n\t\t\t$(\"<div id='lexclick' class='\"+className+\"' style='\"+css+\"; line-height: 1em;' onclick='cab.lexclickOrigin=123'><div class='arrow' style='\"+cssArrow+\"'><\/div><iframe name='lexclickFrame' style='width: 298px; height: 348px; border: 1px inset #333333;' src='\"+url+\"' frameborder='0'><\/iframe><div style='font-family: sans-serif; font-size: 12px; text-align: left; margin-top: 3px;'><a href='\"+url+\"' target='_blank' style='color: #336699; text-decoration: none; position: relative; top: -3px; text-shadow: 1px 1px 0px #eeeeee;' onmouseover='this.style.color=\\\"#4477aa\\\"' onmouseout='this.style.color=\\\"#336699\\\"'><img src='\"+cab.urlStart+\"\/cab\/application.png' width='16' height='16' style='position: relative; top: 3px; margin-right: 2px; margin-left: 2px;'\/> www.teanglann.ie \u00bb<\/a><\/div><\/div>\").appendTo(\"body\").offset({top: $a.offset().top+$a.height()+10, left: leftOffset});\r\n\t\t\tcab.lexclickOrigin=123;\r\n\t\t\t$(\"body\").on(\"click\", cab.lexclickOff);\r\n\t\t} else {\r\n\t\t\twindow.open(url);\r\n\t\t}\r\n\t},\r\n\r\n\tlexclickOff: function(){\r\n\t\tvar $=jQuery;\r\n\t\tif(cab.lexclickOrigin==0) {\r\n\t\t\t$(\"#lexclick\").remove();\r\n\t\t\t$(\"body\").off(\"click\", cab.lexclickOff);\r\n\t\t}\r\n\t\tcab.lexclickOrigin=0;\r\n\t},\r\n\t\r\n};\r\n\t\t\t<\/script>\r\n\r\n<script type=\"text\/javascript\">jQuery(document).ready(function(){ cab.clickify(); });<\/script> Rinne an comhlacht taighde marga\u00edochta Kantar pobalbhreith do Chonradh na Gaeilge le d\u00e9ana\u00ed, agus foils\u00edodh na pr\u00edomhthortha\u00ed ar l\u00edne ar an su\u00edomh www.tuairisc.ie. Seo achoimre bheag ag baint le tortha\u00ed \u00f3n Deisceart agus ansin c\u00fapla smaoineamh f\u00faithi. Roinnfidh m\u00e9 na tortha\u00ed ina dh\u00e1 chatag\u00f3ir ar leith: \u00fas\u00e1id agus foghlaim na teanga agus taca\u00edocht [&hellip;]<\/p>\n","protected":false},"author":1,"featured_media":7006,"comment_status":"closed","ping_status":"closed","sticky":false,"template":"","format":"standard","meta":{"nf_dc_page":"","_et_pb_use_builder":"on","_et_pb_old_content":"<!-- wp:freeform --><p style=\"text-align:center;margin-top:0pt;padding-top:0;margin-bottom:0pt;padding-bottom:0;line-height:2.4;font-weight:bold;font-size:18pt\"><span style=\"display:inline-block;height:1em\"><span style=\"display:none\">.<\/span><\/span><\/p><!-- \/wp:freeform --><!-- wp:freeform --><p style=\"margin-top:0pt;padding-top:0;margin-bottom:6pt;padding-bottom:0;line-height:1.3\"><span style=\"display:inline-block;height:1em\"><span style=\"display:none\">.<\/span><\/span><\/p><!-- \/wp:freeform --><!-- wp:freeform --><p style=\"margin-top:0pt;padding-top:0;margin-bottom:6pt;padding-bottom:0;line-height:1.3\">Rinne an comhlacht taighde marga\u00edochta Kantar pobalbhreith do Chonradh na Gaeilge le d\u00e9ana\u00ed, agus foils\u00edodh na pr\u00edomhthortha\u00ed ar l\u00edne ar an su\u00edomh <a href=\"http:\/\/www.tuairisc.ie\">www.tuairisc.ie<\/a>.  Seo achoimre bheag ag baint le tortha\u00ed \u00f3n Deisceart agus ansin c\u00fapla smaoineamh f\u00faithi.<\/p><!-- \/wp:freeform --><!-- wp:freeform --><p style=\"margin-top:0pt;padding-top:0;margin-bottom:6pt;padding-bottom:0;line-height:1.3\">Roinnfidh m\u00e9 na tortha\u00ed ina dh\u00e1 chatag\u00f3ir ar leith: \u00fas\u00e1id agus foghlaim na teanga agus taca\u00edocht don teanga \u00f3n St\u00e1t.&nbsp;&nbsp;Bh\u00ed an suirbh\u00e9 \u00e9asca go leor: tar \u00e9is gach r\u00e1iteas a l\u00e9amh, bh\u00ed ar an bhfreagr\u00f3ir ceann amh\u00e1in de na tr\u00ed rogha seo a thice\u00e1il: ag aont\u00fa, ag easaont\u00fa n\u00f3 n\u00ed fios.&nbsp;&nbsp;<\/p><!-- \/wp:freeform --><!-- wp:freeform --><p style=\"margin-top:0pt;padding-top:0;margin-bottom:6pt;padding-bottom:0;line-height:1.3\"><strong>Catag\u00f3ir: \u00das\u00e1id agus foghlaim na teanga<\/strong><\/p><!-- \/wp:freeform --><!-- wp:freeform --><p style=\"margin-top:0pt;padding-top:0;margin-bottom:6pt;padding-bottom:0;line-height:1.3\">R\u00e1iteas: T\u00e1 m\u00e9 muin\u00edneach as mo chuid Gaeilge labhartha.<\/p><!-- \/wp:freeform --><!-- wp:freeform --><p style=\"margin-top:0pt;padding-top:0;margin-bottom:6pt;padding-bottom:0;line-height:1.3\">Toradh: D\u2019aontaigh 21% leis.  Sa bhliain 2017, d\u2019aontaigh 31% leis.  Is \u00e1bhar buartha an titim shuntasach sin ar l\u00edon na ndaoine a bheadh muin\u00edneach an teanga a labhairt. <\/p><!-- \/wp:freeform --><!-- wp:freeform --><p style=\"margin-top:0pt;padding-top:0;margin-bottom:6pt;padding-bottom:0;line-height:1.3\">R\u00e1iteas: T\u00e1 m\u00e9 muin\u00edneach gur f\u00e9idir liom Gaeilge a thuiscint.<\/p><!-- \/wp:freeform --><!-- wp:freeform --><p style=\"margin-top:0pt;padding-top:0;margin-bottom:6pt;padding-bottom:0;line-height:1.3\">Toradh: D\u2019aontaigh 30% leis.  Sa bhliain 2017, d\u2019aontaigh 40% leis.  T\u00e1 an toradh seo cos\u00fail leis an gceann thuas.<\/p><!-- \/wp:freeform --><!-- wp:freeform --><p style=\"margin-top:0pt;padding-top:0;margin-bottom:6pt;padding-bottom:0;line-height:1.3\">R\u00e1iteas: I rith na dianghlas\u00e1la thug m\u00e9 faoi deara gur bhain m\u00e9 \u00fas\u00e1id as n\u00edos m\u00f3 Gaeilge ar l\u00edne, ar na me\u00e1in sh\u00f3isialta, i rang Gaeilge n\u00f3 eile.<\/p><!-- \/wp:freeform --><!-- wp:freeform --><p style=\"margin-top:0pt;padding-top:0;margin-bottom:6pt;padding-bottom:0;line-height:1.3\">Toradh: Thug 15% de dhaoine faoi deara go raibh siad ag \u00fas\u00e1id\/foghlaim Gaeilge ar l\u00edne n\u00edos m\u00f3 le linn na pand\u00e9ime.  Toradh t\u00e1bhachtach \u00e9 seo, a l\u00e9ir\u00edonn go bhfuil suim ag daoine an Ghaeilge a \u00fas\u00e1id n\u00f3 a fhoghlaim, m\u00e1 t\u00e1 an fhaill agus an acmhainn acu.&nbsp;&nbsp;<\/p><!-- \/wp:freeform --><!-- wp:freeform --><p style=\"margin-top:0pt;padding-top:0;margin-bottom:6pt;padding-bottom:0;line-height:1.3\">R\u00e1iteas: Ba bhre\u00e1 liom deis a fh\u00e1il Gaeilge a labhairt n\u00edos minice.<\/p><!-- \/wp:freeform --><!-- wp:freeform --><p style=\"margin-top:0pt;padding-top:0;margin-bottom:6pt;padding-bottom:0;line-height:1.3\">Toradh: D\u2019aontaigh 45% leis, n\u00f3 dh\u00e1 thrian m\u00e1 fh\u00e1gann t\u00fa amach na daoine nach bhfuil tuairim acu faoin r\u00e1iteas sin.  Tuar d\u00f3chais \u00e9 an toradh seo, a l\u00e9ir\u00edonn an m\u00e9id sp\u00e9ise at\u00e1 ag an bpobal Gaeilge a \u00fas\u00e1id.   <\/p><!-- \/wp:freeform --><!-- wp:freeform --><p style=\"margin-top:0pt;padding-top:0;margin-bottom:6pt;padding-bottom:0;line-height:1.3\"><strong>Catag\u00f3ir: Taca\u00edocht \u00f3n St\u00e1t<\/strong><\/p><!-- \/wp:freeform --><!-- wp:freeform --><p style=\"margin-top:0pt;padding-top:0;margin-bottom:6pt;padding-bottom:0;line-height:1.3\">R\u00e1iteas: Ba ch\u00f3ir don St\u00e1t seirbh\u00eds\u00ed a shol\u00e1thar tr\u00ed Ghaeilge d\u00f3ibh si\u00fad ar mian leo leas a bhaint astu.<\/p><!-- \/wp:freeform --><!-- wp:freeform --><p style=\"margin-top:0pt;padding-top:0;margin-bottom:6pt;padding-bottom:0;line-height:1.3\">Toradh: D\u2019aontaigh 73% leis.  T\u00e1 s\u00e9 soil\u00e9ir go bhfuil easpa seirbh\u00eds\u00ed St\u00e1it ar f\u00e1il as Gaeilge, agus go bhfuil formh\u00f3r an phobail ag iarraidh \u00f3n rialtas dul i mbun gn\u00edmh l\u00e1ithreach bonn.<\/p><!-- \/wp:freeform --><!-- wp:freeform --><p style=\"margin-top:0pt;padding-top:0;margin-bottom:6pt;padding-bottom:0;line-height:1.3\">R\u00e1iteas: Ba ch\u00f3ir don St\u00e1t taca\u00edocht bhreise a thabhairt don Ghaeilge.<\/p><!-- \/wp:freeform --><!-- wp:freeform --><p style=\"margin-top:0pt;padding-top:0;margin-bottom:6pt;padding-bottom:0;line-height:1.3\">Toradh: D\u2019aontaigh 65% leis.  D\u00fairt Uachtar\u00e1n Chonradh na Gaeilge, Niall Comer: \u201cL\u00e9ir\u00edonn na figi\u00fair\u00ed seo go soil\u00e9ir go bhfuil g\u00e1 seirbh\u00eds\u00ed a chur ar f\u00e1il don phobal at\u00e1 ag iarraidh a saol a chaitheamh tr\u00ed Ghaeilge agus beidh reachta\u00edocht l\u00e1idir ag teast\u00e1il leis na seirbh\u00eds\u00ed sin a chinnti\u00fa.\u201d  <\/p><!-- \/wp:freeform --><!-- wp:freeform --><p style=\"margin-top:0pt;padding-top:0;margin-bottom:6pt;padding-bottom:0;line-height:1.3\">R\u00e1iteas: Ba ch\u00f3ir don Rialtas c\u00f3ras taca\u00edochta a chur ar f\u00e1il chun a chinnti\u00fa go dtiocfaidh earn\u00e1il na gCol\u00e1ist\u00ed Samhraidh Gaeltachta tr\u00ed gh\u00e9arch\u00e9im an Covid-19.<\/p><!-- \/wp:freeform --><!-- wp:freeform --><p style=\"margin-top:0pt;padding-top:0;margin-bottom:6pt;padding-bottom:0;line-height:1.3\">Toradh: D\u2019aontaigh 67% leis.  D\u00fairt Peadar Mac Fhlannchadha, bainisteoir abhc\u00f3ideachta agus Leas-Ardr\u00fana\u00ed Chonradh na Gaeilge: \u201cChabhr\u00f3dh seo le todhcha\u00ed na teanga a chinnti\u00fa do na gl\u00faine at\u00e1 le teacht. Anois an t-am leis na gn\u00edomhartha sin a dh\u00e9anamh.\u201d<\/p><!-- \/wp:freeform --><!-- wp:freeform --><p style=\"margin-top:0pt;padding-top:0;margin-bottom:6pt;padding-bottom:0;line-height:1.3\">R\u00e1iteas: Ba ch\u00f3ir go mbeadh taca\u00edocht ar f\u00e1il do theaghlaigh at\u00e1 ag t\u00f3g\u00e1il a bp\u00e1ist\u00ed tr\u00ed Ghaeilge, amhail taca\u00edocht airgeadais, oideachais n\u00f3 seirbh\u00eds\u00ed sl\u00e1inte.<\/p><!-- \/wp:freeform --><!-- wp:freeform --><p style=\"margin-top:0pt;padding-top:0;margin-bottom:6pt;padding-bottom:0;line-height:1.3\">Toradh: D\u2019aontaigh 48% leis.  T\u00e1 deacrachta\u00ed ag baint le do theaghlach a th\u00f3g\u00e1il tr\u00ed Ghaeilge sa l\u00e1 at\u00e1 inniu ann, agus is fi\u00fa infheist\u00edocht a dh\u00edri\u00fa i dtreo na ch\u00e9ad ghl\u00faine eile!<\/p><!-- \/wp:freeform --><!-- wp:freeform --><p style=\"margin-top:0pt;padding-top:0;margin-bottom:6pt;padding-bottom:0;line-height:1.3\">R\u00e1iteas: Ba cheart don Rialtas c\u00f3ras plean\u00e1la tith\u00edochta faoi leith a fheidhmi\u00fa sa Ghaeltacht chun tac\u00fa le hinmharthanacht na Gaeilge mar theanga phobail.<\/p><!-- \/wp:freeform --><!-- wp:freeform --><p style=\"margin-top:0pt;padding-top:0;margin-bottom:6pt;padding-bottom:0;line-height:1.3\">Toradh: D\u2019aontaigh 58% leis.  D\u00fairt Peadar Mac Fhlannchadha: \u201cT\u00e1 a fhios ag an saol m\u00f3r go bhfuil taca\u00edocht de dh\u00edth ar an Ghaeltacht, ar phobal na Gaeltachta, m\u00e1 t\u00e1 an teanga ag dul a\u2019 leanstan ar aghaidh ann. Sin an f\u00e1th a bhfuil polasa\u00ed cuimsitheach don phlean\u00e1il teanga sa Ghaeltacht de dh\u00edth a chinnteoidh todhcha\u00ed an phobail \u00e1iti\u00fail ina gceantar f\u00e9in tr\u00edna dteanga f\u00e9in.\u201d&nbsp;&nbsp;<\/p><!-- \/wp:freeform --><!-- wp:freeform --><p style=\"margin-top:0pt;padding-top:0;margin-bottom:6pt;padding-bottom:0;line-height:1.3\"><strong>C\u00fapla Smaoineamh<\/strong><\/p><!-- \/wp:freeform --><!-- wp:freeform --><p style=\"margin-top:0pt;padding-top:0;margin-bottom:6pt;padding-bottom:0;line-height:1.3\">T\u00e1 formh\u00f3r na ndaoine sa t\u00edr i bhf\u00e1bhar n\u00edos m\u00f3 deiseanna a bheith ar f\u00e1il acu chun Gaeilge a fhoghlaim agus a labhairt.  T\u00e1 g\u00e9argh\u00e1 le hinfheist\u00edocht chiallmhar sa Ghaeilge sa t\u00edr ar fad, ach go h\u00e1irithe sa Ghaeltacht, mar gan na Gaeltachta\u00ed, n\u00ed teanga bheo \u00ed an Ghaeilge n\u00edos m\u00f3!&nbsp;&nbsp;T\u00e1 formh\u00f3r na ndaoine ag \u00e9ileamh go nd\u00e9anfaidh an rialtas an infheist\u00edocht sin, chomh luath agus is f\u00e9idir, chun \u00e1r dteanga a chaomhn\u00fa.&nbsp;&nbsp;<\/p><!-- \/wp:freeform --><!-- wp:freeform --><p style=\"margin-top:0pt;padding-top:0;margin-bottom:6pt;padding-bottom:0;line-height:1.3\">T\u00e1 toil an phobail ann agus ceapaim go bhfuil an toil pholaiti\u00fail ann freisin maidir le caomhn\u00fa agus athbheochan na teanga.  Ach t\u00e1 an rud is t\u00e1bhachta\u00ed ar iarraidh f\u00f3s agus is \u00e9 sin infheist\u00edocht sa Ghaeilge a dh\u00e9anamh go pr\u00e1inneach.<\/p><!-- \/wp:freeform --><!-- wp:freeform --><p style=\"margin-top:0pt;padding-top:0;margin-bottom:6pt;padding-bottom:0;line-height:1.3\">Is furasta a bheith ag caint, \u00e1fach, agus sin an \u00e1it ina bhfuilimid inniu.  Caithfimid \u00e1r mbr\u00fa ar an rialtas a mh\u00e9ad\u00fa, ag \u00e9ileamh go nd\u00e9anfar an infheist\u00edocht i gceist l\u00e1ithreach, sula mbeidh s\u00e9 r\u00f3dh\u00e9anach!  <\/p><!-- \/wp:freeform --><!-- wp:freeform --><p style=\"margin-top:0pt;padding-top:0;margin-bottom:6pt;padding-bottom:0;line-height:1.3\"><span style=\"display:inline-block;height:1em\"><span style=\"display:none\">.<\/span><\/span><\/p><!-- \/wp:freeform --><!-- wp:freeform --><p style=\"margin-top:0pt;padding-top:0;margin-bottom:6pt;padding-bottom:0;line-height:1.3\"><span style=\"display:inline-block;height:1em\"><span style=\"display:none\">.<\/span><\/span><\/p><!-- \/wp:freeform --><!-- wp:freeform --><p style=\"margin-top:0pt;padding-top:0;margin-bottom:6pt;padding-bottom:0;line-height:1.3\">&nbsp;&nbsp;<span style=\"display:inline-block;height:1em\"><span style=\"display:none\">.<\/span><\/span><\/p><!-- \/wp:freeform --><!-- wp:freeform --><p style=\"margin-top:0pt;padding-top:0;margin-bottom:6pt;padding-bottom:0;line-height:1.3\"><span style=\"display:inline-block;height:1em\"><span style=\"display:none\">.<\/span><\/span><\/p><!-- \/wp:freeform --><!-- wp:freeform --><p style=\"margin-top:0pt;padding-top:0;margin-bottom:6pt;padding-bottom:0;line-height:1.3\">&nbsp;&nbsp;<span style=\"display:inline-block;height:1em\"><span style=\"display:none\">.<\/span><\/span><\/p><!-- \/wp:freeform --><!-- wp:freeform --><p style=\"margin-top:0pt;padding-top:0;margin-bottom:6pt;padding-bottom:0;line-height:1.3\">&nbsp;&nbsp;<span style=\"display:inline-block;height:1em\"><span style=\"display:none\">.<\/span><\/span><\/p><!-- \/wp:freeform --><!-- wp:freeform --><p style=\"margin-top:0pt;padding-top:0;margin-bottom:6pt;padding-bottom:0;line-height:1.3\"><span style=\"display:inline-block;height:1em\"><span style=\"display:none\">.<\/span><\/span><\/p><!-- \/wp:freeform --><!-- wp:freeform --><p style=\"margin-top:0pt;padding-top:0;margin-bottom:6pt;padding-bottom:0;line-height:1.3\"><span style=\"display:inline-block;height:1em\"><span style=\"display:none\">.<\/span><\/span><\/p><!-- \/wp:freeform --><!-- wp:freeform --><p style=\"margin-top:0pt;padding-top:0;margin-bottom:6pt;padding-bottom:0;line-height:1.3\"><span style=\"display:inline-block;height:1em\"><span style=\"display:none\">.<\/span><\/span><\/p><!-- \/wp:freeform --><!-- wp:freeform --><p style=\"margin-top:0pt;padding-top:0;margin-bottom:6pt;padding-bottom:0;line-height:1.3\"> <span style=\"display:inline-block;height:1em\"><span style=\"display:none\">.<\/span><\/span><\/p><!-- \/wp:freeform --><!-- wp:freeform --><p style=\"margin-top:0pt;padding-top:0;margin-bottom:6pt;padding-bottom:0;line-height:1.3\"><span style=\"display:inline-block;height:1em\"><span style=\"display:none\">.<\/span><\/span><\/p><!-- \/wp:freeform --><!-- wp:freeform --><p style=\"margin-top:0pt;padding-top:0;margin-bottom:6pt;padding-bottom:0;line-height:1.3\"><span style=\"display:inline-block;height:1em\"><span style=\"display:none\">.<\/span><\/span><\/p><!-- \/wp:freeform -->","_et_gb_content_width":"","footnotes":""},"categories":[33,43],"tags":[],"class_list":["post-8635","post","type-post","status-publish","format-standard","has-post-thumbnail","hentry","category-cursai-reatha","category-cursai-teanga"],"_links":{"self":[{"href":"https:\/\/mickgb.com\/en\/wp-json\/wp\/v2\/posts\/8635","targetHints":{"allow":["GET"]}}],"collection":[{"href":"https:\/\/mickgb.com\/en\/wp-json\/wp\/v2\/posts"}],"about":[{"href":"https:\/\/mickgb.com\/en\/wp-json\/wp\/v2\/types\/post"}],"author":[{"embeddable":true,"href":"https:\/\/mickgb.com\/en\/wp-json\/wp\/v2\/users\/1"}],"replies":[{"embeddable":true,"href":"https:\/\/mickgb.com\/en\/wp-json\/wp\/v2\/comments?post=8635"}],"version-history":[{"count":3,"href":"https:\/\/mickgb.com\/en\/wp-json\/wp\/v2\/posts\/8635\/revisions"}],"predecessor-version":[{"id":9395,"href":"https:\/\/mickgb.com\/en\/wp-json\/wp\/v2\/posts\/8635\/revisions\/9395"}],"wp:featuredmedia":[{"embeddable":true,"href":"https:\/\/mickgb.com\/en\/wp-json\/wp\/v2\/media\/7006"}],"wp:attachment":[{"href":"https:\/\/mickgb.com\/en\/wp-json\/wp\/v2\/media?parent=8635"}],"wp:term":[{"taxonomy":"category","embeddable":true,"href":"https:\/\/mickgb.com\/en\/wp-json\/wp\/v2\/categories?post=8635"},{"taxonomy":"post_tag","embeddable":true,"href":"https:\/\/mickgb.com\/en\/wp-json\/wp\/v2\/tags?post=8635"}],"curies":[{"name":"wp","href":"https:\/\/api.w.org\/{rel}","templated":true}]}}