{"id":11927,"date":"2017-04-04T11:00:00","date_gmt":"2017-04-04T11:00:00","guid":{"rendered":"https:\/\/mickgb.com\/?p=11927"},"modified":"2024-04-08T01:13:19","modified_gmt":"2024-04-08T01:13:19","slug":"a-r-n-a-m-i-s-i-n-2-2","status":"publish","type":"post","link":"https:\/\/mickgb.com\/ga\/a-r-n-a-m-i-s-i-n-2-2\/","title":{"rendered":"A r     n a     M i s i n ..2."},"content":{"rendered":"<p style=\"text-align:justify;margin-top:0pt;padding-top:0;margin-bottom:0pt;padding-bottom:0;line-height:2.4\"><span style=\"height:1em\"><span>.<\/span><\/span><\/p><p style=\"text-align:justify;margin-top:0pt;padding-top:0;margin-bottom:0pt;padding-bottom:0;line-height:2.4\"><span style=\"height:1em\"><span>.<\/span><\/span><\/p><p style=\"text-align:center;margin-top:0pt;padding-top:0;margin-bottom:0pt;padding-bottom:0;line-height:1.8\"><strong><span style=\"font-size:24pt\">I  mB\u00e9al  an  Phobail<\/span><\/strong><\/p><p style=\"text-align:center;margin-top:0pt;padding-top:0;margin-bottom:0pt;padding-bottom:0;line-height:1.8\"><strong><span style=\"font-size:18pt\">Ar na Misin 2.<\/span><\/strong><\/p><p style=\"text-align:center;margin-top:0pt;padding-top:0;margin-bottom:0pt;padding-bottom:0;line-height:1.8\"><span style=\"font-size:18pt\">(Ar lean\u00faint \u00f3n tseachtain seo caite)<\/span><\/p><p style=\"margin-top:0pt;padding-top:0;margin-bottom:0pt;padding-bottom:0;line-height:1.8\"><span style=\"height:1em\"><span>.<\/span><\/span><\/p><p style=\"margin-top:0pt;padding-top:0;margin-bottom:0pt;padding-bottom:0;line-height:1.8\"><span style=\"font-size:14pt\">Peadar Bair\u00e9ad<\/span><\/p><p style=\"text-align:justify;margin-top:0pt;padding-top:0;margin-bottom:0pt;padding-bottom:0;line-height:1.8\"><span style=\"height:1em\"><span>.<\/span><\/span><\/p><p style=\"text-align:justify;margin-top:0pt;padding-top:0;margin-bottom:0pt;padding-bottom:0;line-height:1.8\"><strong><span style=\"font-size:14pt\">An Mh\u00e1irt, an 19\u00fa L\u00fanasa 2003<\/span><\/strong><\/p><p style=\"text-align:center;margin-top:0pt;padding-top:0;margin-bottom:0pt;padding-bottom:0;line-height:1.8\"><strong><span style=\"font-size:18pt\">Santa Barbara<\/span><\/strong><\/p><p style=\"text-align:justify;margin-top:0pt;padding-top:0;margin-bottom:0pt;padding-bottom:0;line-height:2.4\"><span style=\"font-size:14pt\">In \u00e1r su\u00ed<\/span><span style=\"font-size:14pt\"> le giolc an ghealbhain, b\u00edodh n\u00e1r chualamar g\u00edog n\u00f3 m\u00edog \u00f3n \u00e9in\u00edn c\u00e9anna sin, n\u00f3 bh\u00ed an t\u00d3st\u00e1n, <\/span><strong><span style=\"font-size:14pt\"><em>an Encina Lodge &amp; Suites<\/em><\/span><\/strong><span style=\"font-size:14pt\">, suite i l\u00e1r na cathrach \u00e1ille seo.  Is fada siar a th\u00e9ann sc\u00e9al an ionaid \u00e1lainn seo, n\u00f3 bh\u00ed Indiaigh ag cur f\u00fathu sna b\u00f3la\u00ed seo, fad\u00f3. \u201cChumash\u201d a thugta\u00ed ar na daoine sin, agus t\u00e1thar den tuairim, go mb\u00edodh idir 8,000 agus 10,000 den chine sin, ag cur f\u00fathu, an tr\u00e1th \u00fad, sa d\u00faiche ina bhfuil Santa Barbara suite anois. Mhair na daoine sin ar thoradh n\u00e1d\u00fartha na tal\u00fan.  Bh\u00edodh sm\u00e9ara, c<\/span><span style=\"font-size:14pt\">aora, pr\u00e9amhacha, s\u00edolta, coin\u00edn\u00ed, ioraithe, agus a leith\u00e9id, maraon le h\u00e9isc  agus slig\u00e9isc, mar bhia agus mar bheatha acu.  Ba dhream iad a sheol fan an ch\u00f3sta freisin, i gcuracha m\u00f3ra fada, curacha a d\u2019iompr\u00f3dh idir dheichni\u00far agus dh\u00e1r\u00e9ag!<\/span><\/p><p style=\"text-align:center;margin-top:0pt;padding-top:0;margin-bottom:0pt;padding-bottom:0;line-height:2.4\"><strong><span style=\"font-size:18pt\">Juan Rodriguez Cabrillo<\/span><\/strong><\/p><p style=\"text-align:justify;margin-top:0pt;padding-top:0;margin-bottom:0pt;padding-bottom:0;line-height:2.4\"><span style=\"font-size:14pt\">Briseadh isteach ar shaol sona na dtreabhanna sin \u00e1fach, sa s\u00e9\u00fa haois d\u00e9ag, nuair a shroich Juan Rodriguez Cabrillo agus a lucht lean\u00fana, i nd\u00e1<\/span><span style=\"font-size:14pt\"> long, an San Salvador agus an Victoria, nuair a shroich siad c\u00f3sta Santa Barbara, agus nuair a d\u2019fh\u00f3gair siad gur le R\u00ed na Sp\u00e1inne, feasta, an fearann sin. Ach chaill na Sp\u00e1innigh suim sa d\u00faiche sin, ar feadh tr\u00ed sc\u00f3r bliain, agus ansin, i Nollaig na bliana 1602, th\u00e1inig Vizcaino ar an d\u00faiche sin ar\u00eds, ar an gceathr\u00fa l\u00e1, de Mh\u00ed na Nollag, f\u00e9ile Santa Barbara, agus b\u2019in mar a baisteadh Santa Barbara ar an ionad \u00e1lainn sin.  <\/span><\/p><p style=\"text-align:center;margin-top:0pt;padding-top:0;margin-bottom:0pt;padding-bottom:0;line-height:2.4\"><strong><span style=\"font-size:18pt\">Praesidi\u00f3nna \u00e1 dt\u00f3g\u00e1il<\/span><\/strong><\/p><p style=\"text-align:justify;margin-top:0pt;padding-top:0;margin-bottom:0pt;padding-bottom:0;line-height:2.4\"><span style=\"font-size:14pt\">N\u00edor chuir na Sp\u00e1innigh sp\u00e9is ar bith i gCalaf\u00f3irnia, go dt\u00ed d\u00e9anach go maith san ocht\u00fa haois d\u00e9ag, nuair a chonacthas d\u00f3ibh, go raibh cumhachta\u00ed m\u00f3ra eile, an R\u00fais ina measc, ag cur suime n\u00e1r bheag, i gc\u00f3sta Chalaf\u00f3irnia.  Ba ansin a thug an R\u00ed an t-ord\u00fa d\u00e1 mhuintir i R\u00edocht Sp\u00e1inneach Mheicsiceo, bun\u00e1iteanna, n\u00f3 Presidi\u00f3nna, a bhun\u00fa i San Diego agus i Monterey, le cos i dtaca sa limist\u00e9ar sin, a thabhairt don Sp\u00e1inn fh\u00e9in.  In Aibre\u00e1n na bliana 1782, th\u00f3g an lieutenant Jose Francisco de Ortega, agus a ch<\/span><span style=\"font-size:14pt\">uid saighdi\u00fair\u00ed, Presidi\u00f3 m\u00f3r i Santa Barbara, le freastal ar an limist\u00e9ar sin. Anois, bh\u00ed \u00e1r seanchara, Junipera Serra, fear ar labhair muid faoi cheana, ar an bhf\u00f3d freisin, agus \u00e9 ar intinn aige Misin a th\u00f3g\u00e1il ar na l\u00e1ithreacha sin freisin. <\/span><\/p><p style=\"text-align:center;margin-top:0pt;padding-top:0;margin-bottom:0pt;padding-bottom:0;line-height:2.4\"><strong><span style=\"font-size:18pt\">Misean Santa Barbara&#8230;1785&#8230;<\/span><\/strong><\/p><p style=\"text-align:justify;margin-top:0pt;padding-top:0;margin-bottom:0pt;padding-bottom:0;line-height:2.4\"><span style=\"font-size:14pt\">Sa bhliain 1785, dh\u00e1 bhliain i ndiaidh bh\u00e1s Junipero Serra, th\u00e1inig aif\u00e9ala ar an nGobharn\u00f3ir nua, agus thug cead do na Proinsiasc\u00e1naigh Misean a th\u00f3g\u00e1il i Santa Barbara.<\/span><\/p><p style=\"text-align:justify;margin-top:0pt;padding-top:0;margin-bottom:0pt;padding-bottom:0;line-height:2.4\"><span style=\"font-size:14pt\">An bhliain d\u00e1r gcionn, th\u00e1inig an Padre Fermin la Lasu\u00e9n, agus beirt bhr\u00e1thar ina chomhluadar, agus chuireadar rompu an Misean sin a th\u00f3g\u00e1il.  Bh\u00ed socraithe acu, an Misean a choisreacan, go hoifigi\u00fail, ar an 6\u00fa l\u00e1 de Nollaig na bliana sin 1786, L\u00e1 \u2018le Santa Barbara fh\u00e9in, agus c\u00e9 nach raibh an Gobharn\u00f3ir ar an bhf\u00f3d, le p\u00e1irt a ghlacadh sa cheili\u00faradh, leanadar ar aghaidh d\u00e1 \u00e9agmais.  Tar \u00e9is d\u00f3ibh bheith tamall i mbun oibre misin\u00e9ireachta sa d\u00faiche sin, bh\u00ed de thoradh ar a gcuid oibre, gur baisteadh 70 de<\/span><span style=\"font-size:14pt\"> threibh an \u201cChumash\u201d, agus th\u00e1inig siadsan chun c\u00f3naithe sa Mhisean.  \u201cNeophytes\u201d a tugadh orthusan, agus m\u00faineadh an creideamh  d\u00f3ibh, agus chomh maith le sin, m\u00faineadh scileanna i bhfeirmeoireacht, i si\u00fain\u00e9ireacht, i gc\u00f3caireacht, i mbuilde\u00e1il, agus i bhf\u00edod\u00f3ireacht d\u00f3ibh.  Taobh istigh de bhliain, bh\u00ed 307 Nuachreidmhigh ina gc\u00f3na\u00ed sa Mhisean, agus bh\u00edodar tar \u00e9is S\u00e9ip\u00e9al ad\u00f3ibe a th\u00f3g\u00e1il, maraon le teach na mbr\u00e1thar, gr\u00e1inseach, cistin, ceardlann adhmad\u00f3ireachta, agus seomra s\u00fadaireachta.  D\u2019\u00e9irigh thar<\/span><span style=\"font-size:14pt\"> barr le Misin \u00fad Santa Barbara, agus i ngearraimsir, bh\u00ed f\u00e1s thar cuimse tagtha ar chuile ghn\u00e9 den tionscadal c\u00e9anna sin.  Agus, murab ionann is an Presidi\u00f3, mar a  raibh na saighdi\u00fair\u00ed beo, bocht, gan l\u00e9inte, gan airgead, gan p\u00e1, gan tada len iad a choinne\u00e1il sa Phresidi\u00f3, ach a nd\u00edlseacht d\u00e1 dt\u00edr agus d\u00e1 n-oifigigh, agus ag an am gceanna,  bh\u00ed lucht an Mhisin ag cur <\/span><span style=\"font-size:14pt\">f\u00fathu i dt\u00edr na fl\u00fairse, sa chaoi go raibh an \u00e1it f\u00e9inchotha\u00edoch, taobh istigh d\u2019achar an-ghearr.<\/span><\/p><p style=\"text-align:center;margin-top:0pt;padding-top:0;margin-bottom:0pt;padding-bottom:0;line-height:2.4\"><span style=\"font-size:14pt\">&#8230;&#8230;&#8230;.A chr\u00edoch sin&#8230;&#8230;&#8230;..<\/span><\/p><p style=\"text-align:justify;margin-top:0pt;padding-top:0;margin-bottom:0pt;padding-bottom:0;line-height:2.4\"><span style=\"height:1em\"><span>.<\/span><\/span><\/p><p style=\"text-align:justify;margin-top:0pt;padding-top:0;margin-bottom:0pt;padding-bottom:0;line-height:2.4\"><span style=\"height:1em\"><span>.<\/span><\/span><\/p><p style=\"text-align:justify;margin-top:0pt;padding-top:0;margin-bottom:0pt;padding-bottom:0;line-height:2.4\"><span style=\"height:1em\"><span>.<\/span><\/span><\/p><p style=\"text-align:justify;margin-top:0pt;padding-top:0;margin-bottom:0pt;padding-bottom:0;line-height:2.4\"><span style=\"height:1em\"><span>.<\/span><\/span><\/p><p style=\"text-align:justify;margin-top:0pt;padding-top:0;margin-bottom:0pt;padding-bottom:0;line-height:2.4\"><span style=\"height:1em\"><span>.<\/span><\/span><\/p>","protected":false},"excerpt":{"rendered":"<p>. . I mB\u00e9al an Phobail Ar na Misin 2. (Ar lean\u00faint \u00f3n tseachtain seo caite) . Peadar Bair\u00e9ad . An Mh\u00e1irt, an 19\u00fa L\u00fanasa 2003 Santa Barbara In \u00e1r su\u00ed le giolc an ghealbhain, b\u00edodh n\u00e1r chualamar g\u00edog n\u00f3 m\u00edog \u00f3n \u00e9in\u00edn c\u00e9anna sin, n\u00f3 bh\u00ed an t\u00d3st\u00e1n, an Encina Lodge &amp; Suites, suite [&hellip;]<\/p>\n","protected":false},"author":2,"featured_media":13435,"comment_status":"open","ping_status":"open","sticky":false,"template":"","format":"standard","meta":{"nf_dc_page":"","_et_pb_use_builder":"","_et_pb_old_content":"","_et_gb_content_width":"","footnotes":""},"categories":[1],"tags":[],"class_list":["post-11927","post","type-post","status-publish","format-standard","has-post-thumbnail","hentry","category-gan-chatagoir"],"_links":{"self":[{"href":"https:\/\/mickgb.com\/ga\/wp-json\/wp\/v2\/posts\/11927","targetHints":{"allow":["GET"]}}],"collection":[{"href":"https:\/\/mickgb.com\/ga\/wp-json\/wp\/v2\/posts"}],"about":[{"href":"https:\/\/mickgb.com\/ga\/wp-json\/wp\/v2\/types\/post"}],"author":[{"embeddable":true,"href":"https:\/\/mickgb.com\/ga\/wp-json\/wp\/v2\/users\/2"}],"replies":[{"embeddable":true,"href":"https:\/\/mickgb.com\/ga\/wp-json\/wp\/v2\/comments?post=11927"}],"version-history":[{"count":1,"href":"https:\/\/mickgb.com\/ga\/wp-json\/wp\/v2\/posts\/11927\/revisions"}],"predecessor-version":[{"id":11928,"href":"https:\/\/mickgb.com\/ga\/wp-json\/wp\/v2\/posts\/11927\/revisions\/11928"}],"wp:featuredmedia":[{"embeddable":true,"href":"https:\/\/mickgb.com\/ga\/wp-json\/wp\/v2\/media\/13435"}],"wp:attachment":[{"href":"https:\/\/mickgb.com\/ga\/wp-json\/wp\/v2\/media?parent=11927"}],"wp:term":[{"taxonomy":"category","embeddable":true,"href":"https:\/\/mickgb.com\/ga\/wp-json\/wp\/v2\/categories?post=11927"},{"taxonomy":"post_tag","embeddable":true,"href":"https:\/\/mickgb.com\/ga\/wp-json\/wp\/v2\/tags?post=11927"}],"curies":[{"name":"wp","href":"https:\/\/api.w.org\/{rel}","templated":true}]}}