{"id":11991,"date":"2017-04-04T11:00:00","date_gmt":"2017-04-04T11:00:00","guid":{"rendered":"https:\/\/mickgb.com\/?p=11991"},"modified":"2024-04-08T01:28:09","modified_gmt":"2024-04-08T01:28:09","slug":"an-colm-ban","status":"publish","type":"post","link":"https:\/\/mickgb.com\/ga\/an-colm-ban\/","title":{"rendered":"An Colm B\u00e1n."},"content":{"rendered":"<p style=\"text-align:center;margin-top:0pt;padding-top:0;margin-bottom:10pt;padding-bottom:0;line-height:1.38\"><strong><span style=\"font-size:22pt\">AN<\/span><span style=\"font-size:22pt\">  COLM  B\u00c1N&#8230;.le&#8230;.<\/span><span style=\"font-size:22pt\">Liam \u00d3<\/span><span style=\"font-size:22pt\"> Muirthile<\/span><\/strong><\/p><p style=\"text-align:center;margin-top:0pt;padding-top:0;margin-bottom:10pt;padding-bottom:0;line-height:1.38\"><strong><span style=\"font-size:18pt\">&nbsp;&nbsp;&nbsp;<\/span><span style=\"font-size:18pt\">C\u00e9adchl\u00f3<\/span><span style=\"font-size:14pt\">..<\/span><span style=\"font-size:14pt\">&#8230;&#8230;&#8230;&#8230;&#8230;.<\/span><span style=\"font-size:14pt\">.<\/span><span style=\"font-size:18pt\">2014<\/span><\/strong><\/p><p style=\"margin-top:0pt;padding-top:0;margin-bottom:10pt;padding-bottom:0;line-height:1.38;margin-left:144pt\"><strong><span style=\"font-size:18pt\">Bog<\/span><\/strong><span style=\"font-size:18pt\">&#8230;&#8230;&#8230;&#8230;&#8230;&#8230;&#8230;..<\/span><strong><span style=\"font-size:18pt\">\u20ac14.00<\/span><\/strong><\/p><p style=\"margin-top:0pt;padding-top:0;margin-bottom:10pt;padding-bottom:0;line-height:1.38\"><span style=\"height:1em\"><span>.<\/span><\/span><\/p><p style=\"margin-top:0pt;padding-top:0;margin-bottom:10pt;padding-bottom:0;line-height:1.38\"><span style=\"font-size:14pt\">Peadar Bair\u00e9ad<\/span><\/p><p style=\"margin-top:0pt;padding-top:0;margin-bottom:10pt;padding-bottom:0;line-height:1.38\"><span style=\"height:1em\"><span>.<\/span><\/span><\/p><p style=\"text-align:center;margin-top:0pt;padding-top:0;margin-bottom:10pt;padding-bottom:0;line-height:1.38\"><strong><span style=\"font-size:18pt\">Sc\u00e9al  Casta<\/span><\/strong><\/p><p style=\"text-align:justify;margin-top:0pt;padding-top:0;margin-bottom:10pt;padding-bottom:0;line-height:1.8\"><span style=\"font-size:14pt\">T\u00e1 m\u00e9<\/span><span style=\"font-size:14pt\"> ag ceapadh go m<\/span><span style=\"font-size:14pt\">beidh caint ar an leabhar seo l\u00e1<\/span><span style=\"font-size:14pt\"> is <\/span><span style=\"font-size:14pt\">fuide anonn, n\u00f3 is annamh a chasann \u00farsc\u00e9al chomh scili\u00fail, eala\u00edonta, dea-scr\u00ed<\/span><span style=\"font-size:14pt\">ofa, ar dhuine<\/span><span style=\"font-size:14pt\">,<\/span><span style=\"font-size:14pt\"> i nGaeilge<\/span><span style=\"font-size:14pt\">, n\u00f3 i mB\u00e9<\/span><span style=\"font-size:14pt\">arla<\/span><span style=\"font-size:14pt\">,<\/span><span style=\"font-size:14pt\"> i dt\u00fas seo an aon\u00fa haois fichead. Baineann c\u00e1il\u00ed<\/span><span style=\"font-size:14pt\">ochta faoi leith leis an saothar seo<\/span><span style=\"font-size:14pt\">, n\u00f3 t\u00e1 t\u00f3g\u00e1<\/span><span style=\"font-size:14pt\">il chasta<\/span><span style=\"font-size:14pt\">;<\/span><span style=\"font-size:14pt\"> <\/span><span style=\"font-size:14pt\">cur chuige<\/span><span style=\"font-size:14pt\"> mion, leithleach; cur s\u00ed<\/span><span style=\"font-size:14pt\">os inchreidte ar charachtair<\/span><span style=\"font-size:14pt\"> agus ar eachtra\u00ed<\/span><span style=\"font-size:14pt\">;<\/span><span style=\"font-size:14pt\"> agus bua scr\u00ed<\/span><span style=\"font-size:14pt\">bhneoireachta a chuireann na focail ag rince ina <\/span><span style=\"font-size:14pt\">steillebheatha ar lic na samhla\u00ed<\/span><span style=\"font-size:14pt\">ochta<\/span><span style=\"font-size:14pt\"> os comhair do dh\u00e1 sh\u00fa<\/span><span style=\"font-size:14pt\">il amach<\/span><span style=\"font-size:14pt\">. N\u00ed<\/span><span style=\"font-size:14pt\">l dabht ar domhan <\/span><span style=\"font-size:14pt\">ach go mbeidh tionchar, agus dh\u00e1<\/span><span style=\"font-size:14pt\"> <\/span><span style=\"font-size:14pt\">thionchar, ag an saothar seo ar<\/span><span style=\"font-size:14pt\"> scr\u00edbhneoir\u00ed, sna blianta at\u00e1<\/span><span style=\"font-size:14pt\"> romhainn amach.<\/span><\/p><p style=\"text-align:justify;margin-top:0pt;padding-top:0;margin-bottom:10pt;padding-bottom:0;line-height:1.8\"><span style=\"font-size:14pt\">Ach, le filleadh ar an sc\u00e9al fh\u00e9in, is d\u00f3cha go bhf\u00e9<\/span><span style=\"font-size:14pt\">adfadh duine<\/span><span style=\"font-size:14pt\"> a r\u00e1, gurb \u00ed N\u00f3ra Buckley, n\u00f3<\/span><span style=\"font-size:14pt\"> El<\/span><span style=\"font-size:14pt\">len D<\/span><span style=\"font-size:14pt\">aunt<\/span><span style=\"font-size:14pt\">,<\/span><span style=\"font-size:14pt\"> <\/span><span style=\"font-size:14pt\">n\u00f3 fi\u00fa an Colm B\u00e1n, an pr\u00edomhcharachtar san \u00farsc\u00e9<\/span><span style=\"font-size:14pt\">al<\/span><span style=\"font-size:14pt\"> corraitheach<\/span><span style=\"font-size:14pt\"> seo<\/span><span style=\"font-size:14pt\">,<\/span><span style=\"font-size:14pt\"> agus b\u00edodh go n-\u00e9ir\u00ed<\/span><span style=\"font-size:14pt\">on<\/span><span style=\"font-size:14pt\">n leis an \u00fadar m\u00e1<\/span><span style=\"font-size:14pt\">m eile carachtar a chur ag rince a<\/span><span style=\"font-size:14pt\">r lic thart uirthi, ag an am gc\u00e9<\/span><span style=\"font-size:14pt\">anna<\/span><span style=\"font-size:14pt\">, filleann s\u00e9 ar N\u00f3ra ar\u00ed<\/span><span style=\"font-size:14pt\">s<\/span><span style=\"font-size:14pt\">, chuile bhabhta. Sn\u00edomhtar sc\u00e9<\/span><span style=\"font-size:14pt\">al Wi<\/span><span style=\"font-size:14pt\">lliam Driscoll isteach go scili\u00fa<\/span><span style=\"font-size:14pt\">il cliste i muabhrat an tsaothair <\/span><span style=\"font-size:14pt\">shamhla\u00ed<\/span><span style=\"font-size:14pt\">och ilchasta seo<\/span><span style=\"font-size:14pt\"> freisin<\/span><span style=\"font-size:14pt\">.<\/span><span style=\"font-size:14pt\"> Corca\u00ed<\/span><span style=\"font-size:14pt\">och<\/span><span style=\"font-size:14pt\"> ba ea William<\/span><span style=\"font-size:14pt\">,<\/span><span style=\"font-size:14pt\"> a raibh gaol fola aige le Nora Buckley, bean a chuaigh isteach sna Nuns<\/span><span style=\"font-size:14pt\">, de r\u00e9ir mar a chuala s\u00e9 \u00f3<\/span><span style=\"font-size:14pt\">na muintir.<\/span><\/p><p style=\"text-align:center;margin-top:0pt;padding-top:0;margin-bottom:10pt;padding-bottom:0;line-height:1.8\"><strong><span style=\"font-size:18pt\">D\u00fail sa Rince<\/span><\/strong><\/p><p style=\"text-align:justify;margin-top:0pt;padding-top:0;margin-bottom:10pt;padding-bottom:0;line-height:1.8\"><span style=\"font-size:14pt\">Tharla go raibh d\u00fail diabhalta ag No<\/span><span style=\"font-size:14pt\">ra sa rince<\/span><span style=\"font-size:14pt\">, agus nach \u00e9 an t-\u00fadar at\u00e1 \u00e1balta cur s\u00ed<\/span><span style=\"font-size:14pt\">os<\/span><span style=\"font-size:14pt\"> mion<\/span><span style=\"font-size:14pt\">,<\/span><span style=\"font-size:14pt\"> cliste<\/span><span style=\"font-size:14pt\">, a dh\u00e9<\/span><span style=\"font-size:14pt\">anamh ar a cum<\/span><span style=\"font-size:14pt\">as rince, bua at\u00e1 aici \u00f3 dh\u00fa<\/span><span style=\"font-size:14pt\">chas, agus bua a d\u2019fhorbair agus a chleachtaigh is<\/span><span style=\"font-size:14pt\"> a shnasaigh s\u00ed thar na blianta,<\/span><span style=\"font-size:14pt\">&nbsp;&nbsp;&nbsp;<\/span><\/p><p style=\"text-align:justify;margin-top:0pt;padding-top:0;margin-bottom:10pt;padding-bottom:0;line-height:1.8\"><span style=\"font-size:14pt\">D\u00e9antar sc\u00e9al Nora Buckley a l\u00e9iri\u00fa go heala\u00ed<\/span><span style=\"font-size:14pt\">onta<\/span><span style=\"font-size:14pt\">,<\/span><span style=\"font-size:14pt\"> inchreidte<\/span><span style=\"font-size:14pt\">, agus tugtar spl\u00e9achadh don l\u00e9itheoir ar an gcine\u00e1<\/span><span style=\"font-size:14pt\">l pobail<\/span><span style=\"font-size:14pt\">,<\/span><span style=\"font-size:14pt\"> <\/span><span style=\"font-size:14pt\">agus an saghas saoil<\/span><span style=\"font-size:14pt\">,<\/span><span style=\"font-size:14pt\"> <\/span><span style=\"font-size:14pt\">a bh\u00ed thart uirthi le linn a h\u00f3<\/span><span style=\"font-size:14pt\">ige<\/span><span style=\"font-size:14pt\"> agus \u00ed ag f\u00e1s an\u00edos in Iarthar Chorca\u00ed in \u00f3<\/span><span style=\"font-size:14pt\">ige na haoise seo caite<\/span><span style=\"font-size:14pt\">. Chuaigh s\u00ed chun oibre mar chail\u00edn aimsire ag muintir an T\u00ed Mh\u00f3ir, ar Phrotast\u00fa<\/span><span style=\"font-size:14pt\">n<\/span><span style=\"font-size:14pt\">aigh iad, agus tugtar le fios d\u00fa<\/span><span style=\"font-size:14pt\">inn<\/span><span style=\"font-size:14pt\">, go mba de bhunadh phrotast\u00fanach \u00ed Helen Daunt, seanmh\u00e1<\/span><span style=\"font-size:14pt\">thair Nora.<\/span><span style=\"font-size:14pt\"> In aoi<\/span><span style=\"font-size:14pt\">s a seachtd\u00e9ag \u00e1fach thug s\u00ed<\/span><span style=\"font-size:14pt\"> cathair<\/span><span style=\"font-size:14pt\"> mh\u00f3r<\/span><span style=\"font-size:14pt\"> Londain uirthi fh\u00e9<\/span><span style=\"font-size:14pt\">in<\/span><span style=\"font-size:14pt\">, agus tharla ansin \u00ed nuair a tharla \u00c9ir<\/span><span style=\"font-size:14pt\">\u00ed Amach na C\u00e1sca abhus. Bhain daoine \u00e1irithe <\/span><span style=\"font-size:14pt\"> \u00fas\u00e1id as an aithne a bh\u00ed<\/span><span style=\"font-size:14pt\"> aici ar p<\/span><span style=\"font-size:14pt\">hobail Chorca\u00ed<\/span><span style=\"font-size:14pt\"> le heo<\/span><span style=\"font-size:14pt\">las a fh\u00e1il faoi <\/span><span style=\"font-size:14pt\">n\u00e1<\/span><span style=\"font-size:14pt\">isi\u00fant\u00f3ir\u00ed<\/span><span style=\"font-size:14pt\"> sa d\u00faiche<\/span><span style=\"font-size:14pt\"> sin, ach, cuireadh ar a h<\/span><span style=\"font-size:14pt\">aire \u00ed, agus uaidh sin amach n\u00ed<\/span><span style=\"font-size:14pt\">or<\/span><span style=\"font-size:14pt\"> bhailigh siad uaithi ach eolas agus a th\u00f3<\/span><span style=\"font-size:14pt\">in leis.<\/span><span style=\"font-size:14pt\"> <\/span><span style=\"font-size:14pt\">Nach corraithea<\/span><span style=\"font-size:14pt\">ch<\/span><span style=\"font-size:14pt\">,<\/span><span style=\"font-size:14pt\"> teannasach<\/span><span style=\"font-size:14pt\">,<\/span><span style=\"font-size:14pt\"> go deo<\/span><span style=\"font-size:14pt\">, an cur s\u00edos sin a thugtar d\u00fa<\/span><span style=\"font-size:14pt\">inn ar Nora ag rince? <\/span><span style=\"font-size:14pt\"> <\/span><span style=\"font-size:14pt\">Nach deacair a shamhl\u00fa go bhf\u00e9adfadh \u00fadar focail a shnadhmadh ina ch\u00e9<\/span><span style=\"font-size:14pt\">ile ar bheal<\/span><span style=\"font-size:14pt\">ach chomh beacht, <\/span><span style=\"font-size:14pt\">eal\u00ed<\/span><span style=\"font-size:14pt\">onta<\/span><span style=\"font-size:14pt\">,<\/span><span style=\"font-size:14pt\"> <\/span><span style=\"font-size:14pt\">scili\u00fa<\/span><span style=\"font-size:14pt\">il sin<\/span><span style=\"font-size:14pt\">, gur bheag nach gcloiseann t\u00fa an cith br\u00f3<\/span><span style=\"font-size:14pt\">g s<\/span><span style=\"font-size:14pt\">in ag titim ar lic, faoi mar ad\u00fairt an t\u00e9 ad\u00fa<\/span><span style=\"font-size:14pt\">irt.<\/span><span style=\"font-size:14pt\"> Sheol a scileanna rince <\/span><span style=\"font-size:14pt\">go P\u00e1<\/span><span style=\"font-size:14pt\">ras na mb<\/span><span style=\"font-size:14pt\">riongl\u00f3id\u00ed<\/span><span style=\"font-size:14pt\"> <\/span><span style=\"font-size:14pt\">\u00ed, agus tar \u00e9is dianchleachtadh a dh\u00e9<\/span><span style=\"font-size:14pt\">anamh<\/span><span style=\"font-size:14pt\">, thar thr\u00e9<\/span><span style=\"font-size:14pt\">imhse<\/span><span style=\"font-size:14pt\"> fada, roghna\u00edodh \u00ed<\/span><span style=\"font-size:14pt\"> le rince a dh\u00e9<\/span><span style=\"font-size:14pt\">anamh sna <\/span><span style=\"font-size:14pt\">\u2018<\/span><span style=\"font-size:14pt\">Folies B<\/span><span style=\"font-size:14pt\">erg\u00e8re\u2019 <\/span><span style=\"font-size:14pt\">fh\u00e9<\/span><span style=\"font-size:14pt\">in<\/span><span style=\"font-size:14pt\">,<\/span><span style=\"font-size:14pt\"> mar bhall den bhu\u00edon rinceoir\u00ed \u00fa<\/span><span style=\"font-size:14pt\">d, \u2018Les Girls Anglaises\u2019<\/span><span style=\"font-size:14pt\"> agus t\u00e1 le tuiscint \u00f3n sc\u00e9<\/span><span style=\"font-size:14pt\">al gur mhaith<\/span><span style=\"font-size:14pt\"> a thuill s<\/span><span style=\"font-size:14pt\">\u00ed a hionad sa bhu\u00ed<\/span><span style=\"font-size:14pt\">on<\/span><span style=\"font-size:14pt\"> ch\u00e9<\/span><span style=\"font-size:14pt\">anna sin.<\/span><span style=\"font-size:14pt\"> <\/span><span style=\"font-size:14pt\">L<\/span><span style=\"font-size:14pt\">\u00e9ir\u00edonn an t-\u00fa<\/span><span style=\"font-size:14pt\">dar a s<\/span><span style=\"font-size:14pt\">h<\/span><span style=\"font-size:14pt\">uim<\/span><span style=\"font-size:14pt\"> fh\u00e9in<\/span><span style=\"font-size:14pt\"> sa rince<\/span><span style=\"font-size:14pt\">, tr\u00ed chur s\u00ed<\/span><span style=\"font-size:14pt\">os ar rinceoi<\/span><span style=\"font-size:14pt\">r\u00ed eile \u00f3 th\u00ed<\/span><span style=\"font-size:14pt\">ortha i bhfad i gc<\/span><span style=\"font-size:14pt\">\u00e9<\/span><span style=\"font-size:14pt\">in, <\/span><span style=\"font-size:14pt\">go h\u00e1<\/span><span style=\"font-size:14pt\">irithe<\/span><span style=\"font-size:14pt\">, i gc\u00e1<\/span><span style=\"font-size:14pt\">s Jasmin, <\/span><span style=\"font-size:14pt\">a bh\u00ed mar chuspa ag an eala\u00edont\u00f3<\/span><span style=\"font-size:14pt\">ir <\/span><span style=\"font-size:14pt\">sin, Duane, agus is m\u00f3<\/span><span style=\"font-size:14pt\">r a s<\/span><span style=\"font-size:14pt\">p\u00e9<\/span><span style=\"font-size:14pt\">is <\/span><span style=\"font-size:14pt\">i g<\/span><span style=\"font-size:14pt\">c\u00farsa\u00ed eala\u00ed<\/span><span style=\"font-size:14pt\">ne freisin<\/span><span style=\"font-size:14pt\">,<\/span><span style=\"font-size:14pt\"> <\/span><span style=\"font-size:14pt\">go h\u00e1<\/span><span style=\"font-size:14pt\">irithe san eala<\/span><span style=\"font-size:14pt\">\u00edont\u00f3<\/span><span style=\"font-size:14pt\">ir <\/span><span style=\"font-size:14pt\">c\u00e9anna sin <\/span><span style=\"font-size:14pt\">Duane,<\/span><span style=\"font-size:14pt\"> agus b\u00edodh nach bhfuil m\u00e9<\/span><span style=\"font-size:14pt\"> cinn<\/span><span style=\"font-size:14pt\">te <\/span><span style=\"font-size:14pt\">arbh<\/span><span style=\"font-size:14pt\"> <\/span><span style=\"font-size:14pt\">eala\u00edont\u00f3<\/span><span style=\"font-size:14pt\">ir<\/span><span style=\"font-size:14pt\"> <\/span><span style=\"font-size:14pt\">saolta at\u00e1<\/span><span style=\"font-size:14pt\"> idir <\/span><span style=\"font-size:14pt\">cham\u00e1<\/span><span style=\"font-size:14pt\">in <\/span><span style=\"font-size:14pt\">anseo <\/span><span style=\"font-size:14pt\">aige,<\/span><span style=\"font-size:14pt\"> n\u00f3<\/span><span style=\"font-size:14pt\"> <\/span><span style=\"font-size:14pt\">ea<\/span><span style=\"font-size:14pt\">la\u00edont\u00f3<\/span><span style=\"font-size:14pt\">ir<\/span><span style=\"font-size:14pt\"> a shi\u00fail d\u00edreach<\/span><span style=\"font-size:14pt\"> amach as l\u00e1<\/span><span style=\"font-size:14pt\">r<\/span><span style=\"font-size:14pt\"> torth\u00fail<\/span><span style=\"font-size:14pt\"> a<\/span><span style=\"font-size:14pt\"> shamhla\u00edochta fh\u00e9in<\/span><span style=\"font-size:14pt\">, ach nach cuma<\/span><span style=\"font-size:14pt\">, n\u00f3<\/span><span style=\"font-size:14pt\"> corr<\/span><span style=\"font-size:14pt\">a\u00ed<\/span><span style=\"font-size:14pt\">onn <\/span><span style=\"font-size:14pt\">an cur s\u00ed<\/span><span style=\"font-size:14pt\">os an cro\u00ed<\/span><span style=\"font-size:14pt\"> istigh ionainn. <\/span><\/p><p style=\"text-align:center;margin-top:0pt;padding-top:0;margin-bottom:10pt;padding-bottom:0;line-height:1.8\"><strong><span style=\"font-size:18pt\">A<\/span><span style=\"font-size:18pt\">n  Colm  B\u00e1n<\/span><\/strong><\/p><p style=\"text-align:justify;margin-top:0pt;padding-top:0;margin-bottom:10pt;padding-bottom:0;line-height:1.8\"><span style=\"font-size:14pt\">Tagann an Colm B\u00e1n isteach sa s<\/span><span style=\"font-size:14pt\">c\u00e9al ar\u00eds i ndeireadh an sc\u00e9il nuair a ins\u00edonn muintir Nora Buckley d\u00fainn<\/span><span style=\"font-size:14pt\"> gurbh \u00e9<\/span><span style=\"font-size:14pt\"> <\/span><span style=\"font-size:14pt\">\u2018<\/span><span style=\"font-size:14pt\">an tSi\u00far Colmbanus<\/span><span style=\"font-size:14pt\">\u2019<\/span><span style=\"font-size:14pt\"> a roghnaigh Nora Buckley mar <\/span><span style=\"font-size:14pt\">ainm di fh\u00e9in nuair a chuaigh s\u00ed<\/span><span style=\"font-size:14pt\"> isteach sna Nuns.<\/span><\/p><p style=\"text-align:justify;margin-top:0pt;padding-top:0;margin-bottom:10pt;padding-bottom:0;line-height:1.8\"><span style=\"font-size:14pt\">F\u00e1<\/span><span style=\"font-size:14pt\">gfaidh<\/span><span style=\"font-size:14pt\"> m\u00e9 mar sin \u00e9 don bhabhta seo, <\/span><span style=\"font-size:14pt\">a l\u00e9itheoir, <\/span><span style=\"font-size:14pt\">ach t\u00e1 m\u00e9 ag ceapadh go mbainfidh t\u00fa fh\u00e9<\/span><span style=\"font-size:14pt\">in an-taitneamh as an l<\/span><span style=\"font-size:14pt\">eabhar<\/span><span style=\"font-size:14pt\"> sp\u00e9isi\u00fa<\/span><span style=\"font-size:14pt\">il seo. <\/span><span style=\"font-size:14pt\"> <\/span><span style=\"font-size:14pt\">&nbsp;&nbsp;<\/span><\/p><p style=\"margin-top:0pt;padding-top:0;margin-bottom:10pt;padding-bottom:0;line-height:1.38\"><span style=\"height:1em\"><span>.<\/span><\/span><\/p><p style=\"text-align:center;margin-top:0pt;padding-top:0;margin-bottom:10pt;padding-bottom:0;line-height:1.38\"><span style=\"height:1em\"><span>.<\/span><\/span><\/p><p style=\"text-align:center;margin-top:0pt;padding-top:0;margin-bottom:10pt;padding-bottom:0;line-height:1.38\"><span style=\"height:1em\"><span>.<\/span><\/span><\/p>","protected":false},"excerpt":{"rendered":"<p>AN COLM B\u00c1N&#8230;.le&#8230;.Liam \u00d3 Muirthile &nbsp;&nbsp;&nbsp;C\u00e9adchl\u00f3..&#8230;&#8230;&#8230;&#8230;&#8230;..2014 Bog&#8230;&#8230;&#8230;&#8230;&#8230;&#8230;&#8230;..\u20ac14.00 . Peadar Bair\u00e9ad . Sc\u00e9al Casta T\u00e1 m\u00e9 ag ceapadh go mbeidh caint ar an leabhar seo l\u00e1 is fuide anonn, n\u00f3 is annamh a chasann \u00farsc\u00e9al chomh scili\u00fail, eala\u00edonta, dea-scr\u00edofa, ar dhuine, i nGaeilge, n\u00f3 i mB\u00e9arla, i dt\u00fas seo an aon\u00fa haois fichead. Baineann c\u00e1il\u00edochta faoi [&hellip;]<\/p>\n","protected":false},"author":2,"featured_media":13435,"comment_status":"open","ping_status":"open","sticky":false,"template":"","format":"standard","meta":{"nf_dc_page":"","_et_pb_use_builder":"","_et_pb_old_content":"","_et_gb_content_width":"","footnotes":""},"categories":[1],"tags":[],"class_list":["post-11991","post","type-post","status-publish","format-standard","has-post-thumbnail","hentry","category-gan-chatagoir"],"_links":{"self":[{"href":"https:\/\/mickgb.com\/ga\/wp-json\/wp\/v2\/posts\/11991","targetHints":{"allow":["GET"]}}],"collection":[{"href":"https:\/\/mickgb.com\/ga\/wp-json\/wp\/v2\/posts"}],"about":[{"href":"https:\/\/mickgb.com\/ga\/wp-json\/wp\/v2\/types\/post"}],"author":[{"embeddable":true,"href":"https:\/\/mickgb.com\/ga\/wp-json\/wp\/v2\/users\/2"}],"replies":[{"embeddable":true,"href":"https:\/\/mickgb.com\/ga\/wp-json\/wp\/v2\/comments?post=11991"}],"version-history":[{"count":1,"href":"https:\/\/mickgb.com\/ga\/wp-json\/wp\/v2\/posts\/11991\/revisions"}],"predecessor-version":[{"id":11992,"href":"https:\/\/mickgb.com\/ga\/wp-json\/wp\/v2\/posts\/11991\/revisions\/11992"}],"wp:featuredmedia":[{"embeddable":true,"href":"https:\/\/mickgb.com\/ga\/wp-json\/wp\/v2\/media\/13435"}],"wp:attachment":[{"href":"https:\/\/mickgb.com\/ga\/wp-json\/wp\/v2\/media?parent=11991"}],"wp:term":[{"taxonomy":"category","embeddable":true,"href":"https:\/\/mickgb.com\/ga\/wp-json\/wp\/v2\/categories?post=11991"},{"taxonomy":"post_tag","embeddable":true,"href":"https:\/\/mickgb.com\/ga\/wp-json\/wp\/v2\/tags?post=11991"}],"curies":[{"name":"wp","href":"https:\/\/api.w.org\/{rel}","templated":true}]}}