{"id":11995,"date":"2017-04-04T11:00:00","date_gmt":"2017-04-04T11:00:00","guid":{"rendered":"https:\/\/mickgb.com\/?p=11995"},"modified":"2024-04-08T01:24:18","modified_gmt":"2024-04-08T01:24:18","slug":"an-daonlathas-2","status":"publish","type":"post","link":"https:\/\/mickgb.com\/ga\/an-daonlathas-2\/","title":{"rendered":"An Daonlathas  2"},"content":{"rendered":"<p style=\"text-align:center;margin-top:0pt;padding-top:0;margin-bottom:10pt;padding-bottom:0;line-height:1.38\"><strong><span style=\"font-size:28pt\">An Daonlathas  2<\/span><\/strong><\/p><p style=\"margin-top:0pt;padding-top:0;margin-bottom:10pt;padding-bottom:0;line-height:1.38\"><span style=\"font-size:14pt\">Peadar Bair\u00e9ad<\/span><\/p><p style=\"margin-top:0pt;padding-top:0;margin-bottom:10pt;padding-bottom:0;line-height:1.38\"><span style=\"height:1em\"><span>.<\/span><\/span><\/p><p style=\"margin-top:0pt;padding-top:0;margin-bottom:10pt;padding-bottom:0;line-height:1.38\"><strong><span style=\"font-size:14pt\"><em>(This week we continue our thoughts on Dem<\/em><\/span><span style=\"font-size:14pt\"><em>ocracy, as we know it.<\/em><\/span><span style=\"font-size:14pt\"><em>)<\/em><\/span><\/strong><\/p><p style=\"text-align:center;margin-top:0pt;padding-top:0;margin-bottom:10pt;padding-bottom:0;line-height:1.38\"><span style=\"height:1em\"><span>.<\/span><\/span><\/p><p style=\"text-align:center;margin-top:0pt;padding-top:0;margin-bottom:10pt;padding-bottom:0;line-height:1.38\"><strong><span style=\"font-size:18pt\">Mar a chleachta\u00ed<\/span><span style=\"font-size:18pt\">tear an Daonlathas anseo<\/span><\/strong><\/p><p style=\"text-align:justify;margin-top:0pt;padding-top:0;margin-bottom:10pt;padding-bottom:0;line-height:1.8\"><span style=\"font-size:14pt\">An tseac<\/span><span style=\"font-size:14pt\">h<\/span><span style=\"font-size:14pt\">tain seo caite<\/span><span style=\"font-size:14pt\">, rinne m\u00e9<\/span><span style=\"font-size:14pt\"> iarrac<\/span><span style=\"font-size:14pt\">ht ar an neart, agus ar na laig\u00ed, at\u00e1 le tabhairt faoi deara sa ch\u00f3<\/span><span style=\"font-size:14pt\">ras daonlathach<\/span><span style=\"font-size:14pt\">, faoi mar a chleachta\u00edtear anseo \u00e9<\/span><span style=\"font-size:14pt\">,<\/span><span style=\"font-size:14pt\"> a chur i mB\u00e9al an Phobail. T<\/span><span style=\"font-size:14pt\">r\u00edd is tr\u00edd<\/span><span style=\"font-size:14pt\"> \u00e1fach<\/span><span style=\"font-size:14pt\">, bh\u00ed orainn a admh\u00e1<\/span><span style=\"font-size:14pt\">il<\/span><span style=\"font-size:14pt\">, go raibh an c\u00f3ras s\u2019againne beo br\u00edomhar, ach ag an am gc\u00e9<\/span><span style=\"font-size:14pt\">anna<\/span><span style=\"font-size:14pt\">, bh\u00ed s\u00e9 soil\u00e9ir go raibh s\u00e9 \u00e9asca go maith dallamull\u00f3<\/span><span style=\"font-size:14pt\">g a chur ar <\/span><span style=\"font-size:14pt\">roinnt \u00e1irithe d\u00e1<\/span><span style=\"font-size:14pt\">r bpobal<\/span><span style=\"font-size:14pt\">, agus iad a sheoladh s<\/span><span style=\"font-size:14pt\">\u00edos cas\u00e1n m\u00eddhaonlathach<\/span><span style=\"font-size:14pt\">, agus glacaimid le  sin mar th\u00fas do ph\u00ed<\/span><span style=\"font-size:14pt\">osa na seachtaine <\/span><span style=\"font-size:14pt\">seo. C<\/span><span style=\"font-size:14pt\">aithfimid s\u00fail ar ch\u00farsa\u00ed, faoi mar at\u00e1<\/span><span style=\"font-size:14pt\"> anois<\/span><span style=\"font-size:14pt\">,<\/span><span style=\"font-size:14pt\"> agus muid ar bhru<\/span><span style=\"font-size:14pt\">ach olltoghch\u00e1in eile, f\u00e9<\/span><span style=\"font-size:14pt\">ach<\/span><span style=\"font-size:14pt\">aint an bhfuil aon leigheas ar \u00e1r gc\u00e1s, n\u00f3 an bhfuil muid ag r\u00e1<\/span><span style=\"font-size:14pt\">s gan srian<\/span><span style=\"font-size:14pt\">, gan lainc\u00eds,<\/span><span style=\"font-size:14pt\"> i  dtreo na faille<\/span><span style=\"font-size:14pt\">, faoi  mar a tharla\u00edonn i gc\u00e1<\/span><span style=\"font-size:14pt\">s na \u2018Lem<\/span><span style=\"font-size:14pt\">m<\/span><span style=\"font-size:14pt\">ings\u2019<\/span><span style=\"font-size:14pt\"> \u00fad ar ch\u00f3sta\u00ed Chr\u00ed<\/span><span style=\"font-size:14pt\">och Lochlann.<\/span><span style=\"font-size:14pt\"> <\/span><span style=\"font-size:14pt\">Ach n\u00ed orthu si\u00fad a tharraing m\u00e9 an sc\u00e9<\/span><span style=\"font-size:14pt\">al<\/span><span style=\"font-size:14pt\">, ach ar an mbeith\u00ed<\/span><span style=\"font-size:14pt\">och dothuigthe eile sin, an Daonlathas.<\/span><\/p><p style=\"text-align:center;margin-top:0pt;padding-top:0;margin-bottom:10pt;padding-bottom:0;line-height:1.8\"><strong><span style=\"font-size:18pt\">Rialtas gan Mh\u00f3ramh<\/span><\/strong><\/p><p style=\"text-align:justify;margin-top:0pt;padding-top:0;margin-bottom:10pt;padding-bottom:0;line-height:1.8\"><span style=\"font-size:14pt\">Tamall maith \u00f3<\/span><span style=\"font-size:14pt\"> shoin,<\/span><span style=\"font-size:14pt\"> i ndiaidh an Olltoghch\u00e1<\/span><span style=\"font-size:14pt\">n deiridh<\/span><span style=\"font-size:14pt\">, agus na<\/span><span style=\"font-size:14pt\"> P\u00e1irtithe Polait\u00edochta, agus Teachta\u00ed \u00e1irithe<\/span><span style=\"font-size:14pt\"> D\u00e1la, ar a m\u00edle dh\u00ed<\/span><span style=\"font-size:14pt\">cheall<\/span><span style=\"font-size:14pt\"> ag iarraidh Rialtas Nua a bhun\u00fa leis an bPoblacht  s<\/span><span style=\"font-size:14pt\">\u2018<\/span><span style=\"font-size:14pt\">againne a rialadh ar feadh tr\u00e9imhse \u00e1irithe<\/span><span style=\"font-size:14pt\"> eile<\/span><span style=\"font-size:14pt\">. N\u00ed g\u00e1 dhom a r\u00e1 anois n\u00e1<\/span><span style=\"font-size:14pt\">r eirigh leo sin<\/span><span style=\"font-size:14pt\"> a dh\u00e9<\/span><span style=\"font-size:14pt\">anamh ar an gc\u00e9ad iarracht!<\/span><span style=\"font-size:14pt\"> n\u00f3 d\u00e9<\/span><span style=\"font-size:14pt\">ar<\/span><span style=\"font-size:14pt\">fainn go raibh siad thart ar dh\u00e1 mh\u00ed i mbun an ghn\u00f3<\/span><span style=\"font-size:14pt\"> sin<\/span><span style=\"font-size:14pt\">, sular \u00e9irigh leo teacht ar shocr\u00fa, a bh\u00ed inghlactha ag m\u00f3ramh na dTeachta\u00ed. F\u00e1<\/span><span style=\"font-size:14pt\">gadh <\/span><span style=\"font-size:14pt\">Fine Gael <\/span><span style=\"font-size:14pt\">sa diallait, ach n\u00ed<\/span><span style=\"font-size:14pt\"> eireodh leo <\/span><span style=\"font-size:14pt\">teac<\/span><span style=\"font-size:14pt\">ht ar an margadh sin gan ch\u00fa<\/span><span style=\"font-size:14pt\">nam<\/span><span style=\"font-size:14pt\">h \u00f3 Fhianna F\u00e1<\/span><span style=\"font-size:14pt\">il<\/span><span style=\"font-size:14pt\">, sa mh\u00e9id go nd\u00faradar-san go mbeid\u00eds toilteanach tac\u00fa<\/span><span style=\"font-size:14pt\"> leo <\/span><span style=\"font-size:14pt\">fanacht sa diallait, ar choinn\u00edollacha \u00e1<\/span><span style=\"font-size:14pt\">irithe.<\/span><\/p><p style=\"text-align:justify;margin-top:0pt;padding-top:0;margin-bottom:10pt;padding-bottom:0;line-height:1.8\"><span style=\"font-size:14pt\">Ar an gc\u00e9<\/span><span style=\"font-size:14pt\">ad amharc, cheapfadh duine ar bith<\/span><span style=\"font-size:14pt\">, nach mairfeadh Rialtas d\u00e1 leith\u00e9id r\u00f3<\/span><span style=\"font-size:14pt\">-fhada, agus chomh maith le sin<\/span><span style=\"font-size:14pt\">,<\/span><span style=\"font-size:14pt\"> thuigfeadh duine<\/span><span style=\"font-size:14pt\">,<\/span><span style=\"font-size:14pt\"> nach mbeadh ar a gcu<\/span><span style=\"font-size:14pt\">mas obair Rialtais a chur i gcr\u00ed<\/span><span style=\"font-size:14pt\">ch<\/span><span style=\"font-size:14pt\">,<\/span><span style=\"font-size:14pt\"> n\u00f3<\/span><span style=\"font-size:14pt\"> bheadh orthu<\/span><span style=\"font-size:14pt\"> <\/span><span style=\"font-size:14pt\">\u2019chuile iarracht a dh\u00e9<\/span><span style=\"font-size:14pt\">anamh, chuile bhabhta, <\/span><span style=\"font-size:14pt\"> <\/span><span style=\"font-size:14pt\">a chur ina lu\u00ed<\/span><span style=\"font-size:14pt\"> ar <\/span><span style=\"font-size:14pt\">m<\/span><span style=\"font-size:14pt\">h<\/span><span style=\"font-size:14pt\">\u00f3<\/span><span style=\"font-size:14pt\">ramh na d<\/span><span style=\"font-size:14pt\">Teachta\u00ed taobh\u00fa<\/span><span style=\"font-size:14pt\"> leo.<\/span><span style=\"font-size:14pt\"> Bheadh foigh<\/span><span style=\"font-size:14pt\">id, tuiscint, agus scil pholait\u00ed<\/span><span style=\"font-size:14pt\">ochta<\/span><span style=\"font-size:14pt\">,<\/span><span style=\"font-size:14pt\"> riachtanach<\/span><span style=\"font-size:14pt\">, lena leith\u00e9id de pholasa\u00ed<\/span><span style=\"font-size:14pt\"> a<\/span><span style=\"font-size:14pt\"> chur i gcr\u00ed<\/span><span style=\"font-size:14pt\">ch. Ach,<\/span><span style=\"font-size:14pt\"> tar \u00e9<\/span><span style=\"font-size:14pt\">is na tosca sin uilig a c<\/span><span style=\"font-size:14pt\">hur san \u00e1<\/span><span style=\"font-size:14pt\">ireamh<\/span><span style=\"font-size:14pt\">, tuigeadh dom ag an am<\/span><span style=\"font-size:14pt\">, go raibh seans ann go n-\u00e9<\/span><span style=\"font-size:14pt\">ire<\/span><span style=\"font-size:14pt\">odh leis, agus go dtabharfadh s\u00e9 seans d\u00fainn \u00e9al\u00f3 \u00f3<\/span><span style=\"font-size:14pt\">n <\/span><span style=\"font-size:14pt\">tseanpholait\u00ed<\/span><span style=\"font-size:14pt\">ocht<\/span><span style=\"font-size:14pt\">, a bh\u00ed \u00e1<\/span><span style=\"font-size:14pt\"> c<\/span><span style=\"font-size:14pt\">leachtadh anseo le blianta fada anois, agus gurb fhearrde<\/span><span style=\"font-size:14pt\"> an St\u00e1t s\u2019againne d\u00e1 bharr sin. T\u00e1 s\u00e9 soil\u00e9<\/span><span style=\"font-size:14pt\">ir anois<\/span><span style=\"font-size:14pt\">, go bhf\u00e9adfadh socr\u00fa d\u00e1 leith\u00e9id Rialtas a chur ar f\u00e1il don t\u00ed<\/span><span style=\"font-size:14pt\">r seo, agus le foighid<\/span><span style=\"font-size:14pt\">,<\/span><span style=\"font-size:14pt\"> agus le tuiscint<\/span><span style=\"font-size:14pt\">,  go bhf\u00e9adfa\u00ed na constaic\u00ed laeth\u00fala a sh\u00e1r\u00fa<\/span><span style=\"font-size:14pt\">,<\/span><span style=\"font-size:14pt\"> agus Rialtas n\u00edos daonlatha\u00ed a chur ar f\u00e1il d\u00e1<\/span><span style=\"font-size:14pt\">r muintir. <\/span><span style=\"font-size:14pt\">N\u00edl m\u00e9 cinnte go bhf\u00e9adfa\u00ed sin a dh\u00e9anamh ar bhonn seasmach. Sin \u00ed an Fhadhb, n\u00f3 mura bhf\u00e9adfa\u00ed, b\u2019fhearrde an t\u00edr bheith d\u00e1<\/span><span style=\"font-size:14pt\"> uireasa.<\/span><\/p><p style=\"text-align:justify;margin-top:0pt;padding-top:0;margin-bottom:10pt;padding-bottom:0;line-height:1.8\"><span style=\"font-size:14pt\">Bh\u00ed<\/span><span style=\"font-size:14pt\"> baol ann<\/span><span style=\"font-size:14pt\">,<\/span><span style=\"font-size:14pt\"> ar na mallaibh<\/span><span style=\"font-size:14pt\">, go mbrisf\u00ed ar \u00e1<\/span><span style=\"font-size:14pt\">r Rialtas<\/span><span style=\"font-size:14pt\">, toisc nach bhf\u00e9adfa\u00ed fadhb an uisce a r\u00e9iteach, agus mura bhf\u00e9afa\u00ed, bh\u00ed<\/span><span style=\"font-size:14pt\"> chu<\/span><span style=\"font-size:14pt\">ile chos\u00falacht ar an sc\u00e9<\/span><span style=\"font-size:14pt\">al go dteipfeadh <\/span><span style=\"font-size:14pt\">ar an Rialtas a b<\/span><span style=\"font-size:14pt\">hille a rith tr\u00edd an D\u00e1il. A<\/span><span style=\"font-size:14pt\">ch i ndeireadh na d\u00e1la, d\u2019\u00e9irigh leis na P\u00e1<\/span><span style=\"font-size:14pt\">irtithe<\/span><span style=\"font-size:14pt\">, agus leis na Teachta\u00ed, an fhadhb  a r\u00e9<\/span><span style=\"font-size:14pt\">iteach<\/span><span style=\"font-size:14pt\">, sa chaoi nach mbeidh g\u00e1 le hOlltoghch\u00e1n a eagr\u00fa, le D\u00e1il nua<\/span><span style=\"font-size:14pt\"> a thoghadh, r<\/span><span style=\"font-size:14pt\">ud a chuirfeadh ar an dtimpeall\u00e1<\/span><span style=\"font-size:14pt\">n<\/span><span style=\"font-size:14pt\"> anacair c\u00e9anna ar\u00ed<\/span><span style=\"font-size:14pt\">s si<\/span><span style=\"font-size:14pt\">nn, agus rud, b\u2019fh\u00e9<\/span><span style=\"font-size:14pt\">idir, a chuir<\/span><span style=\"font-size:14pt\">feadh cos i bpoll le turgnamh d\u00e1 leith\u00e9id a thri\u00e1il sa todhcha\u00ed<\/span><span style=\"font-size:14pt\">.<\/span><\/p><p style=\"text-align:justify;margin-top:0pt;padding-top:0;margin-bottom:10pt;padding-bottom:0;line-height:1.8\"><span style=\"font-size:14pt\">Is soil\u00e9ir, faoi mar a dhearbhaigh m\u00e9 thuas, go bhf\u00e9adfa\u00ed Rialtas an Mhionlaigh a bhun\u00fa sa t\u00ed<\/span><span style=\"font-size:14pt\">r<\/span><span style=\"font-size:14pt\"> seo,<\/span><span style=\"font-size:14pt\"> ar choinn\u00edollacha \u00e1irithe, ach cinnte, bheadh g\u00e1<\/span><span style=\"font-size:14pt\"> le foighid, le <\/span><span style=\"font-size:14pt\">ciall<\/span><span style=\"font-size:14pt\">, agus le scil pholait\u00ed<\/span><span style=\"font-size:14pt\">ochta<\/span><span style=\"font-size:14pt\"> chuige sin<\/span><span style=\"font-size:14pt\">. \u00d3n gcleachtadh at\u00e1<\/span><span style=\"font-size:14pt\"> faighte againn anois<\/span><span style=\"font-size:14pt\">, ar an gcine\u00e1l sin leagan amach, is soil\u00e9ir go dteast\u00f3dh Teachta\u00ed d\u00e1ir\u00ed<\/span><span style=\"font-size:14pt\">reacha<\/span><span style=\"font-size:14pt\">, mac\u00e1<\/span><span style=\"font-size:14pt\">nta<\/span><span style=\"font-size:14pt\">, uainn, Teachta\u00ed<\/span><span style=\"font-size:14pt\"> nach mbeadh ag i<\/span><span style=\"font-size:14pt\">arraidh c\u00e1il a shaothr\u00fa d\u00f3ibh fh\u00e9in tr\u00ed<\/span><span style=\"font-size:14pt\"> chur<\/span><span style=\"font-size:14pt\"> i gcoinne chuile iarracht a dh\u00e9anfadh<\/span><span style=\"font-size:14pt\"> an Rialtas <\/span><span style=\"font-size:14pt\">le leas an phobail a chur i gcr\u00edch, n\u00f3 sa tsl\u00ed<\/span><span style=\"font-size:14pt\"> sin<\/span><span style=\"font-size:14pt\">, dh\u00e9anfa\u00ed am na D\u00e1<\/span><span style=\"font-size:14pt\">la a dhiomailt gan chiall, gan toradh,<\/span><span style=\"font-size:14pt\"> agus na Teachta\u00ed sin ar a m\u00edle dh\u00ed<\/span><span style=\"font-size:14pt\">cheall<\/span><span style=\"font-size:14pt\"> ag iarraidh<\/span><span style=\"font-size:14pt\"> obair an Rialtai<\/span><span style=\"font-size:14pt\">s a chur \u00f3 mhaith. N\u00ed chuige sin a thoghann na v\u00f3t\u00f3ir\u00ed Teachta\u00ed. N\u00ed lena leas fh\u00e9in a dh\u00e9anamh ar ch\u00f3<\/span><span style=\"font-size:14pt\">ir do Theachta ar bith, an chumhac<\/span><span style=\"font-size:14pt\">ht a bhronn a Thoghlach air, a \u00fas\u00e1<\/span><span style=\"font-size:14pt\">id. Ba ch\u00f3ir d\u00f3<\/span><span style=\"font-size:14pt\"> a thuiscint<\/span><span style=\"font-size:14pt\">, gur le t\u00edr ioml\u00e1n a rial\u00fa a toghadh \u00e9, ach d\u00e1r nd\u00f3<\/span><span style=\"font-size:14pt\">igh, ba c<\/span><span style=\"font-size:14pt\">h\u00f3ir d\u00f3<\/span><span style=\"font-size:14pt\"> <\/span><span style=\"font-size:14pt\">freisin, <\/span><span style=\"font-size:14pt\">dea<\/span><span style=\"font-size:14pt\">rcadh, mianta, agus riachtanais\u00ed<\/span><span style=\"font-size:14pt\">,<\/span><span style=\"font-size:14pt\"> a thoghlaigh<\/span><span style=\"font-size:14pt\"> fh\u00e9<\/span><span style=\"font-size:14pt\">in<\/span><span style=\"font-size:14pt\"> a chur i l\u00e1thair na D\u00e1<\/span><span style=\"font-size:14pt\">la<\/span><span style=\"font-size:14pt\">,<\/span><span style=\"font-size:14pt\"> <\/span><span style=\"font-size:14pt\">chuile bhabhta a bhfaigheadh s\u00e9 deis chuige sin, ach n\u00ed le rial\u00fa na t\u00ed<\/span><span style=\"font-size:14pt\">re a chur thar chumas an Rialtais<\/span><span style=\"font-size:14pt\">,<\/span><span style=\"font-size:14pt\"> a bronnadh cumhacht air<\/span><span style=\"font-size:14pt\">sean, a ch\u00e9aduair, ach le f\u00e9<\/span><span style=\"font-size:14pt\">achaint chuige<\/span><span style=\"font-size:14pt\">, go mbeadh a leith\u00e9id ind\u00e9<\/span><span style=\"font-size:14pt\">anta<\/span><span style=\"font-size:14pt\">, i rith r\u00e9 na D\u00e1<\/span><span style=\"font-size:14pt\">la sin<\/span><span style=\"font-size:14pt\">, chuig ar toghadh \u00e9<\/span><span style=\"font-size:14pt\">.<\/span><span style=\"font-size:14pt\"> <\/span><span style=\"font-size:14pt\">&nbsp;&nbsp;<\/span><span style=\"font-size:14pt\"> <\/span><span style=\"font-size:14pt\"> <\/span><\/p><p style=\"text-align:center;margin-top:0pt;padding-top:0;margin-bottom:10pt;padding-bottom:0;line-height:1.38\"><span style=\"height:1em\"><span>.<\/span><\/span><\/p>","protected":false},"excerpt":{"rendered":"<p>An Daonlathas 2 Peadar Bair\u00e9ad . (This week we continue our thoughts on Democracy, as we know it.) . Mar a chleachta\u00edtear an Daonlathas anseo An tseachtain seo caite, rinne m\u00e9 iarracht ar an neart, agus ar na laig\u00ed, at\u00e1 le tabhairt faoi deara sa ch\u00f3ras daonlathach, faoi mar a chleachta\u00edtear anseo \u00e9, a chur [&hellip;]<\/p>\n","protected":false},"author":2,"featured_media":13435,"comment_status":"open","ping_status":"open","sticky":false,"template":"","format":"standard","meta":{"nf_dc_page":"","_et_pb_use_builder":"","_et_pb_old_content":"","_et_gb_content_width":"","footnotes":""},"categories":[1],"tags":[],"class_list":["post-11995","post","type-post","status-publish","format-standard","has-post-thumbnail","hentry","category-gan-chatagoir"],"_links":{"self":[{"href":"https:\/\/mickgb.com\/ga\/wp-json\/wp\/v2\/posts\/11995","targetHints":{"allow":["GET"]}}],"collection":[{"href":"https:\/\/mickgb.com\/ga\/wp-json\/wp\/v2\/posts"}],"about":[{"href":"https:\/\/mickgb.com\/ga\/wp-json\/wp\/v2\/types\/post"}],"author":[{"embeddable":true,"href":"https:\/\/mickgb.com\/ga\/wp-json\/wp\/v2\/users\/2"}],"replies":[{"embeddable":true,"href":"https:\/\/mickgb.com\/ga\/wp-json\/wp\/v2\/comments?post=11995"}],"version-history":[{"count":1,"href":"https:\/\/mickgb.com\/ga\/wp-json\/wp\/v2\/posts\/11995\/revisions"}],"predecessor-version":[{"id":11996,"href":"https:\/\/mickgb.com\/ga\/wp-json\/wp\/v2\/posts\/11995\/revisions\/11996"}],"wp:featuredmedia":[{"embeddable":true,"href":"https:\/\/mickgb.com\/ga\/wp-json\/wp\/v2\/media\/13435"}],"wp:attachment":[{"href":"https:\/\/mickgb.com\/ga\/wp-json\/wp\/v2\/media?parent=11995"}],"wp:term":[{"taxonomy":"category","embeddable":true,"href":"https:\/\/mickgb.com\/ga\/wp-json\/wp\/v2\/categories?post=11995"},{"taxonomy":"post_tag","embeddable":true,"href":"https:\/\/mickgb.com\/ga\/wp-json\/wp\/v2\/tags?post=11995"}],"curies":[{"name":"wp","href":"https:\/\/api.w.org\/{rel}","templated":true}]}}