{"id":12093,"date":"2017-04-04T11:00:00","date_gmt":"2017-04-04T11:00:00","guid":{"rendered":"https:\/\/mickgb.com\/?p=12093"},"modified":"2024-04-08T01:12:43","modified_gmt":"2024-04-08T01:12:43","slug":"athbhliain-faoi-mhaise-dhaoibh-uilig","status":"publish","type":"post","link":"https:\/\/mickgb.com\/ga\/athbhliain-faoi-mhaise-dhaoibh-uilig\/","title":{"rendered":"Athbhliain faoi mhaise dhaoibh uilig"},"content":{"rendered":"<p style=\"text-align:center;margin-top:0pt;padding-top:0;margin-bottom:10pt;padding-bottom:0;line-height:1.8\"><strong><span style=\"font-size:28pt\">Athbhliain faoi mhaise dhaoibh uilig.<\/span><\/strong><\/p><p style=\"margin-top:0pt;padding-top:0;margin-bottom:10pt;padding-bottom:0;line-height:1.8\"><span style=\"font-size:14pt\">Peadar Bair\u00e9ad<\/span><\/p><p style=\"text-align:center;margin-top:0pt;padding-top:0;margin-bottom:10pt;padding-bottom:0;line-height:1.8\"><span style=\"font-size:14pt\">(Some thoughts about years past, and years to come)<\/span><\/p><p style=\"text-align:center;margin-top:0pt;padding-top:0;margin-bottom:10pt;padding-bottom:0;line-height:1.8\"><strong><span style=\"font-size:18pt\">Bliain \u00far ina r\u00e1s chugainn!<\/span><\/strong><\/p><p style=\"text-align:justify;margin-top:0pt;padding-top:0;margin-bottom:10pt;padding-bottom:0;line-height:1.8\"><span style=\"font-size:14pt\">Is bre\u00e1 liom<\/span><span style=\"font-size:14pt\"> p\u00edosa a scr\u00ed<\/span><span style=\"font-size:14pt\">obh<\/span><span style=\"font-size:14pt\"> faoi bh\u00e1<\/span><span style=\"font-size:14pt\">s na seanbhliana agus f<\/span><span style=\"font-size:14pt\">aoi bhreith na bliana \u00fa<\/span><span style=\"font-size:14pt\">ire, agus<\/span><span style=\"font-size:14pt\"> ar ball ansin<\/span><span style=\"font-size:14pt\">,<\/span><span style=\"font-size:14pt\"> p\u00edosa eile a scr\u00ed<\/span><span style=\"font-size:14pt\">obh faoi r<\/span><span style=\"font-size:14pt\">\u00fa<\/span><span style=\"font-size:14pt\">in athbhliana. <\/span><span style=\"font-size:14pt\">Agus na p\u00edosa\u00ed seo \u00e1<\/span><span style=\"font-size:14pt\"> <\/span><span style=\"font-size:14pt\">gcur i dtoll a ch\u00e9<\/span><span style=\"font-size:14pt\">ile agam<\/span><span style=\"font-size:14pt\">, b\u00edonn de n\u00f3<\/span><span style=\"font-size:14pt\">s agam dul siar <\/span><span style=\"font-size:14pt\">ar<\/span><span style=\"font-size:14pt\"> p<\/span><span style=\"font-size:14pt\">h<\/span><span style=\"font-size:14pt\">\u00edosa\u00ed a scr\u00edobh m\u00e9 blianta \u00f3 shoin agus athlua a dh\u00e9anamh ar roinnt d\u00e1r scr\u00edobh m\u00e9<\/span><span style=\"font-size:14pt\"> sna hailt sin<\/span><span style=\"font-size:14pt\"> freisin<\/span><span style=\"font-size:14pt\">. <\/span><span style=\"font-size:14pt\">M<\/span><span style=\"font-size:14pt\">ar sin<\/span><span style=\"font-size:14pt\">, cuirfidh m\u00e9 t\u00fas leis an bp\u00edosa seo le v\u00e9arsa as an d\u00e1<\/span><span style=\"font-size:14pt\">n sin<\/span><span style=\"font-size:14pt\">,<\/span><span style=\"font-size:14pt\"> <\/span><span style=\"font-size:14pt\">\u2018<\/span><span style=\"font-size:14pt\">In Memoriam<\/span><span style=\"font-size:14pt\">\u2019,<\/span><span style=\"font-size:14pt\"> le  Alfred Lord Tennyson<\/span><span style=\"font-size:14pt\">,<\/span><span style=\"font-size:14pt\"> ina <\/span><span style=\"font-size:14pt\">gcaoineann s\u00e9 b<\/span><span style=\"font-size:14pt\">\u00e1<\/span><span style=\"font-size:14pt\">s a charad<\/span><span style=\"font-size:14pt\">,<\/span><span style=\"font-size:14pt\"> <\/span><span style=\"font-size:14pt\">Arthur Hallum, sa bhliain 1841<\/span><span style=\"font-size:14pt\">. <\/span><\/p><p style=\"text-align:justify;margin-top:0pt;padding-top:0;margin-bottom:10pt;padding-bottom:0;line-height:1.2;margin-left:108pt\"><span style=\"font-size:14pt\">\u201cRing out wild bells to the wild sky,<\/span><\/p><p style=\"text-align:justify;margin-top:0pt;padding-top:0;margin-bottom:10pt;padding-bottom:0;line-height:1.2;margin-left:108pt\"><span style=\"font-size:14pt\">The flying cloud, the frosty lights;<\/span><\/p><p style=\"text-align:justify;margin-top:0pt;padding-top:0;margin-bottom:10pt;padding-bottom:0;line-height:1.2;margin-left:108pt\"><span style=\"font-size:14pt\">The year is dying in the night,<\/span><\/p><p style=\"text-align:justify;margin-top:0pt;padding-top:0;margin-bottom:10pt;padding-bottom:0;line-height:1.2;margin-left:108pt\"><span style=\"font-size:14pt\">Ring out, wild bells, and let him die.\u201d<\/span><\/p><p style=\"text-align:justify;margin-top:0pt;padding-top:0;margin-bottom:10pt;padding-bottom:0;line-height:1.8\"><span style=\"font-size:14pt\">Sea, clingig\u00ed libh a chloig chaointe, n\u00f3 t\u00e1 an <\/span><span style=\"font-size:14pt\">tsean<\/span><span style=\"font-size:14pt\">bliain ag s\u00edothl\u00fa i l\u00e1r na ho\u00edche seo,  clingig\u00ed libh, agus lig di b\u00e1s d\u2019fh\u00e1il<\/span><span style=\"font-size:14pt\">.<\/span><span style=\"font-size:14pt\"> <\/span><span style=\"font-size:14pt\">Nuair a smaoin\u00edm fh\u00e9in ar an tr\u00e1th seo bliana, t\u00e9<\/span><span style=\"font-size:14pt\">ann mo chuimhne<\/span><span style=\"font-size:14pt\"> siar<\/span><span style=\"font-size:14pt\"> chuig an t\u00edr<\/span><span style=\"font-size:14pt\"> \u00fad<\/span><span style=\"font-size:14pt\"> a <\/span><span style=\"font-size:14pt\">sh\u00edneann \u00f3 \u201cChoc\u00e1n a\u2019 L\u00edne go dt\u00e9 t\u00fa go dt\u00ed an F\u00e1l M\u00f3r.\u201d  Smaoin\u00edm, <\/span><span style=\"font-size:14pt\">ar <\/span><span style=\"font-size:14pt\">p<\/span><span style=\"font-size:14pt\">h<\/span><span style=\"font-size:14pt\">\u00e1irceanna loma, sce<\/span><span style=\"font-size:14pt\">irdi\u00fala; coinl\u00edn\u00ed <\/span><span style=\"font-size:14pt\">geala <\/span><span style=\"font-size:14pt\">anseo, agus iomair\u00ed bainte san \u00e1it eile; linnte uisce thall, agus sraitheanna f\u00e9armhara abhus<\/span><span style=\"font-size:14pt\">, ach <\/span><span style=\"font-size:14pt\">b<\/span><span style=\"font-size:14pt\">h\u00ed<\/span><span style=\"font-size:14pt\"> chuile chos\u00falacht ar ch\u00farsa\u00ed, go raibh dian-saothr<\/span><span style=\"font-size:14pt\">\u00fa \u00e1 dh\u00e9anamh ar aon talamh cuir<\/span><span style=\"font-size:14pt\"> a bh\u00ed le f\u00e1il sna b\u00f3la\u00ed thart timpeall. Amuigh ar imeall na sp\u00e9ire, bh\u00ed na hoile\u00e1in feistithe go daingean i bhfarraige t\u00f3igthe, <\/span><span style=\"font-size:14pt\">g<\/span><span style=\"font-size:14pt\">h<\/span><span style=\"font-size:14pt\">arbh<\/span><span style=\"font-size:14pt\">.<\/span><span style=\"font-size:14pt\"> Sin iad na cuimhn\u00ed<\/span><span style=\"font-size:14pt\"> a ritheann isteach chugam<\/span><span style=\"font-size:14pt\"> ar thonn na cuimhne anois.<\/span><\/p><p style=\"text-align:center;margin-top:0pt;padding-top:0;margin-bottom:10pt;padding-bottom:0;line-height:1.8\"><strong><span style=\"font-size:18pt\">Sean<\/span><span style=\"font-size:18pt\">-n<\/span><span style=\"font-size:18pt\">\u00f3sanna<\/span><\/strong><\/p><p style=\"text-align:justify;margin-top:0pt;padding-top:0;margin-bottom:10pt;padding-bottom:0;line-height:1.8\"><span style=\"font-size:14pt\">Ag caint <\/span><span style=\"font-size:14pt\">ar na n\u00f3sanna a bh\u00ed coitianta in\u00e1<\/span><span style=\"font-size:14pt\">r measc ag an am&#8230;.<\/span><span style=\"font-size:14pt\">Bhuel! an t-am sin, th\u00e9adh roinnt mhaith de mhuintir na h\u00e1ite go hAlbain le fata\u00ed a phiocadh d\u2019fheirmeoir\u00ed m\u00f3ra na t\u00edr<\/span><span style=\"font-size:14pt\">e sin. N\u00ed g\u00e1 a r\u00e1 n\u00e1rbh<\/span><span style=\"font-size:14pt\"> \u00e9 saol an mhada bh\u00e1in a bh\u00edodh acu thall.  N\u00ed g\u00e1 ach Tubaiste \u201cKirkintulloch\u201d a lua, le sin a chur abhaile ar \u00e9inne <\/span><span style=\"font-size:14pt\">n\u00e1r<\/span><span style=\"font-size:14pt\"> chaith<\/span><span style=\"font-size:14pt\"> seal ina \u201cTatie Hoker\u201d thall. <\/span><span style=\"font-size:14pt\">Cloisimse f\u00f3s iad, mo dhaid agus a chomr\u00e1<\/span><span style=\"font-size:14pt\">daithe ag <\/span><span style=\"font-size:14pt\">sc\u00e9<\/span><span style=\"font-size:14pt\">ala\u00ed<\/span><span style=\"font-size:14pt\">ocht faoi na blianta a chaith siad thall<\/span><span style=\"font-size:14pt\">. Seo cupla v\u00e9<\/span><span style=\"font-size:14pt\">arsa a <\/span><span style=\"font-size:14pt\">scr\u00ed<\/span><span style=\"font-size:14pt\">obh<\/span><span style=\"font-size:14pt\"> m\u00e9,<\/span><span style=\"font-size:14pt\"> blianta<\/span><span style=\"font-size:14pt\"> fada \u00f3<\/span><span style=\"font-size:14pt\"> shoin<\/span><span style=\"font-size:14pt\">,<\/span><span style=\"font-size:14pt\"> faoin s<\/span><span style=\"font-size:14pt\">c\u00e9<\/span><span style=\"font-size:14pt\">alaiocht<\/span><span style=\"font-size:14pt\"> ch\u00e9anna<\/span><span style=\"font-size:14pt\"> sin&#8230;<\/span><\/p><p style=\"text-align:justify;margin-top:0pt;padding-top:0;margin-bottom:10pt;padding-bottom:0;line-height:1.2;margin-left:108pt\"><span style=\"font-size:14pt\">Cloisimse anocht iad ar leacracha mo chro\u00ed,<\/span><\/p><p style=\"text-align:justify;margin-top:0pt;padding-top:0;margin-bottom:10pt;padding-bottom:0;line-height:1.2;margin-left:108pt\"><span style=\"font-size:14pt\">Cuimhn\u00ed<\/span><span style=\"font-size:14pt\"> cinn ag rince, t<\/span><span style=\"font-size:14pt\">hr\u00e9<\/span><span style=\"font-size:14pt\">is bliant<\/span><span style=\"font-size:14pt\">a ina lu\u00ed<\/span><span style=\"font-size:14pt\">.<\/span><\/p><p style=\"text-align:justify;margin-top:0pt;padding-top:0;margin-bottom:10pt;padding-bottom:0;line-height:1.2;margin-left:108pt\"><span style=\"font-size:14pt\">First-footers agus Haggis, ba-toighthe do na Gaeil,<\/span><\/p><p style=\"text-align:justify;margin-top:0pt;padding-top:0;margin-bottom:10pt;padding-bottom:0;line-height:1.2;margin-left:108pt\"><span style=\"font-size:14pt\">Naav<\/span><span style=\"font-size:14pt\">a<\/span><span style=\"font-size:14pt\">ithe<\/span><span style=\"font-size:14pt\"> lena sluaiste,  \u00e1bhar d\u00e1in is sc\u00e9<\/span><span style=\"font-size:14pt\">il.<\/span><\/p><p style=\"text-align:justify;margin-top:0pt;padding-top:0;margin-bottom:10pt;padding-bottom:0;line-height:1.8\"><span style=\"font-size:14pt\">Minic a d\u2019fhanadh lucht pioctha na bpr\u00e1ta\u00ed thall ar feadh tr\u00e9imhe<\/span><span style=\"font-size:14pt\">,<\/span><span style=\"font-size:14pt\"> i ndiaidh d\u00f3ibh na <\/span><span style=\"font-size:14pt\">p<\/span><span style=\"font-size:14pt\">r\u00e1ta\u00ed a bheith pioctha acu<\/span><span style=\"font-size:14pt\"> agus bh\u00edd\u00eds in Albain mar sin don bhf\u00e9ile is m\u00f3 ag Albanai<\/span><span style=\"font-size:14pt\">gh, s\u00e9 sin, \u201cHogmaney\u201d,<\/span><span style=\"font-size:14pt\"> agus sa tsl\u00ed sin,<\/span><span style=\"font-size:14pt\"> phiocadar suas n\u00f3sanna Chinn B<\/span><span style=\"font-size:14pt\">liana na t\u00edre sin.  Chaith m\u2019ath<\/span><span style=\"font-size:14pt\">air roinnt mhaith blianta thall<\/span><span style=\"font-size:14pt\"> le linn a \u00f3ige, agus mar sin, n\u00edorbh aon ionadh go leagta\u00ed b\u00e9im faoi leith ar an \u201cHogmanay\u201d, sa teach s\u2019againne. Ba \u00e9 n\u00f3s an \u201cFirst Footer\u201d an ch\u00e9ad cheann de na n\u00f3sanna sin, a chuaigh i gcionn orm fh\u00e9in, agus m\u00e9 ag f\u00e1s an\u00edos thiar.  B\u2019in an n\u00f3s a bh\u00ed acu f\u00e1ilte faoi leith  a chur roimh an ch\u00e9ad fhear a bhuaileadh isteach thar thairseach chucu L\u00e1 Coille. Bhaineadh fir \u00f3ga <\/span><span style=\"font-size:14pt\">an-<\/span><span style=\"font-size:14pt\">leas as an n\u00f3s sin, agus th\u00e9id\u00eds timpeall an bhaile, sa chaoi go mb\u00edd\u00eds <\/span><span style=\"font-size:14pt\">\u2018<\/span><span style=\"font-size:14pt\">maith go leor<\/span><span style=\"font-size:14pt\">\u2019<\/span><span style=\"font-size:14pt\">, nuair bh\u00edodh c\u00farsa an bhaile tugtha acu<\/span><span style=\"font-size:14pt\">.<\/span><span style=\"font-size:14pt\"> <\/span><span style=\"font-size:14pt\">Bh\u00ed col c\u00faigir agam f<\/span><span style=\"font-size:14pt\">h\u00e9in, agus bh\u00ed a n\u00f3s fh\u00e9in <\/span><span style=\"font-size:14pt\">aige<\/span><span style=\"font-size:14pt\">sean le f\u00e1ilte a chur roimh an bhliain \u00far.  Bh\u00ed seanbhuid\u00e9al gan t\u00f3in aige, agus thart ar mhe\u00e1no\u00edche, thagadh s\u00e9 amach ag binn a th\u00ed agus sh\u00e9ideadh tr\u00ed rois chluaisphl\u00e9ascacha as, ag f\u00e1g\u00e1il sl\u00e1n ag an tseanbhli<\/span><span style=\"font-size:14pt\">ain, agus ag f\u00e1ilti\u00fa roimh an mb<\/span><span style=\"font-size:14pt\">l<\/span><span style=\"font-size:14pt\">i<\/span><span style=\"font-size:14pt\">ain \u00far, n\u00f3s adeireadh s\u00e9, a d\u2019fhoghlaim s\u00e9 le linn a \u00f3ige, agus nach raibh s\u00e9 de chro\u00ed aige an n\u00f3s c\u00e9anna sin a bhriseadh, ar feadh a shaoil uilig.  Bhain na n\u00f3sanna sin uilig le saol at\u00e1 caite, caointe, <\/span><span style=\"font-size:14pt\">agus <\/span><span style=\"font-size:14pt\">adhlactha, anois<\/span><span style=\"font-size:14pt\">.<\/span><\/p><p style=\"text-align:justify;margin-top:0pt;padding-top:0;margin-bottom:10pt;padding-bottom:0;line-height:1.8\"><span style=\"font-size:14pt\">Mar sin, ag tus na bliana 2015<\/span><span style=\"font-size:14pt\">, gu\u00edmse rath agus s\u00e9an <\/span><span style=\"font-size:14pt\">ar chuile dhuine agaibh.<\/span><span style=\"font-size:14pt\"> <\/span><\/p><p style=\"text-align:justify;margin-top:0pt;padding-top:0;margin-bottom:10pt;padding-bottom:0;line-height:1.8\"><span style=\"height:1em\"><span>.<\/span><\/span><\/p><p style=\"text-align:justify;margin-top:0pt;padding-top:0;margin-bottom:10pt;padding-bottom:0;line-height:1.8\"><span style=\"height:1em\"><span>.<\/span><\/span><\/p><p style=\"text-align:justify;margin-top:0pt;padding-top:0;margin-bottom:10pt;padding-bottom:0;line-height:1.8\"><span style=\"height:1em\"><span>.<\/span><\/span><\/p><p style=\"text-align:justify;margin-top:0pt;padding-top:0;margin-bottom:10pt;padding-bottom:0;line-height:2.4\"><span style=\"height:1em\"><span>.<\/span><\/span><\/p><p style=\"text-align:justify;margin-top:0pt;padding-top:0;margin-bottom:10pt;padding-bottom:0;line-height:2.4\"><span style=\"height:1em\"><span>.<\/span><\/span><\/p><p style=\"text-align:justify;margin-top:0pt;padding-top:0;margin-bottom:10pt;padding-bottom:0;line-height:2.4\"><span style=\"height:1em\"><span>.<\/span><\/span><\/p><p style=\"text-align:justify;margin-top:0pt;padding-top:0;margin-bottom:10pt;padding-bottom:0;line-height:2.4\">&nbsp;&nbsp;&nbsp;&nbsp;&nbsp;&nbsp;&nbsp;&nbsp;&nbsp;&nbsp;&nbsp;&nbsp;&nbsp;&nbsp;&nbsp;&nbsp;&nbsp;&nbsp;&nbsp;&nbsp;&nbsp;&nbsp;&nbsp;&nbsp;&nbsp;<span style=\"height:1em\"><span>.<\/span><\/span><\/p><p style=\"text-align:justify;margin-top:0pt;padding-top:0;margin-bottom:0pt;padding-bottom:0;line-height:1.8;font-size:12pt\"><span style=\"height:1em\"><span>.<\/span><\/span><\/p><p style=\"text-align:justify;margin-top:0pt;padding-top:0;margin-bottom:0pt;padding-bottom:0;line-height:1.8;font-size:12pt\"><span style=\"height:1em\"><span>.<\/span><\/span><\/p>","protected":false},"excerpt":{"rendered":"<p>Athbhliain faoi mhaise dhaoibh uilig. Peadar Bair\u00e9ad (Some thoughts about years past, and years to come) Bliain \u00far ina r\u00e1s chugainn! Is bre\u00e1 liom p\u00edosa a scr\u00edobh faoi bh\u00e1s na seanbhliana agus faoi bhreith na bliana \u00faire, agus ar ball ansin, p\u00edosa eile a scr\u00edobh faoi r\u00fain athbhliana. Agus na p\u00edosa\u00ed seo \u00e1 gcur i [&hellip;]<\/p>\n","protected":false},"author":2,"featured_media":13435,"comment_status":"open","ping_status":"open","sticky":false,"template":"","format":"standard","meta":{"nf_dc_page":"","_et_pb_use_builder":"","_et_pb_old_content":"","_et_gb_content_width":"","footnotes":""},"categories":[1],"tags":[],"class_list":["post-12093","post","type-post","status-publish","format-standard","has-post-thumbnail","hentry","category-gan-chatagoir"],"_links":{"self":[{"href":"https:\/\/mickgb.com\/ga\/wp-json\/wp\/v2\/posts\/12093","targetHints":{"allow":["GET"]}}],"collection":[{"href":"https:\/\/mickgb.com\/ga\/wp-json\/wp\/v2\/posts"}],"about":[{"href":"https:\/\/mickgb.com\/ga\/wp-json\/wp\/v2\/types\/post"}],"author":[{"embeddable":true,"href":"https:\/\/mickgb.com\/ga\/wp-json\/wp\/v2\/users\/2"}],"replies":[{"embeddable":true,"href":"https:\/\/mickgb.com\/ga\/wp-json\/wp\/v2\/comments?post=12093"}],"version-history":[{"count":1,"href":"https:\/\/mickgb.com\/ga\/wp-json\/wp\/v2\/posts\/12093\/revisions"}],"predecessor-version":[{"id":12094,"href":"https:\/\/mickgb.com\/ga\/wp-json\/wp\/v2\/posts\/12093\/revisions\/12094"}],"wp:featuredmedia":[{"embeddable":true,"href":"https:\/\/mickgb.com\/ga\/wp-json\/wp\/v2\/media\/13435"}],"wp:attachment":[{"href":"https:\/\/mickgb.com\/ga\/wp-json\/wp\/v2\/media?parent=12093"}],"wp:term":[{"taxonomy":"category","embeddable":true,"href":"https:\/\/mickgb.com\/ga\/wp-json\/wp\/v2\/categories?post=12093"},{"taxonomy":"post_tag","embeddable":true,"href":"https:\/\/mickgb.com\/ga\/wp-json\/wp\/v2\/tags?post=12093"}],"curies":[{"name":"wp","href":"https:\/\/api.w.org\/{rel}","templated":true}]}}