{"id":12125,"date":"2017-04-04T11:00:00","date_gmt":"2017-04-04T11:00:00","guid":{"rendered":"https:\/\/mickgb.com\/?p=12125"},"modified":"2024-04-08T01:08:53","modified_gmt":"2024-04-08T01:08:53","slug":"bhur-gcead-failte-isteach","status":"publish","type":"post","link":"https:\/\/mickgb.com\/ga\/bhur-gcead-failte-isteach\/","title":{"rendered":"Bhur gC\u00e9ad F\u00e1ilte isteach"},"content":{"rendered":"<p style=\"text-align:center;margin-top:0pt;padding-top:0;margin-bottom:10pt;padding-bottom:0;line-height:1.8\"><strong><span style=\"font-size:28pt\">Bhur g<\/span><span style=\"font-size:28pt\">C\u00e9ad F\u00e1ilte isteach<\/span><span style=\"font-size:28pt\">!<\/span><\/strong><\/p><p style=\"margin-top:0pt;padding-top:0;margin-bottom:10pt;padding-bottom:0;line-height:1.8\"><span style=\"font-size:14pt\">Peadar Bair\u00e9ad<\/span><\/p><p style=\"text-align:center;margin-top:0pt;padding-top:0;margin-bottom:10pt;padding-bottom:0;line-height:1.8\"><strong><span style=\"font-size:14pt\"><em>(This week we <\/em><\/span><span style=\"font-size:14pt\"><em>consider <\/em><\/span><span style=\"font-size:14pt\"><em>the Refugee problem, today, and tomorrow.)<\/em><\/span><\/strong><\/p><p style=\"text-align:center;margin-top:0pt;padding-top:0;margin-bottom:10pt;padding-bottom:0;line-height:1.8\"><span style=\"height:1em\"><span>.<\/span><\/span><\/p><p style=\"text-align:center;margin-top:0pt;padding-top:0;margin-bottom:10pt;padding-bottom:0;line-height:1.8\"><strong><span style=\"font-size:18pt\">Tearma<\/span><span style=\"font-size:18pt\">nn do Dh\u00ed<\/span><span style=\"font-size:18pt\">dea<\/span><span style=\"font-size:18pt\">naithe<\/span><\/strong><\/p><p style=\"text-align:justify;margin-top:0pt;padding-top:0;margin-bottom:10pt;padding-bottom:0;line-height:1.8\"><span style=\"font-size:14pt\">\u00d3 tharla go bhfuil sc\u00e9<\/span><span style=\"font-size:14pt\">al<\/span><span style=\"font-size:14pt\"> seo na ndi<\/span><span style=\"font-size:14pt\">deanai<\/span><span style=\"font-size:14pt\">the i mb\u00e9al gach \u00e9<\/span><span style=\"font-size:14pt\">inne<\/span><span style=\"font-size:14pt\">, tuigeadh dom, gur ch\u00f3<\/span><span style=\"font-size:14pt\">ir dom mo<\/span><span style=\"font-size:14pt\"> ladar fh\u00e9in a chur sa sc\u00e9<\/span><span style=\"font-size:14pt\">al<\/span><span style=\"font-size:14pt\"> freisin. T\u00e1<\/span><span style=\"font-size:14pt\"> an sao<\/span><span style=\"font-size:14pt\">l m\u00f3<\/span><span style=\"font-size:14pt\">r suaite ag ceist seo na n-imirceach<\/span><span style=\"font-size:14pt\">,<\/span><span style=\"font-size:14pt\"> <\/span><span style=\"font-size:14pt\">at\u00e1 faoi l\u00e1thair ag iarraidh f\u00e1il isteach i gcr\u00ed<\/span><span style=\"font-size:14pt\">ocha na hEorpa<\/span><span style=\"font-size:14pt\">, agus iad ag lorg tearmainn agus d\u00eddean \u00f3 chruatan, \u00f3 l\u00e9<\/span><span style=\"font-size:14pt\">irscrios<\/span><span style=\"font-size:14pt\">, agus \u00f3 gh\u00e9arlean\u00faint de shaghas amh\u00e1<\/span><span style=\"font-size:14pt\">in<\/span><span style=\"font-size:14pt\">, n\u00f3<\/span><span style=\"font-size:14pt\"> de shaghas eile<\/span><span style=\"font-size:14pt\">, ina dt\u00edr dh\u00fa<\/span><span style=\"font-size:14pt\">chais<\/span><span style=\"font-size:14pt\">. A<\/span><span style=\"font-size:14pt\">gus i meas<\/span><span style=\"font-size:14pt\">c na ndaoine seo go l\u00e9<\/span><span style=\"font-size:14pt\">ir<\/span><span style=\"font-size:14pt\">, t\u00e1<\/span><span style=\"font-size:14pt\"> sruth eile fre<\/span><span style=\"font-size:14pt\">isin de dhaoine a bhfuil saol n\u00edos fearr uathu, saol nach bhfuil f\u00e1il air ina dt\u00edortha fh\u00e9<\/span><span style=\"font-size:14pt\">in<\/span><span style=\"font-size:14pt\">. Shn\u00edgh an sruth daonna seo<\/span><span style=\"font-size:14pt\"> i dtreo na hEorpa<\/span><span style=\"font-size:14pt\">,<\/span><span style=\"font-size:14pt\"> ina nduine is<\/span><span style=\"font-size:14pt\"> ina nduine i<\/span><span style=\"font-size:14pt\"> <\/span><span style=\"font-size:14pt\">dtosach<\/span><span style=\"font-size:14pt\">,<\/span><span style=\"font-size:14pt\"> agus ansin<\/span><span style=\"font-size:14pt\">, ina sruth\u00e1<\/span><span style=\"font-size:14pt\">n caol<\/span><span style=\"font-size:14pt\">, f\u00e1<\/span><span style=\"font-size:14pt\">nach<\/span><span style=\"font-size:14pt\">, ach de r\u00e9ir a ch\u00e9<\/span><span style=\"font-size:14pt\">ile<\/span><span style=\"font-size:14pt\">,<\/span><span style=\"font-size:14pt\"> chuaigh<\/span><span style=\"font-size:14pt\"> an sruth\u00e1n sin i m\u00e9<\/span><span style=\"font-size:14pt\">ad<\/span><span style=\"font-size:14pt\">, agus faoi l\u00e1<\/span><span style=\"font-size:14pt\">thair<\/span><span style=\"font-size:14pt\">, t\u00e1 an sruth\u00e1<\/span><span style=\"font-size:14pt\">n sin<\/span><span style=\"font-size:14pt\"> ag  l\u00edonadh,<\/span><span style=\"font-size:14pt\"> <\/span><span style=\"font-size:14pt\"> <\/span><span style=\"font-size:14pt\">ina t<\/span><span style=\"font-size:14pt\">h<\/span><span style=\"font-size:14pt\">uile do-stoptha<\/span><span style=\"font-size:14pt\">, thar chr\u00ed<\/span><span style=\"font-size:14pt\">ocha na hEorpa i<\/span><span style=\"font-size:14pt\">steach. Tuigeadh i dtosach go bhf\u00e9adfa\u00ed<\/span><span style=\"font-size:14pt\"> an tuile sin a f<\/span><span style=\"font-size:14pt\">h\u00f3d\u00fa, ach d\u00e1 mh\u00e9<\/span><span style=\"font-size:14pt\">ad a d\u2019iarr na hEorpaigh<\/span><span style=\"font-size:14pt\"> sin a dh\u00e9anamh is ea ba mh\u00f3<\/span><span style=\"font-size:14pt\"> a neartaigh an tuile<\/span><span style=\"font-size:14pt\">, go dt\u00ed<\/span><span style=\"font-size:14pt\"> nach raibh an dara rogha acu<\/span><span style=\"font-size:14pt\"> ach<\/span><span style=\"font-size:14pt\"> g\u00e9<\/span><span style=\"font-size:14pt\">illeadh<\/span><span style=\"font-size:14pt\">, agus f\u00e1ilti\u00fa roimh an dtuile d\u00ed<\/span><span style=\"font-size:14pt\">dea<\/span><span style=\"font-size:14pt\">naithe c\u00e9<\/span><span style=\"font-size:14pt\">anna s<\/span><span style=\"font-size:14pt\">in. Anois, ba ch\u00f3ir a r\u00e1,<\/span><span style=\"font-size:14pt\"> nach r<\/span><span style=\"font-size:14pt\">aib<\/span><span style=\"font-size:14pt\">h chuile dhream Eorpach chomh f\u00e1<\/span><span style=\"font-size:14pt\">ilteach sin ar fad<\/span><span style=\"font-size:14pt\"> rompu<\/span><span style=\"font-size:14pt\">, n\u00f3 bh\u00ed corrth\u00edr a th\u00f3g falla\u00ed<\/span><span style=\"font-size:14pt\"> cosanta<\/span><span style=\"font-size:14pt\">,<\/span><span style=\"font-size:14pt\"> leis an dtuile sin a stopadh<\/span><span style=\"font-size:14pt\">. <\/span><\/p><p style=\"text-align:center;margin-top:0pt;padding-top:0;margin-bottom:10pt;padding-bottom:0;line-height:1.8\"><strong><span style=\"font-size:18pt\">\u2018<\/span><span style=\"font-size:18pt\">Fair <\/span><span style=\"font-size:18pt\">Play\u2019 dAingeal na Gearm\u00e1ine<\/span><\/strong><\/p><p style=\"text-align:justify;margin-top:0pt;padding-top:0;margin-bottom:10pt;padding-bottom:0;line-height:1.8\"><span style=\"font-size:14pt\">Sea, agus<\/span><span style=\"font-size:14pt\"> \u2018Fair Play\u2019 d\u2019Aingeal na Gearm\u00e1ine, n\u00f3<\/span><span style=\"font-size:14pt\"> b\u2019ise a thug an dea<\/span><span style=\"font-size:14pt\">-shampla d\u00fainn uilig a ch\u00e9aduair, nuair a d\u00fairt s\u00ed, go raibh an<\/span><span style=\"font-size:14pt\"> Ghearm\u00e1in ullamh le 800,000 d\u00ed<\/span><span style=\"font-size:14pt\">deana\u00ed<\/span><span style=\"font-size:14pt\"> a lig<\/span><span style=\"font-size:14pt\">ean isteach thar theorainn na t\u00ed<\/span><span style=\"font-size:14pt\">re sin<\/span><span style=\"font-size:14pt\">,<\/span><span style=\"font-size:14pt\"> roimh dheireadh na bliana seo 2015<\/span><span style=\"font-size:14pt\">, <\/span><span style=\"font-size:14pt\">c\u00e9 gur admhaigh s\u00ed<\/span><span style=\"font-size:14pt\"> freisin<\/span><span style=\"font-size:14pt\">,<\/span><span style=\"font-size:14pt\"> go nd<\/span><span style=\"font-size:14pt\">\u00e9anfadh<\/span><span style=\"font-size:14pt\"> sin a<\/span><span style=\"font-size:14pt\"> <\/span><span style=\"font-size:14pt\">dt\u00edr dh\u00fachais a athr\u00fa \u00f3<\/span><span style=\"font-size:14pt\"> bhon<\/span><span style=\"font-size:14pt\">n<\/span><span style=\"font-size:14pt\">. <\/span><span style=\"font-size:14pt\">Ba ghearr ina dh<\/span><span style=\"font-size:14pt\">iaidh sin<\/span><span style=\"font-size:14pt\"> gur shocraig<\/span><span style=\"font-size:14pt\">h an Rialtas s\u2019againne go mbeadh muidinne<\/span><span style=\"font-size:14pt\"> s\u00e1<\/span><span style=\"font-size:14pt\">sta glacadh le <\/span><span style=\"font-size:14pt\">ceithre mh\u00edle d\u00eddeana\u00ed,<\/span><span style=\"font-size:14pt\"> roimh dheire<\/span><span style=\"font-size:14pt\">adh na bliana reatha. Agus anois<\/span><span style=\"font-size:14pt\">,<\/span><span style=\"font-size:14pt\"> is b<\/span><span style=\"font-size:14pt\">eag t\u00ed<\/span><span style=\"font-size:14pt\">r san Eoraip<\/span><span style=\"font-size:14pt\">, nach bhfuil ullamh a cion fh\u00e9in a dh\u00e9<\/span><span style=\"font-size:14pt\">anamh<\/span><span style=\"font-size:14pt\">,<\/span><span style=\"font-size:14pt\"> le freastal ar an rabharta daonna <\/span><span style=\"font-size:14pt\">seo at\u00e1 ag l\u00ed<\/span><span style=\"font-size:14pt\">onadh isteach <\/span><span style=\"font-size:14pt\">th<\/span><span style=\"font-size:14pt\">ar chr\u00ed<\/span><span style=\"font-size:14pt\">ocha na hEorpa<\/span><span style=\"font-size:14pt\">, i l\u00e1<\/span><span style=\"font-size:14pt\">thair na huai<\/span><span style=\"font-size:14pt\">re seo, agus leis an sc\u00e9al a dh\u00e9anamh n\u00edos dofhuascailte f\u00f3<\/span><span style=\"font-size:14pt\">s,<\/span><span style=\"font-size:14pt\"> tuigtear <\/span><span style=\"font-size:14pt\">anois <\/span><span style=\"font-size:14pt\">nach n-\u00ed<\/span><span style=\"font-size:14pt\">sleoidh an rabharta c<\/span><span style=\"font-size:14pt\">\u00e9anna sin go ceann i bhfad f\u00f3<\/span><span style=\"font-size:14pt\">s.<\/span><span style=\"font-size:14pt\"> <\/span><span style=\"font-size:14pt\">Tuigeadh cheana, <\/span><span style=\"font-size:14pt\">go raibh ce<\/span><span style=\"font-size:14pt\">art dosh\u00e9anta ag chuile th\u00edr a shocr\u00fa c\u00e9 ligf\u00ed<\/span><span style=\"font-size:14pt\"> isteach <\/span><span style=\"font-size:14pt\">chun c\u00f3naithe taobh istigh d\u00e1<\/span><span style=\"font-size:14pt\"> gc<\/span><span style=\"font-size:14pt\">r\u00ed<\/span><span style=\"font-size:14pt\">ocha.<\/span><span style=\"font-size:14pt\"> N\u00ed mar sin at\u00e1<\/span><span style=\"font-size:14pt\"> anois<\/span><span style=\"font-size:14pt\">, n\u00f3<\/span><span style=\"font-size:14pt\"> shocraigh an tAontas<\/span><span style=\"font-size:14pt\"> Eorpach go mbeadh ar chuile th\u00edr san Aontas oiread \u00e1irithe d\u00eddeanaithe a ghlacadh le d\u00eddean a thabhairt d\u00f3<\/span><span style=\"font-size:14pt\">ibh chomh <\/span><span style=\"font-size:14pt\">fada is a bheadh siad i mbaol d\u00e1 bhfillfeadh siad ar a gcr\u00edocha fh\u00e9<\/span><span style=\"font-size:14pt\">in.<\/span><span style=\"font-size:14pt\"> N\u00ed f\u00e9idir a sh\u00e9<\/span><span style=\"font-size:14pt\">anadh<\/span><span style=\"font-size:14pt\">,<\/span><span style=\"font-size:14pt\"> go bhfuil<\/span><span style=\"font-size:14pt\"> <\/span><span style=\"font-size:14pt\">g<\/span><span style=\"font-size:14pt\">\u00e1 le polasa\u00ed d\u00e1 leith\u00e9<\/span><span style=\"font-size:14pt\">id<\/span><span style=\"font-size:14pt\">, i gcomhth\u00e9acs na g\u00e9irch\u00e9ime at\u00e1 i r\u00e9<\/span><span style=\"font-size:14pt\">im<\/span><span style=\"font-size:14pt\">, i l\u00e1<\/span><span style=\"font-size:14pt\">thai<\/span><span style=\"font-size:14pt\">r na huaire seo i stair chin\u00ed<\/span><span style=\"font-size:14pt\">och<\/span><span style=\"font-size:14pt\">a \u00e1<\/span><span style=\"font-size:14pt\">irithe.<\/span><\/p><p style=\"text-align:justify;margin-top:0pt;padding-top:0;margin-bottom:10pt;padding-bottom:0;line-height:1.8\"><span style=\"font-size:14pt\">N\u00ed f\u00e9idir a sh\u00e9<\/span><span style=\"font-size:14pt\">anadh<\/span><span style=\"font-size:14pt\">,<\/span><span style=\"font-size:14pt\"> ach oiread<\/span><span style=\"font-size:14pt\">,<\/span><span style=\"font-size:14pt\"> go m<\/span><span style=\"font-size:14pt\">beidh costas ollmh\u00f3r ag baint le polasa\u00ed d\u00e1 leith\u00e9id, n\u00f3<\/span><span style=\"font-size:14pt\"> <\/span><span style=\"font-size:14pt\">caithfear oideachas a chur ar f\u00e1il d\u00f3ibh, agus seirbh\u00eds\u00ed<\/span><span style=\"font-size:14pt\"> leighis<\/span><span style=\"font-size:14pt\"> <\/span><span style=\"font-size:14pt\">agus eile, <\/span><span style=\"font-size:14pt\">freisin, agus caithfear chuile iarracht a dh\u00e9<\/span><span style=\"font-size:14pt\">anamh len iad <\/span><span style=\"font-size:14pt\">a ghlacadh isteach mar bhaill d\u00e1 bpobail nua. Smaoinigh ar ph\u00e1<\/span><span style=\"font-size:14pt\">is<\/span><span style=\"font-size:14pt\">ti na ndideanaithe sin.<\/span><span style=\"font-size:14pt\"> Caithf<\/span><span style=\"font-size:14pt\">ear cur ar a gcumas teanga na t\u00ed<\/span><span style=\"font-size:14pt\">re<\/span><span style=\"font-size:14pt\"> nua<\/span><span style=\"font-size:14pt\"> <\/span><span style=\"font-size:14pt\">sin a fhoghlaim,<\/span><span style=\"font-size:14pt\"> agus caithf<\/span><span style=\"font-size:14pt\">ear ranganna teanga a chur ar f\u00e1il d\u00e1 dtuist\u00ed<\/span><span style=\"font-size:14pt\"> freisin<\/span><span style=\"font-size:14pt\">, m\u00e1s<\/span><span style=\"font-size:14pt\"> uainn <\/span><span style=\"font-size:14pt\">iad a ghlacadh isteach, go hioml\u00e1<\/span><span style=\"font-size:14pt\">n<\/span><span style=\"font-size:14pt\">, ina bpobail nua. M\u00e1 dh\u00e9antar na seirbh\u00eds\u00ed sin a chur ar f\u00e1il go ciallmhar d\u00f3ibh, beidh ar a gcumas ansin p\u00e1irt g<\/span><span style=\"font-size:14pt\">h<\/span><span style=\"font-size:14pt\">n\u00ed<\/span><span style=\"font-size:14pt\">omhach a ghlacadh sna t\u00edortha a thug d\u00eddean d\u00f3ibh. Ar an dtaobh eile den sc\u00e9<\/span><span style=\"font-size:14pt\">al<\/span><span style=\"font-size:14pt\">,<\/span><span style=\"font-size:14pt\"> be<\/span><span style=\"font-size:14pt\">idh d\u00eddeanaithe <\/span><span style=\"font-size:14pt\">\u00e1irithe me\u00e1ite ar fhilleadh ar th\u00edr a nd\u00fa<\/span><span style=\"font-size:14pt\">chais<\/span><span style=\"font-size:14pt\">, chomh luath is a bheidh an t\u00edr sin fillte ar bheala\u00ed na s\u00edoch\u00e1na ar\u00ed<\/span><span style=\"font-size:14pt\">s.<\/span><\/p><p style=\"text-align:center;margin-top:0pt;padding-top:0;margin-bottom:10pt;padding-bottom:0;line-height:1.8\"><strong><span style=\"font-size:18pt\">Comhar na N\u00e1isi\u00fan Aontaithe<\/span><\/strong><\/p><p style=\"text-align:justify;margin-top:0pt;padding-top:0;margin-bottom:10pt;padding-bottom:0;line-height:1.8\"><span style=\"font-size:14pt\">Ba ch\u00f3<\/span><span style=\"font-size:14pt\">ir dom a lua anseo<\/span><span style=\"font-size:14pt\">,<\/span><span style=\"font-size:14pt\"> nach fadhb<\/span><span style=\"font-size:14pt\"> Eorpach amh\u00e1in at\u00e1 idir cham\u00e1in againn anseo. N\u00ed<\/span><span style=\"font-size:14pt\"> hea, mh\u2019<\/span><span style=\"font-size:14pt\">anam! Fadhb Domhanda at\u00e1 d\u00fa<\/span><span style=\"font-size:14pt\">isithe<\/span><span style=\"font-size:14pt\"> <\/span><span style=\"font-size:14pt\">anseo<\/span><span style=\"font-size:14pt\"> againn<\/span><span style=\"font-size:14pt\">, agus d\u00e1<\/span><span style=\"font-size:14pt\"> bharr sin<\/span><span style=\"font-size:14pt\">, bheadh muid ag s\u00fail go dtiocfadh cin\u00ed<\/span><span style=\"font-size:14pt\">ocha an d<\/span><span style=\"font-size:14pt\">omhain uilig i gcabhair ar na d\u00eddeanaithe seo<\/span><span style=\"font-size:14pt\">. Anois an <\/span><span style=\"font-size:14pt\">t-am le n\u00e1isi\u00fain an tsaoil mh\u00f3<\/span><span style=\"font-size:14pt\">ir <\/span><span style=\"font-size:14pt\">\u2018<\/span><span style=\"font-size:14pt\">bheith istigh<\/span><span style=\"font-size:14pt\">\u2019 a thabhairt do na cr\u00e9at\u00fa<\/span><span style=\"font-size:14pt\">ir bhochta seo<\/span><span style=\"font-size:14pt\">, a bhfuil orthu \u00e9al\u00f3 \u00f3 bhaol, \u00f3<\/span><span style=\"font-size:14pt\"> leatrom, a<\/span><span style=\"font-size:14pt\">gus \u00f3<\/span><span style=\"font-size:14pt\"> ghorta. <\/span><span style=\"font-size:14pt\"> Sea, agus ba ch\u00f3ir<\/span><span style=\"font-size:14pt\"> freisin<\/span><span style=\"font-size:14pt\">, chuile iarracht a dh\u00e9<\/span><span style=\"font-size:14pt\">anamh<\/span><span style=\"font-size:14pt\">, ar a dt\u00edortha d\u00fa<\/span><span style=\"font-size:14pt\">chais a mhealladh ar ais ar b<\/span><span style=\"font-size:14pt\">eala\u00ed<\/span><span style=\"font-size:14pt\"> na s\u00edoch\u00e1<\/span><span style=\"font-size:14pt\">na<\/span><span style=\"font-size:14pt\"> ar\u00ed<\/span><span style=\"font-size:14pt\">s, <\/span><span style=\"font-size:14pt\">sa chaoi go bhf\u00e1ilteoidh siad roimh na d\u00ed<\/span><span style=\"font-size:14pt\">deanaithe sin a d\u2019<\/span><span style=\"font-size:14pt\">\u00e9<\/span><span style=\"font-size:14pt\">alaigh<\/span><span style=\"font-size:14pt\">,<\/span><span style=\"font-size:14pt\"> go drogallach uathu<\/span><span style=\"font-size:14pt\">, nuair a chonacthas d\u00f3<\/span><span style=\"font-size:14pt\">ibh<\/span><span style=\"font-size:14pt\">, go mbeadh siad i mbaol a mb\u00e1is d\u00e1 bhfanfaid\u00ed<\/span><span style=\"font-size:14pt\">s.<\/span><span style=\"font-size:14pt\"> Anois an t-am le Comhar na N\u00e1isi\u00fan Aontaithe a bhun\u00fa,<\/span><span style=\"font-size:14pt\"> le fadhb <\/span><span style=\"font-size:14pt\">seo na nd\u00ed<\/span><span style=\"font-size:14pt\">deanaithe a fhuascailt.<\/span><span style=\"font-size:14pt\"> <\/span><\/p>","protected":false},"excerpt":{"rendered":"<p>Bhur gC\u00e9ad F\u00e1ilte isteach! Peadar Bair\u00e9ad (This week we consider the Refugee problem, today, and tomorrow.) . Tearmann do Dh\u00eddeanaithe \u00d3 tharla go bhfuil sc\u00e9al seo na ndideanaithe i mb\u00e9al gach \u00e9inne, tuigeadh dom, gur ch\u00f3ir dom mo ladar fh\u00e9in a chur sa sc\u00e9al freisin. T\u00e1 an saol m\u00f3r suaite ag ceist seo na n-imirceach, [&hellip;]<\/p>\n","protected":false},"author":2,"featured_media":13435,"comment_status":"open","ping_status":"open","sticky":false,"template":"","format":"standard","meta":{"nf_dc_page":"","_et_pb_use_builder":"","_et_pb_old_content":"","_et_gb_content_width":"","footnotes":""},"categories":[1],"tags":[],"class_list":["post-12125","post","type-post","status-publish","format-standard","has-post-thumbnail","hentry","category-gan-chatagoir"],"_links":{"self":[{"href":"https:\/\/mickgb.com\/ga\/wp-json\/wp\/v2\/posts\/12125","targetHints":{"allow":["GET"]}}],"collection":[{"href":"https:\/\/mickgb.com\/ga\/wp-json\/wp\/v2\/posts"}],"about":[{"href":"https:\/\/mickgb.com\/ga\/wp-json\/wp\/v2\/types\/post"}],"author":[{"embeddable":true,"href":"https:\/\/mickgb.com\/ga\/wp-json\/wp\/v2\/users\/2"}],"replies":[{"embeddable":true,"href":"https:\/\/mickgb.com\/ga\/wp-json\/wp\/v2\/comments?post=12125"}],"version-history":[{"count":1,"href":"https:\/\/mickgb.com\/ga\/wp-json\/wp\/v2\/posts\/12125\/revisions"}],"predecessor-version":[{"id":12126,"href":"https:\/\/mickgb.com\/ga\/wp-json\/wp\/v2\/posts\/12125\/revisions\/12126"}],"wp:featuredmedia":[{"embeddable":true,"href":"https:\/\/mickgb.com\/ga\/wp-json\/wp\/v2\/media\/13435"}],"wp:attachment":[{"href":"https:\/\/mickgb.com\/ga\/wp-json\/wp\/v2\/media?parent=12125"}],"wp:term":[{"taxonomy":"category","embeddable":true,"href":"https:\/\/mickgb.com\/ga\/wp-json\/wp\/v2\/categories?post=12125"},{"taxonomy":"post_tag","embeddable":true,"href":"https:\/\/mickgb.com\/ga\/wp-json\/wp\/v2\/tags?post=12125"}],"curies":[{"name":"wp","href":"https:\/\/api.w.org\/{rel}","templated":true}]}}