{"id":12133,"date":"2017-04-04T11:00:00","date_gmt":"2017-04-04T11:00:00","guid":{"rendered":"https:\/\/mickgb.com\/?p=12133"},"modified":"2024-04-08T01:15:11","modified_gmt":"2024-04-08T01:15:11","slug":"bliain-na-comhdhala-eochairisti","status":"publish","type":"post","link":"https:\/\/mickgb.com\/ga\/bliain-na-comhdhala-eochairisti\/","title":{"rendered":"Bliain na Comhdhala Eochairist\u00ed"},"content":{"rendered":"<h1 style=\"text-align:center;margin-top:0pt;padding-top:0;margin-bottom:0pt;padding-bottom:0;line-height:2.4;font-weight:bold;font-size:18pt\"><span style=\"font-size:24pt\">N\u00e1isi\u00fan ag \u00e9ir\u00ed as a shuan<\/span><\/h1><p style=\"margin-top:0pt;padding-top:0;margin-bottom:0pt;padding-bottom:0;line-height:2.4;font-size:14pt\">Peadar Bair\u00e9ad<\/p><p style=\"text-align:justify;margin-top:0pt;padding-top:0;margin-bottom:0pt;padding-bottom:0;line-height:2.4;font-size:14pt\">T\u00e1 cuimhne mhaith agam f\u00f3s ar an mbliain 1932. Bh\u00ed an St\u00e1t s\u2019againne f\u00f3s ina \u00f3ige. Bh\u00ed corra\u00edl dra\u00edochta san aer, agus borradh \u00far ag teacht in anam, agus in aigne, an n\u00e1isi\u00fain. Bh\u00ed c\u00f3na\u00ed orm fh\u00e9in in Iorras na nIontas, thiar i gContae Mhaigh Eo, ag an am, agus thabharfadh duine ar bith faoi deara, go raibh meisce na saoirse f\u00f3s ag coipeadh i bhfuil agus i bhfeoil na cosmhuintire. N\u00e1 ceap anois, go raibh saol an mhadaidh bh\u00e1in f\u00f3s curtha in \u00e1irithe d\u00e1r muintir. B\u2019fhada uainn an saol \u00dat\u00f3ipeach sin f\u00f3s, n\u00f3 n\u00ed raibh acu ach \u00f3n l\u00e1imh go dt\u00ed an b\u00e9al, agus Conch\u00far M\u00f3r sa ch\u00fainne ag a mbun\u00fas f\u00f3s. Ach bh\u00ed d\u00f3chas ina gcro\u00ed istigh acu go raibh an Geimhreadh thart. <\/p><h1 style=\"text-align:center;margin-top:0pt;padding-top:0;margin-bottom:0pt;padding-bottom:0;line-height:2.4;font-weight:bold;font-size:18pt\">Ag ceili\u00faradh theacht na Cr\u00edosta\u00edochta<\/h1><p style=\"text-align:justify;margin-top:0pt;padding-top:0;margin-bottom:0pt;padding-bottom:0;line-height:2.4\"><span style=\"font-size:14pt\">Ar scoil d\u00fainn, rinne ar m\u00fainteoir, In\u00edon N\u00ed Choinn, chuile iarracht ar shol\u00fantacht na h\u00f3c\u00e1ide a chur i dtuiscint d\u00fainn. Sea, agus thugadh s\u00ed sinn ar thurasanna chuig Theach Phobail an Gheata Mh\u00f3ir, agus mh\u00edn\u00edodh s\u00ed d\u00fainn, t\u00e1bhacht an cheili\u00fartha a bh\u00ed ar si\u00fal i dt\u00edr seo na h\u00c9ireann, ag an am. Mh\u00ednigh s\u00ed, go raibh muid ag ceili\u00faradh theacht na Cr\u00edosta\u00edochta chun na t\u00edre seo, c\u00faig ch\u00e9ad d\u00e9ag bliain roimhe sin, n\u00f3 n\u00e1r th\u00e1inig P\u00e1draig Mac Calprainn fh\u00e9in chugainn, leis an gCr\u00edosta\u00edocht a chraoibhscaoileadh an<\/span><span style=\"font-size:14pt\">seo in \u00e1r measc, sa bhliain 432 AD. Thuig s\u00ed, nach mbeadh a chomhmhaith de cheili\u00faradh againn sa <\/span><span style=\"font-size:14pt\">t\u00edr seo ar\u00eds go dt\u00ed an bhliain 2032, agus chuile sheans, d\u00e1r lei, nach mbeadh sise, n\u00f3 sinne, p\u00e1irteach sa cheili\u00faradh sin. <\/span><\/p><h1 style=\"text-align:center;margin-top:0pt;padding-top:0;margin-bottom:0pt;padding-bottom:0;line-height:2.4;font-weight:bold;font-size:18pt\">Bratacha ar foluain<\/h1><p style=\"text-align:justify;margin-top:0pt;padding-top:0;margin-bottom:0pt;padding-bottom:0;line-height:2.4\"><span style=\"font-size:14pt\">Is cuimhin liom freisin, gur mhol an sagart par\u00e1iste d\u00e1 phobal, bratacha N\u00e1isi\u00fanta agus bratacha an Ph\u00e1pa a fh\u00e1il agus a chur in airde ar shimn\u00e9ithe a dtithe, leis an \u00f3c\u00e1id stairi\u00fail sin a cheili\u00faradh. Sea, agus rinneadar rud air freisin, agus geallaimse dhuit \u00e9 gur ghal\u00e1nta, chorraitheach, an radharc \u00e9, breathn\u00fa ar na bhratacha sin, ar foluain le gaoith, os cionn shimn\u00e9ithe na dtithe aoldaite, ceanntu\u00ed, agus iad ag seoladh go br\u00f3d\u00fail \u00f3 cheann ceann an bhaile, faoi mar ba chabhlach mara iad. Sin iad na cui<\/span><span style=\"font-size:14pt\">mhn\u00ed a rith liom, an l\u00e1 cheana, nuair a chuala m\u00e9 go rabhthas le Comhdh\u00e1il Eochairisteach a thion\u00f3l i dt\u00edr seo na h\u00c9ireann ar\u00eds, sa bhliain 2012, le cuimhne cheithre sc\u00f3r bliain Chomhdh\u00e1il 1932, a chom\u00f3radh. Ba ansin a tuigeadh dom, go raibh breall ar In\u00edon N\u00ed Choinn, agus nach mbeadh orainn fanacht c\u00e9ad bliain don ch\u00e9ad cheili\u00faradh eile. Sea, is fada liom uaim \u00e9 an ceili\u00faradh c\u00e9anna sin, n\u00f3 ba bhre\u00e1 liom meisce dhra\u00edochta na Comhdh\u00e1la Eochairist\u00ed a bhlaiseadh athuair. <\/span><\/p><p style=\"text-align:center;margin-top:0pt;padding-top:0;margin-bottom:0pt;padding-bottom:0;line-height:2.4\"><span style=\"height:1em\"><span>.<\/span><\/span><\/p>","protected":false},"excerpt":{"rendered":"<p>N\u00e1isi\u00fan ag \u00e9ir\u00ed as a shuan Peadar Bair\u00e9ad T\u00e1 cuimhne mhaith agam f\u00f3s ar an mbliain 1932. Bh\u00ed an St\u00e1t s\u2019againne f\u00f3s ina \u00f3ige. Bh\u00ed corra\u00edl dra\u00edochta san aer, agus borradh \u00far ag teacht in anam, agus in aigne, an n\u00e1isi\u00fain. Bh\u00ed c\u00f3na\u00ed orm fh\u00e9in in Iorras na nIontas, thiar i gContae Mhaigh Eo, ag [&hellip;]<\/p>\n","protected":false},"author":2,"featured_media":13435,"comment_status":"open","ping_status":"open","sticky":false,"template":"","format":"standard","meta":{"nf_dc_page":"","_et_pb_use_builder":"","_et_pb_old_content":"","_et_gb_content_width":"","footnotes":""},"categories":[1],"tags":[],"class_list":["post-12133","post","type-post","status-publish","format-standard","has-post-thumbnail","hentry","category-gan-chatagoir"],"_links":{"self":[{"href":"https:\/\/mickgb.com\/ga\/wp-json\/wp\/v2\/posts\/12133","targetHints":{"allow":["GET"]}}],"collection":[{"href":"https:\/\/mickgb.com\/ga\/wp-json\/wp\/v2\/posts"}],"about":[{"href":"https:\/\/mickgb.com\/ga\/wp-json\/wp\/v2\/types\/post"}],"author":[{"embeddable":true,"href":"https:\/\/mickgb.com\/ga\/wp-json\/wp\/v2\/users\/2"}],"replies":[{"embeddable":true,"href":"https:\/\/mickgb.com\/ga\/wp-json\/wp\/v2\/comments?post=12133"}],"version-history":[{"count":1,"href":"https:\/\/mickgb.com\/ga\/wp-json\/wp\/v2\/posts\/12133\/revisions"}],"predecessor-version":[{"id":12134,"href":"https:\/\/mickgb.com\/ga\/wp-json\/wp\/v2\/posts\/12133\/revisions\/12134"}],"wp:featuredmedia":[{"embeddable":true,"href":"https:\/\/mickgb.com\/ga\/wp-json\/wp\/v2\/media\/13435"}],"wp:attachment":[{"href":"https:\/\/mickgb.com\/ga\/wp-json\/wp\/v2\/media?parent=12133"}],"wp:term":[{"taxonomy":"category","embeddable":true,"href":"https:\/\/mickgb.com\/ga\/wp-json\/wp\/v2\/categories?post=12133"},{"taxonomy":"post_tag","embeddable":true,"href":"https:\/\/mickgb.com\/ga\/wp-json\/wp\/v2\/tags?post=12133"}],"curies":[{"name":"wp","href":"https:\/\/api.w.org\/{rel}","templated":true}]}}