{"id":12203,"date":"2017-04-04T11:00:00","date_gmt":"2017-04-04T11:00:00","guid":{"rendered":"https:\/\/mickgb.com\/?p=12203"},"modified":"2024-04-08T01:25:09","modified_gmt":"2024-04-08T01:25:09","slug":"ceiliuradh-thiar-1","status":"publish","type":"post","link":"https:\/\/mickgb.com\/ga\/ceiliuradh-thiar-1\/","title":{"rendered":"Ceili\u00faradh Thiar  1."},"content":{"rendered":"<p style=\"text-align:center;margin-top:0pt;padding-top:0;margin-bottom:10pt;padding-bottom:0;line-height:1.8\"><strong><span style=\"font-size:28pt\">Ceili\u00faradh Thiar<\/span><span style=\"font-size:28pt\">   1<\/span><\/strong><\/p><p style=\"margin-top:0pt;padding-top:0;margin-bottom:10pt;padding-bottom:0;line-height:1.8\"><span style=\"font-size:14pt\">Peadar Bair\u00e9ad<\/span><\/p><p style=\"text-align:center;margin-top:0pt;padding-top:0;margin-bottom:10pt;padding-bottom:0;line-height:1.8\"><span style=\"font-size:14pt\">(<\/span><strong><span style=\"font-size:14pt\"><em>This week I write<\/em><\/span><span style=\"font-size:14pt\"><em> about a recent trip west<\/em><\/span><\/strong><span style=\"font-size:14pt\">)<\/span><\/p><p style=\"margin-top:0pt;padding-top:0;margin-bottom:10pt;padding-bottom:0;line-height:1.8;margin-left:108pt\"><span style=\"height:1em\"><span>.<\/span><\/span><\/p><p style=\"margin-top:0pt;padding-top:0;margin-bottom:10pt;padding-bottom:0;line-height:1.8;margin-left:108pt\"><span style=\"font-size:14pt\">\u201c<\/span><span style=\"font-size:14pt\">Is d<\/span><span style=\"font-size:14pt\">\u00e1 mbeinnse<\/span><span style=\"font-size:14pt\"> i<\/span><span style=\"font-size:14pt\"> mo sheasamh <\/span><\/p><p style=\"margin-top:0pt;padding-top:0;margin-bottom:10pt;padding-bottom:0;line-height:1.8;margin-left:108pt\"><span style=\"font-size:14pt\">I<\/span><span style=\"font-size:14pt\"> gceartl\u00e1r mo dhaoine<\/span><span style=\"font-size:14pt\">,<\/span><\/p><p style=\"margin-top:0pt;padding-top:0;margin-bottom:10pt;padding-bottom:0;line-height:1.8;margin-left:108pt\"><span style=\"font-size:14pt\">D\u2019imeodh an aois d\u00edom<\/span><\/p><p style=\"margin-top:0pt;padding-top:0;margin-bottom:10pt;padding-bottom:0;line-height:1.8;margin-left:108pt\"><span style=\"font-size:14pt\"> is bheinn ar\u00eds \u00f3g.\u201d<\/span><\/p><p style=\"text-align:center;margin-top:0pt;padding-top:0;margin-bottom:10pt;padding-bottom:0;line-height:1.8\"><strong><span style=\"font-size:18pt\">\u00d3caid\u00ed le ceili\u00faradh<\/span><\/strong><\/p><p style=\"text-align:justify;margin-top:0pt;padding-top:0;margin-bottom:10pt;padding-bottom:0;line-height:1.8\"><span style=\"height:1em\"><span>.<\/span><\/span><\/p><p style=\"text-align:justify;margin-top:0pt;padding-top:0;margin-bottom:10pt;padding-bottom:0;line-height:1.8\"><span style=\"font-size:14pt\">Tharla, a<\/span><span style=\"font-size:14pt\">r na mallaibh, go raibh roinnt \u00e1irithe \u00f3c\u00e1id\u00ed le ceili\u00fa<\/span><span style=\"font-size:14pt\">radh <\/span><span style=\"font-size:14pt\">ag an gclann s\u2019<\/span><span style=\"font-size:14pt\">againne<\/span><span style=\"font-size:14pt\">,<\/span><span style=\"font-size:14pt\"> agus in ionadh <\/span><span style=\"font-size:14pt\">iad a cheili\u00fa<\/span><span style=\"font-size:14pt\">radh anseo, ag b<\/span><span style=\"font-size:14pt\">aile, i gCill Chainnigh, shocra\u00ed<\/span><span style=\"font-size:14pt\">omar ar g<\/span><span style=\"font-size:14pt\">h<\/span><span style=\"font-size:14pt\">e\u00e1<\/span><span style=\"font-size:14pt\">b<\/span><span style=\"font-size:14pt\">h a thabhairt siar go Connachta agus an ceili\u00faradh a dh\u00e9anamh ansin. <\/span><\/p><p style=\"text-align:justify;margin-top:0pt;padding-top:0;margin-bottom:10pt;padding-bottom:0;line-height:1.8\"><span style=\"font-size:14pt\">C\u00e9ard a bh\u00ed le ceili\u00fa<\/span><span style=\"font-size:14pt\">radh againn, an ea?<\/span><\/p><p style=\"text-align:justify;margin-top:0pt;padding-top:0;margin-bottom:10pt;padding-bottom:0;line-height:1.8\"><span style=\"font-size:14pt\">Bhuel! Bh\u00ed breithl\u00e1 suntasach le ceili\u00faradh agam fh\u00e9<\/span><span style=\"font-size:14pt\">in, agus chomh maith le sin<\/span><span style=\"font-size:14pt\">, bh\u00ed i\u00fabhail\u00ed t\u00e1bhachtacha<\/span><span style=\"font-size:14pt\"> a bp\u00f3sta<\/span><span style=\"font-size:14pt\"> le com\u00f3<\/span><span style=\"font-size:14pt\">radh ag ba<\/span><span style=\"font-size:14pt\">ill \u00e1<\/span><span style=\"font-size:14pt\">irithe <\/span><span style=\"font-size:14pt\">eile <\/span><span style=\"font-size:14pt\">den treabh<\/span><span style=\"font-size:14pt\"> freisin, <\/span><span style=\"font-size:14pt\">agus ni rud beag n\u00f3 suarach \u00e9, sa l\u00e1 at\u00e1 inniu ann, bheith ag ceili\u00faradh triocha, agus tr\u00ed sc\u00f3r bliain faoi chuing an ph\u00f3sta, <\/span><span style=\"font-size:14pt\">ag<\/span><span style=\"font-size:14pt\">us nuair a chuireamar chuile sh\u00f3rt san \u00e1ireamh, is \u00e9 a bhearta\u00ed<\/span><span style=\"font-size:14pt\">omar <\/span><span style=\"font-size:14pt\">a dh\u00e9anamh n\u00f3 an b\u00f3thar siar a thabhairt orainn fh\u00e9<\/span><span style=\"font-size:14pt\">in<\/span><span style=\"font-size:14pt\">, thart ar dheireadh Mh\u00ed I\u00fail, agus b\u2019in \u00e9 <\/span><span style=\"font-size:14pt\">d\u00edreach a rin<\/span><span style=\"font-size:14pt\">neamar. Agus l<\/span><span style=\"font-size:14pt\">e t\u00fa<\/span><span style=\"font-size:14pt\">s a chur leis an turas<\/span><span style=\"font-size:14pt\"> <\/span><span style=\"font-size:14pt\">siar, shocra\u00edomar ar theacht le ch\u00e9ile i dtosach i mbaile m\u00f3r Mh\u00e1<\/span><span style=\"font-size:14pt\"> Nuat, agus ar an Luain<\/span><span style=\"font-size:14pt\">, an fichi\u00fa la d\u2019I\u00fa<\/span><span style=\"font-size:14pt\">il,<\/span><span style=\"font-size:14pt\"> <\/span><span style=\"font-size:14pt\">th\u00f3gamar \u00e1<\/span><span style=\"font-size:14pt\">r seolta agus siar linn, le c\u00f3<\/span><span style=\"font-size:14pt\">ir<\/span><span style=\"font-size:14pt\">, in \u00e1<\/span><span style=\"font-size:14pt\">r mionbhus deas<\/span><span style=\"font-size:14pt\">, comp\u00f3<\/span><span style=\"font-size:14pt\">rdach<\/span><span style=\"font-size:14pt\">,<\/span><span style=\"font-size:14pt\"> scioptha<\/span><span style=\"font-size:14pt\">,<\/span><span style=\"font-size:14pt\"> scuabtha.<\/span><span style=\"font-size:14pt\"> <\/span><span style=\"font-size:14pt\">Seisear dinn a bh\u00ed<\/span><span style=\"font-size:14pt\"> ag dul ar an t<\/span><span style=\"font-size:14pt\">uras sin siar, mo bhean agus m\u00e9 fh\u00e9<\/span><span style=\"font-size:14pt\">in,<\/span><span style=\"font-size:14pt\"> <\/span><span style=\"font-size:14pt\">mo mhac<\/span><span style=\"font-size:14pt\">, Miche\u00e1l,<\/span><span style=\"font-size:14pt\"> agus a bhean si\u00fad, m\u2019in\u00edon<\/span><span style=\"font-size:14pt\">, Carol Ann,<\/span><span style=\"font-size:14pt\"> agus \u00e1<\/span><span style=\"font-size:14pt\">r <\/span><span style=\"font-size:14pt\">n<\/span><span style=\"font-size:14pt\">garmhac<\/span><span style=\"font-size:14pt\">, Ois\u00edn. D\u2019fh\u00e1gamar M\u00e1<\/span><span style=\"font-size:14pt\"> Nuat<\/span><span style=\"font-size:14pt\"> na nGearaltach thart ar mhe\u00e1nlae agus b\u00ed<\/span><span style=\"font-size:14pt\">odh nach raibh an aimsir thar mholadh beirte, ag an am <\/span><span style=\"font-size:14pt\">ach,<\/span><span style=\"font-size:14pt\"> faoi mar a dhruideamar isteach i gcr\u00edocha na gcla\u00edocha cloch<\/span><span style=\"font-size:14pt\">, thosa<\/span><span style=\"font-size:14pt\">igh na scamaill agus na ciothanna<\/span><span style=\"font-size:14pt\"> ag glanadh leo<\/span><span style=\"font-size:14pt\">,<\/span><span style=\"font-size:14pt\"> agus ba ghearr go <\/span><span style=\"font-size:14pt\">raibh radharc le f\u00e1il againn ar r\u00ed na sp\u00e9<\/span><span style=\"font-size:14pt\">ire fh<\/span><span style=\"font-size:14pt\">\u00e9in agus \u00e9<\/span><span style=\"font-size:14pt\"> spalpadh anuas orainn as gorm glan <\/span><span style=\"font-size:14pt\">gl\u00e9 na sp\u00e9<\/span><span style=\"font-size:14pt\">ire. Thart ar an Muileann Cearr<\/span><span style=\"font-size:14pt\">, d\u00fairt duine eic\u00ednt go raibh s\u00e9 in am againn <\/span><span style=\"font-size:14pt\">bheith ag smaoineam<\/span><span style=\"font-size:14pt\">h ar bhlas bia a chaitheamh.  N\u00edor chuir \u00e9<\/span><span style=\"font-size:14pt\">inne i gcoinne an smaoinim<\/span><span style=\"font-size:14pt\">h ch\u00e9<\/span><span style=\"font-size:14pt\">an<\/span><span style=\"font-size:14pt\">na. Ba ghearr an mhoill orainn \u00f3<\/span><span style=\"font-size:14pt\">st<\/span><span style=\"font-size:14pt\">\u00e1n oiri\u00fanach a aimsi\u00fa, agus tar \u00e9is d\u00fainn an mionbhus a ph\u00e1irce\u00e1il, thugamar aghaidh ar an \u00f3st\u00e1n c\u00e9<\/span><span style=\"font-size:14pt\">anna sin. Roinneadh go fial<\/span><span style=\"font-size:14pt\">, flaithi\u00fail orainn san \u00f3st\u00e1<\/span><span style=\"font-size:14pt\">n sin<\/span><span style=\"font-size:14pt\">, agus ba ghearr go raibh c\u00fa<\/span><span style=\"font-size:14pt\">l cur<\/span><span style=\"font-size:14pt\">tha againn ar an ocras<\/span><span style=\"font-size:14pt\">,<\/span><span style=\"font-size:14pt\"> agus tar<\/span><span style=\"font-size:14pt\"> \u00e9is d\u00fainn \u00e1<\/span><span style=\"font-size:14pt\">r <\/span><span style=\"font-size:14pt\">g<\/span><span style=\"font-size:14pt\">comhr\u00e1 a dh\u00e9anamh ar \u00e1r s\u00e1imh\u00edn s\u00f3, bh\u00edomar r\u00e9idh chun b\u00f3thair ar\u00ed<\/span><span style=\"font-size:14pt\">s.<\/span><span style=\"font-size:14pt\"> <\/span><span style=\"font-size:14pt\">N\u00ed call dom a r\u00e1, go raibh s\u00fail an tseabhaic a choinne\u00e1il againn uilig ar an dt\u00edr tr\u00ed<\/span><span style=\"font-size:14pt\">nar ghabhamar<\/span><span style=\"font-size:14pt\">, agus n\u00ed call dom a r\u00e1, gur chuir taitneamh na gr\u00e9ine go m\u00f3r le h\u00e1<\/span><span style=\"font-size:14pt\">illeacht<\/span><span style=\"font-size:14pt\"> na d\u00faiche tr\u00ed<\/span><span style=\"font-size:14pt\">na raib<\/span><span style=\"font-size:14pt\">h muid ag gluaiseacht, tailte m\u00e9ithe, barra\u00ed aib\u00ed, beithigh bre\u00e1tha ramhraithe, foirgnimh dea-th\u00f3<\/span><span style=\"font-size:14pt\">gtha, dea<\/span><span style=\"font-size:14pt\">&#8211;<\/span><span style=\"font-size:14pt\">dh<\/span><span style=\"font-size:14pt\">eartha, agus bailte seascaire<\/span><span style=\"font-size:14pt\">, gona sr\u00e1ideanna bre\u00e1<\/span><span style=\"font-size:14pt\">tha<\/span><span style=\"font-size:14pt\">,<\/span><span style=\"font-size:14pt\"> leathana<\/span><span style=\"font-size:14pt\">,<\/span><span style=\"font-size:14pt\"> glana. Cuir le sin<\/span><span style=\"font-size:14pt\">, an <\/span><span style=\"font-size:14pt\">comhr\u00e1 suimi\u00fail<\/span><span style=\"font-size:14pt\"> <\/span><span style=\"font-size:14pt\">a bh\u00ed idirt cham\u00e1in againn<\/span><span style=\"font-size:14pt\">,<\/span><span style=\"font-size:14pt\"> agus tuigfidh t\u00fa n\u00e1r mhotha\u00edomar an t-am, n\u00f3<\/span><span style=\"font-size:14pt\"> an t-achar<\/span><span style=\"font-size:14pt\">, ag sleamhn\u00fa<\/span><span style=\"font-size:14pt\"> tharainn<\/span><span style=\"font-size:14pt\">,<\/span><span style=\"font-size:14pt\"> agus ba ghearr gur thugamar faoi deara go raibh muid gafa thar theorainn Mhaigh Eo isteach<\/span><span style=\"font-size:14pt\">, agus muid ag d\u00e9anamh ar lom ar nd\u00edchill ar <\/span><span style=\"font-size:14pt\">cheann ar gc\u00farsa, ar<\/span><span style=\"font-size:14pt\"> Bh\u00e9al an \u00c1<\/span><span style=\"font-size:14pt\">tha ar bhruacha na <\/span><span style=\"font-size:14pt\">Muaidhe<\/span><span style=\"font-size:14pt\">.<\/span><span style=\"font-size:14pt\"> <\/span><span style=\"font-size:14pt\">Bh\u00ed \u00e1it curtha in \u00e1irithe d\u00fa<\/span><span style=\"font-size:14pt\">inn sa<\/span><span style=\"font-size:14pt\"> Ballina<\/span><span style=\"font-size:14pt\"> Manor Hotel<\/span><span style=\"font-size:14pt\">, i Sr\u00e1id an Bhair\u00e9<\/span><span style=\"font-size:14pt\">adaigh<\/span><span style=\"font-size:14pt\">, sa bhaile c\u00e9anna sin. <\/span><\/p><p style=\"text-align:center;margin-top:0pt;padding-top:0;margin-bottom:10pt;padding-bottom:0;line-height:1.8\"><strong><span style=\"font-size:18pt\">Ar ais i mB\u00e9al an \u00c1tha<\/span><\/strong><\/p><p style=\"text-align:justify;margin-top:0pt;padding-top:0;margin-bottom:10pt;padding-bottom:0;line-height:1.8\"><span style=\"height:1em\"><span>.<\/span><\/span><\/p><p style=\"text-align:justify;margin-top:0pt;padding-top:0;margin-bottom:10pt;padding-bottom:0;line-height:1.8\"><span style=\"font-size:14pt\">N\u00edorbh aon strains\u00e9ir sa bhaile sin m\u00e9 fh\u00e9in<\/span><span style=\"font-size:14pt\">,<\/span><span style=\"font-size:14pt\"> n\u00f3 chaith m\u00e9<\/span><span style=\"font-size:14pt\"> seacht mbliana taitneamhacha<\/span><span style=\"font-size:14pt\">,<\/span><span style=\"font-size:14pt\"> im mh\u00fa<\/span><span style=\"font-size:14pt\">inteoir le Gaeilge<\/span><span style=\"font-size:14pt\">, i gCol\u00e1<\/span><span style=\"font-size:14pt\">iste Mhuireadhaigh<\/span><span style=\"font-size:14pt\">,<\/span><span style=\"font-size:14pt\"> sa bhaile sin.<\/span><span style=\"font-size:14pt\"> <\/span><span style=\"font-size:14pt\">Th\u00f3g s\u00e9 tamall orainn \u00e1<\/span><span style=\"font-size:14pt\">it oir<\/span><span style=\"font-size:14pt\">i\u00fanach ph\u00e1irce\u00e1la a aimsi\u00fa<\/span><span style=\"font-size:14pt\"> don mhion<\/span><span style=\"font-size:14pt\">bhus, ach ar deireadh thiar, d\u2019\u00e9<\/span><span style=\"font-size:14pt\">irigh <\/span><span style=\"font-size:14pt\">linn sin a dh\u00e9anamh, agus nuair a bh\u00ed chuile shocr\u00fa d\u00e9<\/span><span style=\"font-size:14pt\">anta againn, bhuaileamar isteach sa<\/span><span style=\"font-size:14pt\"> Ballina<\/span><span style=\"font-size:14pt\"> Mhanor H<\/span><span style=\"font-size:14pt\">otel, agus ghlacamar seilbh ar \u00e1r seomra\u00ed ansin, agus tar \u00e9is d\u00fainn bail eic\u00ed<\/span><span style=\"font-size:14pt\">nt a ch<\/span><span style=\"font-size:14pt\">ur orainn fh\u00e9<\/span><span style=\"font-size:14pt\">in<\/span><span style=\"font-size:14pt\">, bh\u00edomar r\u00e9<\/span><span style=\"font-size:14pt\">idh le turas a thabhairt ar an<\/span><span style=\"font-size:14pt\"> <\/span><span style=\"font-size:14pt\">seomra bia, le dinn\u00e9ar a chaitheamh ansin ar \u00e1r s\u00f3c\u00fa<\/span><span style=\"font-size:14pt\">lacht. Fuaireamar bord<\/span><span style=\"font-size:14pt\">,<\/span><span style=\"font-size:14pt\"> don seisear againn<\/span><span style=\"font-size:14pt\">, d\u00edreach os cionn an Ridge Pool, an t-ionad iascaireachta brad\u00e1n is c\u00e1ili\u00fala sa t\u00ed<\/span><span style=\"font-size:14pt\">r<\/span><span style=\"font-size:14pt\">, agus b\u00ed<\/span><span style=\"font-size:14pt\">odh gur roinn<\/span><span style=\"font-size:14pt\">eadh togha g<\/span><span style=\"font-size:14pt\">ach<\/span><span style=\"font-size:14pt\"> <\/span><span style=\"font-size:14pt\">bia<\/span><span style=\"font-size:14pt\">, agus rogha gach d\u00ed<\/span><span style=\"font-size:14pt\"> orainn<\/span><span style=\"font-size:14pt\">,<\/span><span style=\"font-size:14pt\"> go fial<\/span><span style=\"font-size:14pt\">, flaithi\u00fa<\/span><span style=\"font-size:14pt\">il<\/span><span style=\"font-size:14pt\">,<\/span><span style=\"font-size:14pt\"> ag an am gc\u00e9<\/span><span style=\"font-size:14pt\">anna<\/span><span style=\"font-size:14pt\">, choinnigh muid s\u00fail <\/span><span style=\"font-size:14pt\">gh\u00e9ar <\/span><span style=\"font-size:14pt\">freisin ar na hiascair\u00ed d\u00ed<\/span><span style=\"font-size:14pt\">ograiseacha<\/span><span style=\"font-size:14pt\">, foigh<\/span><span style=\"font-size:14pt\">deacha<\/span><span style=\"font-size:14pt\">, a bh\u00ed ag si\u00fal s\u00ed<\/span><span style=\"font-size:14pt\">os suas fan bhruach na habhann<\/span><span style=\"font-size:14pt\">,<\/span><span style=\"font-size:14pt\"> agus iad ag caitheamh doruithe <\/span><span style=\"font-size:14pt\">go cliste<\/span><span style=\"font-size:14pt\">, eala\u00edonta, ach m\u00e1 dhein fh\u00e9in, ba bheag toradh a bh\u00ed ar a  n-iarrachta\u00ed an trathn\u00f3na sin. Chr\u00edochna\u00edomar \u00e1r mb\u00e9<\/span><span style=\"font-size:14pt\">ile agus ar ba<\/span><span style=\"font-size:14pt\">ll, thugamar an leaba orainn fh\u00e9in agus n\u00ed<\/span><span style=\"font-size:14pt\"> haithristear \u00e1<\/span><span style=\"font-size:14pt\">r n-imeachta<\/span><span style=\"font-size:14pt\">\u00ed<\/span><span style=\"font-size:14pt\"> go<\/span><span style=\"font-size:14pt\"> h\u00e9<\/span><span style=\"font-size:14pt\">ir\u00ed lae gona l\u00e1ns<\/span><span style=\"font-size:14pt\">oilse arna mh\u00e1rach.<\/span><span style=\"font-size:14pt\"> <\/span><\/p><p style=\"text-align:justify;margin-top:0pt;padding-top:0;margin-bottom:10pt;padding-bottom:0;line-height:1.8\"><strong><span style=\"font-size:14pt\"><em>Ar lean\u00faint, an tseachtain seo chugainn&#8230;..<\/em><\/span><\/strong><\/p>","protected":false},"excerpt":{"rendered":"<p>Ceili\u00faradh Thiar 1 Peadar Bair\u00e9ad (This week I write about a recent trip west) . \u201cIs d\u00e1 mbeinnse i mo sheasamh I gceartl\u00e1r mo dhaoine, D\u2019imeodh an aois d\u00edom is bheinn ar\u00eds \u00f3g.\u201d \u00d3caid\u00ed le ceili\u00faradh . Tharla, ar na mallaibh, go raibh roinnt \u00e1irithe \u00f3c\u00e1id\u00ed le ceili\u00faradh ag an gclann s\u2019againne, agus in ionadh [&hellip;]<\/p>\n","protected":false},"author":2,"featured_media":13435,"comment_status":"open","ping_status":"open","sticky":false,"template":"","format":"standard","meta":{"nf_dc_page":"","_et_pb_use_builder":"","_et_pb_old_content":"","_et_gb_content_width":"","footnotes":""},"categories":[1],"tags":[],"class_list":["post-12203","post","type-post","status-publish","format-standard","has-post-thumbnail","hentry","category-gan-chatagoir"],"_links":{"self":[{"href":"https:\/\/mickgb.com\/ga\/wp-json\/wp\/v2\/posts\/12203","targetHints":{"allow":["GET"]}}],"collection":[{"href":"https:\/\/mickgb.com\/ga\/wp-json\/wp\/v2\/posts"}],"about":[{"href":"https:\/\/mickgb.com\/ga\/wp-json\/wp\/v2\/types\/post"}],"author":[{"embeddable":true,"href":"https:\/\/mickgb.com\/ga\/wp-json\/wp\/v2\/users\/2"}],"replies":[{"embeddable":true,"href":"https:\/\/mickgb.com\/ga\/wp-json\/wp\/v2\/comments?post=12203"}],"version-history":[{"count":1,"href":"https:\/\/mickgb.com\/ga\/wp-json\/wp\/v2\/posts\/12203\/revisions"}],"predecessor-version":[{"id":12204,"href":"https:\/\/mickgb.com\/ga\/wp-json\/wp\/v2\/posts\/12203\/revisions\/12204"}],"wp:featuredmedia":[{"embeddable":true,"href":"https:\/\/mickgb.com\/ga\/wp-json\/wp\/v2\/media\/13435"}],"wp:attachment":[{"href":"https:\/\/mickgb.com\/ga\/wp-json\/wp\/v2\/media?parent=12203"}],"wp:term":[{"taxonomy":"category","embeddable":true,"href":"https:\/\/mickgb.com\/ga\/wp-json\/wp\/v2\/categories?post=12203"},{"taxonomy":"post_tag","embeddable":true,"href":"https:\/\/mickgb.com\/ga\/wp-json\/wp\/v2\/tags?post=12203"}],"curies":[{"name":"wp","href":"https:\/\/api.w.org\/{rel}","templated":true}]}}