{"id":12255,"date":"2017-04-04T11:00:00","date_gmt":"2017-04-04T11:00:00","guid":{"rendered":"https:\/\/mickgb.com\/?p=12255"},"modified":"2024-04-08T01:17:27","modified_gmt":"2024-04-08T01:17:27","slug":"craobh-na-heireann-sa-pheil-2013","status":"publish","type":"post","link":"https:\/\/mickgb.com\/ga\/craobh-na-heireann-sa-pheil-2013\/","title":{"rendered":"Craobh na h\u00c9ireann sa Pheil 2013"},"content":{"rendered":"<p style=\"text-align:center;margin-top:0pt;padding-top:0;margin-bottom:10pt;padding-bottom:0;line-height:1.8\"><strong><span style=\"font-size:26pt\">Craobh na h\u00c9ireann sa Pheil<\/span><span style=\"font-size:26pt\"> <\/span><span style=\"font-size:26pt\"> 2013<\/span><\/strong><\/p><p style=\"text-align:justify;margin-top:0pt;padding-top:0;margin-bottom:10pt;padding-bottom:0;line-height:1.8\"><span style=\"font-size:14pt\">Peadar Bair\u00e9ad<\/span><\/p><p style=\"text-align:center;margin-top:0pt;padding-top:0;margin-bottom:10pt;padding-bottom:0;line-height:1.8\"><strong><span style=\"font-size:18pt\">Iomarbh\u00e1 lucht lean\u00fana&#8230;&#8230;.<\/span><\/strong><\/p><p style=\"text-align:justify;margin-top:0pt;padding-top:0;margin-bottom:10pt;padding-bottom:0;line-height:1.8\"><span style=\"font-size:14pt\">Th\u00edos i dTeach \u00d3<\/span><span style=\"font-size:14pt\">sta a<\/span><span style=\"font-size:14pt\">n Smugairle R\u00f3<\/span><span style=\"font-size:14pt\">in <\/span><span style=\"font-size:14pt\">\u2018sea bh\u00ed<\/span><span style=\"font-size:14pt\">omar<\/span><span style=\"font-size:14pt\">,<\/span><span style=\"font-size:14pt\"> an<\/span><span style=\"font-size:14pt\"> o\u00ed<\/span><span style=\"font-size:14pt\">che faoi dheireadh<\/span><span style=\"font-size:14pt\">, m\u00e9 fh\u00e9in, S\u00e9im\u00ed<\/span><span style=\"font-size:14pt\"> a\u2019 Droichid<\/span><span style=\"font-size:14pt\">,<\/span><span style=\"font-size:14pt\"> agus M\u00e1rtan Sh\u00e9<\/span><span style=\"font-size:14pt\">amais<\/span><span style=\"font-size:14pt\">,<\/span><span style=\"font-size:14pt\"> agus tar \u00e9is d\u00fa<\/span><span style=\"font-size:14pt\">inn tamall a chaitheamh ag moladh<\/span><span style=\"font-size:14pt\"> <\/span><span style=\"font-size:14pt\">na haimsire, rud nach dtarla\u00edonn go r\u00f3<\/span><span style=\"font-size:14pt\">-mhinic! rinne mo bheirt leath-bh<\/span><span style=\"font-size:14pt\">\u00e1d\u00f3ir comhbhr\u00f3n liom fh\u00e9in as d\u00edomua Mhaigh Eo i gCraobh na h\u00c9<\/span><span style=\"font-size:14pt\">ireann sa Pheil<\/span><span style=\"font-size:14pt\">, rud a tharla\u00edonn go r\u00f3<\/span><span style=\"font-size:14pt\">-mhinic, faraoir g\u00e9ar!<\/span><span style=\"font-size:14pt\"> <\/span><span style=\"font-size:14pt\">d\u00e1<\/span><span style=\"font-size:14pt\">r liomsa.<\/span><\/p><p style=\"text-align:justify;margin-top:0pt;padding-top:0;margin-bottom:10pt;padding-bottom:0;line-height:1.8\"><span style=\"font-size:14pt\">\u201cTharla\u00edonn n\u00edos measa n\u00e1 sin ar toinn\u201d, arsa m\u00e9 fh\u00e9<\/span><span style=\"font-size:14pt\">in<\/span><span style=\"font-size:14pt\">, ag gabh\u00e1il bu\u00ed<\/span><span style=\"font-size:14pt\">ochais leo, agus \u201dgo maire na <\/span><span style=\"font-size:14pt\">h\u00c1<\/span><span style=\"font-size:14pt\">thcliathaigh a nuacht<\/span><span style=\"font-size:14pt\">,<\/span><span style=\"font-size:14pt\"> n\u00f3 ba iad a bhuaigh Craobh na h\u00c9<\/span><span style=\"font-size:14pt\">ireann sa Pheil<\/span><span style=\"font-size:14pt\">,<\/span><span style=\"font-size:14pt\"> don bhliain reatha seo 2013.\u201d <\/span><\/p><p style=\"text-align:justify;margin-top:0pt;padding-top:0;margin-bottom:10pt;padding-bottom:0;line-height:1.8\"><span style=\"font-size:14pt\">\u201cC\u00e9<\/span><span style=\"font-size:14pt\">ard a tharla in aon chor d\u2019fhoireann<\/span><span style=\"font-size:14pt\"> Mhaigh Eo, foireann<\/span><span style=\"font-size:14pt\"> a chruthaigh chomh sc<\/span><span style=\"font-size:14pt\">i<\/span><span style=\"font-size:14pt\">li\u00fa<\/span><span style=\"font-size:14pt\">il<\/span><span style=\"font-size:14pt\">,<\/span><span style=\"font-size:14pt\"> cleac<\/span><span style=\"font-size:14pt\">htaithe<\/span><span style=\"font-size:14pt\">,<\/span><span style=\"font-size:14pt\"> sin sa pheil<\/span><span style=\"font-size:14pt\">,<\/span><span style=\"font-size:14pt\"> le cupla b<\/span><span style=\"font-size:14pt\">liain anuas anois?<\/span><span style=\"font-size:14pt\">\u201d arsa M\u00e1<\/span><span style=\"font-size:14pt\">r<\/span><span style=\"font-size:14pt\">tan Sh\u00e9amais. N\u00e1<\/span><span style=\"font-size:14pt\">r bhuaigh siad r<\/span><span style=\"font-size:14pt\">ompu<\/span><span style=\"font-size:14pt\"> agus ina ndiaidh<\/span><span style=\"font-size:14pt\"> go dt\u00ed sin<\/span><span style=\"font-size:14pt\"> i mbliana?<\/span><\/p><p style=\"text-align:justify;margin-top:0pt;padding-top:0;margin-bottom:10pt;padding-bottom:0;line-height:1.8\"><span style=\"font-size:14pt\">\u201cBhail\u201d, arsa S\u00e9im\u00ed a\u2019<\/span><span style=\"font-size:14pt\"> Droichid, <\/span><span style=\"font-size:14pt\">n\u00ed<\/span><span style=\"font-size:14pt\">or <\/span><span style=\"font-size:14pt\">deineadh iad a rob\u00e1<\/span><span style=\"font-size:14pt\">il sa Chraobhchluiche si<\/span><span style=\"font-size:14pt\">n, c\u00e9<\/span><span style=\"font-size:14pt\"> go gceapfainn fh\u00e9<\/span><span style=\"font-size:14pt\">in go raibh<\/span><span style=\"font-size:14pt\"> molt\u00f3ir an lae \u00fa<\/span><span style=\"font-size:14pt\">d<\/span><span style=\"font-size:14pt\">, ag taobh\u00fa<\/span><span style=\"font-size:14pt\"> leo<\/span><span style=\"font-size:14pt\">.<\/span><span style=\"font-size:14pt\">\u201d<\/span><\/p><p style=\"text-align:center;margin-top:0pt;padding-top:0;margin-bottom:10pt;padding-bottom:0;line-height:1.8\"><strong><span style=\"font-size:18pt\">Sa Ch\u00e9ad Leath<\/span><\/strong><\/p><p style=\"text-align:justify;margin-top:0pt;padding-top:0;margin-bottom:10pt;padding-bottom:0;line-height:1.8\"><span style=\"font-size:14pt\">\u201cFan ort n\u00f3im\u00e9ad anois\u201d arsa M\u00e1<\/span><span style=\"font-size:14pt\">rtan Sh<\/span><span style=\"font-size:14pt\">\u00e9<\/span><span style=\"font-size:14pt\">amais<\/span><span style=\"font-size:14pt\">, \u201cNach bhfaca chuile dhuine an chaoi a<\/span><span style=\"font-size:14pt\">r imir foireann Mhaigh Eo sa ch\u00e9<\/span><span style=\"font-size:14pt\">ad leath den chluiche sin. B\u2019iad a sciob an chraobh imeartha leo<\/span><span style=\"font-size:14pt\">, sa leath sin, agus l\u00e9irigh Cl\u00e1r na Sc\u00f3<\/span><span style=\"font-size:14pt\">r sin freisin<\/span><span style=\"font-size:14pt\">, ach ba sc\u00e9al eile ar fad \u00e9<\/span><span style=\"font-size:14pt\"> sa dara leath. D\u2019<\/span><span style=\"font-size:14pt\">athraigh na h\u00c1thcliathaigh a st\u00ed<\/span><span style=\"font-size:14pt\">l imeartha, <\/span><span style=\"font-size:14pt\">agus d\u2019\u00e9irigh leo stop a chur le r\u00e1<\/span><span style=\"font-size:14pt\">s Mhaigh Eo<\/span><span style=\"font-size:14pt\">,<\/span><span style=\"font-size:14pt\"> tr\u00ed mh\u00f3dhanna imeartha Rugba\u00ed a \u00fas\u00e1id le stop a chur le himreoir\u00ed Mhaigh Eo teacht i raon sc\u00f3r\u00e1la d\u00e1 mb\u00e1<\/span><span style=\"font-size:14pt\">ire.\u201d<\/span><\/p><p style=\"text-align:justify;margin-top:0pt;padding-top:0;margin-bottom:10pt;padding-bottom:0;line-height:1.8\"><span style=\"font-size:14pt\">Caithfidh g<\/span><span style=\"font-size:14pt\">u<\/span><span style=\"font-size:14pt\">r ar chl<\/span><span style=\"font-size:14pt\">uiche eile ar fad ar a bh\u00ed<\/span><span style=\"font-size:14pt\"> tusa ag faire<\/span><span style=\"font-size:14pt\">\u201d<\/span><span style=\"font-size:14pt\"> <\/span><span style=\"font-size:14pt\">a Mh\u00e1<\/span><span style=\"font-size:14pt\">rtain, <\/span><span style=\"font-size:14pt\">arsa S\u00e9im\u00ed<\/span><span style=\"font-size:14pt\"> a\u2019 Droichid, <\/span><span style=\"font-size:14pt\">\u201c<\/span><span style=\"font-size:14pt\">n\u00f3 n\u00e1r l\u00e9ir don dall fh\u00e9in go raibh an molt\u00f3<\/span><span style=\"font-size:14pt\">ir ar thaobh Mhaigh Eo<\/span><span style=\"font-size:14pt\">,<\/span><span style=\"font-size:14pt\"> sa dara leath sin<\/span><span style=\"font-size:14pt\">, agus \u00e9 ar a dh\u00ed<\/span><span style=\"font-size:14pt\">cheall<\/span><span style=\"font-size:14pt\"> le deiseanna sc\u00f3r\u00e1<\/span><span style=\"font-size:14pt\">l<\/span><span style=\"font-size:14pt\">a a chur ar f\u00e1il d\u00f3<\/span><span style=\"font-size:14pt\">ibh<\/span><span style=\"font-size:14pt\">, chuile bhabhta<\/span><span style=\"font-size:14pt\">. Modhann<\/span><span style=\"font-size:14pt\">a Rugba\u00ed! adeir t\u00fa! N\u00ed f\u00e9idir gur i nd\u00e1ir\u00edre at\u00e1 t\u00fa<\/span><span style=\"font-size:14pt\">?<\/span><span style=\"font-size:14pt\"> <\/span><span style=\"font-size:14pt\">Chaill Maigh Eo an cluiche sin tois<\/span><span style=\"font-size:14pt\">c nach raibh ar a gcumas coinne\u00e1il suas le gaiscigh \u00c1<\/span><span style=\"font-size:14pt\">th<\/span><span style=\"font-size:14pt\">a<\/span><span style=\"font-size:14pt\"> Cliath.<\/span><span style=\"font-size:14pt\"> N\u00e1<\/span><span style=\"font-size:14pt\">r thug chuile dhuine faoi deara<\/span><span style=\"font-size:14pt\">,<\/span><span style=\"font-size:14pt\"> go raib<\/span><span style=\"font-size:14pt\">h cic saor i ndiaidh chic saor \u00e1 thabhairt ag an molt\u00f3<\/span><span style=\"font-size:14pt\">ir d\u2019fhoireann Mhaigh Eo<\/span><span style=\"font-size:14pt\">, le deiseanna sc\u00f3r\u00e1la a thabhairt d\u00f3<\/span><span style=\"font-size:14pt\">ibh.<\/span><span style=\"font-size:14pt\">\u201d<\/span><\/p><p style=\"text-align:center;margin-top:0pt;padding-top:0;margin-bottom:10pt;padding-bottom:0;line-height:1.38\"><strong><span style=\"font-size:18pt\">Deiseanna Sc\u00f3r\u00e1la<\/span><\/strong><\/p><p style=\"text-align:justify;margin-top:0pt;padding-top:0;margin-bottom:10pt;padding-bottom:0;line-height:1.38\"><span style=\"font-size:14pt\">\u201cGo dtuga <\/span><span style=\"font-size:14pt\">Dia <\/span><span style=\"font-size:14pt\">ciall dhuit<\/span><span style=\"font-size:14pt\">, a Sh\u00e9im\u00ed<\/span><span style=\"font-size:14pt\"> <\/span><span style=\"font-size:14pt\">na mbr\u00e9ag<\/span><span style=\"font-size:14pt\">!<\/span><span style=\"font-size:14pt\"> <\/span><span style=\"font-size:14pt\">n\u00f3<\/span><span style=\"font-size:14pt\"> d\u00e9arfainn gur ch\u00f3<\/span><span style=\"font-size:14pt\">ir dhuit smaoineamh ar chuairt a thabhairt<\/span><span style=\"font-size:14pt\">, <\/span><span style=\"font-size:14pt\">gan aon r\u00f3<\/span><span style=\"font-size:14pt\">-mhoill,<\/span><span style=\"font-size:14pt\"> ar <\/span><span style=\"font-size:14pt\">na <\/span><span style=\"font-size:14pt\">\u2018<\/span><span style=\"font-size:14pt\">Specsavers<\/span><span style=\"font-size:14pt\">\u2019 \u00fa<\/span><span style=\"font-size:14pt\">d a m<\/span><span style=\"font-size:14pt\">b\u00edonn chuile dhuine ag caint f\u00fa<\/span><span style=\"font-size:14pt\">thu<\/span><span style=\"font-size:14pt\">, na laethe seo<\/span><span style=\"font-size:14pt\">!<\/span><span style=\"font-size:14pt\"> Aonta\u00ed<\/span><span style=\"font-size:14pt\">m leat<\/span><span style=\"font-size:14pt\"> \u00e1<\/span><span style=\"font-size:14pt\">fach,<\/span><span style=\"font-size:14pt\"> gur thu<\/span><span style=\"font-size:14pt\">g an molt\u00f3<\/span><span style=\"font-size:14pt\">ir cic saor i ndiaidh c<\/span><span style=\"font-size:14pt\">h<\/span><span style=\"font-size:14pt\">ic saor d<\/span><span style=\"font-size:14pt\">\u2019<\/span><span style=\"font-size:14pt\">fhoireann Mhaigh Eo, ach thug s\u00e9 na ciceanna saora sin d\u00f3<\/span><span style=\"font-size:14pt\">ibh<\/span><span style=\"font-size:14pt\">,<\/span><span style=\"font-size:14pt\"> toisc go raibh na h\u00c1thchliathaigh ag d\u00e9<\/span><span style=\"font-size:14pt\">anamh calaois i ndiaidh calaoise orthu<\/span><span style=\"font-size:14pt\">,<\/span><span style=\"font-size:14pt\"> le stop a chur lena <\/span><span style=\"font-size:14pt\">r\u00e1<\/span><span style=\"font-size:14pt\">s, lena <\/span><span style=\"font-size:14pt\">scileanna<\/span><span style=\"font-size:14pt\">,<\/span><span style=\"font-size:14pt\"> agus le<\/span><span style=\"font-size:14pt\">na nd\u00fa<\/span><span style=\"font-size:14pt\">thracht<\/span><span style=\"font-size:14pt\"> imeartha<\/span><span style=\"font-size:14pt\">. T<\/span><span style=\"font-size:14pt\">heip orthu sc\u00f3r\u00e1<\/span><span style=\"font-size:14pt\">il toisc gur deineadh<\/span><span style=\"font-size:14pt\"> bun\u00fa<\/span><span style=\"font-size:14pt\">s<\/span><span style=\"font-size:14pt\"> na <\/span><span style=\"font-size:14pt\">g<\/span><span style=\"font-size:14pt\">calaois\u00ed<\/span><span style=\"font-size:14pt\"> <\/span><span style=\"font-size:14pt\">sin r\u00f3-fhada amach \u00f3n gc\u00fa<\/span><span style=\"font-size:14pt\">l<\/span><span style=\"font-size:14pt\"> <\/span><span style=\"font-size:14pt\">len iad a iomp\u00f3 ina sc\u00f3<\/span><span style=\"font-size:14pt\">ranna.<\/span><span style=\"font-size:14pt\">\u201d<\/span><\/p><p style=\"text-align:justify;margin-top:0pt;padding-top:0;margin-bottom:10pt;padding-bottom:0;line-height:1.8\"><span style=\"font-size:14pt\">\u201cFan oraibh anois n\u00f3im\u00e9ad amh\u00e1in\u201d arsa mise, agus m\u00e9<\/span><span style=\"font-size:14pt\"> ag cur istea<\/span><span style=\"font-size:14pt\">ch orthu beirt agus a gcuid arg\u00f3na.\u201dT\u00e1<\/span><span style=\"font-size:14pt\"> an c<\/span><span style=\"font-size:14pt\">luiche sin thart<\/span><span style=\"font-size:14pt\">, n\u00edor mara\u00edodh \u00e9<\/span><span style=\"font-size:14pt\">inne sa chluic<\/span><span style=\"font-size:14pt\">he sin, agus, chomh luath is a bh\u00ed an cluiche thart, bh\u00ed s\u00e9 thart, agus b\u00ed<\/span><span style=\"font-size:14pt\">odh gur Maigh<\/span><span style=\"font-size:14pt\"> E<\/span><span style=\"font-size:14pt\">oach mise<\/span><span style=\"font-size:14pt\">,<\/span><span style=\"font-size:14pt\"> glacaim go huile le breitheanna an mholt\u00f3<\/span><span style=\"font-size:14pt\">ra. <\/span><span style=\"font-size:14pt\">\u2018<\/span><span style=\"font-size:14pt\">Fair Play<\/span><span style=\"font-size:14pt\">\u2019 do na h\u00c1<\/span><span style=\"font-size:14pt\">thcliathaigh. Rinneadar an beart ar <\/span><span style=\"font-size:14pt\">an l\u00e1<\/span><span style=\"font-size:14pt\"> spriocailte<\/span><span style=\"font-size:14pt\">,<\/span><span style=\"font-size:14pt\"> agus go mair<\/span><span style=\"font-size:14pt\">e siad a mbua, ach,<\/span><span style=\"font-size:14pt\"> faoi mar ad\u00fairt leant\u00f3ir\u00ed na M\u00ed<\/span><span style=\"font-size:14pt\"> liomsa<\/span><span style=\"font-size:14pt\">, dh\u00e1 bhliain is seasca \u00f3 shoin, ar an Long Stand i bP\u00e1irc an Chr\u00f3caigh, t\u00e1 m\u00e9 ag s\u00fa<\/span><span style=\"font-size:14pt\">il go dtabharfaidh siad aire na haire don Chorn<\/span><span style=\"font-size:14pt\">, idir seo agus Me\u00e1n F\u00f3<\/span><span style=\"font-size:14pt\">mhair na <\/span><span style=\"font-size:14pt\">bl<\/span><span style=\"font-size:14pt\">iana seo chugainn, n\u00f3 beidh foireann eic\u00ed<\/span><span style=\"font-size:14pt\">nt<\/span><span style=\"font-size:14pt\"> eile<\/span><span style=\"font-size:14pt\"> chucu ansin<\/span><span style=\"font-size:14pt\">,<\/span><span style=\"font-size:14pt\"> leis a<\/span><span style=\"font-size:14pt\">n gCorn sin a thabhairt abhaile leosan<\/span><span style=\"font-size:14pt\">.\u201d<\/span><\/p><p style=\"text-align:justify;margin-top:0pt;padding-top:0;margin-bottom:10pt;padding-bottom:0;line-height:1.8\"><span style=\"font-size:14pt\">Bhail, chuir sin an gob\u00e1<\/span><span style=\"font-size:14pt\">n im<\/span><span style=\"font-size:14pt\">\u2019<\/span><span style=\"font-size:14pt\"> bheirt chara<\/span><span style=\"font-size:14pt\">. agus b\u2019in cr\u00edoch leis an arg\u00f3<\/span><span style=\"font-size:14pt\">int<\/span><span style=\"font-size:14pt\"> agus d\u2019fh\u00e1<\/span><span style=\"font-size:14pt\">g mo bheirt <\/span><span style=\"font-size:14pt\">leathbhad\u00f3ir sl\u00e1<\/span><span style=\"font-size:14pt\">n agam go gairid ina dhiaidh sin&#8230;&#8230;&#8230;. <\/span><span style=\"font-size:14pt\"> <\/span><\/p><p style=\"text-align:justify;margin-top:0pt;padding-top:0;margin-bottom:10pt;padding-bottom:0;line-height:1.8\"><span style=\"font-size:14pt\"> <\/span><\/p>","protected":false},"excerpt":{"rendered":"<p>Craobh na h\u00c9ireann sa Pheil 2013 Peadar Bair\u00e9ad Iomarbh\u00e1 lucht lean\u00fana&#8230;&#8230;. Th\u00edos i dTeach \u00d3sta an Smugairle R\u00f3in \u2018sea bh\u00edomar, an o\u00edche faoi dheireadh, m\u00e9 fh\u00e9in, S\u00e9im\u00ed a\u2019 Droichid, agus M\u00e1rtan Sh\u00e9amais, agus tar \u00e9is d\u00fainn tamall a chaitheamh ag moladh na haimsire, rud nach dtarla\u00edonn go r\u00f3-mhinic! rinne mo bheirt leath-bh\u00e1d\u00f3ir comhbhr\u00f3n liom fh\u00e9in [&hellip;]<\/p>\n","protected":false},"author":2,"featured_media":13435,"comment_status":"open","ping_status":"open","sticky":false,"template":"","format":"standard","meta":{"nf_dc_page":"","_et_pb_use_builder":"","_et_pb_old_content":"","_et_gb_content_width":"","footnotes":""},"categories":[1],"tags":[],"class_list":["post-12255","post","type-post","status-publish","format-standard","has-post-thumbnail","hentry","category-gan-chatagoir"],"_links":{"self":[{"href":"https:\/\/mickgb.com\/ga\/wp-json\/wp\/v2\/posts\/12255","targetHints":{"allow":["GET"]}}],"collection":[{"href":"https:\/\/mickgb.com\/ga\/wp-json\/wp\/v2\/posts"}],"about":[{"href":"https:\/\/mickgb.com\/ga\/wp-json\/wp\/v2\/types\/post"}],"author":[{"embeddable":true,"href":"https:\/\/mickgb.com\/ga\/wp-json\/wp\/v2\/users\/2"}],"replies":[{"embeddable":true,"href":"https:\/\/mickgb.com\/ga\/wp-json\/wp\/v2\/comments?post=12255"}],"version-history":[{"count":1,"href":"https:\/\/mickgb.com\/ga\/wp-json\/wp\/v2\/posts\/12255\/revisions"}],"predecessor-version":[{"id":12256,"href":"https:\/\/mickgb.com\/ga\/wp-json\/wp\/v2\/posts\/12255\/revisions\/12256"}],"wp:featuredmedia":[{"embeddable":true,"href":"https:\/\/mickgb.com\/ga\/wp-json\/wp\/v2\/media\/13435"}],"wp:attachment":[{"href":"https:\/\/mickgb.com\/ga\/wp-json\/wp\/v2\/media?parent=12255"}],"wp:term":[{"taxonomy":"category","embeddable":true,"href":"https:\/\/mickgb.com\/ga\/wp-json\/wp\/v2\/categories?post=12255"},{"taxonomy":"post_tag","embeddable":true,"href":"https:\/\/mickgb.com\/ga\/wp-json\/wp\/v2\/tags?post=12255"}],"curies":[{"name":"wp","href":"https:\/\/api.w.org\/{rel}","templated":true}]}}