{"id":12261,"date":"2017-04-04T11:00:00","date_gmt":"2017-04-04T11:00:00","guid":{"rendered":"https:\/\/mickgb.com\/?p=12261"},"modified":"2024-04-08T01:17:27","modified_gmt":"2024-04-08T01:17:27","slug":"cuairt-de","status":"publish","type":"post","link":"https:\/\/mickgb.com\/ga\/cuairt-de\/","title":{"rendered":"Cuairt   D\u00e9"},"content":{"rendered":"<p style=\"text-align:center;margin-top:0pt;padding-top:0;margin-bottom:0pt;padding-bottom:0;line-height:2.4;font-weight:bold;font-size:18pt\">C\u00fairt   D\u00e9  ar  Chuairt<\/p><p style=\"text-align:justify;margin-top:0pt;padding-top:0;margin-bottom:0pt;padding-bottom:0;line-height:2.4;font-weight:bold;font-size:18pt\"><span style=\"font-size:12pt\">Nach deacair don Chr\u00edosta\u00ed a chreidi\u00faint, go bhf\u00e9adfadh a Dh<\/span><span style=\"font-size:12pt\">ia teacht ar chuairt chuige, i bhfoirm Abhlainne, agus ar bhealach m\u00edor\u00failteach, go dtarla\u00edonn ioncholl\u00fa an Tiarna ansin os comhair a dh\u00e1 sh\u00fal, chuile bhabhta a ghlacann s\u00e9 an Chomaoineach Naofa? Cinnte, is cuimhin linn uilig an uair \u00fad ar dhein an Tiarna tagairt don chaoi a raibh s\u00e9 chun a Chorp fh\u00e9in a thabhairt mar fheoil d\u00e1 lucht lean\u00fana, agus go raibh s\u00e9 chun a chuid Fola a dh\u00e1ileadh orthu mar dheoch, mar, ar seisean, n\u00ed bia go feoil mo cholainne, agus n\u00ed deoch go fuil mo chro\u00edse. Sea, agus mairfidh an<\/span><span style=\"font-size:12pt\"> t\u00e9 a chaithfidh an bia agus an deoch sin go deo na ndeor.<\/span><\/p><p style=\"text-align:justify;margin-top:0pt;padding-top:0;margin-bottom:0pt;padding-bottom:0;line-height:2.4;font-weight:bold;font-size:18pt\"><span style=\"font-size:12pt\">Bhuel, nuair a chuala a lucht \u00e9isteachta sin, shocraigh roinnt mhaith acu \u00e9 fh\u00e9in is a bheatha shuthain a thr\u00e9igint, feasta, n\u00f3 n\u00e1r dheacair a raibh \u00e1 r\u00e1 aige a chreidi\u00faint? N\u00ed d\u00f3cha gurbh \u00e9 sin an cine\u00e1l beatha, n\u00f3 R\u00edochta, a bh\u00ed i gceist, n\u00f3 \u00e1 lorg, acusan. N\u00e1rbh fhearr i bhfad, d\u00e1 mbeadh i gceist ag an M\u00e1istir na R\u00f3mh\u00e1naigh a ruaigeadh as a dtailte? <\/span><\/p><p style=\"text-align:justify;margin-top:0pt;padding-top:0;margin-bottom:0pt;padding-bottom:0;line-height:2.4;font-weight:bold;font-size:18pt\"><span style=\"font-size:12pt\">Creideann muidinne ar dh\u00fairt S\u00e9 \u00e1fach, agus mar sin, t\u00e1 muid s\u00e1sta an bia neamha\u00ed seo a chaitheamh, agus sa \u201cd\u00e1in\u00edn\u201d seo a leanas, tuigtear go nd\u00e9anann an bia aingl\u00ed seo sinn a athr\u00fa \u00f3 bhonn, d\u00edreach mar a creideadh fad\u00f3, go bhf\u00e9adfa\u00ed \u00f3r a dh\u00e9anamh as gn\u00e1thmhiotail tr\u00ed Chloch an Fheallsaimh a chuimilt leo. Sa chaoi ch\u00e9anna, \u00e9ir\u00edonn len\u00e1r mbaisteadh beatha ar leibh\u00e9al n\u00edos aoirde ar fad a chur ar f\u00e1il d\u00fainn, sa chaoi go bhfuil ar \u00e1r gcumas feasta, bheith p\u00e1irteach i mBeatha na Tr\u00edon\u00f3ide, tri roinnt an Spior<\/span><span style=\"font-size:12pt\">aid Naoimh linn. Agus ar bhealach, nach bhfuil, C\u00fairt Neimhe ina su\u00ed, istigh ansin, i ndorchadas ci\u00fain, doshroichte, \u00e1r mbeithe, don tr\u00e9imhse a fhanann an Tiarna linn, agus mar sin, nach ionann is Oistean\u00f3ir an Cr\u00edosta\u00ed, tar \u00e9is d\u00f3 Comaoinach Naofa a ghlacadh. Sea, agus nach cos\u00fail, ar bhealach, an Chomaoineach ch\u00e9anna sin agus Sl\u00e1n\u00edoc na Neamhbh\u00e1smhaireachta, ar chaith feallsaimh na S\u00edne a nd\u00fathracht \u00e1 lorg, fad\u00f3.  <\/span><\/p><p style=\"text-align:center;margin-top:0pt;padding-top:0;margin-bottom:0pt;padding-bottom:0;line-height:1.8\"><strong><span style=\"font-size:16pt\">O i s t e a n s \u00f3 i r .<\/span><\/strong><\/p><p style=\"margin-top:0pt;padding-top:0;margin-bottom:0pt;padding-bottom:0;line-height:1.8;margin-left:108pt\"><span style=\"height:1em\"><span>.<\/span><\/span><\/p><p style=\"margin-top:0pt;padding-top:0;margin-bottom:0pt;padding-bottom:0;line-height:1.8;margin-left:108pt\">Tr\u00e1th glacaimse Comaoineach Naofa,<\/p><p style=\"margin-top:0pt;padding-top:0;margin-bottom:0pt;padding-bottom:0;line-height:1.8;margin-left:108pt\">Is nuair a shu\u00edm sa tS\u00e9ip\u00e9al, liom fh\u00e9in,<\/p><p style=\"margin-top:0pt;padding-top:0;margin-bottom:0pt;padding-bottom:0;line-height:1.8;margin-left:108pt\">N\u00ed ghn\u00e1thdhuine mise feasta,<\/p><p style=\"margin-top:0pt;padding-top:0;margin-bottom:0pt;padding-bottom:0;line-height:1.8;margin-left:108pt\">Ach Oisteans\u00f3ir soilseach faoi r\u00e9im.<\/p><p style=\"margin-top:0pt;padding-top:0;margin-bottom:0pt;padding-bottom:0;line-height:1.8;margin-left:108pt\"><span style=\"height:1em\"><span>.<\/span><\/span><\/p><p style=\"margin-top:0pt;padding-top:0;margin-bottom:0pt;padding-bottom:0;line-height:1.8;margin-left:108pt\">Nuair a luchta\u00edtear m\u2019Oisteans\u00f3ir liosta<\/p><p style=\"margin-top:0pt;padding-top:0;margin-bottom:0pt;padding-bottom:0;line-height:1.8;margin-left:108pt\">Leis an Ahlainn ghlan, aingl\u00ed, bh\u00e1n,<\/p><p style=\"margin-top:0pt;padding-top:0;margin-bottom:0pt;padding-bottom:0;line-height:1.8;margin-left:108pt\">Sea d\u00e9antar \u00f3r bu\u00ed dem\u2019 luaidhe,<\/p><p style=\"margin-top:0pt;padding-top:0;margin-bottom:0pt;padding-bottom:0;line-height:1.8;margin-left:108pt\">Is scalaim go drilseach, gan ch\u00e1im.<\/p><p style=\"margin-top:0pt;padding-top:0;margin-bottom:0pt;padding-bottom:0;line-height:1.8;margin-left:108pt\"><span style=\"height:1em\"><span>.<\/span><\/span><\/p><p style=\"margin-top:0pt;padding-top:0;margin-bottom:0pt;padding-bottom:0;line-height:1.8;margin-left:108pt\">Is umhla\u00edonn aingil go b\u00e9asach,<\/p><p style=\"margin-top:0pt;padding-top:0;margin-bottom:0pt;padding-bottom:0;line-height:1.8;margin-left:108pt\">Is canann C\u00f3r foirfe na Naomh,<\/p><p style=\"margin-top:0pt;padding-top:0;margin-bottom:0pt;padding-bottom:0;line-height:1.8;margin-left:108pt\">Nuair a thagann mo Dhia ar chuairt chugam,<\/p><p style=\"margin-top:0pt;padding-top:0;margin-bottom:0pt;padding-bottom:0;line-height:1.8;margin-left:108pt\">Su\u00edonn an Ch\u00fairt Diaga i m\u2019 chro\u00ed.<\/p><p style=\"margin-top:0pt;padding-top:0;margin-bottom:0pt;padding-bottom:0;line-height:1.8;margin-left:108pt\"><span style=\"height:1em\"><span>.<\/span><\/span><\/p><p style=\"margin-top:0pt;padding-top:0;margin-bottom:0pt;padding-bottom:0;line-height:1.8;margin-left:108pt\">N\u00ed mhaireann an mh\u00edoruilt i bhfad, \u00e1mh,<\/p><p style=\"margin-top:0pt;padding-top:0;margin-bottom:0pt;padding-bottom:0;line-height:1.8;margin-left:108pt\">N\u00f3 t\u00e1 fairsinge m\u2019anama r\u00f3-chung<\/p><p style=\"margin-top:0pt;padding-top:0;margin-bottom:0pt;padding-bottom:0;line-height:1.8;margin-left:108pt\">Le C\u00fairt D\u00e9, na Naomh, is na n-Aingeal,<\/p><p style=\"margin-top:0pt;padding-top:0;margin-bottom:0pt;padding-bottom:0;line-height:1.8;margin-left:108pt\">A choinne\u00e1il faoim\u2019 dh\u00edonsa  go buan.<\/p><p style=\"margin-top:0pt;padding-top:0;margin-bottom:0pt;padding-bottom:0;line-height:1.8;margin-left:108pt\"><span style=\"height:1em\"><span>.<\/span><\/span><\/p><p style=\"margin-top:0pt;padding-top:0;margin-bottom:0pt;padding-bottom:0;line-height:1.8;margin-left:108pt\">Ach fillfidh S\u00e9 ar\u00eds chugam am\u00e1rach,<\/p><p style=\"margin-top:0pt;padding-top:0;margin-bottom:0pt;padding-bottom:0;line-height:1.8;margin-left:108pt\"> Is blaisfeadsa bia na Naomh,<\/p><p style=\"margin-top:0pt;padding-top:0;margin-bottom:0pt;padding-bottom:0;line-height:1.8;margin-left:108pt\">Nuair a thiocfaidh mo Dhia ar chuairt chugam,<\/p><p style=\"margin-top:0pt;padding-top:0;margin-bottom:0pt;padding-bottom:0;line-height:1.8;margin-left:108pt\">Beath\u00f3idh s\u00e9 m\u2019anamsa go fial.<\/p><p style=\"margin-top:0pt;padding-top:0;margin-bottom:0pt;padding-bottom:0;line-height:1.8;margin-left:108pt\"><span style=\"height:1em\"><span>.<\/span><\/span><\/p><p style=\"margin-top:0pt;padding-top:0;margin-bottom:0pt;padding-bottom:0;line-height:1.8;margin-left:108pt\">Is fanfaidh liom cuimhne na cuairte,<\/p><p style=\"margin-top:0pt;padding-top:0;margin-bottom:0pt;padding-bottom:0;line-height:1.8;margin-left:108pt\">Is m\u00e9 ag streachailt le str\u00f3 is le buairt,<\/p><p style=\"margin-top:0pt;padding-top:0;margin-bottom:0pt;padding-bottom:0;line-height:1.8;margin-left:108pt\">Is cuimhneod ar Sholas na Soilse, <\/p><p style=\"margin-top:0pt;padding-top:0;margin-bottom:0pt;padding-bottom:0;line-height:1.2;margin-left:108pt\">Nuair a thiocfaidh mo Thiarna ar chuairt.<\/p><p style=\"margin-top:0pt;padding-top:0;margin-bottom:0pt;padding-bottom:0;line-height:1.2;margin-left:108pt\"><span style=\"height:1em\"><span>.<\/span><\/span><\/p><p style=\"margin-top:0pt;padding-top:0;margin-bottom:0pt;padding-bottom:0;line-height:1.2;margin-left:108pt\"><span style=\"height:1em\"><span>.<\/span><\/span><\/p><p style=\"text-align:center;margin-top:0pt;padding-top:0;margin-bottom:0pt;padding-bottom:0;line-height:1.8\"><span style=\"height:1em\"><span>.<\/span><\/span><\/p><p style=\"text-align:center;margin-top:0pt;padding-top:0;margin-bottom:0pt;padding-bottom:0;line-height:1.8\"><span style=\"height:1em\"><span>.<\/span><\/span><\/p><p style=\"text-align:center;margin-top:0pt;padding-top:0;margin-bottom:0pt;padding-bottom:0;line-height:1.8\"><span style=\"height:1em\"><span>.<\/span><\/span><\/p><p style=\"text-align:center;margin-top:0pt;padding-top:0;margin-bottom:0pt;padding-bottom:0;line-height:1.2\"><span style=\"height:1em\"><span>.<\/span><\/span><\/p>","protected":false},"excerpt":{"rendered":"<p>C\u00fairt D\u00e9 ar Chuairt Nach deacair don Chr\u00edosta\u00ed a chreidi\u00faint, go bhf\u00e9adfadh a Dhia teacht ar chuairt chuige, i bhfoirm Abhlainne, agus ar bhealach m\u00edor\u00failteach, go dtarla\u00edonn ioncholl\u00fa an Tiarna ansin os comhair a dh\u00e1 sh\u00fal, chuile bhabhta a ghlacann s\u00e9 an Chomaoineach Naofa? Cinnte, is cuimhin linn uilig an uair \u00fad ar dhein an [&hellip;]<\/p>\n","protected":false},"author":2,"featured_media":13435,"comment_status":"open","ping_status":"open","sticky":false,"template":"","format":"standard","meta":{"nf_dc_page":"","_et_pb_use_builder":"","_et_pb_old_content":"","_et_gb_content_width":"","footnotes":""},"categories":[1],"tags":[],"class_list":["post-12261","post","type-post","status-publish","format-standard","has-post-thumbnail","hentry","category-gan-chatagoir"],"_links":{"self":[{"href":"https:\/\/mickgb.com\/ga\/wp-json\/wp\/v2\/posts\/12261","targetHints":{"allow":["GET"]}}],"collection":[{"href":"https:\/\/mickgb.com\/ga\/wp-json\/wp\/v2\/posts"}],"about":[{"href":"https:\/\/mickgb.com\/ga\/wp-json\/wp\/v2\/types\/post"}],"author":[{"embeddable":true,"href":"https:\/\/mickgb.com\/ga\/wp-json\/wp\/v2\/users\/2"}],"replies":[{"embeddable":true,"href":"https:\/\/mickgb.com\/ga\/wp-json\/wp\/v2\/comments?post=12261"}],"version-history":[{"count":1,"href":"https:\/\/mickgb.com\/ga\/wp-json\/wp\/v2\/posts\/12261\/revisions"}],"predecessor-version":[{"id":12262,"href":"https:\/\/mickgb.com\/ga\/wp-json\/wp\/v2\/posts\/12261\/revisions\/12262"}],"wp:featuredmedia":[{"embeddable":true,"href":"https:\/\/mickgb.com\/ga\/wp-json\/wp\/v2\/media\/13435"}],"wp:attachment":[{"href":"https:\/\/mickgb.com\/ga\/wp-json\/wp\/v2\/media?parent=12261"}],"wp:term":[{"taxonomy":"category","embeddable":true,"href":"https:\/\/mickgb.com\/ga\/wp-json\/wp\/v2\/categories?post=12261"},{"taxonomy":"post_tag","embeddable":true,"href":"https:\/\/mickgb.com\/ga\/wp-json\/wp\/v2\/tags?post=12261"}],"curies":[{"name":"wp","href":"https:\/\/api.w.org\/{rel}","templated":true}]}}