{"id":12287,"date":"2017-04-04T11:00:00","date_gmt":"2017-04-04T11:00:00","guid":{"rendered":"https:\/\/mickgb.com\/?p=12287"},"modified":"2024-04-08T01:06:20","modified_gmt":"2024-04-08T01:06:20","slug":"da-mbeinnse-im-sheasamh-i-gceartlar-mo-dhaoine-4","status":"publish","type":"post","link":"https:\/\/mickgb.com\/ga\/da-mbeinnse-im-sheasamh-i-gceartlar-mo-dhaoine-4\/","title":{"rendered":"Da mbeinnse im sheasamh i gceartlar mo dhaoine  4"},"content":{"rendered":"<p style=\"text-align:center;margin-top:0pt;padding-top:0;margin-bottom:10pt;padding-bottom:0;line-height:1.8\"><strong><span style=\"font-size:28pt\">D\u00e1 mbeinnse \u2019mo sheasamh i gceartl\u00e1r mo dhaoine<\/span><span style=\"font-size:28pt\">&#8230;.<\/span><span style=\"font-size:28pt\">4<\/span><\/strong><\/p><p style=\"text-align:center;margin-top:0pt;padding-top:0;margin-bottom:10pt;padding-bottom:0;line-height:1.8\"><strong><span style=\"font-size:20pt\">(Saoire Thiar Thart)<\/span><\/strong><\/p><p style=\"text-align:center;margin-top:0pt;padding-top:0;margin-bottom:10pt;padding-bottom:0;line-height:1.8\"><strong><span style=\"font-size:18pt\">Tr\u00e9ad Cuimhn\u00ed<\/span><\/strong><\/p><p style=\"text-align:justify;margin-top:0pt;padding-top:0;margin-bottom:10pt;padding-bottom:0;line-height:1.38\"><span style=\"font-size:14pt\">Tar \u00e9is d\u00fainn sp\u00f3<\/span><span style=\"font-size:14pt\">rt agus taitneamh a bhaint as na laethe a chaithe<\/span><span style=\"font-size:14pt\">amar thiar, i ndeireadh na d\u00e1la<\/span><span style=\"font-size:14pt\">, th\u00e1inig an l\u00e1 le sl\u00e1n a fh\u00e1gail ag<\/span><span style=\"font-size:14pt\"> an <\/span><span style=\"font-size:14pt\">\u2018<\/span><span style=\"font-size:14pt\">Manor Hotel Ballina<\/span><span style=\"font-size:14pt\">\u2019,<\/span><span style=\"font-size:14pt\"> agus le <\/span><span style=\"font-size:14pt\">filleadh abhaile<\/span><span style=\"font-size:14pt\"> athuair<\/span><span style=\"font-size:14pt\">. N\u00ed g\u00e1 a r\u00e1,<\/span><span style=\"font-size:14pt\"> go raib<\/span><span style=\"font-size:14pt\">h an d\u00fa<\/span><span style=\"font-size:14pt\">iche thoir ag glaoch abhaile orainn<\/span><span style=\"font-size:14pt\">, agus caithfear a r\u00e1,<\/span><span style=\"font-size:14pt\"> go raibh fonn ar chuile dhuine againn an glaoch si<\/span><span style=\"font-size:14pt\">n a fhreagairt, ach ag an am gc\u00e9<\/span><span style=\"font-size:14pt\">anna<\/span><span style=\"font-size:14pt\">, n\u00ed hionann sin is a r\u00e1,<\/span><span style=\"font-size:14pt\"> nach mbeadh cumha orainn<\/span><span style=\"font-size:14pt\"> uilig, i ndiaidh an Iarthair Fhi\u00e1<\/span><span style=\"font-size:14pt\">in. <\/span><span style=\"font-size:14pt\">N\u00ed dh\u00e9<\/span><span style=\"font-size:14pt\">anfadh muid dearmad go luath ar a bhfacamar<\/span><span style=\"font-size:14pt\">, n\u00f3<\/span><span style=\"font-size:14pt\"> ar a<\/span><span style=\"font-size:14pt\">r<\/span><span style=\"font-size:14pt\"> chualamar<\/span><span style=\"font-size:14pt\">, le linn na laethe bre\u00e1<\/span><span style=\"font-size:14pt\">tha a <\/span><span style=\"font-size:14pt\">chaitheamar thiar. C\u00e9 dh\u00e9anfadh dearmad ar an l\u00e1 bre\u00e1, gr\u00e9<\/span><span style=\"font-size:14pt\">ine<\/span><span style=\"font-size:14pt\"> \u00fad<\/span><span style=\"font-size:14pt\"> a chaitheamar thart ar Lissadell<\/span><span style=\"font-size:14pt\">,<\/span><span style=\"font-size:14pt\"> i gContae <\/span><span style=\"font-size:14pt\">suaimhneach Shligigh, n\u00f3 ar an l\u00e1 iontac<\/span><span style=\"font-size:14pt\">h sin a chaitheamar <\/span><span style=\"font-size:14pt\">ag <\/span><span style=\"font-size:14pt\">guairdeall thart in Iorras na nIontas<\/span><span style=\"font-size:14pt\">,<\/span><span style=\"font-size:14pt\"> agus muid ag bain<\/span><span style=\"font-size:14pt\">t taitneamh as a raibh le feice\u00e1<\/span><span style=\"font-size:14pt\">il againn thiar<\/span><span style=\"font-size:14pt\"> ansin i nd\u00fa<\/span><span style=\"font-size:14pt\">iche mo mhuintire<\/span><span style=\"font-size:14pt\">,<\/span><span style=\"font-size:14pt\"> &#8211; an talamh, an t\u00ed<\/span><span style=\"font-size:14pt\">r, na f<\/span><span style=\"font-size:14pt\">arraig\u00ed fi\u00e1ine thart ar chosta na Leithinse<\/span><span style=\"font-size:14pt\">, agus na hoile\u00e1in <\/span><span style=\"font-size:14pt\">dra\u00edochta \u00fad <\/span><span style=\"font-size:14pt\">ina lu\u00ed mar bhraisl\u00e9ad thart ar ch\u00f3sta na d\u00faiche \u00e1ille sin<\/span><span style=\"font-size:14pt\">. <\/span><span style=\"font-size:14pt\">Ach, mar adeir an seanfhocal, <\/span><span style=\"font-size:14pt\">\u2018<\/span><span style=\"font-size:14pt\">M\u00e1<\/span><span style=\"font-size:14pt\">s fada an<\/span><span style=\"font-size:14pt\"> <\/span><span style=\"font-size:14pt\">l\u00e1,<\/span><span style=\"font-size:14pt\"> tiocfaidh<\/span><span style=\"font-size:14pt\"> an<\/span><span style=\"font-size:14pt\"> tr\u00e1<\/span><span style=\"font-size:14pt\">t<\/span><span style=\"font-size:14pt\">hn\u00f3<\/span><span style=\"font-size:14pt\">na<\/span><span style=\"font-size:14pt\">\u2019 agu<\/span><span style=\"font-size:14pt\">s ba \u00e9 an sc\u00e9al c\u00e9anna againne<\/span><span style=\"font-size:14pt\"> anois<\/span><span style=\"font-size:14pt\"> \u00e9<\/span><span style=\"font-size:14pt\">,<\/span><span style=\"font-size:14pt\"> agus c<\/span><span style=\"font-size:14pt\">h<\/span><span style=\"font-size:14pt\">a<\/span><span style=\"font-size:14pt\">ithfeadh muid filleadh ar \u00e1r nd\u00faiche fh\u00e9<\/span><span style=\"font-size:14pt\">in<\/span><span style=\"font-size:14pt\">, ar deireadh thiar<\/span><span style=\"font-size:14pt\">.<\/span><\/p><p style=\"text-align:center;margin-top:0pt;padding-top:0;margin-bottom:10pt;padding-bottom:0;line-height:1.8\"><strong><span style=\"font-size:18pt\">Soi<\/span><span style=\"font-size:18pt\">r a chuamar<\/span><\/strong><\/p><p style=\"text-align:justify;margin-top:0pt;padding-top:0;margin-bottom:10pt;padding-bottom:0;line-height:1.8\"><span style=\"font-size:14pt\">&nbsp;&nbsp;<\/span><span style=\"font-size:14pt\"> Bh\u00edomar in\u00e1r su\u00ed go bre\u00e1<\/span><span style=\"font-size:14pt\"> luath an mhaidin deiridh sin<\/span><span style=\"font-size:14pt\">, agus tar \u00e9is d\u00fainn chuile ullmh\u00fach\u00e1n a dh\u00e9<\/span><span style=\"font-size:14pt\">anamh don turas fada<\/span><span style=\"font-size:14pt\"> soir, chaitheamar bricfeasta r\u00ed<\/span><span style=\"font-size:14pt\">oga<\/span><span style=\"font-size:14pt\">, i mB<\/span><span style=\"font-size:14pt\">ialann fial<\/span><span style=\"font-size:14pt\">, flaithi\u00fa<\/span><span style=\"font-size:14pt\">il<\/span><span style=\"font-size:14pt\">,<\/span><span style=\"font-size:14pt\"> an Manor Hotel<\/span><span style=\"font-size:14pt\">,<\/span><span style=\"font-size:14pt\"> mar ar roinneadh gan dochma<\/span><span style=\"font-size:14pt\">, gan ghorta orainn,<\/span><span style=\"font-size:14pt\"> fad a bh\u00ed<\/span><span style=\"font-size:14pt\">oma<\/span><span style=\"font-size:14pt\">r ag cur f\u00fa<\/span><span style=\"font-size:14pt\">inn<\/span><span style=\"font-size:14pt\"> faoi dh\u00ed<\/span><span style=\"font-size:14pt\">on<\/span><span style=\"font-size:14pt\"> f\u00e1ilteach an Ost\u00e1in nua-aoisigh<\/span><span style=\"font-size:14pt\">,<\/span><span style=\"font-size:14pt\"> sin. <\/span><span style=\"font-size:14pt\"> <\/span><span style=\"font-size:14pt\">Bhail\u00edomar \u00e1r gcip is \u00e1<\/span><span style=\"font-size:14pt\">r meanaithe<\/span><span style=\"font-size:14pt\">, agus go haif\u00e9<\/span><span style=\"font-size:14pt\">ileach<\/span><span style=\"font-size:14pt\">, agus <\/span><span style=\"font-size:14pt\">go br\u00f3<\/span><span style=\"font-size:14pt\">nach<\/span><span style=\"font-size:14pt\">, l\u00edonamar isteach sa charr ar\u00eds. Fad is a bh\u00ed<\/span><span style=\"font-size:14pt\">omar <\/span><span style=\"font-size:14pt\">ansin ar \u00e1r marana, d\u00fairt duine eic\u00ednt n\u00e1rbh olc an smaoineamh \u00e9<\/span><span style=\"font-size:14pt\"> cuairt a thabhairt ar an <\/span><span style=\"font-size:14pt\">\u2018<\/span><span style=\"font-size:14pt\">Beleek Castle Hotel<\/span><span style=\"font-size:14pt\">\u2019<\/span><span style=\"font-size:14pt\">, amuigh ar imeall an bhaile<\/span><span style=\"font-size:14pt\">,, roimh <\/span><span style=\"font-size:14pt\">dhul abhaile d<\/span><span style=\"font-size:14pt\">\u00fa<\/span><span style=\"font-size:14pt\">inn<\/span><span style=\"font-size:14pt\">. N\u00ed<\/span><span style=\"font-size:14pt\">or chuir einne i <\/span><span style=\"font-size:14pt\">gcoinne na comhairle sin agus b\u00edodh gur chaith m\u00e9 fh\u00e9<\/span><span style=\"font-size:14pt\">in seacht mbliana <\/span><span style=\"font-size:14pt\">i mo mh\u00fainteoir i gCol\u00e1<\/span><span style=\"font-size:14pt\">iste Mhuireadhaigh<\/span><span style=\"font-size:14pt\">, i mB\u00e9<\/span><span style=\"font-size:14pt\">al an <\/span><span style=\"font-size:14pt\">A<\/span><span style=\"font-size:14pt\">tha,<\/span><span style=\"font-size:14pt\"> i <\/span><span style=\"font-size:14pt\">gcaogaid\u00ed<\/span><span style=\"font-size:14pt\"> n<\/span><span style=\"font-size:14pt\">a haoise seo caite, caithfidh m\u00e9<\/span><span style=\"font-size:14pt\"> a admh<\/span><span style=\"font-size:14pt\">\u00e1<\/span><span style=\"font-size:14pt\">il<\/span><span style=\"font-size:14pt\">, n\u00e1<\/span><span style=\"font-size:14pt\">r thug m\u00e9<\/span><span style=\"font-size:14pt\"> <\/span><span style=\"font-size:14pt\">cuairt riamh ar an ionad stairi\u00fa<\/span><span style=\"font-size:14pt\">il<\/span><span style=\"font-size:14pt\"> sin, n\u00f3<\/span><span style=\"font-size:14pt\"> thar<\/span><span style=\"font-size:14pt\">t<\/span><span style=\"font-size:14pt\"> ar an am sin<\/span><span style=\"font-size:14pt\">, ba Ospid\u00e9al \u00e9 an Caisle\u00e1n c\u00e9<\/span><span style=\"font-size:14pt\">anna sin<\/span><span style=\"font-size:14pt\"> in iarrachta\u00ed na t\u00edre seo an l\u00e1mh in uachtar a fh\u00e1<\/span><span style=\"font-size:14pt\">il ar an Eitinn.<\/span><\/p><p style=\"text-align:justify;margin-top:0pt;padding-top:0;margin-bottom:10pt;padding-bottom:0;line-height:1.8\"><span style=\"font-size:14pt\">D\u2019fh\u00e1<\/span><span style=\"font-size:14pt\">gamar an Man<\/span><span style=\"font-size:14pt\">or Hotel Ballina in\u00e1<\/span><span style=\"font-size:14pt\">r ndiaidh<\/span><span style=\"font-size:14pt\">,<\/span><span style=\"font-size:14pt\"> agus thugamar aghaidh ar an Belleek Castle Hotel<\/span><span style=\"font-size:14pt\">, ar imeall an bhaile sin. T\u00e1 <\/span><span style=\"font-size:14pt\">Belleek Castle Hotel p\u00edosa<\/span><span style=\"font-size:14pt\"> amach \u00f3n mbaile m\u00f3r fh\u00e9<\/span><span style=\"font-size:14pt\">in, ach i ndeireadh na d\u00e1la<\/span><span style=\"font-size:14pt\">,<\/span><span style=\"font-size:14pt\"> fuairemar radharc ar an bhfo<\/span><span style=\"font-size:14pt\">irgneamh stairi\u00fail fh\u00e9<\/span><span style=\"font-size:14pt\">in, agus ba bh<\/span><span style=\"font-size:14pt\">eag n\u00e1r bhain s\u00e9 radharc na s\u00fal d\u00ed<\/span><span style=\"font-size:14pt\">nn<\/span><span style=\"font-size:14pt\">, n\u00f3 sheas s\u00e9 ansin go r\u00ed<\/span><span style=\"font-size:14pt\">oga<\/span><span style=\"font-size:14pt\">, st\u00e1t\u00fa<\/span><span style=\"font-size:14pt\">il<\/span><span style=\"font-size:14pt\">, agus faich\u00ed \u00e1<\/span><span style=\"font-size:14pt\">ille<\/span><span style=\"font-size:14pt\">,<\/span><span style=\"font-size:14pt\"> glan-bhearrtha<\/span><span style=\"font-size:14pt\">,<\/span><span style=\"font-size:14pt\"> os a chomhair amach<\/span><span style=\"font-size:14pt\">,<\/span><span style=\"font-size:14pt\"> agus timpeall air. N\u00edor leasainm ar bith caisle\u00e1n r\u00edoga a bhaisteadh air. T\u00f3gadh an caisle\u00e1n \u00fa<\/span><span style=\"font-size:14pt\">d Bhelleek idir 1825 agus 1831<\/span><span style=\"font-size:14pt\">,<\/span><span style=\"font-size:14pt\"> agus t<\/span><span style=\"font-size:14pt\">\u00f3gadh \u00e9<\/span><span style=\"font-size:14pt\"> ar <\/span><span style=\"font-size:14pt\">shu\u00edomh mhainistreach mhe\u00e1naoiseach<\/span><span style=\"font-size:14pt\">, ceann de na ceithre m<\/span><span style=\"font-size:14pt\">hainistir a su\u00ed<\/span><span style=\"font-size:14pt\">odh a<\/span><span style=\"font-size:14pt\">r bhruach thiar na Muaidhe<\/span><span style=\"font-size:14pt\">, fad\u00f3<\/span><span style=\"font-size:14pt\">. Ba \u00e9<\/span><span style=\"font-size:14pt\"> Sir Arthur Francis Knox-Gore<\/span><span style=\"font-size:14pt\">,<\/span><span style=\"font-size:14pt\"> a <\/span><span style=\"font-size:14pt\">shocraigh ar a fhoirgneamh a th\u00f3g\u00e1il ar an su\u00ed<\/span><span style=\"font-size:14pt\">omh sin, a<\/span><span style=\"font-size:14pt\">gus thaitin a<\/span><span style=\"font-size:14pt\"> c<\/span><span style=\"font-size:14pt\">h<\/span><span style=\"font-size:14pt\">uma me\u00e1<\/span><span style=\"font-size:14pt\">naoiseach le daoine<\/span><span style=\"font-size:14pt\">, sa r\u00e9<\/span><span style=\"font-size:14pt\"> sin. Mhair muintir Knox<\/span><span style=\"font-size:14pt\">-Gore sa Mhanor<\/span><span style=\"font-size:14pt\"> House sin go dt\u00ed da<\/span><span style=\"font-size:14pt\">i<\/span><span style=\"font-size:14pt\">chaid\u00ed<\/span><span style=\"font-size:14pt\"> na haoise seo caite.<\/span><\/p><p style=\"text-align:center;margin-top:0pt;padding-top:0;margin-bottom:10pt;padding-bottom:0;line-height:1.8\"><strong><span style=\"font-size:18pt\">Deisi\u00fa<\/span><span style=\"font-size:18pt\"> agus athnuachan<\/span><\/strong><\/p><p style=\"text-align:justify;margin-top:0pt;padding-top:0;margin-bottom:10pt;padding-bottom:0;line-height:1.8\"><span style=\"font-size:14pt\">Bh\u00ed drochbhail ar an gCaisle\u00e1<\/span><span style=\"font-size:14pt\">n faoin mbliain 19<\/span><span style=\"font-size:14pt\">61 nuair a fuair<\/span><span style=\"font-size:14pt\"> Marshall Doran, mairnealach tr\u00e1d\u00e1la, seilbh ar an \u00e1<\/span><span style=\"font-size:14pt\">it<\/span><span style=\"font-size:14pt\">, agus chaith s\u00e9 seal \u00e1<\/span><span style=\"font-size:14pt\"> athnuachan<\/span><span style=\"font-size:14pt\">, agus<\/span><span style=\"font-size:14pt\"> \u00e1 dheisi\u00fa, go dt\u00ed gur oscail s\u00e9<\/span><span style=\"font-size:14pt\"> mar \u00d3st\u00e1n \u00e9,<\/span><span style=\"font-size:14pt\"> sa bhliain 1970<\/span><span style=\"font-size:14pt\">, agus is \u00e9 mac Marshall at\u00e1 i mbun an Chaisle\u00e1<\/span><span style=\"font-size:14pt\">in<\/span><span style=\"font-size:14pt\">, faoi l\u00e1thair, le cabhair \u00f3<\/span><span style=\"font-size:14pt\"> Ms. Maya <\/span><span style=\"font-size:14pt\">Nikolaeva. Bh\u00ed<\/span><span style=\"font-size:14pt\"> an-<\/span><span style=\"font-size:14pt\">sp\u00e9is ag Marshall fh\u00e9in i gc\u00farsa\u00ed<\/span><span style=\"font-size:14pt\"> mara<\/span><span style=\"font-size:14pt\">, ach go hairithe, agus <\/span><span style=\"font-size:14pt\">t\u00e1 a chuma sin f\u00f3s le l\u00e9amh ar fheisteas agus ar throsc\u00e1n an Chaisle\u00e1<\/span><span style=\"font-size:14pt\">in, agus chomh maith le sin<\/span><span style=\"font-size:14pt\">, ba<\/span><span style=\"font-size:14pt\"> bhailitheoir <\/span><span style=\"font-size:14pt\">airm agus seandachta\u00ed \u00e9<\/span><span style=\"font-size:14pt\">, s<\/span><span style=\"font-size:14pt\">a chaoi gur iarsmalann neamhghn\u00e1ch \u00e9<\/span><span style=\"font-size:14pt\"> Belleek Castle<\/span><span style=\"font-size:14pt\">,<\/span><span style=\"font-size:14pt\"> sa l<\/span><span style=\"font-size:14pt\">\u00e1 at\u00e1 inniu fh\u00e9in ann. Cha<\/span><span style=\"font-size:14pt\">ithemar seal ag guairdeall timpeall<\/span><span style=\"font-size:14pt\">, agus ag tabhairt chuile sh\u00f3<\/span><span style=\"font-size:14pt\">rt f<\/span><span style=\"font-size:14pt\">aoi deara, ach i ndeireadh na d\u00e1<\/span><span style=\"font-size:14pt\">la<\/span><span style=\"font-size:14pt\">, tuigeadh d\u00fa<\/span><span style=\"font-size:14pt\">inn<\/span><span style=\"font-size:14pt\">, go raibh s\u00e9<\/span><span style=\"font-size:14pt\"> in am againn an b\u00f3<\/span><span style=\"font-size:14pt\">thar <\/span><span style=\"font-size:14pt\">abhaile a bhuaileadh, agus d\u2019fh\u00e1gamar sl\u00e1<\/span><span style=\"font-size:14pt\">n ag <\/span><span style=\"font-size:14pt\">\u2018<\/span><span style=\"font-size:14pt\">Belleek Castle Hotel<\/span><span style=\"font-size:14pt\">\u2019<\/span><span style=\"font-size:14pt\"> ar bhruacha <\/span><span style=\"font-size:14pt\">maorga na Muaidhe<\/span><span style=\"font-size:14pt\">,<\/span><span style=\"font-size:14pt\"> agus <\/span><span style=\"font-size:14pt\">le B\u00e9al an \u00c1<\/span><span style=\"font-size:14pt\">tha freisin<\/span><span style=\"font-size:14pt\">,<\/span><span style=\"font-size:14pt\"> <\/span><span style=\"font-size:14pt\">ach<\/span><span style=\"font-size:14pt\"> gheallamar filleadh ar an \u00e1it ar\u00ed<\/span><span style=\"font-size:14pt\">s<\/span><span style=\"font-size:14pt\">,<\/span><span style=\"font-size:14pt\"> an bhliain seo chugainn<\/span><span style=\"font-size:14pt\">, m\u00e1 <\/span><span style=\"font-size:14pt\">f<\/span><span style=\"font-size:14pt\">h\u00e1gann Dia an tsl\u00e1<\/span><span style=\"font-size:14pt\">i<\/span><span style=\"font-size:14pt\">n<\/span><span style=\"font-size:14pt\">te again<\/span><span style=\"font-size:14pt\">n, agus, mar adeireadh lucht sc\u00e9ala\u00edochta fad\u00f3, n\u00ed haitristear \u00e1<\/span><span style=\"font-size:14pt\">r <\/span><span style=\"font-size:14pt\">                n-imeachta\u00ed gur bhuaileamar ceann ar scr\u00ed<\/span><span style=\"font-size:14pt\">be i m<\/span><span style=\"font-size:14pt\">\u00e1<\/span><span style=\"font-size:14pt\"> m<\/span><span style=\"font-size:14pt\">h\u00e9<\/span><span style=\"font-size:14pt\">ith Mha Nuat.  <\/span><span style=\"font-size:14pt\">&nbsp;&nbsp;<\/span><span style=\"font-size:14pt\"> <\/span><\/p><p style=\"text-align:justify;margin-top:0pt;padding-top:0;margin-bottom:10pt;padding-bottom:0;line-height:1.8\"><span style=\"height:1em\"><span>.<\/span><\/span><\/p>","protected":false},"excerpt":{"rendered":"<p>D\u00e1 mbeinnse \u2019mo sheasamh i gceartl\u00e1r mo dhaoine&#8230;.4 (Saoire Thiar Thart) Tr\u00e9ad Cuimhn\u00ed Tar \u00e9is d\u00fainn sp\u00f3rt agus taitneamh a bhaint as na laethe a chaitheamar thiar, i ndeireadh na d\u00e1la, th\u00e1inig an l\u00e1 le sl\u00e1n a fh\u00e1gail ag an \u2018Manor Hotel Ballina\u2019, agus le filleadh abhaile athuair. N\u00ed g\u00e1 a r\u00e1, go raibh an [&hellip;]<\/p>\n","protected":false},"author":2,"featured_media":13435,"comment_status":"open","ping_status":"open","sticky":false,"template":"","format":"standard","meta":{"nf_dc_page":"","_et_pb_use_builder":"","_et_pb_old_content":"","_et_gb_content_width":"","footnotes":""},"categories":[1],"tags":[],"class_list":["post-12287","post","type-post","status-publish","format-standard","has-post-thumbnail","hentry","category-gan-chatagoir"],"_links":{"self":[{"href":"https:\/\/mickgb.com\/ga\/wp-json\/wp\/v2\/posts\/12287","targetHints":{"allow":["GET"]}}],"collection":[{"href":"https:\/\/mickgb.com\/ga\/wp-json\/wp\/v2\/posts"}],"about":[{"href":"https:\/\/mickgb.com\/ga\/wp-json\/wp\/v2\/types\/post"}],"author":[{"embeddable":true,"href":"https:\/\/mickgb.com\/ga\/wp-json\/wp\/v2\/users\/2"}],"replies":[{"embeddable":true,"href":"https:\/\/mickgb.com\/ga\/wp-json\/wp\/v2\/comments?post=12287"}],"version-history":[{"count":1,"href":"https:\/\/mickgb.com\/ga\/wp-json\/wp\/v2\/posts\/12287\/revisions"}],"predecessor-version":[{"id":12288,"href":"https:\/\/mickgb.com\/ga\/wp-json\/wp\/v2\/posts\/12287\/revisions\/12288"}],"wp:featuredmedia":[{"embeddable":true,"href":"https:\/\/mickgb.com\/ga\/wp-json\/wp\/v2\/media\/13435"}],"wp:attachment":[{"href":"https:\/\/mickgb.com\/ga\/wp-json\/wp\/v2\/media?parent=12287"}],"wp:term":[{"taxonomy":"category","embeddable":true,"href":"https:\/\/mickgb.com\/ga\/wp-json\/wp\/v2\/categories?post=12287"},{"taxonomy":"post_tag","embeddable":true,"href":"https:\/\/mickgb.com\/ga\/wp-json\/wp\/v2\/tags?post=12287"}],"curies":[{"name":"wp","href":"https:\/\/api.w.org\/{rel}","templated":true}]}}