{"id":12325,"date":"2017-04-04T11:00:00","date_gmt":"2017-04-04T11:00:00","guid":{"rendered":"https:\/\/mickgb.com\/?p=12325"},"modified":"2024-04-08T01:14:54","modified_gmt":"2024-04-08T01:14:54","slug":"deirimse-pleanail-leat","status":"publish","type":"post","link":"https:\/\/mickgb.com\/ga\/deirimse-pleanail-leat\/","title":{"rendered":"Deirimse  Plean\u00e1il  Leat"},"content":{"rendered":"<p style=\"text-align:center;margin-top:0pt;padding-top:0;margin-bottom:0pt;padding-bottom:0;line-height:2.4;font-weight:bold;font-size:18pt\">I  mB\u00e9al  an  Phobail<\/p><p style=\"text-align:center;margin-top:0pt;padding-top:0;margin-bottom:0pt;padding-bottom:0;line-height:1.2\"><strong><span style=\"font-size:14pt\">Planning!  is it?<\/span><\/strong><\/p><p style=\"margin-top:0pt;padding-top:0;margin-bottom:0pt;padding-bottom:0;line-height:1.2\"><strong>Peadar Bair\u00e9ad<\/strong><\/p><p style=\"margin-top:0pt;padding-top:0;margin-bottom:0pt;padding-bottom:0;line-height:1.2\"><span style=\"height:1em\"><span>.<\/span><\/span><\/p><p style=\"text-align:justify;margin-top:0pt;padding-top:0;margin-bottom:0pt;padding-bottom:0;line-height:2.4\">\u201cDeirimse plean\u00e1il leat!\u201d <\/p><p style=\"text-align:justify;margin-top:0pt;padding-top:0;margin-bottom:0pt;padding-bottom:0;line-height:2.4\"> B\u2019in mar a chuir mo sheanchara, S\u00e9im\u00ed an Droichid \u00e9, an o\u00edche cheana. Thuig m\u00e9 l\u00e1ithreach, go raibh rud eic\u00ednt neamhghn\u00e1ch ag d\u00f3 na geirbe ag an bhfear bocht, n\u00f3 b\u2019annamh leis t\u00fas obann d\u00e1 leith\u00e9id a chur lena chomhr\u00e1. <\/p><p style=\"text-align:justify;margin-top:0pt;padding-top:0;margin-bottom:0pt;padding-bottom:0;line-height:2.4\">\u201cN\u00ed hamhlaidh at\u00e1 t\u00fa ag ma\u00edomh nach bhfuil \u00e1r gc\u00f3ras plean\u00e1la thar mholadh beirte!\u201d arsa m\u00e9 fh\u00e9in, go deas, r\u00e9idh, neamhurch\u00f3ideach.<\/p><p style=\"text-align:justify;margin-top:0pt;padding-top:0;margin-bottom:0pt;padding-bottom:0;line-height:2.4\">\u201cSin \u00e9 d\u00edreach at\u00e1 \u00e1 mha\u00edomh agam.\u201d<\/p><p style=\"text-align:justify;margin-top:0pt;padding-top:0;margin-bottom:0pt;padding-bottom:0;line-height:2.4\"> \u201cAch a Sh\u00e9im\u00ed, c\u00e1 bhfaighfe\u00e1 forbairt chomh hilghn\u00e9itheach, chomh heala\u00edonta, chomh dea-dheartha, leis an bhforbairt iontach at\u00e1 \u00e1 dh\u00e9anamh thart ar an gcathair s\u2019againne, i ngach treo baill, i l\u00e1thair na huaire seo\u201d<\/p><p style=\"text-align:center;margin-top:0pt;padding-top:0;margin-bottom:0pt;padding-bottom:0;line-height:2.4\"><strong><span style=\"font-size:14pt\">Is it blind you are?<\/span><\/strong><\/p><p style=\"text-align:justify;margin-top:0pt;padding-top:0;margin-bottom:0pt;padding-bottom:0;line-height:2.4\">\u201cIn ainm Chroim! ach c\u00e1 raibh tusa aimsir na s\u00fal? n\u00f3 an dall, amach is amuigh at\u00e1 t\u00fa? Ar bhreathnaigh t\u00fa ar a bhfuil ag tarl\u00fa thart ar Thimpeall\u00e1in Chuarbh\u00f3thair Chill Chainnigh? Tithe ilst\u00f3racha \u00e1 gcaitheamh suas, &#8211; faoi mar ba chaisle\u00e1in ghainimhe  iad -, r\u00f3ch\u00f3ngarach don bh\u00f3thar, agus b\u2019fh\u00e9idir go bhf\u00e9adf\u00e1 glacadh le sin, d\u00e1 mba fhoirgnimh eala\u00edonta, spreag\u00fala, a bh\u00ed iontu, agus iad fada go leor siar \u00f3n mb\u00f3thar, le go bhf\u00e9adf\u00e1 taitneamh a bhaint as a ndearadh, agus as a nd\u00e9anamh.\u201d<\/p><p style=\"text-align:justify;margin-top:0pt;padding-top:0;margin-bottom:0pt;padding-bottom:0;line-height:2.4\">\u201cAch a Sh\u00e9im\u00ed, a chro\u00ed, nach dtuigeann tusa go maith anois, go gcosna\u00edonn su\u00edomh fan na mb\u00f3ithre c\u00e9anna sin, go gcosna\u00edonn siad pingin mhaith\u201d.<\/p><p style=\"text-align:justify;margin-top:0pt;padding-top:0;margin-bottom:0pt;padding-bottom:0;line-height:2.4\"> \u201cTuigim sin go maith, ach n\u00ed cosc ar bith \u00e9 sin ar dhea-dhearadh, n\u00f3 ar dhea-dh\u00e9anamh. S\u00edlim fh\u00e9in go bhfuil an sc\u00e9al ar fad imithe isteach sa mhuileann orainn, sa chaoi nach gcuirfeadh s\u00e9 l\u00e1 iontais orm, d\u00e1 dtarl\u00f3dh, mar a deir mo sheanchara, M\u00e1rtan a\u2019 Tairbh, an l\u00e1 cheana.\u201d<\/p><p style=\"text-align:center;margin-top:0pt;padding-top:0;margin-bottom:0pt;padding-bottom:0;line-height:2.4\"><strong><span style=\"font-size:14pt\">Round Towers on Roundabouts!<\/span><\/strong><\/p><p style=\"text-align:justify;margin-top:0pt;padding-top:0;margin-bottom:0pt;padding-bottom:0;line-height:2.4\">\u201c Agus c\u00e9ard d\u00fairt M\u00e1rtan bocht s\u2019againne faoi na c\u00farsa\u00ed seo?\u201d<\/p><p style=\"text-align:justify;margin-top:0pt;padding-top:0;margin-bottom:0pt;padding-bottom:0;line-height:2.4\">\u201cN\u00ed chuirfeadh s\u00e9 ionadh ar bith orm, adeir s\u00e9, d\u00e1 dtabharfa\u00ed cead plean\u00e1la do dhuine eic\u00ednt, ceann de na laethe seo, T\u00far Cruinn ollmh\u00f3r, a th\u00f3g\u00e1il ar cheann de na timpeall\u00e1in bhre\u00e1tha, mh\u00f3ra, at\u00e1 chomh fl\u00fairseach sin, timpeall na cathrach seo.\u201d<\/p><p style=\"text-align:justify;margin-top:0pt;padding-top:0;margin-bottom:0pt;padding-bottom:0;line-height:2.4\">An i nd\u00e1ir\u00edre a bh\u00ed s\u00e9, meas t\u00fa?\u201d<\/p><p style=\"text-align:justify;margin-top:0pt;padding-top:0;margin-bottom:0pt;padding-bottom:0;line-height:2.4\">\u201cLom d\u00e1ir\u00edre, geallaimse dhuit \u00e9, agus an bhfuil fhios agat, b\u2019fh\u00e9idir go raibh sl\u00e1im\u00edn den cheart aige sa mh\u00e9id sin freisin.\u201d<\/p><p style=\"text-align:justify;margin-top:0pt;padding-top:0;margin-bottom:0pt;padding-bottom:0;line-height:2.4\">\u201cAg magadh at\u00e1 t\u00fa, a Sh\u00e9im\u00ed.\u201d arsa m\u00e9 fh\u00e9in, n\u00f3 tuigeadh dom, go raibh mo Sh\u00e9im\u00ed bre\u00e1 ag dul thar f\u00f3ir ar fad lena thuairim\u00ed buile, an babhta seo.<\/p><p style=\"text-align:justify;margin-top:0pt;padding-top:0;margin-bottom:0pt;padding-bottom:0;line-height:2.4\">\u201cDiabhal magadh n\u00f3 mugadh at\u00e1 ar si\u00fal agamsa.\u201d <\/p><p style=\"text-align:center;margin-top:0pt;padding-top:0;margin-bottom:0pt;padding-bottom:0;line-height:2.4\"><strong><span style=\"font-size:14pt\">Excellent Planning, All told!<\/span><\/strong><\/p><p style=\"text-align:justify;margin-top:0pt;padding-top:0;margin-bottom:0pt;padding-bottom:0;line-height:2.4\">\u201cAch nach bhfuil an-jab \u00e1 dh\u00e9anamh ag an lucht plean\u00e1la sin, nuair a smaoin\u00edonn t\u00fa ar an m\u00e9id t\u00f3g\u00e1la at\u00e1 ar si\u00fal timpeall na Cathrach \u00c1ille seo?\u201d<\/p><p style=\"text-align:justify;margin-top:0pt;padding-top:0;margin-bottom:0pt;padding-bottom:0;line-height:2.4\">\u201cIs d\u00f3cha go gceapfadh lucht plean\u00e1la go bhfuil a gcuid oibre ag cur le h\u00e1illeacht na timpeallachta in \u00e1r measc, ach t\u00e1id ann adeir, nach bhfuil cuma n\u00f3 crot ar an bhforbairt at\u00e1 ar si\u00fal sa d\u00faiche seo, le tamall de bhlianta anuas.  Sea, agus breathnaigh freisin ar na sr\u00e1ideanna, agus ar na b\u00f3ithre, ar a nd\u00e9anann muid taisteal, \u00f3 l\u00f3 go l\u00f3!\u201d<\/p><p style=\"text-align:justify;margin-top:0pt;padding-top:0;margin-bottom:0pt;padding-bottom:0;line-height:2.4\">\u201cC\u00e9ard t\u00e1 cearr leis na b\u00f3ithre, n\u00f3 leis na sr\u00e1ideanna? Nach den scoth chuile cheann acu?\u201d<\/p><p style=\"text-align:justify;margin-top:0pt;padding-top:0;margin-bottom:0pt;padding-bottom:0;line-height:2.4\">\u201cCaithfidh go bhfuil s\u00e9 an-\u00e9asca t\u00fa a sh\u00e1samh! An bhfaca t\u00fa na timpeall\u00e1in at\u00e1 ag m\u00e9ad\u00fa, faoi mar ba fh\u00e1s aon o\u00edche iad, agus cuid \u00e1irithe acu beagnach chomh beag le miosar\u00fan! Agus ar thug t\u00fa faoi deara, an chaoi a bhfuil bacainn\u00ed \u00e1 dt\u00f3g\u00e1il ar shr\u00e1ideanna is ar bh\u00f3ithre, na laethe seo. Blianta \u00f3 shoin, chaitheadh oibrithe a nd\u00fathracht ar fad, ag iarraidh na beala\u00ed m\u00f3ra dh\u00e9anamh deas leibh\u00e9alta, ach anois, caitheann siad a nd\u00fathracht, ag iarraidh ucht\u00f3ga a th\u00f3g\u00e1il ar na b\u00f3ithre leibh\u00e9alta c\u00e9anna sin. N\u00f3s eile a thug m\u00e9 faoi deara, le tamall, n\u00f3 an fonn at\u00e1 ar na h\u00fadar\u00e1is b\u00f3ithre a ch\u00fang\u00fa, b\u00edodh gur caitheadh airgead fad\u00f3 ag iarraidh iad a leathn\u00fa! Ach, an bhfeiceann t\u00fa an t-am? Beidh Naip\u00ed bhocht s\u2019againne ag s\u00fail liom, an cr\u00e9at\u00far! agus  n\u00edor mhaith liom buairt ar bith a chur uirthi. Sl\u00e1n go f\u00f3ill, mar sin\u201d<\/p><p style=\"text-align:justify;margin-top:0pt;padding-top:0;margin-bottom:0pt;padding-bottom:0;line-height:2.4\">Agus le sin, bh\u00ed s\u00e9 glanta as mo radharc, faoi mar ba chat sc\u00f3lta \u00e9. N\u00ed call dom a r\u00e1, gur bhain a thuairim\u00ed an chaint d\u00edom fh\u00e9in, n\u00f3 ar chuala \u00e9inne riamh a leith\u00e9id de r\u00e1im\u00e9is?<\/p><p style=\"text-align:justify;margin-top:0pt;padding-top:0;margin-bottom:0pt;padding-bottom:0;line-height:2.4\">Ach, n\u00ed lia duine n\u00f3 bar\u00fail! faoi mar adeireadh an tseandream fad\u00f3. <\/p>","protected":false},"excerpt":{"rendered":"<p>I mB\u00e9al an Phobail Planning! is it? Peadar Bair\u00e9ad . \u201cDeirimse plean\u00e1il leat!\u201d B\u2019in mar a chuir mo sheanchara, S\u00e9im\u00ed an Droichid \u00e9, an o\u00edche cheana. Thuig m\u00e9 l\u00e1ithreach, go raibh rud eic\u00ednt neamhghn\u00e1ch ag d\u00f3 na geirbe ag an bhfear bocht, n\u00f3 b\u2019annamh leis t\u00fas obann d\u00e1 leith\u00e9id a chur lena chomhr\u00e1. \u201cN\u00ed hamhlaidh [&hellip;]<\/p>\n","protected":false},"author":2,"featured_media":13435,"comment_status":"open","ping_status":"open","sticky":false,"template":"","format":"standard","meta":{"nf_dc_page":"","_et_pb_use_builder":"","_et_pb_old_content":"","_et_gb_content_width":"","footnotes":""},"categories":[1],"tags":[],"class_list":["post-12325","post","type-post","status-publish","format-standard","has-post-thumbnail","hentry","category-gan-chatagoir"],"_links":{"self":[{"href":"https:\/\/mickgb.com\/ga\/wp-json\/wp\/v2\/posts\/12325","targetHints":{"allow":["GET"]}}],"collection":[{"href":"https:\/\/mickgb.com\/ga\/wp-json\/wp\/v2\/posts"}],"about":[{"href":"https:\/\/mickgb.com\/ga\/wp-json\/wp\/v2\/types\/post"}],"author":[{"embeddable":true,"href":"https:\/\/mickgb.com\/ga\/wp-json\/wp\/v2\/users\/2"}],"replies":[{"embeddable":true,"href":"https:\/\/mickgb.com\/ga\/wp-json\/wp\/v2\/comments?post=12325"}],"version-history":[{"count":1,"href":"https:\/\/mickgb.com\/ga\/wp-json\/wp\/v2\/posts\/12325\/revisions"}],"predecessor-version":[{"id":12326,"href":"https:\/\/mickgb.com\/ga\/wp-json\/wp\/v2\/posts\/12325\/revisions\/12326"}],"wp:featuredmedia":[{"embeddable":true,"href":"https:\/\/mickgb.com\/ga\/wp-json\/wp\/v2\/media\/13435"}],"wp:attachment":[{"href":"https:\/\/mickgb.com\/ga\/wp-json\/wp\/v2\/media?parent=12325"}],"wp:term":[{"taxonomy":"category","embeddable":true,"href":"https:\/\/mickgb.com\/ga\/wp-json\/wp\/v2\/categories?post=12325"},{"taxonomy":"post_tag","embeddable":true,"href":"https:\/\/mickgb.com\/ga\/wp-json\/wp\/v2\/tags?post=12325"}],"curies":[{"name":"wp","href":"https:\/\/api.w.org\/{rel}","templated":true}]}}