{"id":12355,"date":"2017-04-04T11:00:00","date_gmt":"2017-04-04T11:00:00","guid":{"rendered":"https:\/\/mickgb.com\/?p=12355"},"modified":"2024-04-08T01:12:35","modified_gmt":"2024-04-08T01:12:35","slug":"draiocht-na-mara-moire-copy","status":"publish","type":"post","link":"https:\/\/mickgb.com\/ga\/draiocht-na-mara-moire-copy\/","title":{"rendered":"DRA\u00cdOCHT NA MARA M\u00d3IRE &#8211; Copy"},"content":{"rendered":"<p style=\"margin-top:0pt;padding-top:0;margin-bottom:0pt;padding-bottom:0;line-height:2.4;font-size:12pt;margin-left:36pt\"><span style=\"font-size:14pt\">&emsp;&emsp;<\/span><strong><span style=\"font-size:18pt\">DRA\u00cdOCHT NA MARA M\u00d3IRE<\/span><span style=\"font-size:14pt\">.<\/span><\/strong><\/p><p style=\"margin-top:0pt;padding-top:0;margin-bottom:0pt;padding-bottom:0;line-height:2.4;font-size:12pt\"><span style=\"height:1em\"><span>.<\/span><\/span><\/p><p style=\"margin-top:0pt;padding-top:0;margin-bottom:0pt;padding-bottom:0;line-height:2.4;font-size:12pt\"><span style=\"font-size:14pt\">Peadar Bair\u00e9ad<\/span><\/p><p style=\"text-align:center;margin-top:0pt;padding-top:0;margin-bottom:0pt;padding-bottom:0;line-height:2.4;font-size:12pt\"><span style=\"height:1em\"><span>.<\/span><\/span><\/p><p style=\"text-align:center;margin-top:0pt;padding-top:0;margin-bottom:0pt;padding-bottom:0;line-height:2.4;font-size:12pt\"><strong><span style=\"font-size:18pt\">Dra\u00edocht na Mara M\u00f3<\/span><span style=\"font-size:18pt\">ire<\/span><\/strong><\/p><p style=\"text-align:justify;margin-top:0pt;padding-top:0;margin-bottom:0pt;padding-bottom:0;line-height:2.4;font-size:12pt\"><span style=\"font-size:14pt\">Ag breathn\u00fa<\/span><span style=\"font-size:14pt\"> siar<\/span><span style=\"font-size:14pt\"> ar<\/span><span style=\"font-size:14pt\"> dh\u00e1nta a chum m\u00e9<\/span><span style=\"font-size:14pt\"> breis is t<\/span><span style=\"font-size:14pt\">r\u00ed sc\u00f3r bliain \u00f3<\/span><span style=\"font-size:14pt\"> shoin<\/span><span style=\"font-size:14pt\"> a bh\u00ed m\u00e9 an o\u00ed<\/span><span style=\"font-size:14pt\">che cheana<\/span><span style=\"font-size:14pt\">, nuair a th\u00e1inig m\u00e9 ar an nd\u00e1in\u00ed<\/span><span style=\"font-size:14pt\">n bocht<\/span><span style=\"font-size:14pt\">, neamhurch\u00f3ideach seo. Bh\u00ed m\u00e9 bre\u00e1<\/span><span style=\"font-size:14pt\">,<\/span><span style=\"font-size:14pt\"> \u00f3<\/span><span style=\"font-size:14pt\">g<\/span><span style=\"font-size:14pt\">,<\/span><span style=\"font-size:14pt\"> scaf\u00e1<\/span><span style=\"font-size:14pt\">nta<\/span><span style=\"font-size:14pt\">,<\/span><span style=\"font-size:14pt\"> faoin am<\/span><span style=\"font-size:14pt\"> a chum, agus \u00e9 de n\u00f3<\/span><span style=\"font-size:14pt\">s agam uaireanta a\u2019<\/span><span style=\"font-size:14pt\"> chlo<\/span><span style=\"font-size:14pt\">ig a chaithea<\/span><span style=\"font-size:14pt\">mh ag si\u00fa<\/span><span style=\"font-size:14pt\">l liom<\/span><span style=\"font-size:14pt\"> fh\u00e9in<\/span><span style=\"font-size:14pt\"> cois na t<\/span><span style=\"font-size:14pt\">r\u00e1 gile gainmh\u00ed<\/span><span style=\"font-size:14pt\">&#8230;.<\/span><\/p><h1 style=\"margin-top:0pt;padding-top:0;margin-bottom:0pt;padding-bottom:0;line-height:1.8;font-size:14pt\">&nbsp;&nbsp;&nbsp;&nbsp;&nbsp;&nbsp;&nbsp;&nbsp;&nbsp;&nbsp;&nbsp;&nbsp;&nbsp;&nbsp;&nbsp;&nbsp;&nbsp;&nbsp;&nbsp;&nbsp;&nbsp;&nbsp;&nbsp;&nbsp;&nbsp;&nbsp;&nbsp;&nbsp;&nbsp;&nbsp;&nbsp;&nbsp;&nbsp;&nbsp;&nbsp;&nbsp;&nbsp;&nbsp;&nbsp;&nbsp;&nbsp;&nbsp;<\/h1><h1 style=\"text-align:justify;margin-top:0pt;padding-top:0;margin-bottom:0pt;padding-bottom:0;line-height:1.8;font-size:14pt\">&nbsp;&nbsp;&nbsp;&nbsp;&nbsp;&nbsp;&nbsp;&nbsp;&nbsp;&nbsp;&nbsp;&nbsp;&nbsp;&nbsp;&nbsp;&nbsp;&nbsp;&nbsp;&nbsp;&nbsp;&nbsp;&nbsp;&nbsp;&nbsp;&nbsp;&nbsp;&nbsp;&nbsp;&nbsp;&nbsp;&nbsp;&nbsp;&nbsp;&nbsp;&nbsp;&nbsp;&nbsp;&nbsp;&nbsp;&nbsp;&nbsp;&nbsp;Dra\u00edocht na Mara M\u00f3ire,<\/h1><h1 style=\"text-align:justify;margin-top:0pt;padding-top:0;margin-bottom:0pt;padding-bottom:0;line-height:1.8;font-size:14pt;margin-left:144pt\">Mar bhrat geal c\u00fair anuas<\/h1><p style=\"text-align:justify;margin-top:0pt;padding-top:0;margin-bottom:0pt;padding-bottom:0;line-height:1.8;font-size:12pt;margin-left:144pt\"><span style=\"font-size:14pt\">Ar aigne ghlinn na h\u00f3ige,<\/span><\/p><p style=\"text-align:justify;margin-top:0pt;padding-top:0;margin-bottom:0pt;padding-bottom:0;line-height:1.8;font-size:12pt;margin-left:144pt\"><span style=\"font-size:14pt\">In Iorras binn na gcuan.<\/span><\/p><p style=\"text-align:justify;margin-top:0pt;padding-top:0;margin-bottom:0pt;padding-bottom:0;line-height:1.8;font-size:12pt;margin-left:144pt\"><span style=\"height:1em\"><span>.<\/span><\/span><\/p><p style=\"margin-top:0pt;padding-top:0;margin-bottom:0pt;padding-bottom:0;line-height:1.8;font-size:12pt;margin-left:144pt\"><span style=\"font-size:14pt\">Tr\u00e1nna fairsinge, b\u00e1na,<\/span><\/p><p style=\"margin-top:0pt;padding-top:0;margin-bottom:0pt;padding-bottom:0;line-height:1.8;font-size:12pt;margin-left:144pt\"><span style=\"font-size:14pt\">A mheallann f\u00f3s mo dh\u00e1n<\/span><\/p><p style=\"margin-top:0pt;padding-top:0;margin-bottom:0pt;padding-bottom:0;line-height:1.8;font-size:12pt;margin-left:144pt\"><span style=\"font-size:14pt\">Go t\u00edr dheas l\u00e1ch na meala,<\/span><\/p><p style=\"margin-top:0pt;padding-top:0;margin-bottom:0pt;padding-bottom:0;line-height:1.8;font-size:12pt;margin-left:144pt\"><span style=\"font-size:14pt\">Tar \u00e9is blianta fada ar f\u00e1n.<\/span><\/p><p style=\"margin-top:0pt;padding-top:0;margin-bottom:0pt;padding-bottom:0;line-height:1.8;font-size:12pt;margin-left:144pt\"><span style=\"height:1em\"><span>.<\/span><\/span><\/p><p style=\"margin-top:0pt;padding-top:0;margin-bottom:0pt;padding-bottom:0;line-height:1.8;font-size:12pt;margin-left:144pt\"><span style=\"font-size:14pt\">Gualainn, Corr\u00e1n, Inis Gluaire,<\/span><\/p><p style=\"margin-top:0pt;padding-top:0;margin-bottom:0pt;padding-bottom:0;line-height:1.8;font-size:12pt;margin-left:144pt\"><span style=\"font-size:14pt\">Carraig Mhainn\u00edn agus Inis G\u00e9idhe,<\/span><\/p><p style=\"margin-top:0pt;padding-top:0;margin-bottom:0pt;padding-bottom:0;line-height:1.8;font-size:12pt;margin-left:144pt\"><span style=\"font-size:14pt\">Dufair, Bearnach, is S\u00e1il\u00edn,<\/span><\/p><p style=\"margin-top:0pt;padding-top:0;margin-bottom:0pt;padding-bottom:0;line-height:1.8;font-size:12pt;margin-left:144pt\"><span style=\"font-size:14pt\">Mar ph\u00e9arla\u00ed im bhraisl\u00e9ad.<\/span><\/p><p style=\"margin-top:0pt;padding-top:0;margin-bottom:0pt;padding-bottom:0;line-height:1.8;font-size:12pt;margin-left:144pt\"><span style=\"height:1em\"><span>.<\/span><\/span><\/p><p style=\"margin-top:0pt;padding-top:0;margin-bottom:0pt;padding-bottom:0;line-height:1.8;font-size:12pt;margin-left:144pt\"><span style=\"font-size:14pt\">Dra\u00edocht na Mara M\u00f3ire,<\/span><\/p><p style=\"margin-top:0pt;padding-top:0;margin-bottom:0pt;padding-bottom:0;line-height:1.8;font-size:12pt;margin-left:144pt\"><span style=\"font-size:14pt\">Ag bualadh ar thr\u00e1 mo shaoil,<\/span><\/p><p style=\"margin-top:0pt;padding-top:0;margin-bottom:0pt;padding-bottom:0;line-height:1.8;font-size:12pt;margin-left:144pt\"><span style=\"font-size:14pt\">Mar othra f\u00f3s dom chosaint<\/span><\/p><p style=\"margin-top:0pt;padding-top:0;margin-bottom:0pt;padding-bottom:0;line-height:1.8;font-size:12pt;margin-left:144pt\"><span style=\"font-size:14pt\">Ar bhuairt, ar bhr\u00f3n, ar aois.<\/span><\/p><p style=\"margin-top:0pt;padding-top:0;margin-bottom:0pt;padding-bottom:0;line-height:1.8;font-size:12pt;margin-left:144pt\"><span style=\"height:1em\"><span>.<\/span><\/span><\/p><p style=\"margin-top:0pt;padding-top:0;margin-bottom:0pt;padding-bottom:0;line-height:1.8;font-size:12pt;margin-left:144pt\"><span style=\"font-size:14pt\">Greadaig\u00ed libh a thonnta,<\/span><\/p><p style=\"margin-top:0pt;padding-top:0;margin-bottom:0pt;padding-bottom:0;line-height:1.8;font-size:12pt;margin-left:144pt\"><span style=\"font-size:14pt\">Ar thr\u00e1nna geala bu\u00ed,<\/span><\/p><p style=\"margin-top:0pt;padding-top:0;margin-bottom:0pt;padding-bottom:0;line-height:1.8;font-size:12pt;margin-left:144pt\"><span style=\"font-size:14pt\">Caith<\/span><span style=\"font-size:14pt\">ig\u00ed<\/span><span style=\"font-size:14pt\"> chugam<\/span><span style=\"font-size:14pt\">,<\/span><span style=\"font-size:14pt\"> ar phort na beatha,<\/span><\/p><p style=\"margin-top:0pt;padding-top:0;margin-bottom:0pt;padding-bottom:0;line-height:1.8;font-size:12pt;margin-left:144pt\"><span style=\"font-size:14pt\">S\u00edoch\u00e1in, l\u00fach\u00e1ir, is maoin.<\/span><\/p><p style=\"margin-top:0pt;padding-top:0;margin-bottom:0pt;padding-bottom:0;line-height:1.8;font-size:12pt;margin-left:144pt\"><span style=\"height:1em\"><span>.<\/span><\/span><\/p><h2 style=\"text-align:justify;margin-top:12pt;padding-top:0;margin-bottom:3pt;padding-bottom:0;line-height:2.4;font-style:italic;font-weight:bold;font-size:14pt\">Ag l\u00e9amh an d\u00e1in sin anois, nach gceapf\u00e1 go mba dhuine a raibh blianta fada caite aige ag streachailt leis an saol, a chum. F\u00e9ach an dara v\u00e9arsa, \u00e1it a bhfuil&#8230;\u201da mheallann f\u00f3s mo dh\u00e1n\u201d&#8230; agus&#8230;\u201dtar \u00e9is blianta fada ar f\u00e1n.\u201d N\u00ed haon sic\u00edn lae a scr\u00edobhfadh a leith\u00e9id! Ach, i nd\u00e1ir\u00edre, n\u00ed raibh ionnam, ag an am, ach fear \u00f3g ina fhichid\u00ed! <\/h2><p style=\"text-align:center;margin-top:0pt;padding-top:0;margin-bottom:0pt;padding-bottom:0;line-height:1.8;font-size:12pt\"><strong><span style=\"font-size:18pt\">C\u00f3fra na gcuim<\/span><span style=\"font-size:18pt\">hn\u00ed<\/span><\/strong><\/p><p style=\"text-align:justify;margin-top:0pt;padding-top:0;margin-bottom:0pt;padding-bottom:0;line-height:1.8;font-size:12pt\"><span style=\"font-size:14pt\">Rugadh agus t\u00f3gadh m\u00e9 fh\u00e9<\/span><span style=\"font-size:14pt\">in i ngiorracht<\/span><span style=\"font-size:14pt\"> scread asail don bhfarraige mh\u00f3rthonnach, n\u00f3<\/span><span style=\"font-size:14pt\">,<\/span><span style=\"font-size:14pt\"> bh\u00ed an Fharraige Mh\u00f3<\/span><span style=\"font-size:14pt\">r <\/span><span style=\"font-size:14pt\">ardtonnach <\/span><span style=\"font-size:14pt\">thart ar leathmh\u00edle <\/span><span style=\"font-size:14pt\">ar an dtaobh thiar d\u00ed<\/span><span style=\"font-size:14pt\">nn<\/span><span style=\"font-size:14pt\">, agus cupla c\u00e9ad slat soir uainn bh\u00ed<\/span><span style=\"font-size:14pt\"> Cuan leathan<\/span><span style=\"font-size:14pt\">, \u00e1<\/span><span style=\"font-size:14pt\">lainn<\/span><span style=\"font-size:14pt\">, an Fh\u00f3<\/span><span style=\"font-size:14pt\">id Duibh<\/span><span style=\"font-size:14pt\">.<\/span><span style=\"font-size:14pt\"> <\/span><span style=\"font-size:14pt\"> Nuair a sheasainn ag <\/span><span style=\"font-size:14pt\">doras tosaigh<\/span><span style=\"font-size:14pt\"> an t\u00ed s\u2019againne<\/span><span style=\"font-size:14pt\"> bhi radharc agam ar Ghob Dubh<\/span><span style=\"font-size:14pt\">, ar Sailin, agus ar an Rinn Bh\u00e1n, agus b\u00edodh go mba \u00e1<\/span><span style=\"font-size:14pt\">la<\/span><span style=\"font-size:14pt\">inn an chuid sin de Chuan an Fh\u00f3id Duibh, n\u00edor thada \u00e9 i gcompar\u00e1id le fi\u00e1ntas doshrianta na Farraige M\u00f3ire. Chuaigh<\/span><span style=\"font-size:14pt\"> Carraig Mhainn<\/span><span style=\"font-size:14pt\">\u00edn, Gualainn, An Corr\u00e1<\/span><span style=\"font-size:14pt\">n<\/span><span style=\"font-size:14pt\">,<\/span><span style=\"font-size:14pt\"> agus Mainistir na Croise<\/span><span style=\"font-size:14pt\">, fan an ch\u00f3<\/span><span style=\"font-size:14pt\">sta<\/span><span style=\"font-size:14pt\">,<\/span><span style=\"font-size:14pt\"> <\/span><span style=\"font-size:14pt\"> <\/span><span style=\"font-size:14pt\">i gcion<\/span><span style=\"font-size:14pt\">n<\/span><span style=\"font-size:14pt\"> go m\u00f3<\/span><span style=\"font-size:14pt\">r orm<\/span><span style=\"font-size:14pt\">, ach ba mh\u00f3 f\u00f3s a <\/span><span style=\"font-size:14pt\">chuaigh na hoile\u00e1in, Inis G\u00e9<\/span><span style=\"font-size:14pt\">idhe Thuaidh agus Theas, Dufair, Inis Gluaire, agus Inis gCaorach<\/span><span style=\"font-size:14pt\">, i bhfeidhm ar shamhla\u00ed<\/span><span style=\"font-size:14pt\">ocht agus ar <\/span><span style=\"font-size:14pt\">chuimhne <\/span><span style=\"font-size:14pt\">m\u2019aigne. Sea, agus d\u2019fhan <\/span><span style=\"font-size:14pt\">cuimhne na n-\u00e1iteanna sin mar throsc\u00e1n i gcistin m\u2019aigne \u00f3n tr\u00e1<\/span><span style=\"font-size:14pt\">th sin i leith.<\/span><\/p><p style=\"text-align:center;margin-top:0pt;padding-top:0;margin-bottom:0pt;padding-bottom:0;line-height:1.8;font-size:12pt\"><strong><span style=\"font-size:18pt\">Imithe ar imirce<\/span><\/strong><\/p><p style=\"text-align:justify;margin-top:0pt;padding-top:0;margin-bottom:0pt;padding-bottom:0;line-height:1.8;font-size:12pt\"><span style=\"font-size:14pt\">D\u2019fh\u00e1g m\u00e9 an \u00e1<\/span><span style=\"font-size:14pt\">i<\/span><span style=\"font-size:14pt\">lleacht sin uilig taobh thiar d\u00ed<\/span><span style=\"font-size:14pt\">om<\/span><span style=\"font-size:14pt\">, nuair a d\u2019fh\u00e1<\/span><span style=\"font-size:14pt\">g me Iorras le dul s<\/span><span style=\"font-size:14pt\">na sagairt, ach th\u00f3g m\u00e9 an trosc\u00e1<\/span><span style=\"font-size:14pt\">n liom ar an imirce sin<\/span><span style=\"font-size:14pt\">, agus nuair a th\u00e9inn abhaile ar laethe saoire bh\u00ed<\/span><span style=\"font-size:14pt\">odh deis agam athchu<\/span><span style=\"font-size:14pt\">airt a thabhairt ar na hionaid \u00e1ille sin, agus ag an am gc\u00e9<\/span><span style=\"font-size:14pt\">anna<\/span><span style=\"font-size:14pt\">, bh\u00edodh ar mo chumas na h\u00edomh\u00e1<\/span><span style=\"font-size:14pt\">nna<\/span><span style=\"font-size:14pt\"> sin a sci\u00fa<\/span><span style=\"font-size:14pt\">radh agus a shnasadh le linn na <\/span><span style=\"font-size:14pt\">cuairte sin ar th\u00edr mo dh\u00fa<\/span><span style=\"font-size:14pt\">chais<\/span><span style=\"font-size:14pt\">, agus d\u00e1<\/span><span style=\"font-size:14pt\"> bharr sin<\/span><span style=\"font-size:14pt\">, fanann na h\u00edomh\u00e1nna c\u00e9anna sin go gl\u00e9, glan, glinn i gc\u00f3fra na gcuimhn\u00ed go dt\u00ed an l\u00e1 at\u00e1 inniu ann, agus is f\u00e9<\/span><span style=\"font-size:14pt\">idir liom tarraingt orthu<\/span><span style=\"font-size:14pt\">, am ar bith a mhotha\u00edm tonn an d\u00fachais ag briseadh ar thr\u00e1<\/span><span style=\"font-size:14pt\"> na haois<\/span><span style=\"font-size:14pt\">e, Sea, agus nach bre\u00e1<\/span><span style=\"font-size:14pt\"> rithimeach<\/span><span style=\"font-size:14pt\"> a<\/span><span style=\"font-size:14pt\"> shileann na logainmneacha sin \u00f3m theanga f\u00f3s&#8230; <\/span><\/p><p style=\"text-align:justify;margin-top:0pt;padding-top:0;margin-bottom:0pt;padding-bottom:0;line-height:1.8;font-size:12pt;margin-left:108pt\"><span style=\"font-size:14pt\">Gualainn, Corr\u00e1<\/span><span style=\"font-size:14pt\">n, Inis Gluaire<\/span><span style=\"font-size:14pt\">, <\/span><\/p><p style=\"text-align:justify;margin-top:0pt;padding-top:0;margin-bottom:0pt;padding-bottom:0;line-height:1.8;font-size:12pt;margin-left:108pt\"><span style=\"font-size:14pt\">Carraig Mhainn\u00edn agus Inis G\u00e9idhe<\/span><\/p><p style=\"text-align:justify;margin-top:0pt;padding-top:0;margin-bottom:0pt;padding-bottom:0;line-height:1.8;font-size:12pt;margin-left:108pt\"><span style=\"font-size:14pt\">Dufair, Bearnach, is<\/span><span style=\"font-size:14pt\"> S\u00e1il\u00edn<\/span><span style=\"font-size:14pt\">,<\/span><\/p><p style=\"text-align:justify;margin-top:0pt;padding-top:0;margin-bottom:0pt;padding-bottom:0;line-height:1.8;font-size:12pt;margin-left:108pt\"><span style=\"font-size:14pt\">Mar ph\u00e9arla\u00ed im bhraisl\u00e9ad.<\/span><\/p><p style=\"text-align:justify;margin-top:0pt;padding-top:0;margin-bottom:0pt;padding-bottom:0;line-height:1.8;font-size:12pt\"><span style=\"font-size:14pt\"> Ach, b\u2019fh\u00e9idir gur leor sin don bhabhta seo&#8230;&#8230;&#8230;&#8230;<\/span><\/p>","protected":false},"excerpt":{"rendered":"<p>&emsp;&emsp;DRA\u00cdOCHT NA MARA M\u00d3IRE. . Peadar Bair\u00e9ad . Dra\u00edocht na Mara M\u00f3ire Ag breathn\u00fa siar ar dh\u00e1nta a chum m\u00e9 breis is tr\u00ed sc\u00f3r bliain \u00f3 shoin a bh\u00ed m\u00e9 an o\u00edche cheana, nuair a th\u00e1inig m\u00e9 ar an nd\u00e1in\u00edn bocht, neamhurch\u00f3ideach seo. Bh\u00ed m\u00e9 bre\u00e1, \u00f3g, scaf\u00e1nta, faoin am a chum, agus \u00e9 de [&hellip;]<\/p>\n","protected":false},"author":2,"featured_media":13435,"comment_status":"open","ping_status":"open","sticky":false,"template":"","format":"standard","meta":{"nf_dc_page":"","_et_pb_use_builder":"","_et_pb_old_content":"","_et_gb_content_width":"","footnotes":""},"categories":[1],"tags":[],"class_list":["post-12355","post","type-post","status-publish","format-standard","has-post-thumbnail","hentry","category-gan-chatagoir"],"_links":{"self":[{"href":"https:\/\/mickgb.com\/ga\/wp-json\/wp\/v2\/posts\/12355","targetHints":{"allow":["GET"]}}],"collection":[{"href":"https:\/\/mickgb.com\/ga\/wp-json\/wp\/v2\/posts"}],"about":[{"href":"https:\/\/mickgb.com\/ga\/wp-json\/wp\/v2\/types\/post"}],"author":[{"embeddable":true,"href":"https:\/\/mickgb.com\/ga\/wp-json\/wp\/v2\/users\/2"}],"replies":[{"embeddable":true,"href":"https:\/\/mickgb.com\/ga\/wp-json\/wp\/v2\/comments?post=12355"}],"version-history":[{"count":1,"href":"https:\/\/mickgb.com\/ga\/wp-json\/wp\/v2\/posts\/12355\/revisions"}],"predecessor-version":[{"id":12356,"href":"https:\/\/mickgb.com\/ga\/wp-json\/wp\/v2\/posts\/12355\/revisions\/12356"}],"wp:featuredmedia":[{"embeddable":true,"href":"https:\/\/mickgb.com\/ga\/wp-json\/wp\/v2\/media\/13435"}],"wp:attachment":[{"href":"https:\/\/mickgb.com\/ga\/wp-json\/wp\/v2\/media?parent=12355"}],"wp:term":[{"taxonomy":"category","embeddable":true,"href":"https:\/\/mickgb.com\/ga\/wp-json\/wp\/v2\/categories?post=12355"},{"taxonomy":"post_tag","embeddable":true,"href":"https:\/\/mickgb.com\/ga\/wp-json\/wp\/v2\/tags?post=12355"}],"curies":[{"name":"wp","href":"https:\/\/api.w.org\/{rel}","templated":true}]}}