{"id":12447,"date":"2017-04-04T11:00:00","date_gmt":"2017-04-04T11:00:00","guid":{"rendered":"https:\/\/mickgb.com\/?p=12447"},"modified":"2024-04-08T01:27:35","modified_gmt":"2024-04-08T01:27:35","slug":"ealu-on-gcliarscoil","status":"publish","type":"post","link":"https:\/\/mickgb.com\/ga\/ealu-on-gcliarscoil\/","title":{"rendered":"\u00c9al\u00fa  \u00f3n gCliarscoil"},"content":{"rendered":"<p style=\"text-align:center;margin-top:0pt;padding-top:0;margin-bottom:0pt;padding-bottom:0;line-height:2.4;font-size:14pt\"><strong><span style=\"font-size:28pt\">\u00c9al\u00fa \u00f3n gCliarscoil<\/span><\/strong><\/p><p style=\"margin-top:0pt;padding-top:0;margin-bottom:0pt;padding-bottom:0;line-height:2.4;font-size:14pt\">Peadar Bair\u00e9ad<\/p><p style=\"text-align:center;margin-top:0pt;padding-top:0;margin-bottom:0pt;padding-bottom:0;line-height:1.8;font-size:14pt\"><span style=\"height:1em\"><span>.<\/span><\/span><\/p><p style=\"text-align:center;margin-top:0pt;padding-top:0;margin-bottom:0pt;padding-bottom:0;line-height:1.8;font-size:14pt\"><strong><span style=\"font-size:18pt\">Sc\u00e9al agus a cheann!<\/span><\/strong><\/p><p style=\"text-align:justify;margin-top:0pt;padding-top:0;margin-bottom:0pt;padding-bottom:0;line-height:1.8;font-size:14pt\"><span style=\"height:1em\"><span>.<\/span><\/span><\/p><p style=\"text-align:justify;margin-top:0pt;padding-top:0;margin-bottom:0pt;padding-bottom:0;line-height:1.8;font-size:14pt\">Tharla\u00edonn, scait\u00ed, go mb\u00edonn s\u00e9 beagnach do-dh\u00e9anta, an ceann a bhaint de sc\u00e9al \u00e1irithe, ag am \u00e1irithe.<\/p><p style=\"text-align:justify;margin-top:0pt;padding-top:0;margin-bottom:0pt;padding-bottom:0;line-height:1.8;font-size:12pt\"><span style=\"font-size:14pt\">Tuige sin? a d\u2019fhiafr\u00f3dh duine, b\u2019fh\u00e9idir.<\/span><\/p><p style=\"text-align:justify;margin-top:0pt;padding-top:0;margin-bottom:0pt;padding-bottom:0;line-height:1.8;font-size:12pt\"><span style=\"font-size:14pt\">N\u00edl m\u00e9 r\u00f3-chinnte, ach is d\u00f3cha gur toisc go bhfuil baol ann go bhfeannfadh scaoileadh an sc\u00e9il ch\u00e9anna sin an craiceann anuas de dhuine. Sea, agus nach mb\u00edonn an dara b\u2019fh\u00e9idir ann freisin, agus s\u00e9 sin, go dtarraingeodh s\u00e9 aird an phobail ar <\/span><span style=\"font-size:14pt\">an nd<\/span><span style=\"font-size:14pt\">uine<\/span><span style=\"font-size:14pt\"> fh\u00e9in<\/span><span style=\"font-size:14pt\">, nuair n\u00e1r loirg s\u00e9 a leith\u00e9id<\/span><span style=\"font-size:14pt\"> <\/span><span style=\"font-size:14pt\"> riamh ina shaol.<\/span><\/p><p style=\"margin-top:0pt;padding-top:0;margin-bottom:0pt;padding-bottom:0;line-height:1.8;font-size:12pt\"><span style=\"font-size:14pt\">Tharla sa chruach\u00e1s c\u00e9anna sin m\u00e9 fhein, ar na mallaibh, nuair a thosaigh m\u00e9 ag smaoineamh ar eachtra\u00ed a bhain dom<\/span><span style=\"font-size:14pt\">,<\/span><span style=\"font-size:14pt\"> breis is tr\u00ed sc\u00f3r bliain \u00f3 shoin anois<\/span><span style=\"font-size:14pt\">, a chur ar ph\u00e1r<\/span><span style=\"font-size:14pt\">.<\/span><\/p><p style=\"margin-top:0pt;padding-top:0;margin-bottom:0pt;padding-bottom:0;line-height:1.8;font-size:12pt\"><span style=\"font-size:14pt\">C\u00e9n  cine\u00e1l eachtra\u00ed at\u00e1 idir cham\u00e1in agam, an ea?<\/span><\/p><p style=\"margin-top:0pt;padding-top:0;margin-bottom:0pt;padding-bottom:0;line-height:1.8;font-size:12pt\"><span style=\"font-size:14pt\">T\u00e1, muis! eachtra\u00ed a chuir cor i mo chinni\u00faint, agus eachtra\u00ed a chuir ar mhalairt chas\u00e1in m\u00e9, i dt\u00fas mo laethe.<\/span><\/p><p style=\"text-align:justify;margin-top:0pt;padding-top:0;margin-bottom:0pt;padding-bottom:0;line-height:1.8;font-size:14pt\">Nuair a bh\u00ed m\u00e9 ag iarraidh d\u00edrbheathaisn\u00e9is \u00e1 chur i dtoll a ch\u00e9ile, roinnt blianta \u00f3 shoin, mh\u00ednigh m\u00e9 mar a chuaigh m\u00e9 le sagart\u00f3ireacht i dt\u00fas mo laethe, toisc gur tuigeadh dom, go raibh glaoch chun na gairme sin faighte agam \u00f3n bhFear Thuas. Bh\u00ed go maith, ach tar \u00e9is dom tarraingt ar naoi mbliana a chaitheamh i mbun l\u00e9ann an tsagairt, d\u2019\u00e9irigh m\u00e9 as, agus thug malairt b\u00f3thair orm fhein. N\u00ed raibh sa mh\u00e9id sin uilig ach lomchl\u00e1r na f\u00edrinne. <\/p><p style=\"text-align:justify;margin-top:0pt;padding-top:0;margin-bottom:0pt;padding-bottom:0;line-height:1.8;font-size:14pt\">Bhuel! Sa dh\u00edrbheathaisn\u00e9is \u00fad, a luaigh m\u00e9 \u00f3 chianaibh, scr\u00edobh m\u00e9 faoi amhrais a bheith ag creimeadh chinnteacht mo ghairme. Is d\u00f3cha go raibh cn\u00e1mh na f\u00edrinne sa mheid sin freisin, n\u00f3 nach minic a bh\u00edonn an t-amhras c\u00e9anna sin ag teacht idir \u00e1bhar an tsagairt agus codhladh na ho\u00edche? Bh\u00ed c\u00fais eile taobh thiar den tr\u00e9igint a dhein m\u00e9 ar an gCliarscoil, i dt\u00fas na bliana 1950  \u00e1fach.<\/p><p style=\"text-align:justify;margin-top:0pt;padding-top:0;margin-bottom:0pt;padding-bottom:0;line-height:1.8;font-size:14pt\">Agus c\u00e9n ch\u00fais r\u00fanda \u00ed sin? ad\u00e9arf\u00e1 b\u2019fh\u00e9idir.<\/p><p style=\"text-align:justify;margin-top:0pt;padding-top:0;margin-bottom:0pt;padding-bottom:0;line-height:1.8;font-size:14pt\"> Is d\u00f3cha gur l\u00e9igh t\u00fa ualach asail de chuntais i dTuarasc\u00e1il U\u00ed Riain agus i dTuarasc\u00e1il U\u00ed Mhurch\u00fa? Bhuel! Mar ch\u00falra don sc\u00e9al seo, is d\u00f3cha gur ch\u00f3ir dom tagairt eic\u00ednt a dh\u00e9anamh don chine\u00e1l traen\u00e1il a deineadh orainn, le linn d\u00fainn a bheith ag gabh\u00e1il do l\u00e9ann an tsagairt. N\u00edl dabht ar domhan, ach gurbh \u00ed an umhla\u00edocht an chloch ba mh\u00f3 ar phaidr\u00edn \u00fadar\u00e1is na gCliarscoileanna, ag an am. D\u00e9an mar a iarrtar ort a dh\u00e9anamh, chuile bhabhta, mar nach \u00e9 guth an uachtar\u00e1in guth D\u00e9, chomh fada is a bhaineann s\u00e9 leatsa, agus n\u00edorbh \u00e9 sin amh\u00e1in \u00e9, ach cuireadh i dtuiscint don \u00e1bhar \u00f3g sagairt, go rabhthas ag s\u00fail go nd\u00e9anfadh s\u00e9 sin, gan arg\u00f3int, gan seachantacht, ach go nd\u00e9anfadh s\u00e9 \u00e9 go toilteanach, s\u00e1sta, n\u00f3 tr\u00ed ghlacadh leis an aithne sin, sa bhealach sin, l\u00e9ireodh s\u00e9 d\u2019\u00fadar\u00e1is na Cliarscoile, go bhf\u00e9adfa\u00ed glacadh leis, mar \u00e1bhar cruthanta sagairt.<\/p><p style=\"text-align:center;margin-top:0pt;padding-top:0;margin-bottom:0pt;padding-bottom:0;line-height:1.8;font-size:14pt\"><strong><span style=\"font-size:18pt\">Pr\u00e9amhacha in airde<\/span><\/strong><\/p><p style=\"text-align:justify;margin-top:0pt;padding-top:0;margin-bottom:0pt;padding-bottom:0;line-height:1.8;font-size:14pt\"> Rinne m\u00e9 tagairt ansin do shampla amh\u00e1in a leagadh os \u00e1r gcomhair amach, mar eiseaml\u00e1ir na humhla\u00edochta inmhianaithe sin. Sc\u00e9al faoi shean-Ab a bh\u00ed ag iarraidh an umhla\u00edocht ch\u00e9anna sin a mh\u00faineadh do mhanach \u00f3g a bh\u00ed faoina ch\u00faram. Thug s\u00e9 m\u00e1m planda\u00ed gab\u00e1iste d\u00f3, agus d\u2019iarr air dul amach sa gharra\u00ed agus iad a chur, ach a bheith cinnte de, go mbeadh na pr\u00e9amhacha in airde, os cionn talaimh, aige. Anois, mac feirmeora ba ea an t-\u00f3g\u00e1nach sin. D\u00e1 gcuirfeadh s\u00e9 na planda\u00ed sin mar ba ch\u00f3ir iad a chur, thabharfa\u00ed bata agus b\u00f3thar d\u00f3, ach d\u00e1 nd\u00e9anfadh s\u00e9 mar ad\u00faradh leis, ghlacfa\u00ed isteach sa mhainistir \u00e9, lena ullmh\u00fa mar bhall den Ord. Rinne an fear \u00f3g mar ad\u00faradh leis, agus tar \u00e9is d\u00f3 na planda\u00ed sin a uisci\u00fa, l\u00e1 i ndiaidh lae, ar ord\u00fa an Aba, bh\u00ed de thoradh ar a umhla\u00edocht, ar ball, gur fh\u00e1s na planda\u00ed sin!<\/p><p style=\"text-align:justify;margin-top:0pt;padding-top:0;margin-bottom:0pt;padding-bottom:0;line-height:1.8;font-size:14pt\">D\u00e1 mbeadh an cine\u00e1l sin traen\u00e1la \u00e1 dh\u00e9anamh ar dhuine, l\u00e1 i ndiaidh lae, bliain i ndiaidh bliana, agus ansin, d\u00e1 dtiocfadh a anamchara chuige agus d\u00e1 nd\u00e9anfadh s\u00e9 moladh m\u00edcheart d\u00f3, an gceapf\u00e1 go nd\u00e9anfadh s\u00e9 mar a moladh d\u00f3, n\u00f3 an gcuirfeadh s\u00e9 na cosa uaidh, ar an toirt?<\/p><p style=\"text-align:justify;margin-top:0pt;padding-top:0;margin-bottom:0pt;padding-bottom:0;line-height:1.8;font-size:14pt\">Bhuel, n\u00edor chuir m\u00e9 fh\u00e9in na cosa uaim, n\u00f3 tuigeadh dom, go mba chine\u00e1l t\u00e1st\u00e1la a bh\u00ed i gceist, agus d\u00e1 nd\u00e9arfainn paidir do Mhuire, go nd\u00e9anfadh sise m\u00e9 a chosaint agus a sh\u00e1bh\u00e1il \u00f3 pheaca. Bhuel, bh\u00ed an ceart agam sa mh\u00e9id sin. Ach c\u00e9ard a tharla iar sin, an ea? Bhuel, ar bhealach amh\u00e1in, n\u00f3 ar bhealach eile, th\u00e1inig m\u00e9 sl\u00e1n \u00f3n t\u00e1st\u00e1il sin, ach m\u00e1 th\u00e1inig fh\u00e9in, d\u2019fh\u00e1g an eachtra ch\u00e9anna sin a rian orm. <\/p><p style=\"text-align:center;margin-top:0pt;padding-top:0;margin-bottom:0pt;padding-bottom:0;line-height:1.8;font-size:14pt\"><strong><span style=\"font-size:18pt\">Toradh Scr\u00faduithe<\/span><\/strong><\/p><p style=\"text-align:justify;margin-top:0pt;padding-top:0;margin-bottom:0pt;padding-bottom:0;line-height:1.8;font-size:14pt\">Nuair a bh\u00ed m\u00e9 im thr\u00ed\u00fa bliain sa Chliarscoil \u00e1fach, socra\u00edodh n\u00e1rbh olc an smaoineamh \u00e9, athr\u00fa gairme a thabhairt orm fh\u00e9in, agus faoi mar a mh\u00ednigh m\u00e9 cheana dhuit thuas, ghlac m\u00e9 leis an gcomhairle ch\u00e9anna sin, agus rinne m\u00e9 rud air agus b\u00edodh gur thr\u00e9ig m\u00e9 an Chliarscoil, n\u00edor thr\u00e9ig Dia m\u00e9, n\u00f3 c\u00e9 gur d\u00fanadh doras amh\u00e1in orm, ba ghearr gur oscail s\u00e9 doras eile dhom, agus thug m\u00e9 aghaidh ar an m\u00fainteoireacht mar ghairm, agus lig Dia isteach ar an bhfoscadh faoina sciath\u00e1in m\u00e9, agus chaith m\u00e9 saol sona, s\u00e1sta, s\u00e9anmhar, i mbun mo cheirde sa ghairm sin, ach tuigeadh dom gur ch\u00f3ir dom an m\u00e9id sin a insint, ar mhaithe le m\u00edni\u00fa a thabhairt ar an gcinneadh a dhein m\u00e9 an Chliarscoil a thr\u00e9igint go luath sa bhliain sin 1950, tarraingt ar dheich mbliana agus tr\u00ed sc\u00f3r \u00f3 shoin, anois. <\/p><p style=\"text-align:justify;margin-top:0pt;padding-top:0;margin-bottom:0pt;padding-bottom:0;line-height:1.8;font-size:14pt\">A chr\u00edoch sin.<\/p><p style=\"text-align:justify;margin-top:0pt;padding-top:0;margin-bottom:0pt;padding-bottom:0;line-height:1.8;font-size:14pt\"><span style=\"height:1em\"><span>.<\/span><\/span><\/p>","protected":false},"excerpt":{"rendered":"<p>\u00c9al\u00fa \u00f3n gCliarscoil Peadar Bair\u00e9ad . Sc\u00e9al agus a cheann! . Tharla\u00edonn, scait\u00ed, go mb\u00edonn s\u00e9 beagnach do-dh\u00e9anta, an ceann a bhaint de sc\u00e9al \u00e1irithe, ag am \u00e1irithe. Tuige sin? a d\u2019fhiafr\u00f3dh duine, b\u2019fh\u00e9idir. N\u00edl m\u00e9 r\u00f3-chinnte, ach is d\u00f3cha gur toisc go bhfuil baol ann go bhfeannfadh scaoileadh an sc\u00e9il ch\u00e9anna sin an craiceann [&hellip;]<\/p>\n","protected":false},"author":2,"featured_media":13435,"comment_status":"open","ping_status":"open","sticky":false,"template":"","format":"standard","meta":{"nf_dc_page":"","_et_pb_use_builder":"","_et_pb_old_content":"","_et_gb_content_width":"","footnotes":""},"categories":[1],"tags":[],"class_list":["post-12447","post","type-post","status-publish","format-standard","has-post-thumbnail","hentry","category-gan-chatagoir"],"_links":{"self":[{"href":"https:\/\/mickgb.com\/ga\/wp-json\/wp\/v2\/posts\/12447","targetHints":{"allow":["GET"]}}],"collection":[{"href":"https:\/\/mickgb.com\/ga\/wp-json\/wp\/v2\/posts"}],"about":[{"href":"https:\/\/mickgb.com\/ga\/wp-json\/wp\/v2\/types\/post"}],"author":[{"embeddable":true,"href":"https:\/\/mickgb.com\/ga\/wp-json\/wp\/v2\/users\/2"}],"replies":[{"embeddable":true,"href":"https:\/\/mickgb.com\/ga\/wp-json\/wp\/v2\/comments?post=12447"}],"version-history":[{"count":1,"href":"https:\/\/mickgb.com\/ga\/wp-json\/wp\/v2\/posts\/12447\/revisions"}],"predecessor-version":[{"id":12448,"href":"https:\/\/mickgb.com\/ga\/wp-json\/wp\/v2\/posts\/12447\/revisions\/12448"}],"wp:featuredmedia":[{"embeddable":true,"href":"https:\/\/mickgb.com\/ga\/wp-json\/wp\/v2\/media\/13435"}],"wp:attachment":[{"href":"https:\/\/mickgb.com\/ga\/wp-json\/wp\/v2\/media?parent=12447"}],"wp:term":[{"taxonomy":"category","embeddable":true,"href":"https:\/\/mickgb.com\/ga\/wp-json\/wp\/v2\/categories?post=12447"},{"taxonomy":"post_tag","embeddable":true,"href":"https:\/\/mickgb.com\/ga\/wp-json\/wp\/v2\/tags?post=12447"}],"curies":[{"name":"wp","href":"https:\/\/api.w.org\/{rel}","templated":true}]}}