{"id":12555,"date":"2017-04-04T11:00:00","date_gmt":"2017-04-04T11:00:00","guid":{"rendered":"https:\/\/mickgb.com\/?p=12555"},"modified":"2024-04-08T01:25:51","modified_gmt":"2024-04-08T01:25:51","slug":"guts-by-roddy-doyle","status":"publish","type":"post","link":"https:\/\/mickgb.com\/ga\/guts-by-roddy-doyle\/","title":{"rendered":"Guts by Roddy Doyle"},"content":{"rendered":"<p style=\"margin-top:0pt;padding-top:0;margin-bottom:10pt;padding-bottom:0;line-height:1.8;margin-left:36pt\"><strong><span style=\"text-decoration:underline;font-size:28pt\">&#8230;.\u2018<\/span><span style=\"text-decoration:underline;font-size:28pt\">The Guts<\/span><span style=\"text-decoration:underline;font-size:28pt\">\u2019&#8230;.<\/span><span style=\"text-decoration:underline;font-size:28pt\"> <\/span><span style=\"text-decoration:underline;font-size:28pt\">  by   Roddy Doyle<\/span><\/strong><\/p><p style=\"margin-top:0pt;padding-top:0;margin-bottom:10pt;padding-bottom:0;line-height:1.8;margin-left:36pt\"><span style=\"font-size:14pt\">Peadar Bair\u00e9ad<\/span><strong><span style=\"font-size:16pt\"> <\/span><\/strong><\/p><p style=\"margin-top:0pt;padding-top:0;margin-bottom:10pt;padding-bottom:0;line-height:1.8;margin-left:36pt\"><strong><span style=\"font-size:14pt\"><em> <\/em><\/span><\/strong><\/p><p style=\"margin-top:0pt;padding-top:0;margin-bottom:10pt;padding-bottom:0;line-height:1.8;margin-left:36pt\"><strong><span style=\"font-size:14pt\"><em>(This week we take a look at Roddy Doyle\u2019s latest novel&#8230;<\/em><\/span><span style=\"font-size:16pt\">The<\/span><\/strong><span style=\"font-size:16pt\"><em> <\/em><\/span><strong><span style=\"font-size:16pt\">Guts<\/span><\/strong><span style=\"font-size:16pt\">&#8230;<\/span><span style=\"font-size:16pt\">)<\/span><\/p><p style=\"text-align:center;margin-top:0pt;padding-top:0;margin-bottom:10pt;padding-bottom:0;line-height:1.8\"><strong><span style=\"font-size:18pt\">\u00darsc\u00e9al  \u00dar<\/span><\/strong><\/p><p style=\"text-align:justify;margin-top:0pt;padding-top:0;margin-bottom:10pt;padding-bottom:0;line-height:1.8\"><span style=\"font-size:14pt\">N\u00ed<\/span><span style=\"font-size:14pt\"> <\/span><span style=\"font-size:14pt\">h\u00e9<\/span><span style=\"font-size:14pt\"> seo an <\/span><span style=\"font-size:14pt\">ch\u00e9ad \u00farsc\u00e9al a shil chugainn \u00f3 pheann l\u00edofa an \u00fadair iltr\u00e9itheach, \u00c1thcliathach, seo, n\u00f3<\/span><span style=\"font-size:14pt\"> ba liost<\/span><span style=\"font-size:14pt\">a le h\u00e1<\/span><span style=\"font-size:14pt\">ire<\/span><span style=\"font-size:14pt\">amh <\/span><span style=\"font-size:14pt\">\u00e9<\/span><span style=\"font-size:14pt\"> <\/span><span style=\"font-size:14pt\">iad uilig a lua anseo, ach t\u00e1 m\u00e9<\/span><span style=\"font-size:14pt\"> cinnt<\/span><span style=\"font-size:14pt\">e<\/span><span style=\"font-size:14pt\">, gur c<\/span><span style=\"font-size:14pt\">uimhin linn uilig teidil<\/span><span style=\"font-size:14pt\"> cos\u00fa<\/span><span style=\"font-size:14pt\">il le <\/span><span style=\"font-size:14pt\">\u2018<\/span><span style=\"font-size:14pt\">The Commitments<\/span><span style=\"font-size:14pt\">\u2019<\/span><span style=\"font-size:14pt\">, <\/span><span style=\"font-size:14pt\">\u2018<\/span><span style=\"font-size:14pt\">The Snapper<\/span><span style=\"font-size:14pt\">\u2019<\/span><span style=\"font-size:14pt\">, <\/span><span style=\"font-size:14pt\">\u2018<\/span><span style=\"font-size:14pt\">The Van<\/span><span style=\"font-size:14pt\">\u2019<\/span><span style=\"font-size:14pt\">, <\/span><span style=\"font-size:14pt\">\u2018<\/span><span style=\"font-size:14pt\">Oh, Play That Thing<\/span><span style=\"font-size:14pt\">\u2019<\/span><span style=\"font-size:14pt\">, gan ach cup<\/span><span style=\"font-size:14pt\">la ceann acu a lua. Sea, agus b\u2019<\/span><span style=\"font-size:14pt\">fh\u00e9<\/span><span style=\"font-size:14pt\">idir freisin<\/span><span style=\"font-size:14pt\">, gur l\u00e9igh sibh cuntas eic\u00ednt f\u00fathu sa chol\u00fa<\/span><span style=\"font-size:14pt\">n seo, siar thar na blianta.<\/span><span style=\"font-size:14pt\"> <\/span><span style=\"font-size:14pt\">N\u00ed call dom a r\u00e1, go bhfuil c\u00e1il idirn\u00e1isi\u00fanta bainte amach ag an \u00fa<\/span><span style=\"font-size:14pt\">dar seo<\/span><span style=\"font-size:14pt\">, cheana f\u00e9<\/span><span style=\"font-size:14pt\">in<\/span><span style=\"font-size:14pt\">,<\/span><span style=\"font-size:14pt\"> agus sa leabhar s<\/span><span style=\"font-size:14pt\">eo t\u00e9ann s\u00e9<\/span><span style=\"font-size:14pt\"> siar ar na seanlaethe<\/span><span style=\"font-size:14pt\">, faoi mar a l\u00e9<\/span><span style=\"font-size:14pt\">iritear iad sna C<\/span><span style=\"font-size:14pt\">ommitments<\/span><span style=\"font-size:14pt\">, ach go h\u00e1<\/span><span style=\"font-size:14pt\">irithe<\/span><span style=\"font-size:14pt\">, agus d\u00e9anann s\u00e9 iarracht ar charactair \u00f3 na laethe sin a aistri\u00fa \u00f3 na seanlaethe \u00fad len<\/span><span style=\"font-size:14pt\"> iad a ch<\/span><span style=\"font-size:14pt\">ur ist<\/span><span style=\"font-size:14pt\">each i <\/span><span style=\"font-size:14pt\">\u2018<\/span><span style=\"font-size:14pt\">milieu<\/span><span style=\"font-size:14pt\">\u2019<\/span><span style=\"font-size:14pt\"> an lae inniu. Ar \u00e9irigh leis sin a dh\u00e9<\/span><span style=\"font-size:14pt\">anamh? Ca<\/span><span style=\"font-size:14pt\">ithfidh an l\u00e9<\/span><span style=\"font-size:14pt\">itheoir a bhreith<\/span><span style=\"font-size:14pt\"> fh\u00e9in<\/span><span style=\"font-size:14pt\"> a thabhairt ar <\/span><span style=\"font-size:14pt\">an gceist sin. Mo chuidse de, d\u00e9arfainn gur \u00e9irigh go seoigh leis sa mh\u00e9<\/span><span style=\"font-size:14pt\">id sin.<\/span><\/p><p style=\"text-align:justify;margin-top:0pt;padding-top:0;margin-bottom:10pt;padding-bottom:0;line-height:1.8\"><strong><span style=\"font-size:18pt\">The Commitments<\/span><\/strong><\/p><p style=\"text-align:justify;margin-top:0pt;padding-top:0;margin-bottom:10pt;padding-bottom:0;line-height:1.8\"><span style=\"font-size:14pt\">Is d\u00f3cha gurb \u00e9 Jimmy Rabitte an pr\u00edomhcharachtar sa sc\u00e9<\/span><span style=\"font-size:14pt\">al seo<\/span><span style=\"font-size:14pt\">,<\/span><span style=\"font-size:14pt\"> agus cuirtear Jimmy, b<\/span><span style=\"font-size:14pt\">unaitheoir <\/span><span style=\"font-size:14pt\">na Commitments, in aithne don l\u00e9itheoir go bre\u00e1 luath sa sc\u00e9al<\/span><span style=\"font-size:14pt\"> <\/span><span style=\"font-size:14pt\">agus \u00e9 anois seacht mbliana is dh\u00e1 sc\u00f3<\/span><span style=\"font-size:14pt\">r d\u2019aois<\/span><span style=\"font-size:14pt\">, bean <\/span><span style=\"font-size:14pt\">aige, <\/span><span style=\"font-size:14pt\">agus ceathrar clainne <\/span><span style=\"font-size:14pt\">mar ch\u00fa<\/span><span style=\"font-size:14pt\">ram orthu<\/span><span style=\"font-size:14pt\">,<\/span><span style=\"font-size:14pt\"> agus lena chois sin<\/span><span style=\"font-size:14pt\">, t\u00e1 s\u00e9<\/span><span style=\"font-size:14pt\"> t<\/span><span style=\"font-size:14pt\">ar \u00e9<\/span><span style=\"font-size:14pt\">is<\/span><span style=\"font-size:14pt\"> a fh\u00e1<\/span><span style=\"font-size:14pt\">il amach go bhfuil<\/span><span style=\"font-size:14pt\"> ailse inne tolgtha aige.<\/span><span style=\"font-size:14pt\"> <\/span><span style=\"font-size:14pt\">T\u00e1 air anois an sc\u00e9al sin a roinnt lena mhuintir is <\/span><span style=\"font-size:14pt\">lena chairde, agus \u00e9<\/span><span style=\"font-size:14pt\"> ag iarraidh<\/span><span style=\"font-size:14pt\">, ag an am gc\u00e9<\/span><span style=\"font-size:14pt\">anna<\/span><span style=\"font-size:14pt\">,<\/span><span style=\"font-size:14pt\"> dul siar<\/span><span style=\"font-size:14pt\"> b\u00f3ithr\u00edn na smaointe agus buaileadh ar\u00ed<\/span><span style=\"font-size:14pt\">s leis na daoine a raibh <\/span><span style=\"font-size:14pt\">aithne aige or<\/span><span style=\"font-size:14pt\">thu<\/span><span style=\"font-size:14pt\"> an tr\u00e1th \u00fa<\/span><span style=\"font-size:14pt\">d<\/span><span style=\"font-size:14pt\"> fad\u00f3<\/span><span style=\"font-size:14pt\">.<\/span><span style=\"font-size:14pt\"> <\/span><span style=\"font-size:14pt\"> <\/span><span style=\"font-size:14pt\">Ach anois<\/span><span style=\"font-size:14pt\">, agus m\u00e9ar ag an mb\u00e1s ar a ghualainn, tuigtear d\u00f3, nach bhfuil am gan teorainn f\u00e1<\/span><span style=\"font-size:14pt\">gtha aige<\/span><span style=\"font-size:14pt\">, agus d\u00e1<\/span><span style=\"font-size:14pt\"> bharr sin<\/span><span style=\"font-size:14pt\">, cuireann s\u00e9 tuairisc ar chairde a bh\u00ed<\/span><span style=\"font-size:14pt\"> aige<\/span><span style=\"font-size:14pt\">,<\/span><span style=\"font-size:14pt\"> <\/span><span style=\"font-size:14pt\">an t-am sin. \u00c9ir\u00edonn s\u00e9 m\u00f3r ar\u00eds le Imelda Quirke, stuaire<\/span><span style=\"font-size:14pt\"> a raibh aithn<\/span><span style=\"font-size:14pt\">e<\/span><span style=\"font-size:14pt\"> aige uirthi laethe na  Commitments<\/span><span style=\"font-size:14pt\">. Sea, agus cuireann s\u00e9 tuairisc a dhearth\u00e1<\/span><span style=\"font-size:14pt\">r <\/span><span style=\"font-size:14pt\">\u2018<\/span><span style=\"font-size:14pt\">Les<\/span><span style=\"font-size:14pt\">\u2019, fear nach raibh teangmh\u00e1<\/span><span style=\"font-size:14pt\">il aige leis<\/span><span style=\"font-size:14pt\">, le breis is sc\u00f3r bliain. \u00c9ir\u00ed<\/span><span style=\"font-size:14pt\">onn leis freisin<\/span><span style=\"font-size:14pt\">, sc\u00e9<\/span><span style=\"font-size:14pt\">al na hailse <\/span><span style=\"font-size:14pt\">a insint d\u00e1 chlann is d\u00e1 athair, agus b\u00edodh nach l\u00e9ir\u00edonn a fhocl\u00f3<\/span><span style=\"font-size:14pt\">ir<\/span><span style=\"font-size:14pt\"> doimhneas a mhoth\u00fach\u00e1in sa chuid seo den sc\u00e9<\/span><span style=\"font-size:14pt\">al<\/span><span style=\"font-size:14pt\">,<\/span><span style=\"font-size:14pt\"> toisc go bhfuil an doimhneas si<\/span><span style=\"font-size:14pt\">n ceilte faoi ghairbhe a gcomhr\u00e1, mar \u00fas\u00e1ideann s\u00e9 an ghairbhe ch\u00e9<\/span><span style=\"font-size:14pt\">anna<\/span><span style=\"font-size:14pt\"> sin<\/span><span style=\"font-size:14pt\"> <\/span><span style=\"font-size:14pt\">mar bhr\u00e9<\/span><span style=\"font-size:14pt\">agriocht<\/span><span style=\"font-size:14pt\">, le g\u00e9ire agus doimhneas na moth\u00fach\u00e1<\/span><span style=\"font-size:14pt\">n sin a cheilt.<\/span><\/p><p style=\"text-align:justify;margin-top:0pt;padding-top:0;margin-bottom:10pt;padding-bottom:0;line-height:1.8\"><strong><span style=\"font-size:18pt\">Ag an Rock Festival<\/span><\/strong><\/p><p style=\"text-align:justify;margin-top:0pt;padding-top:0;margin-bottom:10pt;padding-bottom:0;line-height:1.8\"><span style=\"font-size:14pt\">Ba \u00e9 an chuid den sc\u00e9al ba mh\u00f3<\/span><span style=\"font-size:14pt\"> a chuaigh i gcionn orm<\/span><span style=\"font-size:14pt\"> fh\u00e9in n\u00f3 an cur s\u00edos sin ar roinnt den tseandream i l\u00e1<\/span><span style=\"font-size:14pt\">thair ag Rock Festival nua-aimseartha<\/span><span style=\"font-size:14pt\">, agus iad ag baint s\u00fa<\/span><span style=\"font-size:14pt\">lach<\/span><span style=\"font-size:14pt\">, toit, agus taitneamh as an \u00f3c\u00e1<\/span><span style=\"font-size:14pt\">id<\/span><span style=\"font-size:14pt\"> sin,<\/span><span style=\"font-size:14pt\"> agus mac le Jimmy Rabbitte agus a Bhanna<\/span><span style=\"font-size:14pt\"> fh\u00e9in aige<\/span><span style=\"font-size:14pt\">, \u2018Moanin<\/span><span style=\"font-size:14pt\">\u2019<\/span><span style=\"font-size:14pt\"> <\/span><span style=\"font-size:14pt\">at Midnight\u2019 <\/span><span style=\"font-size:14pt\">agus iad <\/span><span style=\"font-size:14pt\">ag ligint orthu go mba<\/span><span style=\"font-size:14pt\"> B<\/span><span style=\"font-size:14pt\">hanna \u00f3n mBulg\u00e1<\/span><span style=\"font-size:14pt\">ir iad<\/span><span style=\"font-size:14pt\">,<\/span><span style=\"font-size:14pt\"> agus \u2018I<\/span><span style=\"font-size:14pt\">\u2019m going to Hell\u2019, amhr\u00e1n nuachumtha, \u00e1<\/span><span style=\"font-size:14pt\"> chanadh acu<\/span><span style=\"font-size:14pt\">, faoi mar ba amhr\u00e1n \u00e9 a ch\u00e9<\/span><span style=\"font-size:14pt\">adc<\/span><span style=\"font-size:14pt\">hanadh <\/span><span style=\"font-size:14pt\">sa bhliain 1932!<\/span><\/p><p style=\"text-align:justify;margin-top:0pt;padding-top:0;margin-bottom:10pt;padding-bottom:0;line-height:1.8\"><span style=\"font-size:14pt\">Ach, le taitneamh ceart<\/span><span style=\"font-size:14pt\"> a bhaint as an sc\u00e9<\/span><span style=\"font-size:14pt\">al seo<\/span><span style=\"font-size:14pt\">, caithfidh t\u00fa \u00e9 a l\u00e9amh duit fh\u00e9<\/span><span style=\"font-size:14pt\">in<\/span><span style=\"font-size:14pt\">, agus b\u00edodh gur bhain m\u00e9 fh\u00e9<\/span><span style=\"font-size:14pt\">in taitneamh as an leabhar seo<\/span><span style=\"font-size:14pt\">, agus b\u00ed<\/span><span style=\"font-size:14pt\">odh <\/span><span style=\"font-size:14pt\">gur thaitin cur chuige agus st\u00edl an \u00fadair, agus an chaoi ar bhain s\u00e9 \u00fas\u00e1id n\u00e1d\u00fartha as comhr\u00e1 t\u00edri\u00fa<\/span><span style=\"font-size:14pt\">il na gcarachtar, ag an am gc\u00e9<\/span><span style=\"font-size:14pt\">anna<\/span><span style=\"font-size:14pt\">, b\u2019fhearr liom fh\u00e9<\/span><span style=\"font-size:14pt\">in <\/span><span style=\"font-size:14pt\">go m\u00f3r fada d\u00e1 bhf\u00e9adfa\u00ed srian n\u00edos rite a choinne\u00e1il ar fhocl\u00f3ir an chomhr\u00e1 ch\u00e9anna sin. Ag an am gce<\/span><span style=\"font-size:14pt\">anna<\/span><span style=\"font-size:14pt\">, t\u00e1 m\u00e9<\/span><span style=\"font-size:14pt\"> cinnte<\/span><span style=\"font-size:14pt\">, go bhfuil daoine ann ad\u00e9<\/span><span style=\"font-size:14pt\">arfadh<\/span><span style=\"font-size:14pt\">,<\/span><span style=\"font-size:14pt\"> <\/span><span style=\"font-size:14pt\">gur maise m\u00f3r ar an leabhar a leith\u00e9id de chomhr\u00e1 t\u00edri\u00fail, n\u00e1d\u00fa<\/span><span style=\"font-size:14pt\">rtha<\/span><span style=\"font-size:14pt\">,<\/span><span style=\"font-size:14pt\"> a bheith ann. <\/span><span style=\"font-size:14pt\">F\u00e1gfa<\/span><span style=\"font-size:14pt\">idh m\u00e9 breith an d\u00e1 rogha ag an l\u00e9itheoir<\/span><span style=\"font-size:14pt\">.<\/span><span style=\"font-size:14pt\"> <\/span><\/p>","protected":false},"excerpt":{"rendered":"<p>&#8230;.\u2018The Guts\u2019&#8230;. by Roddy Doyle Peadar Bair\u00e9ad (This week we take a look at Roddy Doyle\u2019s latest novel&#8230;The Guts&#8230;) \u00darsc\u00e9al \u00dar N\u00ed h\u00e9 seo an ch\u00e9ad \u00farsc\u00e9al a shil chugainn \u00f3 pheann l\u00edofa an \u00fadair iltr\u00e9itheach, \u00c1thcliathach, seo, n\u00f3 ba liosta le h\u00e1ireamh \u00e9 iad uilig a lua anseo, ach t\u00e1 m\u00e9 cinnte, gur cuimhin [&hellip;]<\/p>\n","protected":false},"author":2,"featured_media":13435,"comment_status":"open","ping_status":"open","sticky":false,"template":"","format":"standard","meta":{"nf_dc_page":"","_et_pb_use_builder":"","_et_pb_old_content":"","_et_gb_content_width":"","footnotes":""},"categories":[1],"tags":[],"class_list":["post-12555","post","type-post","status-publish","format-standard","has-post-thumbnail","hentry","category-gan-chatagoir"],"_links":{"self":[{"href":"https:\/\/mickgb.com\/ga\/wp-json\/wp\/v2\/posts\/12555","targetHints":{"allow":["GET"]}}],"collection":[{"href":"https:\/\/mickgb.com\/ga\/wp-json\/wp\/v2\/posts"}],"about":[{"href":"https:\/\/mickgb.com\/ga\/wp-json\/wp\/v2\/types\/post"}],"author":[{"embeddable":true,"href":"https:\/\/mickgb.com\/ga\/wp-json\/wp\/v2\/users\/2"}],"replies":[{"embeddable":true,"href":"https:\/\/mickgb.com\/ga\/wp-json\/wp\/v2\/comments?post=12555"}],"version-history":[{"count":1,"href":"https:\/\/mickgb.com\/ga\/wp-json\/wp\/v2\/posts\/12555\/revisions"}],"predecessor-version":[{"id":12556,"href":"https:\/\/mickgb.com\/ga\/wp-json\/wp\/v2\/posts\/12555\/revisions\/12556"}],"wp:featuredmedia":[{"embeddable":true,"href":"https:\/\/mickgb.com\/ga\/wp-json\/wp\/v2\/media\/13435"}],"wp:attachment":[{"href":"https:\/\/mickgb.com\/ga\/wp-json\/wp\/v2\/media?parent=12555"}],"wp:term":[{"taxonomy":"category","embeddable":true,"href":"https:\/\/mickgb.com\/ga\/wp-json\/wp\/v2\/categories?post=12555"},{"taxonomy":"post_tag","embeddable":true,"href":"https:\/\/mickgb.com\/ga\/wp-json\/wp\/v2\/tags?post=12555"}],"curies":[{"name":"wp","href":"https:\/\/api.w.org\/{rel}","templated":true}]}}