{"id":12599,"date":"2017-04-04T11:00:00","date_gmt":"2017-04-04T11:00:00","guid":{"rendered":"https:\/\/mickgb.com\/?p=12599"},"modified":"2024-04-08T01:27:01","modified_gmt":"2024-04-08T01:27:01","slug":"i-mbeal-an-phobail-ar-do-rothar-leat","status":"publish","type":"post","link":"https:\/\/mickgb.com\/ga\/i-mbeal-an-phobail-ar-do-rothar-leat\/","title":{"rendered":"I  mB\u00e9al  an  Phobail  Ar do Rothar leat"},"content":{"rendered":"<p style=\"text-align:center;margin-top:0pt;padding-top:0;margin-bottom:0pt;padding-bottom:0;line-height:2.4;font-weight:bold;font-size:24pt\">I  mB\u00e9al  an  Phobail<\/p><p style=\"margin-top:0pt;padding-top:0;margin-bottom:0pt;padding-bottom:0;line-height:2.4;font-size:14pt\">Peadar Bair\u00e9ad<\/p><h1 style=\"text-align:center;margin-top:0pt;padding-top:0;margin-bottom:0pt;padding-bottom:0;line-height:2.4;font-weight:bold;font-size:18pt\">Ar do Rothar leat!<\/h1><p style=\"text-align:justify;margin-top:0pt;padding-top:0;margin-bottom:0pt;padding-bottom:0;line-height:2.4\"><span style=\"font-size:14pt\">Scr\u00edobh m\u00e9 sa chol\u00fan seo, p\u00edosa \u00f3 shin, faoi ch\u00farsa\u00ed<\/span><span style=\"font-size:14pt\"> taistil, faoi theorainn luais, faoi thimpeall\u00e1in, agus mar fho-n\u00f3ta leis an alt sin, faoi l\u00e1na\u00ed rothar, at\u00e1 ag f\u00e1s mar fh\u00e1s aon o\u00edche ar fud na t\u00edre, ag an am seo, agus m\u00e1 tharla\u00edonn gur chuimhin leat ar scr\u00edobh m\u00e9 faoi na l\u00e1na\u00ed rothar c\u00e9anna sin, cheana, tuigfidh t\u00fa, nach raibh m\u00f3r\u00e1n measa agam ar an dtionscnamh c\u00e9anna sin.<\/span><\/p><h1 style=\"text-align:center;margin-top:0pt;padding-top:0;margin-bottom:0pt;padding-bottom:0;line-height:2.4;font-weight:bold;font-size:18pt\">\u2019Tuige?<\/h1><p style=\"text-align:justify;margin-top:0pt;padding-top:0;margin-bottom:0pt;padding-bottom:0;line-height:2.4\"><span style=\"font-size:14pt\">\u2019Tuige? ad\u00e9arfadh duine, b\u2019fh\u00e9idir.<\/span><\/p><p style=\"text-align:justify;margin-top:0pt;padding-top:0;margin-bottom:0pt;padding-bottom:0;line-height:2.4\"><span style=\"font-size:14pt\">Bhuel, chuile thuige. Ach ar an gc\u00e9ad dul s\u00edos, d\u00e9arfadh bun\u00fas na ndaoine nach bhfuil d\u00f3thain sp\u00e1is ar \u00e1r mb\u00f3ithre lena leith\u00e9id a dh\u00e9anamh, agus caithfidh m\u00e9 a admh\u00e1il go bhfaca m\u00e9 fh\u00e9in l\u00e1na\u00ed rothar leagtha amach ar bh\u00f3ithre c\u00fanga, thuas i gContae Chill Dara, agus ba \u00e9 mo bhreithi\u00fanas fh\u00e9in n\u00f3 go mb\u2019amhlaidh a chuir siad le baol ar na b\u00f3ithre sin. Bheadh cinneadh d\u00e1 leith\u00e9id ceart go leor, d\u00e1 mbeadh b\u00f3ithre bre\u00e1tha leathana againn, agus ualach asail de sp\u00e1s againn le bheith ag bronnadh roinnt luachmhar d<\/span><span style=\"font-size:14pt\">e ar \u00e1r rothaithe.<\/span><\/p><p style=\"text-align:justify;margin-top:0pt;padding-top:0;margin-bottom:0pt;padding-bottom:0;line-height:2.4\"><span style=\"font-size:14pt\">Ach, mura bhfuil t\u00fa s\u00e1sta l\u00e1na a chur in \u00e1irithe don rotha\u00ed, c\u00e9ard t\u00e1 ar intinn agat, leis an gcr\u00e9at\u00far c\u00e9anna sin a thabhairt sl\u00e1n, agus \u00e9 ag iarraidh a bhealach a dh\u00e9anamh tr\u00ed thranglam tr\u00e1chta \u00e1r mb\u00f3ithre?<\/span><\/p><p style=\"text-align:justify;margin-top:0pt;padding-top:0;margin-bottom:0pt;padding-bottom:0;line-height:2.4\"><span style=\"font-size:14pt\">N\u00edl tada ar intinn agam le sin a thabhairt i gcr\u00edch, n\u00f3 t\u00e1imse den tuairim, gur feithicil \u00e9 an rothar, ar chomhch\u00e9im leis an ngluaiste\u00e1n, n\u00f3 leis an leora\u00ed, n\u00f3 leis an mbus fi\u00fa, agus t\u00e1 na cearta c\u00e9anna aige ar \u00e1r mb\u00f3ithre, agus \u00e9 de dhualgas ar chuile thiom\u00e1na\u00ed eile, b\u00edodh s\u00e9 i mbun rothair, n\u00f3 gluaiste\u00e1in, n\u00f3 feithicle ar bith eile, t\u00e1 de dhualgas air, f\u00e9achaint chuige, nach s\u00e1ra\u00edonn s\u00e9 cearta an rotha\u00ed, agus \u00e9 amuigh ar \u00e1r mb\u00f3ithre.<\/span><\/p><h1 style=\"text-align:center;margin-top:0pt;padding-top:0;margin-bottom:0pt;padding-bottom:0;line-height:2.4;font-weight:bold;font-size:18pt\">Dofheicthe!<\/h1><p style=\"text-align:justify;margin-top:0pt;padding-top:0;margin-bottom:0pt;padding-bottom:0;line-height:2.4\"><span style=\"font-size:14pt\">T\u00e1 rud eile i gceist freisin, m\u00e1 bhreathna\u00edonn t\u00fa ar bh\u00f3thar marc\u00e1ilte, agus \u00e1it faoi leith curtha in \u00e1irithe ann don rotha\u00ed, istigh ina l\u00e1na c\u00fang fh\u00e9in. T\u00e1 go bre\u00e1, ach c\u00e9ard a tharla\u00edonn, nuair a thagann an l\u00e1na sin chomh fada le timpeall\u00e1n, n\u00f3 crosaire? \u00c9ir\u00edonn s\u00e9 do-fheicthe! C\u00e1 bhfuil sp\u00e1s an rotha\u00ed sa ch\u00e1s sin? Nach bhfuil orainn uilig dul ar ais go dt\u00ed an tsean-r\u00e9, nuair a bh\u00ed an ceart c\u00e9anna ag an rotha\u00ed, is a bh\u00ed ag chuile dhuine eile, ag baint \u00fas\u00e1ide as an mb\u00f3thar. I nd\u00e1ir\u00edre, nach gcaithfear an <\/span><span style=\"font-size:14pt\">cheist a chur. An s\u00e1bh\u00e1iltede an rotha\u00ed an l\u00e1na rothar nua seo, in aon chor? Caithfidh m\u00e9 a r\u00e1, nach bhfuilimse fh\u00e9in cinnte go bhfuil, n\u00f3 bheinn in amhras faoi, ar a laghad.<\/span><\/p><p style=\"text-align:justify;margin-top:0pt;padding-top:0;margin-bottom:0pt;padding-bottom:0;line-height:2.4\"><span style=\"font-size:14pt\">Anois, n\u00edlimse ag ma\u00ed<\/span><span style=\"font-size:14pt\">omh, in aon chor, go bhfuil breall orthu si\u00fad a mholann an tionscnamh seo, n\u00f3 t\u00e1 m\u00e9 cinnte go bhfuil a ndearcadh fh\u00e9in acusan, sea, agus t\u00e1 <\/span><span style=\"font-size:14pt\">m\u00e9 cinnte, go bhfuil a n-obair baile d\u00e9anta acu freisin, agus \u201cfair play\u201d dh\u00f3ibh, n\u00f3 d\u2019\u00e9irigh leo a bhf\u00eds a r\u00e9aladh, rud nach \u00e9asca a dheanamh, na laethe. Ach sin uilig r\u00e1ite agam, n\u00ed hionann sin is a r\u00e1, go mbeinn cos ar chois leo, sa ch\u00e1s seo.<\/span><\/p><h1 style=\"text-align:center;margin-top:0pt;padding-top:0;margin-bottom:0pt;padding-bottom:0;line-height:2.4;font-weight:bold;font-size:18pt\">Cr\u00edoch<\/h1><p style=\"text-align:justify;margin-top:0pt;padding-top:0;margin-bottom:0pt;padding-bottom:0;line-height:2.4\"><span style=\"font-size:14pt\">Agus le cr\u00edoch a chur leis an bp\u00edosa seo, b\u2019fh\u00e9idir n\u00e1rbh olc an smaoineamh \u00e9, tagairt a dh\u00e9anamh do bh\u00f3thar faoi leith, agus sin B\u00f3thar Phort L\u00e1irge, anseo sa Chathair \u00c1lainn, n\u00f3 is \u00e9 is gaire dom fh\u00e9in, agus caithfidh m\u00e9 a admh\u00e1il, go gcuireann na l\u00e1na\u00ed rothar, at\u00e1 marc\u00e1ilte ar an mB\u00f3thar seo, go gcuireann siad go m\u00f3r le cuma, agus le crot, an Bh\u00f3thair sin, agus le cur lena ailleacht, nach bhfuil dath bre\u00e1, feice\u00e1lach, rua, curtha ar an l\u00e1na c\u00e9anna le d\u00e9ana\u00ed, ach ag an am gc\u00e9anna, \u00f3n l\u00e1 ar marc\u00e1ileadh ch<\/span><span style=\"font-size:14pt\">omh deas n\u00e9ata sin \u00e9, n\u00ed d\u00f3igh liom go bhfaca m\u00e9 thar p\u00e9ire rothar ag baint \u00fas\u00e1ide as ceachtar den d\u00e1 l\u00e1na rothar, ar an mb\u00f3thar sin. Anois, m\u00e1 leanann c\u00farsa\u00ed faoi mar at\u00e1 siad faoi l\u00e1thair, chuile sheans, go mbeidh roinnt mhaith d\u00ednn ar \u00e1r rothair, taobh istigh d\u2019achar eic\u00ednt, ach mura dtarla\u00edonn a leith\u00e9id, b\u2019fh\u00e9idir n\u00e1rbh fhi\u00fa an tairbhe an triobl\u00f3id\u2026\u2026\u2026.<\/span><\/p><p style=\"text-align:justify;margin-top:0pt;padding-top:0;margin-bottom:0pt;padding-bottom:0;line-height:2.4\"><span style=\"font-size:14pt\">Aon tuairim agat fh\u00e9in faoi na c\u00farsa\u00ed seo?<\/span><\/p>","protected":false},"excerpt":{"rendered":"<p>I mB\u00e9al an Phobail Peadar Bair\u00e9ad Ar do Rothar leat! Scr\u00edobh m\u00e9 sa chol\u00fan seo, p\u00edosa \u00f3 shin, faoi ch\u00farsa\u00ed taistil, faoi theorainn luais, faoi thimpeall\u00e1in, agus mar fho-n\u00f3ta leis an alt sin, faoi l\u00e1na\u00ed rothar, at\u00e1 ag f\u00e1s mar fh\u00e1s aon o\u00edche ar fud na t\u00edre, ag an am seo, agus m\u00e1 tharla\u00edonn gur [&hellip;]<\/p>\n","protected":false},"author":2,"featured_media":13435,"comment_status":"open","ping_status":"open","sticky":false,"template":"","format":"standard","meta":{"nf_dc_page":"","_et_pb_use_builder":"","_et_pb_old_content":"","_et_gb_content_width":"","footnotes":""},"categories":[1],"tags":[],"class_list":["post-12599","post","type-post","status-publish","format-standard","has-post-thumbnail","hentry","category-gan-chatagoir"],"_links":{"self":[{"href":"https:\/\/mickgb.com\/ga\/wp-json\/wp\/v2\/posts\/12599","targetHints":{"allow":["GET"]}}],"collection":[{"href":"https:\/\/mickgb.com\/ga\/wp-json\/wp\/v2\/posts"}],"about":[{"href":"https:\/\/mickgb.com\/ga\/wp-json\/wp\/v2\/types\/post"}],"author":[{"embeddable":true,"href":"https:\/\/mickgb.com\/ga\/wp-json\/wp\/v2\/users\/2"}],"replies":[{"embeddable":true,"href":"https:\/\/mickgb.com\/ga\/wp-json\/wp\/v2\/comments?post=12599"}],"version-history":[{"count":1,"href":"https:\/\/mickgb.com\/ga\/wp-json\/wp\/v2\/posts\/12599\/revisions"}],"predecessor-version":[{"id":12600,"href":"https:\/\/mickgb.com\/ga\/wp-json\/wp\/v2\/posts\/12599\/revisions\/12600"}],"wp:featuredmedia":[{"embeddable":true,"href":"https:\/\/mickgb.com\/ga\/wp-json\/wp\/v2\/media\/13435"}],"wp:attachment":[{"href":"https:\/\/mickgb.com\/ga\/wp-json\/wp\/v2\/media?parent=12599"}],"wp:term":[{"taxonomy":"category","embeddable":true,"href":"https:\/\/mickgb.com\/ga\/wp-json\/wp\/v2\/categories?post=12599"},{"taxonomy":"post_tag","embeddable":true,"href":"https:\/\/mickgb.com\/ga\/wp-json\/wp\/v2\/tags?post=12599"}],"curies":[{"name":"wp","href":"https:\/\/api.w.org\/{rel}","templated":true}]}}