{"id":12601,"date":"2017-04-04T11:00:00","date_gmt":"2017-04-04T11:00:00","guid":{"rendered":"https:\/\/mickgb.com\/?p=12601"},"modified":"2024-04-08T01:14:27","modified_gmt":"2024-04-08T01:14:27","slug":"i-mbeal-an-phobail-daonlathas","status":"publish","type":"post","link":"https:\/\/mickgb.com\/ga\/i-mbeal-an-phobail-daonlathas\/","title":{"rendered":"I  mB\u00e9al  an  Phobail  Daonlathas"},"content":{"rendered":"<p style=\"text-align:center;margin-top:0pt;padding-top:0;margin-bottom:0pt;padding-bottom:0;line-height:2.4;font-weight:bold;font-size:22pt\">Daonlathas! adeir tu?<\/p><p style=\"text-align:justify;margin-top:0pt;padding-top:0;margin-bottom:0pt;padding-bottom:0;line-height:2.4\"><span style=\"height:1em\"><span>.<\/span><\/span><\/p><p style=\"text-align:justify;margin-top:0pt;padding-top:0;margin-bottom:0pt;padding-bottom:0;line-height:2.4\"><span style=\"font-size:14pt\">Nach minic a chualamar an nath cainte \u00fad faoin ndaonlathas, adeir nach bhfuil an c\u00f3ras rialaithe c\u00e9<\/span><span style=\"font-size:14pt\">anna sin thar mholadh beirte, ach, ag an am gc\u00e9anna, gurb \u00e9 an ceann is fearr a fionnadh, go nuige seo. Sea, agus d\u2019fh\u00e9adfadh ruainne den cheart a bheith acu sa mh\u00e9id sin, go h\u00e1irithe, an chuid sin den nath adeir nach bhfuil an c\u00f3ras gan locht! T\u00e1 a fhios againn uilig, nach bhfuil c\u00f3ras ioml\u00e1n daonlathach inshroichte, n\u00f3 n\u00ed bheadh s\u00e9 ind\u00e9anta, i St\u00e1it an lae inniu, chuile dhl\u00ed agus acht a chur faoi bhr\u00e1id dhaonra iomlan an St\u00e1it, mar sin, s\u00e9 an c\u00f3ras is c\u00f3ngara\u00ed d\u00f3 sin, n\u00f3 an daonlathas ionad\u00edoachta, nuair <\/span><span style=\"font-size:14pt\">a rogha\u00edonn pobal de dhaonra \u00e1irithe, nuair a roghna\u00edonn siad ionada\u00ed, n\u00f3 teachta, lena dtuairim\u00ed si\u00fad a leagan os comhair na parlaiminte n\u00e1isi\u00fanta. Ach fi\u00fa sa ch\u00e1s sin, caithfear a r\u00e1, go bhfuil roinnt mhaith den chur i gc\u00e9ill i gceist ann, n\u00f3 n\u00ed bh\u00edonn saorchead ag an ionada\u00ed tofa sin, riachtanais a phobail a leagan os comhair na D\u00e1la, toisc go bhfuil dualgas air d\u00e9anamh mar adeir a Ph\u00e1irt\u00ed leis a dh\u00e9anamh, agus lena chois sin, nach bhfuil laincis air v\u00f3t\u00e1il ar son r\u00fan a Ph\u00e1irt\u00ed Polait\u00edochta. <\/span><\/p><p style=\"text-align:justify;margin-top:0pt;padding-top:0;margin-bottom:0pt;padding-bottom:0;line-height:2.4\"><span style=\"font-size:14pt\">Daonlathas!<\/span><span style=\"font-size:14pt\"> adeir t\u00fa? <\/span><\/p><h2 style=\"text-align:center;margin-top:0pt;padding-top:0;margin-bottom:0pt;padding-bottom:0;line-height:2.4;font-weight:bold;font-size:18pt\">C\u00e9ard faoin gCeathr\u00fa hEast\u00e1t?<\/h2><p style=\"text-align:justify;margin-top:0pt;padding-top:0;margin-bottom:0pt;padding-bottom:0;line-height:2.4\"><span style=\"font-size:14pt\">Tagann f\u00f3rsa\u00ed eile isteach sa chodrom\u00f3id freisin. C\u00e9ard faoin gCeathr\u00fa hEast\u00e1t? nach nd\u00e9anann siadsan a m\u00edle dh\u00edcheall, uaireannta, ar a dtionchar fh\u00e9in a chur i gcionn ar na polaiteoir\u00ed? Agus nach mb\u00edonn an chloch sa mhainchille acu <\/span><span style=\"font-size:14pt\">freisin, agus iad ag dul isteach i ngort na polait\u00edochta. Breathnaigh ar an gcaoi a gcaitheann cuid acu le Taoiseach an St\u00e1it s\u2019againne, le scathamh anuas anois. Sea, agus n\u00edl dabht ar domhan ann, ach go mb\u00edonn tionchar acu freisin le linn na dtoghch\u00e1n, n\u00f3 d\u00e9anann siad a ladar a sh\u00e1 isteach sna diosp\u00f3ireachta\u00ed polait\u00edochta, a bh\u00edonn ag r\u00e9abadh leo ina loscadh sl\u00e9ibhe, \u00f3 cheann ceann na t\u00edre, le linn na dtoghch\u00e1n c\u00e9anna sin. Anois, n\u00edlim ag r\u00e1 go mba dhroch rud, amach is amuigh, a leith\u00e9id a dh\u00e9anamh, n\u00f3 d\u00e1 <\/span><span style=\"font-size:14pt\">mbeadh an Ceathr\u00fa hEast\u00e1t ag glacach p\u00e1irt d\u00e1ir\u00edreach sa diosp\u00f3ireacht sin, agus d\u00e1 mbeadh siad ag iarraidh an pobal a chur ar an eolas, bheadh leas an phobail sin \u00e1 dh\u00e9anamh acu, ach ar an l\u00e1imh eile, d\u00e1 mbeadh siad ag iarraidh dallamull\u00f3g a chur ar na v\u00f3t\u00f3ir\u00ed, chun iad a mhealladh lena v\u00f3ta\u00ed a chaitheamh ar bhealach \u00e1irithe, ar mhaithe leosan, n\u00f3 mar bhealach le d\u00edoltas a imirt ar ph\u00e1irt\u00ed \u00e1irithe, bhuel, ansin, n\u00ed leas an phobail a bheadh \u00e1 dh\u00e9anamh acu, ach a mhalairt ar fad.<\/span><\/p><p style=\"text-align:justify;margin-top:0pt;padding-top:0;margin-bottom:0pt;padding-bottom:0;line-height:2.4\"><span style=\"font-size:14pt\">Breathnaigh freisin ar thion<\/span><span style=\"font-size:14pt\">char na l\u00e1ithreoir\u00ed teilif\u00edse agus raidi\u00f3 agus an chaoi a nd\u00e9anann siadsan iarracht ar a ndearcadh fh\u00e9in a chur chun cinn, sna cl\u00e1racha a laithr\u00edonn siad. Ar mhaithe leis fh\u00e9in a dh\u00e9anann an cat cr\u00f3n\u00e1n, ad\u00e9arfadh duine faoi roinnt mhaith acusan!!<\/span><\/p><h2 style=\"text-align:center;margin-top:0pt;padding-top:0;margin-bottom:0pt;padding-bottom:0;line-height:2.4;font-weight:bold;font-size:18pt\">Ceant na Cumhachta !<\/h2><p style=\"text-align:justify;margin-top:0pt;padding-top:0;margin-bottom:0pt;padding-bottom:0;line-height:2.4\"><span style=\"font-size:14pt\">Agus ar\u00eds, n\u00e1r ch\u00f3ir d\u00fainn s\u00fail a chaitheamh orthu si\u00fad a bh\u00edonn s\u00e1sta a gcuid airgid a chaitheamh, ar mhaithe le v\u00f3ta\u00ed a cheannacht d\u2019iarrth\u00f3ir \u00e1irithe, n\u00f3 do ph\u00e1irt\u00ed \u00e1irithe, toisc, go dtuigtear d\u00f3ibh, go dtabharfa\u00ed deis d\u00f3ibh, ar ball, a soc a <\/span><span style=\"font-size:14pt\">shacadh isteach sa trach beathaithe, i ngan fhios, d\u2019fh\u00e9adf\u00e1 a r\u00e1, don phobal fr\u00ed ch\u00e9ile. Nach \u2018in laige eile sa ch\u00f3ras daonlathais s\u2019againne? <\/span><\/p><p style=\"text-align:justify;margin-top:0pt;padding-top:0;margin-bottom:0pt;padding-bottom:0;line-height:2.4\"><span style=\"font-size:14pt\">T\u00e1id ann freisin ad\u00e9arfadh, nach gcuireann Comhrialtais le cl\u00fa \u00e1r ndaonlathais, n\u00f3 nuair a bh\u00edonn ar Ph\u00e1irt\u00ed ollmh\u00f3r ceangal a dh\u00e9anamh le P\u00e1irt\u00ed nach bhfuil acu sa D\u00e1il ach cupla Teachta, b\u00edonn ar an bP\u00e1irt\u00ed ollmh\u00f3r sin glacadh le prionsabail \u00e1irithe an MhionPh\u00e1irt\u00ed sin, lena nd\u00edlseacht agus a v\u00f3ta\u00ed, a cheannacht, sa D\u00e1il nua. Agus sa tsl\u00ed sin, t\u00e1 polasa\u00ed \u00e1 ghlacad<\/span><span style=\"font-size:14pt\">h ag an Rialtas nua, n\u00e1r cheadaigh an Pobal d\u00f3ibh. D\u00e1 dteast\u00f3dh uainn Comhrialtais a bheith mar ph\u00e1irt d\u00e1r gc\u00f3ras rialaithe, feasta, bhuel, ansin, ba ch\u00f3ir d\u00fainn glacadh mar phrionsabal, nach mbeadh s\u00e9 ceadmhach, margadh d\u00e1 leith\u00e9id a dh\u00e9anamh, ar mhaithe le cumhacht a cheannacht, n\u00f3 i nd\u00e1ir\u00edre, is \u00e9 at\u00e1 i gceist i gc\u00e1s d\u00e1 leith\u00e9id, n\u00f3 ceant cumhachta, agus d\u2019aont\u00f3dh gach \u00e9inne leat n\u00e1r inmhianta an cleachtas \u00e9 sin. <\/span><\/p><h2 style=\"text-align:center;margin-top:0pt;padding-top:0;margin-bottom:0pt;padding-bottom:0;line-height:2.4;font-weight:bold;font-size:18pt\">Stocair\u00ed<\/h2><p style=\"text-align:justify;margin-top:0pt;padding-top:0;margin-bottom:0pt;padding-bottom:0;line-height:2.4\"><span style=\"font-size:14pt\">Tionchar amh\u00e1in eile nach bhfuil inmhianaithe i gc\u00farsa\u00ed daonlathais, isea guth na ndaoine \u00fad, a dtuigtear d\u00f3ibh gur daoine c\u00e1ili\u00fala iad, agus gur ch\u00f3ir don chosmhuintir rud a dh\u00e9anamh orhtu. D\u00e9arfainn go bhfuil cupla sampla maithe den chine\u00e1l sin ruda, le tabhairt faoi deara, i gc\u00farsa\u00ed polait\u00edochta sna St\u00e1it Aontaithe, faoai l\u00e1thair, agus iad ag st\u00f3c\u00e1il ansin don Toghch\u00e1n Uachtar\u00e1nachta, a thion\u00f3lfar ansin, roimh dheireadh na bliana seo.<\/span><\/p><h2 style=\"text-align:center;margin-top:0pt;padding-top:0;margin-bottom:0pt;padding-bottom:0;line-height:2.4;font-weight:bold;font-size:18pt\">F\u00e1g faoin bPobal \u00e9!<\/h2><p style=\"text-align:justify;margin-top:0pt;padding-top:0;margin-bottom:0pt;padding-bottom:0;line-height:2.4\"><span style=\"font-size:14pt\">Le cr\u00edoch a chur leis an bp\u00edosa seo, ba mhaith liom tagairt a dh\u00e9anamh do rud amh\u00e1<\/span><span style=\"font-size:14pt\">in eile, agus s\u00e9 sin, nuair a dh\u00e9anann an Rialtas iarracht ar dhl\u00ed a acht\u00fa, nach raibh f\u00f3gartha acu ina gCl\u00e1r Toghch\u00e1na\u00edochta. I gc\u00e1s d\u00e1 leith\u00e9id, chomh fada is a bhaineann s\u00e9 liomsa, n\u00edl ach bealach amh\u00e1in as an bhfadhb sin, agus sin Reifreann a reacht\u00e1il, le deis a thabhairt don phobal, agus d\u00e1 lucht lean\u00fana, cead a thabhairt d\u00f3ibh a leith\u00e9id a dh\u00e9anamh.<\/span><\/p><p style=\"margin-top:0pt;padding-top:0;margin-bottom:0pt;padding-bottom:0;line-height:2.4\"><span style=\"height:1em\"><span>.<\/span><\/span><\/p>","protected":false},"excerpt":{"rendered":"<p>Daonlathas! adeir tu? . Nach minic a chualamar an nath cainte \u00fad faoin ndaonlathas, adeir nach bhfuil an c\u00f3ras rialaithe c\u00e9anna sin thar mholadh beirte, ach, ag an am gc\u00e9anna, gurb \u00e9 an ceann is fearr a fionnadh, go nuige seo. Sea, agus d\u2019fh\u00e9adfadh ruainne den cheart a bheith acu sa mh\u00e9id sin, go h\u00e1irithe, [&hellip;]<\/p>\n","protected":false},"author":2,"featured_media":13435,"comment_status":"open","ping_status":"open","sticky":false,"template":"","format":"standard","meta":{"nf_dc_page":"","_et_pb_use_builder":"","_et_pb_old_content":"","_et_gb_content_width":"","footnotes":""},"categories":[1],"tags":[],"class_list":["post-12601","post","type-post","status-publish","format-standard","has-post-thumbnail","hentry","category-gan-chatagoir"],"_links":{"self":[{"href":"https:\/\/mickgb.com\/ga\/wp-json\/wp\/v2\/posts\/12601","targetHints":{"allow":["GET"]}}],"collection":[{"href":"https:\/\/mickgb.com\/ga\/wp-json\/wp\/v2\/posts"}],"about":[{"href":"https:\/\/mickgb.com\/ga\/wp-json\/wp\/v2\/types\/post"}],"author":[{"embeddable":true,"href":"https:\/\/mickgb.com\/ga\/wp-json\/wp\/v2\/users\/2"}],"replies":[{"embeddable":true,"href":"https:\/\/mickgb.com\/ga\/wp-json\/wp\/v2\/comments?post=12601"}],"version-history":[{"count":1,"href":"https:\/\/mickgb.com\/ga\/wp-json\/wp\/v2\/posts\/12601\/revisions"}],"predecessor-version":[{"id":12602,"href":"https:\/\/mickgb.com\/ga\/wp-json\/wp\/v2\/posts\/12601\/revisions\/12602"}],"wp:featuredmedia":[{"embeddable":true,"href":"https:\/\/mickgb.com\/ga\/wp-json\/wp\/v2\/media\/13435"}],"wp:attachment":[{"href":"https:\/\/mickgb.com\/ga\/wp-json\/wp\/v2\/media?parent=12601"}],"wp:term":[{"taxonomy":"category","embeddable":true,"href":"https:\/\/mickgb.com\/ga\/wp-json\/wp\/v2\/categories?post=12601"},{"taxonomy":"post_tag","embeddable":true,"href":"https:\/\/mickgb.com\/ga\/wp-json\/wp\/v2\/tags?post=12601"}],"curies":[{"name":"wp","href":"https:\/\/api.w.org\/{rel}","templated":true}]}}