{"id":12603,"date":"2017-04-04T11:00:00","date_gmt":"2017-04-04T11:00:00","guid":{"rendered":"https:\/\/mickgb.com\/?p=12603"},"modified":"2024-04-08T01:12:26","modified_gmt":"2024-04-08T01:12:26","slug":"i-mbeal-an-phobail-iomarbha-cainte","status":"publish","type":"post","link":"https:\/\/mickgb.com\/ga\/i-mbeal-an-phobail-iomarbha-cainte\/","title":{"rendered":"I  mB\u00e9al  an  Phobail  Iomarbha Cainte"},"content":{"rendered":"<p style=\"text-align:center;margin-top:0pt;padding-top:0;margin-bottom:6pt;padding-bottom:0;line-height:1.38\"><strong><span style=\"font-size:28pt\">Cosaint na C\u00e1inaisn\u00e9ise<\/span><span style=\"font-size:28pt\">!<\/span><\/strong><\/p><p style=\"text-align:center;margin-top:0pt;padding-top:0;margin-bottom:6pt;padding-bottom:0;line-height:1.38\"><strong><span style=\"font-size:14pt\"><em>(This week <\/em><\/span><span style=\"font-size:14pt\"><em> S\u00e9im\u00ed<\/em><\/span><span style=\"font-size:14pt\"><em> and Friend discuss the Budget.)<\/em><\/span><\/strong><\/p><p style=\"margin-top:0pt;padding-top:0;margin-bottom:6pt;padding-bottom:0;line-height:1.8\"><span style=\"font-size:14pt\">Peadar Bair\u00e9ad<\/span><\/p><p style=\"text-align:center;margin-top:0pt;padding-top:0;margin-bottom:6pt;padding-bottom:0;line-height:1.8\"><strong><span style=\"font-size:18pt\">Iomarbh\u00e1<\/span><\/strong><\/p><p style=\"text-align:justify;margin-top:0pt;padding-top:0;margin-bottom:6pt;padding-bottom:0;line-height:1.8\"><span style=\"font-size:14pt\">Th\u00ed<\/span><span style=\"font-size:14pt\">os i g<\/span><span style=\"font-size:14pt\">cailleach(snug), sa Smugairle R\u00f3in sea bh\u00ed<\/span><span style=\"font-size:14pt\">omar bailithe<\/span><span style=\"font-size:14pt\">, an o\u00ed<\/span><span style=\"font-size:14pt\">che cheana<\/span><span style=\"font-size:14pt\">, agus go bre\u00e1 luath thuig m\u00e9 fh\u00e9in go raibh faobhar arg\u00f3na ar mo sheanchairde, S\u00e9im\u00ed a\u2019 Droichid agus M\u00e1rtan Sh\u00e9<\/span><span style=\"font-size:14pt\">ama<\/span><span style=\"font-size:14pt\">is. Sea, agus geallaimse dhuit \u00e9, nach raibh s\u00e9<\/span><span style=\"font-size:14pt\"> deacair caint <\/span><span style=\"font-size:14pt\">a bhaint as an mbeirt ch\u00e9<\/span><span style=\"font-size:14pt\">anna sin<\/span><span style=\"font-size:14pt\">, an o\u00edche sin. I nd\u00e1ir\u00ed<\/span><span style=\"font-size:14pt\">re<\/span><span style=\"font-size:14pt\">, n\u00ed<\/span><span style=\"font-size:14pt\"> raibh ach focal amhain ligthe le sruth agamsa<\/span><span style=\"font-size:14pt\">, nuair ba l\u00e9<\/span><span style=\"font-size:14pt\">ir fonn cainte ar mo bheirt. <\/span><\/p><p style=\"text-align:justify;margin-top:0pt;padding-top:0;margin-bottom:6pt;padding-bottom:0;line-height:1.8\"><span style=\"font-size:14pt\">C\u00e9n focal at\u00e1<\/span><span style=\"font-size:14pt\"> i gceist agam anseo, an ea?<\/span><\/p><p style=\"text-align:justify;margin-top:0pt;padding-top:0;margin-bottom:6pt;padding-bottom:0;line-height:1.8\"><strong><span style=\"font-size:14pt\">C\u00e1inaisn\u00e9<\/span><span style=\"font-size:14pt\">is<\/span><\/strong><span style=\"font-size:14pt\">. B\u2019in an focal ad\u00fairt m\u00e9, agus \u00e9 beartaithe agam tuairim\u00ed<\/span><span style=\"font-size:14pt\"> na beirte e<\/span><span style=\"font-size:14pt\">ile a mhealladh uathu, ar ais n\u00f3 ar \u00e9<\/span><span style=\"font-size:14pt\">igean.<\/span><\/p><p style=\"text-align:justify;margin-top:0pt;padding-top:0;margin-bottom:6pt;padding-bottom:0;line-height:1.8\"><span style=\"font-size:14pt\">Bhuel! Geallaimse dh<\/span><span style=\"font-size:14pt\">uit \u00e9, nach raibh s\u00e9<\/span><span style=\"font-size:14pt\"> deacair in aon<\/span><span style=\"font-size:14pt\"> chor caint a bhaint astu  an o\u00ed<\/span><span style=\"font-size:14pt\">che sin<\/span><span style=\"font-size:14pt\">, n\u00f3 bh\u00ed d\u00f3thain le r\u00e1 ag gach \u00e9inne acu faoin gc\u00e1inaisn\u00e9is ch\u00e9anna sin. Ach ba \u00e9 S\u00e9im\u00ed\u00fa ba th\u00faisce a bhain an bhearna d\u00ednn, agus ba \u00e9<\/span><span style=\"font-size:14pt\"> <\/span><span style=\"font-size:14pt\">ba th\u00faisce a chuir t\u00fa<\/span><span style=\"font-size:14pt\">s leis an i<\/span><span style=\"font-size:14pt\">omarbh\u00e1<\/span><span style=\"font-size:14pt\">. <\/span><\/p><p style=\"text-align:justify;margin-top:0pt;padding-top:0;margin-bottom:6pt;padding-bottom:0;line-height:1.8\"><span style=\"font-size:14pt\">\u201cDeirim<\/span><span style=\"font-size:14pt\">se <\/span><strong><span style=\"font-size:14pt\">c\u00e1inaisn\u00e9<\/span><span style=\"font-size:14pt\">is<\/span><\/strong><span style=\"font-size:14pt\"> leat!!<\/span><span style=\"font-size:14pt\">\u201d<\/span><span style=\"font-size:14pt\"> ar seisean, agus straois gh\u00e1ire siar go dt\u00ed<\/span><span style=\"font-size:14pt\"> na cluasa air. <\/span><span style=\"font-size:14pt\">\u201c<\/span><span style=\"font-size:14pt\">C\u00e1inaisn\u00e9is, an ea? N\u00ed c\u00e1inaisn\u00e9is ach rob\u00e1<\/span><span style=\"font-size:14pt\">il<\/span><span style=\"font-size:14pt\"> chaoch i l\u00e1r an lae ghil a thabharfainn fh\u00e9in air. F\u00e9<\/span><span style=\"font-size:14pt\">ach an chaoi ar <\/span><span style=\"font-size:14pt\">dheighle\u00e1il siad le pinsin\u00e9ir\u00ed<\/span><span style=\"font-size:14pt\">.\u201d<\/span><\/p><p style=\"text-align:justify;margin-top:0pt;padding-top:0;margin-bottom:6pt;padding-bottom:0;line-height:1.8\"><span style=\"font-size:14pt\">\u201cAch,\u201d ad\u00fairt m\u00e9<\/span><span style=\"font-size:14pt\"> fh\u00e9<\/span><span style=\"font-size:14pt\">in ag cur is<\/span><span style=\"font-size:14pt\">teach air, \u201ccheap m\u00e9 fh\u00e9<\/span><span style=\"font-size:14pt\">in gur c<\/span><span style=\"font-size:14pt\">haith siad go fial leis na saor\u00e1naigh ch\u00e9anna sin, n\u00f3 n\u00edor ardaigh siad an ch\u00e1<\/span><span style=\"font-size:14pt\">in<\/span><span style=\"font-size:14pt\"> ioncaim orthu, n\u00f3 n\u00edor \u00edsligh siad a bpinsea<\/span><span style=\"font-size:14pt\">n<\/span><span style=\"font-size:14pt\">,<\/span><span style=\"font-size:14pt\"> ach oiread.\u201d<\/span><\/p><p style=\"text-align:justify;margin-top:0pt;padding-top:0;margin-bottom:6pt;padding-bottom:0;line-height:1.8\"><span style=\"font-size:14pt\">\u201cFurasta a fheice\u00e1il c\u00e9<\/span><span style=\"font-size:14pt\">n taobh d<\/span><span style=\"font-size:14pt\">en teach a bhfuil tusa ag taobh\u00fa<\/span><span style=\"font-size:14pt\"> leis<\/span><span style=\"font-size:14pt\">, n\u00f3<\/span><span style=\"font-size:14pt\"> an dall at\u00e1 t\u00fa? N\u00e1r thug t\u00fa<\/span><span style=\"font-size:14pt\"> faoi deara<\/span><span style=\"font-size:14pt\"> <\/span><span style=\"font-size:14pt\">gur bhain siad na c\u00e1rta\u00ed leighis \u00f3 phinsin\u00e9ir\u00ed \u00e1irithe<\/span><span style=\"font-size:14pt\">,<\/span><span style=\"font-size:14pt\"> tr\u00ed<\/span><span style=\"font-size:14pt\"> leibh\u00e9al a<\/span><span style=\"font-size:14pt\"> <\/span><span style=\"font-size:14pt\">d<\/span><span style=\"font-size:14pt\">teacht isteach inch\u00e1ilithe a \u00edsli\u00fa. Go dt\u00ed seo, tugadh c\u00e1rta don l\u00e1n\u00fa<\/span><span style=\"font-size:14pt\">in <\/span><span style=\"font-size:14pt\"> nach raibh a dteacht isteach n\u00edos airde n\u00e1 m\u00edle dh\u00e1 ch\u00e9<\/span><span style=\"font-size:14pt\">ad Euro sa tseachtain<\/span><span style=\"font-size:14pt\">, n\u00f3<\/span><span style=\"font-size:14pt\"> s<\/span><span style=\"font-size:14pt\">\u00e9 ch\u00e9<\/span><span style=\"font-size:14pt\">ad Euro <\/span><span style=\"font-size:14pt\">don duine singil, ach <\/span><span style=\"font-size:14pt\">\u00ed<\/span><span style=\"font-size:14pt\">sliodh<\/span><span style=\"font-size:14pt\"> <\/span><span style=\"font-size:14pt\">tairseach an fhiosr\u00fa maoine go dt\u00ed naoi gc\u00e9ad Euro don l\u00e1n\u00fa<\/span><span style=\"font-size:14pt\">in feasta<\/span><span style=\"font-size:14pt\">, agus go s\u00e9 ch\u00e9ad don duine singil, rud a fh\u00e1<\/span><span style=\"font-size:14pt\">gfaidh<\/span><span style=\"font-size:14pt\"> go gcaillfidh roinnt mhaith dem chairde a gc\u00e1rta leighis feasta, agus d\u00e1r nd\u00f3igh, n\u00ed<\/span><span style=\"font-size:14pt\">l ansin ach comhartha in aird na gaoithe<\/span><span style=\"font-size:14pt\">\u201d.<\/span><\/p><p style=\"text-align:justify;margin-top:0pt;padding-top:0;margin-bottom:6pt;padding-bottom:0;line-height:1.8\"><span style=\"font-size:14pt\">\u201c<\/span><span style=\"font-size:14pt\"> <\/span><span style=\"font-size:14pt\">Ach<\/span><span style=\"font-size:14pt\">, a Sheim\u00ed\u201d arsa m\u00e9 fh\u00e9<\/span><span style=\"font-size:14pt\">i<\/span><span style=\"font-size:14pt\">n, \u201cb\u2019fh\u00e9<\/span><span style=\"font-size:14pt\">idir nach raibh an <\/span><span style=\"font-size:14pt\">dara rogha ag an Aire ach dul s\u00edos an b\u00f3ithr\u00edn sin, an turas seo, agus b\u2019fh\u00e9idir go nd\u00e9anfadh s\u00e9 an <\/span><span style=\"font-size:14pt\">t-<\/span><span style=\"font-size:14pt\">\u00edsli\u00fa sin a cheal\u00fa<\/span><span style=\"font-size:14pt\"> ar\u00eds sa ch\u00e9ad ch\u00e1inaisn\u00e9<\/span><span style=\"font-size:14pt\">is eile?\u201d<\/span><\/p><p style=\"text-align:justify;margin-top:0pt;padding-top:0;margin-bottom:6pt;padding-bottom:0;line-height:1.8\"><span style=\"font-size:14pt\">\u201cSea,\u201d arsa M\u00e1rtan Sh\u00e9amais, \u201cagus b\u2019fh\u00e9<\/span><span style=\"font-size:14pt\">idir go n-eitleodh muca<\/span><span style=\"font-size:14pt\">,<\/span><span style=\"font-size:14pt\"> amach anseo. <\/span><span style=\"font-size:14pt\">N\u00f3 nach bhfuil a fhios ag madra\u00ed an bhaile fh\u00e9in gurb \u00e9 a mhalairt ar fad a tharl\u00f3idh, agus sin an fait\u00edos at\u00e1 ar shean\u00f3ir\u00ed an St\u00e1<\/span><span style=\"font-size:14pt\">it seo<\/span><span style=\"font-size:14pt\">, faoi l\u00e1thair<\/span><span style=\"font-size:14pt\">.\u201d<\/span><\/p><p style=\"text-align:justify;margin-top:0pt;padding-top:0;margin-bottom:6pt;padding-bottom:0;line-height:1.8\"><span style=\"font-size:14pt\">\u201cF\u00edor dhuit a Mh\u00e1rtain,\u201d arsa S\u00e9im\u00ed<\/span><span style=\"font-size:14pt\"> s\u2019againne, \u201cagus cuir leis an masla sin<\/span><span style=\"font-size:14pt\">, go mbeidh ar an mbu\u00edon ch\u00e9<\/span><span style=\"font-size:14pt\">anna sin<\/span><span style=\"font-size:14pt\"> a bhfu<\/span><span style=\"font-size:14pt\">il C\u00e1<\/span><span style=\"font-size:14pt\">rta Leighis<\/span><span style=\"font-size:14pt\">, n\u00f3 C\u00e1rta Docht\u00fara<\/span><span style=\"font-size:14pt\">,<\/span><span style=\"font-size:14pt\"> acu,<\/span><span style=\"font-size:14pt\"> <\/span><span style=\"font-size:14pt\">dh\u00e1 Euro caoga Cent a \u00ed<\/span><span style=\"font-size:14pt\">oc feasta ar chuile airteagal ar oideas a <\/span><span style=\"font-size:14pt\">ndocht\u00fara,  agus nach gcaillfidh siad a li\u00fantas telef\u00f3<\/span><span style=\"font-size:14pt\">in freisin<\/span><span style=\"font-size:14pt\">, gan tr\u00e1cht in aon chor ar \u00edsli\u00fa an li\u00fa<\/span><span style=\"font-size:14pt\">ntais connaidh<\/span><span style=\"font-size:14pt\">.\u201d<\/span><\/p><p style=\"text-align:justify;margin-top:0pt;padding-top:0;margin-bottom:6pt;padding-bottom:0;line-height:1.8\"><span style=\"font-size:14pt\">\u201cAch, a fheara\u201d arsa m\u00e9 fh\u00e9in ar\u00ed<\/span><span style=\"font-size:14pt\">s,<\/span><span style=\"font-size:14pt\"> \u201cCaithfear a chur san \u00e1<\/span><span style=\"font-size:14pt\">ireamh<\/span><span style=\"font-size:14pt\">, nach bhfuil spar\u00e1<\/span><span style=\"font-size:14pt\">n teann  ag ar Rialtas, agus go gcaithfear gearradh siar<\/span><span style=\"font-size:14pt\">, agus gearradh siar ar\u00ed<\/span><span style=\"font-size:14pt\">s<\/span><span style=\"font-size:14pt\">, le cuntais an St\u00e1it a chothrom\u00fa, agus n\u00ed hiad na sean\u00f3ir\u00ed amh\u00e1in a bheidh th\u00ed<\/span><span style=\"font-size:14pt\">os <\/span><span style=\"font-size:14pt\">le socruithe na C\u00e1inaisn\u00e9<\/span><span style=\"font-size:14pt\">ise deiridh sin\u201d.<\/span><\/p><p style=\"text-align:justify;margin-top:0pt;padding-top:0;margin-bottom:6pt;padding-bottom:0;line-height:1.8\"><span style=\"font-size:14pt\">D\u2019ionsaigh an bheirt m\u00e9 agus thug \u00edde na muc is na madra\u00ed<\/span><span style=\"font-size:14pt\"> <\/span><span style=\"font-size:14pt\">dom as bheith ag iarraidh ionsa\u00ed \u00fad an Rialtais ar \u00e1r sean\u00f3ir\u00ed<\/span><span style=\"font-size:14pt\"> a chosaint<\/span><span style=\"font-size:14pt\">,<\/span><span style=\"font-size:14pt\"> agus d\u2019admhaigh siad <\/span><span style=\"font-size:14pt\">beirt<\/span><span style=\"font-size:14pt\">, go mba mh\u00f3r an n\u00e1ire domsa, sean\u00f3<\/span><span style=\"font-size:14pt\">ir, <\/span><span style=\"font-size:14pt\">a leith\u00e9id a dh\u00e9<\/span><span style=\"font-size:14pt\">a<\/span><span style=\"font-size:14pt\">namh. D\u2019fholmhaigh muid \u00e1r ngloinn\u00ed agus thug an b\u00f3thar abaile orainn fh\u00e9<\/span><span style=\"font-size:14pt\">in. <\/span><\/p><p style=\"text-align:justify;margin-top:0pt;padding-top:0;margin-bottom:6pt;padding-bottom:0;line-height:1.8\"><span style=\"font-size:14pt\">D\u00e1r nd\u00f3igh n\u00ed<\/span><span style=\"font-size:14pt\"> raibh ar si\u00fal agam fh\u00e9in ach bheith<\/span><span style=\"font-size:14pt\"> ag iarraidh f<\/span><span style=\"font-size:14pt\">onn cainte a spreagadh im chomr\u00e1daithe, agus b\u2019in a bhfuair m\u00e9 d\u00e1<\/span><span style=\"font-size:14pt\"> bharr!!!<\/span><\/p><p style=\"margin-top:0pt;padding-top:0;margin-bottom:6pt;padding-bottom:0;line-height:1.38\"><span style=\"font-size:14pt\">Caithfidh m\u00e9 teacht anuas den chla\u00ed seo feasta!!!!<\/span><\/p>","protected":false},"excerpt":{"rendered":"<p>Cosaint na C\u00e1inaisn\u00e9ise! (This week S\u00e9im\u00ed and Friend discuss the Budget.) Peadar Bair\u00e9ad Iomarbh\u00e1 Th\u00edos i gcailleach(snug), sa Smugairle R\u00f3in sea bh\u00edomar bailithe, an o\u00edche cheana, agus go bre\u00e1 luath thuig m\u00e9 fh\u00e9in go raibh faobhar arg\u00f3na ar mo sheanchairde, S\u00e9im\u00ed a\u2019 Droichid agus M\u00e1rtan Sh\u00e9amais. Sea, agus geallaimse dhuit \u00e9, nach raibh s\u00e9 deacair [&hellip;]<\/p>\n","protected":false},"author":2,"featured_media":13435,"comment_status":"open","ping_status":"open","sticky":false,"template":"","format":"standard","meta":{"nf_dc_page":"","_et_pb_use_builder":"","_et_pb_old_content":"","_et_gb_content_width":"","footnotes":""},"categories":[1],"tags":[],"class_list":["post-12603","post","type-post","status-publish","format-standard","has-post-thumbnail","hentry","category-gan-chatagoir"],"_links":{"self":[{"href":"https:\/\/mickgb.com\/ga\/wp-json\/wp\/v2\/posts\/12603","targetHints":{"allow":["GET"]}}],"collection":[{"href":"https:\/\/mickgb.com\/ga\/wp-json\/wp\/v2\/posts"}],"about":[{"href":"https:\/\/mickgb.com\/ga\/wp-json\/wp\/v2\/types\/post"}],"author":[{"embeddable":true,"href":"https:\/\/mickgb.com\/ga\/wp-json\/wp\/v2\/users\/2"}],"replies":[{"embeddable":true,"href":"https:\/\/mickgb.com\/ga\/wp-json\/wp\/v2\/comments?post=12603"}],"version-history":[{"count":1,"href":"https:\/\/mickgb.com\/ga\/wp-json\/wp\/v2\/posts\/12603\/revisions"}],"predecessor-version":[{"id":12604,"href":"https:\/\/mickgb.com\/ga\/wp-json\/wp\/v2\/posts\/12603\/revisions\/12604"}],"wp:featuredmedia":[{"embeddable":true,"href":"https:\/\/mickgb.com\/ga\/wp-json\/wp\/v2\/media\/13435"}],"wp:attachment":[{"href":"https:\/\/mickgb.com\/ga\/wp-json\/wp\/v2\/media?parent=12603"}],"wp:term":[{"taxonomy":"category","embeddable":true,"href":"https:\/\/mickgb.com\/ga\/wp-json\/wp\/v2\/categories?post=12603"},{"taxonomy":"post_tag","embeddable":true,"href":"https:\/\/mickgb.com\/ga\/wp-json\/wp\/v2\/tags?post=12603"}],"curies":[{"name":"wp","href":"https:\/\/api.w.org\/{rel}","templated":true}]}}