{"id":12651,"date":"2017-04-04T11:00:00","date_gmt":"2017-04-04T11:00:00","guid":{"rendered":"https:\/\/mickgb.com\/?p=12651"},"modified":"2024-04-08T01:27:01","modified_gmt":"2024-04-08T01:27:01","slug":"i-mbeal-an-phobail-car-imigh-an-sioc","status":"publish","type":"post","link":"https:\/\/mickgb.com\/ga\/i-mbeal-an-phobail-car-imigh-an-sioc\/","title":{"rendered":"I  mB\u00e9al  an  Phobail Car imigh an Sioc"},"content":{"rendered":"<p style=\"text-align:center;margin-top:0pt;padding-top:0;margin-bottom:0pt;padding-bottom:0;line-height:2.4;font-weight:bold;font-size:24pt\">C\u00e1r imigh an Sioc?<\/p><p style=\"margin-top:0pt;padding-top:0;margin-bottom:0pt;padding-bottom:0;line-height:2.4;font-weight:bold;font-size:14pt\"> Peadar Bair\u00e9ad<\/p><p style=\"text-align:justify;margin-top:0pt;padding-top:0;margin-bottom:0pt;padding-bottom:0;line-height:2.4;font-size:14pt\">Sea! agus c\u00e1 bhfuil an sneachta a bh\u00ed ann anuraidh? Sin iad na ceisteanna a chuireadh an tseandream orthu fh\u00e9in fad\u00f3, nuair a thugaid\u00eds faoi deara, go raibh an saol athraithe \u00f3 bhonn, agus nuair a thuigfid\u00eds gur th\u00e1inig an t-athr\u00fa sin aniar aduaidh orthu. Ar bhealach, nach \u00e9 an d\u00e1la c\u00e9anna againne \u00e9? Bhain an t\u00edr s\u2019againne a saoirse amach i dt\u00fas fhichid\u00ed na haoise seo caite, agus ansin, tar \u00e9is blianta fada a chaitheamh ag iarraidh \u00e1r mbealach fh\u00e9in a dh\u00e9anamh i dtreo phoblacht \u00e1r bhf\u00edse, th\u00e1inig muid chuig ionad, ina raibh saol an mhadaidh bh\u00e1in ag bun\u00fas \u00e1r ndaonra, agus muid ag druidim i dtreo r\u00e9 \u00f3rga ina mbeadh ganntan agus anro, bochtaineacht agus gorta, d\u00edbeartha go deo as Oile\u00e1n seo na Naomh is na nOllamh. N\u00ed g\u00e1 dhom a r\u00e1, nach mar sin a tharla, n\u00f3 faoi mar a dh\u00faiseodh duine as t\u00e1mhn\u00e9al codlata, chonacthas d\u00fainn nach raibh faoi dh\u00fashraith \u00e1r bhf\u00edse ach gaineamh s\u00e9idte,  agus go mba chos\u00fail le tigh carta\u00ed an teach a th\u00f3g Se\u00e1in\u00edn. Dh\u00fais\u00edomar maidin, agus chonacamar go raibh deireadh leis an mustar go l\u00e9ir, agus go raibh le\u00e1 ch\u00far na habhann tagtha ar an saibhreas a bh\u00ed in ainm a bheith carntha againn. Arbh aon ionadh gur chuireamar an cheist sin orainn fh\u00e9in?&#8230;C\u00e1r imigh an sioc? C\u00e1r imigh an saibhreas uilig a bh\u00ed carntha suas againn ar ph\u00e1ip\u00e9ar? Sea, chuaigh le\u00e1 ch\u00far na habhann air, gan aon ag\u00f3.<\/p><h1 style=\"text-align:center;margin-top:0pt;padding-top:0;margin-bottom:0pt;padding-bottom:0;line-height:2.4;font-weight:bold;font-size:18pt\">Neamhbhuaine an tsaoil<\/h1><p style=\"text-align:justify;margin-top:0pt;padding-top:0;margin-bottom:0pt;padding-bottom:0;line-height:2.4\"><span style=\"font-size:14pt\">Ba ghearr gur thosaigh muid ag breathn\u00fa thart orainn, f\u00e9achaint an raibh buaine ag baint le gn\u00e9 ar bith den saol a bh\u00ed thart orainn. Chomh fada is a bhain s\u00e9 liomsa, ar aon n\u00f3s, tuigeadh dom, nach raibh t\u00edr faoi lu\u00ed na gr\u00e9ine, sna seanlaethe, a bh\u00ed chomh sibhialta leis an dt\u00edr\u00edn s\u2019againne. D\u2019fh\u00e9adfadh saor\u00e1nach, n\u00f3 strains\u00e9ar, a bhealach a dh\u00e9anamh \u00f3 cheann ceann na t\u00edre seo gan baol ar bith go nd\u00e9anfa\u00ed dochar n\u00f3 b\u00e1rthainn d\u00f3, agus d\u00e1r nd\u00f3igh, nach mar sin ba ch\u00f3ir do ch\u00farsa\u00ed a bheith? Nach \u00e9 sin cruth\u00fa bu<\/span><span style=\"font-size:14pt\">n\u00fasach na sibhialtachta?.  Ach ar mhiste a fhiafra\u00ed, an mar sin at\u00e1 anois?<\/span><\/p><p style=\"text-align:justify;margin-top:0pt;padding-top:0;margin-bottom:0pt;padding-bottom:0;line-height:2.4\"><span style=\"font-size:14pt\">N\u00edor mhiste, mh\u2019anam! Bhail, th\u00f3g m\u00e9 eagr\u00e1n den nuacht\u00e1n c\u00e1ili\u00fail sin, an Kilkenny People, chugam, ar an Aoine, an 28\u00fa Bealtaine, na bliana seo 2010, f\u00e9achaint ar chabhair ar bith dom i bhfuascailt na faidhbe sin \u00e9, spl\u00e9achadh a fh\u00e1il ar chinnl\u00ednte ch\u00e9ad leathanaigh an eagr\u00e1in sin. N\u00ed call dom a insint duit, gur chuir ar l\u00e9igh m\u00e9 ansin ionadh agus alltacht orm, n\u00f3 ba ghearr gur cuireadh ar mo sh\u00faile dhom \u00e9, go raibh sneachta na blian<\/span><span style=\"font-size:14pt\">a anuraidh imithe gan filleadh. In alt le Mary Cody agus le Laura Keys, tugadh le fios d\u00fainn, gur thug deichni\u00far faoi l\u00e1mh a chur ina mb\u00e1s fh\u00e9in, an deireadh seachtaine roimhe sin, agus ba dhruga\u00ed a liost\u00e1ileadh mar phr\u00edomhch\u00fais d\u00e1 ngn\u00edomh i mbun\u00fas na gc\u00e1s sin. Ba \u00e9 tuairim na saineolaithe freisin, go raibh baint ag na staitistic\u00ed sin uilig leis an gc\u00fal\u00fa eacnama\u00edochta, agus moladh do na h\u00dadar\u00e1is Sl\u00e1inte, aird faoi leith a dh\u00edri\u00fa ar na tarl\u00faint\u00ed sin.<\/span><\/p><h1 style=\"text-align:center;margin-top:0pt;padding-top:0;margin-bottom:0pt;padding-bottom:0;line-height:2.4;font-weight:bold;font-size:18pt\">Sceanadh<\/h1><p style=\"text-align:justify;margin-top:0pt;padding-top:0;margin-bottom:0pt;padding-bottom:0;line-height:2.4\"><span style=\"font-size:14pt\">Ar an gc\u00e9ad leathanach sin den eagr\u00e1n c\u00e9anna, bh\u00ed sc\u00e9al le Se\u00e1n Keane, le l\u00e9amh, faoi bheirt a thuirling de charr i l\u00e1r Chathair Chill Chainnigh, agus a thug fogha faoi fhear \u00f3g, a sh\u00e1igh \u00e9, agus a d\u2019fh\u00e1g ansin i mb\u00e9ala b\u00e1is \u00e9. Tuigtear go raibh druga\u00ed taobh thiar den scli\u00fachas sin freisin. Thugadar beirt an carr orthu fh\u00e9in ansin, agus as go br\u00e1ch leo, ach, is cos\u00fail \u00e1fach, gur tharla easaontas \u00e9igin eatarthu, ar ball, agus gur \u00e9irigh siad chun a ch\u00e9ile, rud a d\u2019fh\u00e1g gur gabhadh iad, agus gur cuireadh com<\/span><span style=\"font-size:14pt\">had f\u00fathu ar aghaidh chun an DPP.<\/span><\/p><p style=\"text-align:justify;margin-top:0pt;padding-top:0;margin-bottom:0pt;padding-bottom:0;line-height:2.4\"><span style=\"font-size:14pt\">Sc\u00e9al eile le Se\u00e1n Keane ar an gc\u00e9ad leathanach sin freisin, faoi throideanna b\u00e1is n\u00f3 beatha, idir ainmhithe fi\u00e1ine agus madra\u00ed. Eagra\u00edtear na troidenna c\u00e9anna sin, anseo i gContae Chill Chainnigh, agus tagann slua daoine chun an l\u00e1thair, le sp\u00f3rt a bhaint as an ndroch\u00edde seo a thugtar ar na cr\u00e9at\u00fair fhi\u00e1ine sin. Sea, agus seans go mb\u00edonn corr-gheall \u00e1 chur freisin ar thoradh na dtroideanna sin. Deirtear go bhfuil s\u00e9 deacair go maith, deireadh a chur leis an m\u00ed-iompar seo, <\/span><span style=\"font-size:14pt\">b\u00edodh go bhfuil dlithe reachtaithe ina choinne. <\/span><\/p><h1 style=\"text-align:center;margin-top:0pt;padding-top:0;margin-bottom:0pt;padding-bottom:0;line-height:2.4;font-weight:bold;font-size:18pt\">A Methadone Clinic<\/h1><p style=\"text-align:justify;margin-top:0pt;padding-top:0;margin-bottom:0pt;padding-bottom:0;line-height:2.4\"><span style=\"font-size:14pt\">T\u00e1 sc\u00e9al amh\u00e1in eile ar ch\u00e9ad leathanach an eagr\u00e1in sin, den People, agus is d\u00f3cha gur deasc\u00e9al \u00e9 seo, murab ionann is na sc\u00e9alta eile. P\u00edosa le Laura Keys at\u00e1 i gceist agam anseo, agus sc\u00e9al faoi bhun\u00fa \u201cMethadone Clinic\u201d at\u00e1 idir cham\u00e1in ag Laura. Clinic le freastal ar and\u00failig hear\u00f3in na d\u00faiche seo, at\u00e1 i gceist, agus d\u00e1 luaithe a bhuna\u00edtear an Clinic sin abhus, isea is fearr, d\u00e1r leis an <\/span><span style=\"font-size:14pt\">Docht\u00fair Bill Cuddihy, n\u00f3 d\u00e1r leis, t\u00e1 fadhb na hear\u00f3ine ag bagairt go g\u00e9ar orainn anseo, agus t\u00e1 na Clinic\u00ed Methadone, sa timeall, ag cur thar maoil, cheana f\u00e9in, agus \u00f3 tharla go bhfuil an fhadhb sin imithe \u00f3 smacht beagnach, abhus, tuigtear go bhfuil g\u00e9argh\u00e1 leis an gClinic sin, n\u00f3 n\u00edl am ar bith le sp\u00e1r\u00e1il againn.<\/span><\/p><p style=\"text-align:justify;margin-top:0pt;padding-top:0;margin-bottom:0pt;padding-bottom:0;line-height:2.4\"><span style=\"font-size:14pt\">Bhuel, sin agat picti\u00far den saol a l\u00e9ir\u00edtear d\u00fainn, ar ch\u00e9ad leathanach an Kilkenny People, d\u00e1r d\u00e1ta, an 28\u00fa Bealtaine, 2010.<\/span><\/p><p style=\"text-align:center;margin-top:0pt;padding-top:0;margin-bottom:0pt;padding-bottom:0;line-height:2.4\"><strong><span style=\"font-size:18pt\">C\u00e1r imigh an Fh\u00eds ?<\/span><\/strong><\/p><p style=\"text-align:justify;margin-top:0pt;padding-top:0;margin-bottom:0pt;padding-bottom:0;line-height:2.4\"><span style=\"font-size:14pt\">An bhfuil c\u00farsa\u00ed imithe \u00f3 smacht orainn? An bhfuil s\u00e9 r\u00f3-dh\u00e9<\/span><span style=\"font-size:14pt\">anach leis an dtaoide seo a chur \u00f3 dhoras? N\u00f3, an f\u00e9idir linn dul i mbun oibre anois, le dul ar th\u00f3ir na f\u00edse \u00fad, a spreag lucht an \u00c9ir\u00ed Amach, tarraingt ar ch\u00e9ad bliain \u00f3 shoin?  F\u00faibhse at\u00e1 s\u00e9, agus  n\u00edor chaill fear an mhisnigh riamh \u00e9!                                                                                                                                                                                                                              <\/span><\/p>","protected":false},"excerpt":{"rendered":"<p>C\u00e1r imigh an Sioc? Peadar Bair\u00e9ad Sea! agus c\u00e1 bhfuil an sneachta a bh\u00ed ann anuraidh? Sin iad na ceisteanna a chuireadh an tseandream orthu fh\u00e9in fad\u00f3, nuair a thugaid\u00eds faoi deara, go raibh an saol athraithe \u00f3 bhonn, agus nuair a thuigfid\u00eds gur th\u00e1inig an t-athr\u00fa sin aniar aduaidh orthu. Ar bhealach, nach \u00e9 [&hellip;]<\/p>\n","protected":false},"author":2,"featured_media":13435,"comment_status":"open","ping_status":"open","sticky":false,"template":"","format":"standard","meta":{"nf_dc_page":"","_et_pb_use_builder":"","_et_pb_old_content":"","_et_gb_content_width":"","footnotes":""},"categories":[1],"tags":[],"class_list":["post-12651","post","type-post","status-publish","format-standard","has-post-thumbnail","hentry","category-gan-chatagoir"],"_links":{"self":[{"href":"https:\/\/mickgb.com\/ga\/wp-json\/wp\/v2\/posts\/12651","targetHints":{"allow":["GET"]}}],"collection":[{"href":"https:\/\/mickgb.com\/ga\/wp-json\/wp\/v2\/posts"}],"about":[{"href":"https:\/\/mickgb.com\/ga\/wp-json\/wp\/v2\/types\/post"}],"author":[{"embeddable":true,"href":"https:\/\/mickgb.com\/ga\/wp-json\/wp\/v2\/users\/2"}],"replies":[{"embeddable":true,"href":"https:\/\/mickgb.com\/ga\/wp-json\/wp\/v2\/comments?post=12651"}],"version-history":[{"count":1,"href":"https:\/\/mickgb.com\/ga\/wp-json\/wp\/v2\/posts\/12651\/revisions"}],"predecessor-version":[{"id":12652,"href":"https:\/\/mickgb.com\/ga\/wp-json\/wp\/v2\/posts\/12651\/revisions\/12652"}],"wp:featuredmedia":[{"embeddable":true,"href":"https:\/\/mickgb.com\/ga\/wp-json\/wp\/v2\/media\/13435"}],"wp:attachment":[{"href":"https:\/\/mickgb.com\/ga\/wp-json\/wp\/v2\/media?parent=12651"}],"wp:term":[{"taxonomy":"category","embeddable":true,"href":"https:\/\/mickgb.com\/ga\/wp-json\/wp\/v2\/categories?post=12651"},{"taxonomy":"post_tag","embeddable":true,"href":"https:\/\/mickgb.com\/ga\/wp-json\/wp\/v2\/tags?post=12651"}],"curies":[{"name":"wp","href":"https:\/\/api.w.org\/{rel}","templated":true}]}}