{"id":12663,"date":"2017-04-04T11:00:00","date_gmt":"2017-04-04T11:00:00","guid":{"rendered":"https:\/\/mickgb.com\/?p=12663"},"modified":"2024-04-08T01:17:08","modified_gmt":"2024-04-08T01:17:08","slug":"i-mbeal-an-phobail-fis-le-fioru","status":"publish","type":"post","link":"https:\/\/mickgb.com\/ga\/i-mbeal-an-phobail-fis-le-fioru\/","title":{"rendered":"I  mB\u00e9al  an  Phobail Fis le Fior\u00fa"},"content":{"rendered":"<p style=\"text-align:center;margin-top:0pt;padding-top:0;margin-bottom:10pt;padding-bottom:0;line-height:1.38\"><strong><span style=\"font-size:28pt\">I  mB\u00e9al  an  Phobail<\/span><\/strong><\/p><p style=\"margin-top:0pt;padding-top:0;margin-bottom:10pt;padding-bottom:0;line-height:1.38\">Peadar Bair\u00e9ad<\/p><p style=\"text-align:center;margin-top:0pt;padding-top:0;margin-bottom:10pt;padding-bottom:0;line-height:1.38\"><span style=\"height:1em\"><span>.<\/span><\/span><\/p><p style=\"text-align:center;margin-top:0pt;padding-top:0;margin-bottom:10pt;padding-bottom:0;line-height:1.38\"><strong><span style=\"font-size:18pt\">F\u00eds  le  f\u00ed<\/span><span style=\"font-size:18pt\">or\u00fa<\/span><\/strong><\/p><p style=\"text-align:justify;margin-top:0pt;padding-top:0;margin-bottom:10pt;padding-bottom:0;line-height:1.8\"><span style=\"font-size:14pt\">Anois, agus muid ag druidim i dtreo Chuimhne<\/span><span style=\"font-size:14pt\">amh<\/span><span style=\"font-size:14pt\"> C\u00e9ad an \u00c9ir\u00ed<\/span><span style=\"font-size:14pt\"> Amach<\/span><span style=\"font-size:14pt\">, t\u00e1<\/span><span style=\"font-size:14pt\">thar ag smaoin<\/span><span style=\"font-size:14pt\">eamh ar bheala\u00ed \u00e1<\/span><span style=\"font-size:14pt\">i<\/span><span style=\"font-size:14pt\">rithe leis an mbeart sin a chom\u00f3radh mar ba chu\u00ed agus mar ba ch\u00f3ir. Deir dream amh\u00e1in gur ch\u00f3ir seo a dh\u00e9anamh, deir dream eile gur ch\u00f3ir si\u00fad a dh\u00e9<\/span><span style=\"font-size:14pt\">anamh<\/span><span style=\"font-size:14pt\">,<\/span><span style=\"font-size:14pt\"> <\/span><span style=\"font-size:14pt\">agus d\u00e1<\/span><span style=\"font-size:14pt\">r leis an bhfear thall<\/span><span style=\"font-size:14pt\">,<\/span><span style=\"font-size:14pt\"> gurbh fhearr \u00f3c\u00e1<\/span><span style=\"font-size:14pt\">id<\/span><span style=\"font-size:14pt\"> mh\u00f3<\/span><span style=\"font-size:14pt\">r<\/span><span style=\"font-size:14pt\"> chom\u00f3<\/span><span style=\"font-size:14pt\">rtha <\/span><span style=\"font-size:14pt\">amh\u00e1in a eagr\u00fa<\/span><span style=\"font-size:14pt\"> a mb<\/span><span style=\"font-size:14pt\">eadh cuimhneamh uirthi l\u00e1<\/span><span style=\"font-size:14pt\"> is faide anonn<\/span><span style=\"font-size:14pt\">,<\/span><span style=\"font-size:14pt\"> agus ceapann an fear abhus<\/span><span style=\"font-size:14pt\">,<\/span><span style=\"font-size:14pt\"> gur ch\u00f3ir \u00f3c\u00e1id cheili\u00fartha \u00e1iti\u00fail a eagr\u00fa i ngach par\u00e1iste sa t\u00ed<\/span><span style=\"font-size:14pt\">r. Sea, faoi mar a ch<\/span><span style=\"font-size:14pt\">uireadh na R\u00f3mh\u00e1naigh \u00e9 fad\u00f3<\/span><span style=\"font-size:14pt\"> \u2013 quot homines t<\/span><span style=\"font-size:14pt\">ot sententiae<\/span><span style=\"font-size:14pt\"> <\/span><span style=\"font-size:14pt\">\u2013<\/span><span style=\"font-size:14pt\"> <\/span><span style=\"font-size:14pt\">n\u00f3 faoi mar a chuirtear sa ch\u00e9<\/span><span style=\"font-size:14pt\">ad teanga n<\/span><span style=\"font-size:14pt\">\u00e1isi\u00fa<\/span><span style=\"font-size:14pt\">nta<\/span><span style=\"font-size:14pt\"> \u00e9, -N\u00ed lia duine n\u00e1 tuairim \u2013 Ach nach nd\u00e9arfadh an leathshaoi fh\u00e9in, gur mar a ch\u00e9ile ab fhearr iad. Ar an gc\u00e9ad dul s\u00ed<\/span><span style=\"font-size:14pt\">os<\/span><span style=\"font-size:14pt\">, t\u00e1 muid ag iarraidh \u00e1r mbr\u00f3d as \u00e1r n\u00e1isi\u00fa<\/span><span style=\"font-size:14pt\">ntacht<\/span><span style=\"font-size:14pt\">, agus as iarrachta\u00ed \u00e1<\/span><span style=\"font-size:14pt\">r ndaoine sin a bhai<\/span><span style=\"font-size:14pt\">nt amach, agus ar an dara dul s\u00ed<\/span><span style=\"font-size:14pt\">os, na<\/span><span style=\"font-size:14pt\">ch bhfuil \u00e1r bpobail fh\u00e9<\/span><span style=\"font-size:14pt\">in ansin freisin<\/span><span style=\"font-size:14pt\">, agus  nach \u00e9 \u00e1<\/span><span style=\"font-size:14pt\">r ndualgas<\/span><span style=\"font-size:14pt\"> \u00e9 an dearcadh c\u00e9<\/span><span style=\"font-size:14pt\">anna<\/span><span style=\"font-size:14pt\"> sin a chur ar a s\u00faile d\u00f3<\/span><span style=\"font-size:14pt\">ibhsean freisin. <\/span><\/p><p style=\"text-align:justify;margin-top:0pt;padding-top:0;margin-bottom:10pt;padding-bottom:0;line-height:1.8\"><span style=\"font-size:14pt\">Ach c\u00e9ard t\u00e1 le ceili\u00faradh againn gur fi\u00fa \u00e9 a chur i mb\u00e9<\/span><span style=\"font-size:14pt\">al an phobail<\/span><span style=\"font-size:14pt\">,<\/span><span style=\"font-size:14pt\"> um an dtaca seo? <\/span><span style=\"font-size:14pt\">Deir daoine \u00e1<\/span><span style=\"font-size:14pt\">irithe<\/span><span style=\"font-size:14pt\">, gur \u00e9irigh le lucht an \u00c9<\/span><span style=\"font-size:14pt\">i<\/span><span style=\"font-size:14pt\">r\u00ed Amach a bhf\u00eds a fh\u00edor\u00fa le neart a l\u00e1mh. Ceart go leor, t\u00e1<\/span><span style=\"font-size:14pt\">id ann adeir<\/span><span style=\"font-size:14pt\">, gur \u00e9<\/span><span style=\"font-size:14pt\">irig<\/span><span style=\"font-size:14pt\">h leo saoirse a bhaint amach, n\u00ed don t\u00ed<\/span><span style=\"font-size:14pt\">r uilig<\/span><span style=\"font-size:14pt\">, ach do s\u00e9<\/span><span style=\"font-size:14pt\"> chontae fichead<\/span><span style=\"font-size:14pt\"> di, agus faoi mar a bh\u00ed c\u00farsa\u00ed<\/span><span style=\"font-size:14pt\"> ag an am<\/span><span style=\"font-size:14pt\">, bheadh s\u00e9 do-dh\u00e9<\/span><span style=\"font-size:14pt\">anta a<\/span><span style=\"font-size:14pt\">n tsaoirse sin a bhronnadh ar S\u00e9 C<\/span><span style=\"font-size:14pt\">hontae a<\/span><span style=\"font-size:14pt\">n Tuaiscirt, n\u00f3 bheadh an pobal \u00f3 thuaidh r\u00e9idh le cur i <\/span><span style=\"font-size:14pt\">gcoinne a leith\u00e9id de shocr\u00fa, mar<\/span><span style=\"font-size:14pt\"> bh\u00ed siadsan me\u00e1ite ar fanacht sa R\u00ed<\/span><span style=\"font-size:14pt\">och<\/span><span style=\"font-size:14pt\">t Aontaithe. B\u2019in an chaoi ar f\u00e1gadh an sc\u00e9al i ndiaidh na troda go l\u00e9<\/span><span style=\"font-size:14pt\">ir,<\/span><span style=\"font-size:14pt\"> <\/span><span style=\"font-size:14pt\">ach nac<\/span><span style=\"font-size:14pt\">h raibh na clocha corra <\/span><span style=\"font-size:14pt\">faighte<\/span><span style=\"font-size:14pt\"> againn sa Chonradh ar ghlac <\/span><span style=\"font-size:14pt\">an pobal leis i ndiaidh an ioml\u00e1in? Fi\u00fa m\u00e1 ghlacaimid le f\u00ed<\/span><span style=\"font-size:14pt\">rinne an rait<\/span><span style=\"font-size:14pt\">is sin chaithfeadh duine a admh\u00e1il nach raibh sa mh\u00e9id sin ach leath na f\u00edse, n\u00f3 n\u00e1rbh \u00e9 a theastaigh uathusan n\u00f3 \u00c9<\/span><span style=\"font-size:14pt\">ire Saor Gaelach a bhaint amach<\/span><span style=\"font-size:14pt\">. M\u00e1<\/span><span style=\"font-size:14pt\"> ghlactar leis anois go raibh an tSaoirse bainte amach acu<\/span><span style=\"font-size:14pt\">, c\u00e9<\/span><span style=\"font-size:14pt\">ard faoin <\/span><span style=\"font-size:14pt\">gcuid eile den bhf\u00ed<\/span><span style=\"font-size:14pt\">s? Bhuel, caithfimid glacadh leis<\/span><span style=\"font-size:14pt\">, n\u00e1rbh fh\u00e9idir an chuid sin den bhf\u00eds a bhronnadh ar an n\u00e1isi\u00fa<\/span><span style=\"font-size:14pt\">n<\/span><span style=\"font-size:14pt\">, d\u2019aon iarracht agus l\u00e1ithreach bonn, ach bh\u00ed<\/span><span style=\"font-size:14pt\"> an deis acu anois tabhairt faoin chuid sin<\/span><span style=\"font-size:14pt\"> den bhf\u00eds a r\u00e9<\/span><span style=\"font-size:14pt\">aladh le himeacht aimsire.<\/span><span style=\"font-size:14pt\"> <\/span><\/p><p style=\"text-align:justify;margin-top:0pt;padding-top:0;margin-bottom:10pt;padding-bottom:0;line-height:1.8\"><span style=\"font-size:14pt\">Caithfear a admh\u00e1<\/span><span style=\"font-size:14pt\">il<\/span><span style=\"font-size:14pt\"> <\/span><span style=\"font-size:14pt\">gur dhein an S<\/span><span style=\"font-size:14pt\">aor<\/span><span style=\"font-size:14pt\">st\u00e1<\/span><span style=\"font-size:14pt\">t iarracht inmholta le<\/span><span style=\"font-size:14pt\"> cuid<\/span><span style=\"font-size:14pt\"> den bhf\u00ed<\/span><span style=\"font-size:14pt\">s a thabhai<\/span><span style=\"font-size:14pt\">rt i gcr\u00ed<\/span><span style=\"font-size:14pt\">ch <\/span><span style=\"font-size:14pt\">tr\u00ed bh\u00e9<\/span><span style=\"font-size:14pt\">im a leagan ar<\/span><span style=\"font-size:14pt\"> mh\u00fa<\/span><span style=\"font-size:14pt\">ineadh na teanga sna scoileanna<\/span><span style=\"font-size:14pt\">,<\/span><span style=\"font-size:14pt\"> agus<\/span><span style=\"font-size:14pt\"> is d\u00f3<\/span><span style=\"font-size:14pt\">igh gur tuigeadh<\/span><span style=\"font-size:14pt\">,<\/span><span style=\"font-size:14pt\"> ag an am<\/span><span style=\"font-size:14pt\">, go leathfadh polasa\u00ed<\/span><span style=\"font-size:14pt\"> oideachais <\/span><span style=\"font-size:14pt\">d\u00e1<\/span><span style=\"font-size:14pt\"> <\/span><span style=\"font-size:14pt\">leith\u00e9<\/span><span style=\"font-size:14pt\">id<\/span><span style=\"font-size:14pt\">,<\/span><span style=\"font-size:14pt\"> go leath<\/span><span style=\"font-size:14pt\">fadh s\u00e9,<\/span><span style=\"font-size:14pt\"> <\/span><span style=\"font-size:14pt\">le himeacht aimsire, <\/span><span style=\"font-size:14pt\">labhairt na Gaeilge i measc daoine. ach<\/span><span style=\"font-size:14pt\"> n\u00ed d\u00f3<\/span><span style=\"font-size:14pt\">igh liom gur tuigeadh<\/span><span style=\"font-size:14pt\"> ag an am chomh deacair is a bh\u00ed s\u00e9<\/span><span style=\"font-size:14pt\"> teanga <\/span><span style=\"font-size:14pt\">a bh\u00ed i mb\u00e9al an bh\u00e1<\/span><span style=\"font-size:14pt\">is <\/span><span style=\"font-size:14pt\">a athbhun\u00fa<\/span><span style=\"font-size:14pt\"> i bpobal, agus <\/span><span style=\"font-size:14pt\">feictear anois <\/span><span style=\"font-size:14pt\">freisin, chomh gann is at\u00e1<\/span><span style=\"font-size:14pt\"> sampl<\/span><span style=\"font-size:14pt\">a\u00ed de th\u00ed<\/span><span style=\"font-size:14pt\">r ar bith<\/span><span style=\"font-size:14pt\"> ag tabhairt go d\u00e1ir\u00edreah faoin bhfiontar c\u00e9<\/span><span style=\"font-size:14pt\">anna sin<\/span><span style=\"font-size:14pt\">, taobh amuigh dIosrael, b\u2019fh\u00e9idir <\/span><span style=\"font-size:14pt\">.<\/span><span style=\"font-size:14pt\"> N\u00ed g\u00e1<\/span><span style=\"font-size:14pt\"> a lua anseo<\/span><span style=\"font-size:14pt\">,<\/span><span style=\"font-size:14pt\"> go bh<\/span><span style=\"font-size:14pt\">fuil sampla\u00ed<\/span><span style=\"font-size:14pt\"> eile den Ghaelacha<\/span><span style=\"font-size:14pt\">s beo beathach in\u00e1r measc go dt\u00ed an l\u00e1 at\u00e1 inniu ann, mar at\u00e1<\/span><span style=\"font-size:14pt\">,<\/span><span style=\"font-size:14pt\"> rinnc\u00ed, ceol, amhr\u00e1na\u00ed<\/span><span style=\"font-size:14pt\">ocht ar an sean<\/span><span style=\"font-size:14pt\">-n\u00f3s, cluich\u00ed<\/span><span style=\"font-size:14pt\">, agus rud ar bith eile<\/span><span style=\"font-size:14pt\">,<\/span><span style=\"font-size:14pt\"> a s<\/span><span style=\"font-size:14pt\">hil anuas chugainn<\/span><span style=\"font-size:14pt\">,<\/span><span style=\"font-size:14pt\"> <\/span><span style=\"font-size:14pt\">mar chuid d\u00e1<\/span><span style=\"font-size:14pt\">r n-oidhreacht. B\u2019<\/span><span style=\"font-size:14pt\">in iad na ruda\u00ed a bh\u00ed i gceist ag laochra na C\u00e1<\/span><span style=\"font-size:14pt\">sca nuair a l\u00e9adh<\/span><span style=\"font-size:14pt\"> <\/span><span style=\"font-size:14pt\">For\u00f3gra \u00e1<\/span><span style=\"font-size:14pt\">r bPoblacht<\/span><span style=\"font-size:14pt\">a<\/span><span style=\"font-size:14pt\"> ar Shr<\/span><span style=\"font-size:14pt\">\u00e1<\/span><span style=\"font-size:14pt\">id<\/span><span style=\"font-size:14pt\"> U\u00ed<\/span><span style=\"font-size:14pt\"> Chonaill<\/span><span style=\"font-size:14pt\">,<\/span><span style=\"font-size:14pt\"> sa bhl<\/span><span style=\"font-size:14pt\">iain 1916, beagnach c\u00e9<\/span><span style=\"font-size:14pt\">ad bliain<\/span><span style=\"font-size:14pt\"> \u00f3<\/span><span style=\"font-size:14pt\"> shoin anois.<\/span><span style=\"font-size:14pt\"> Ghlac an pobal lena bhf\u00ed<\/span><span style=\"font-size:14pt\">s<\/span><span style=\"font-size:14pt\">, agus d\u00e1 chomhartha sin, t\u00e1 an fh\u00eds sin beo in\u00e1r measc go dt\u00ed an l\u00e1 at\u00e1<\/span><span style=\"font-size:14pt\"> inniu ann, ach anois<\/span><span style=\"font-size:14pt\">,<\/span><span style=\"font-size:14pt\"> nach bhfu<\/span><span style=\"font-size:14pt\">il s\u00e9<\/span><span style=\"font-size:14pt\"> thar am againn<\/span><span style=\"font-size:14pt\"> breathn\u00fa ar an bhf\u00eds ch\u00e9anna sin ar\u00ed<\/span><span style=\"font-size:14pt\">s. An <\/span><span style=\"font-size:14pt\">\u00e9 nach raibh inti i nd\u00e1ir\u00ed<\/span><span style=\"font-size:14pt\">re ach<\/span><span style=\"font-size:14pt\"> leagan gaelach de \u00dat\u00f3ipe? agus an \u00e9 at\u00e1 le d\u00e9<\/span><span style=\"font-size:14pt\">anamh againn anois<\/span><span style=\"font-size:14pt\">,<\/span><span style=\"font-size:14pt\"> mar chine<\/span><span style=\"font-size:14pt\">, n\u00f3 \u00e1r leagan fh\u00e9in den bhf\u00eds ch\u00e9anna sin a fh\u00f3<\/span><span style=\"font-size:14pt\">gairt d<\/span><span style=\"font-size:14pt\">on aon\u00fa<\/span><span style=\"font-size:14pt\"> hao<\/span><span style=\"font-size:14pt\">is fichead, leagan a chuirfeadh<\/span><span style=\"font-size:14pt\"> <\/span><span style=\"font-size:14pt\">san \u00e1ireamh na hathruithe at\u00e1 tagtha ar \u00e1<\/span><span style=\"font-size:14pt\">r bpobal san idirlinn,agus <\/span><span style=\"font-size:14pt\">\u00e1it sa bhf\u00ed<\/span><span style=\"font-size:14pt\">s sin a <\/span><span style=\"font-size:14pt\">chur in \u00e1irithe do na m\u00edlte agus na m\u00ed<\/span><span style=\"font-size:14pt\">lte \u201c<\/span><span style=\"font-size:14pt\">thar toinn do r\u00e1<\/span><span style=\"font-size:14pt\">n<\/span><span style=\"font-size:14pt\">a<\/span><span style=\"font-size:14pt\">ig chugainn\u201d<\/span><span style=\"font-size:14pt\">. Sea, agus caithfimid sainmh\u00edni\u00fa<\/span><span style=\"font-size:14pt\"> a thabhairt ar <\/span><span style=\"font-size:14pt\">\u2018<\/span><span style=\"font-size:14pt\">shaoirse<\/span><span style=\"font-size:14pt\">\u2019<\/span><span style=\"font-size:14pt\"> agus ar <\/span><span style=\"font-size:14pt\">\u2018<\/span><span style=\"font-size:14pt\">ghaelachas<\/span><span style=\"font-size:14pt\">\u2019 d\u00f3ibh si\u00fad at\u00e1<\/span><span style=\"font-size:14pt\"> suas anois<\/span><span style=\"font-size:14pt\">, sa chaoi go mbeidh f\u00ed<\/span><span style=\"font-size:14pt\">s nua<\/span><span style=\"font-size:14pt\">, suas chun d\u00e1<\/span><span style=\"font-size:14pt\">ta<\/span><span style=\"font-size:14pt\">,<\/span><span style=\"font-size:14pt\"> againn<\/span><span style=\"font-size:14pt\">, a bheidh mar mh\u00e9ar an eolais d\u00c9<\/span><span style=\"font-size:14pt\">ireannaigh na haoise seo<\/span><span style=\"font-size:14pt\">, agus iad ar a dturas chuig an \u00c9<\/span><span style=\"font-size:14pt\">irinn<\/span><span style=\"font-size:14pt\"> id\u00e9<\/span><span style=\"font-size:14pt\">alach<\/span><span style=\"font-size:14pt\"> sin<\/span><span style=\"font-size:14pt\">, at\u00e1<\/span><span style=\"font-size:14pt\"> folaithe i gcea<\/span><span style=\"font-size:14pt\">rtl\u00e1<\/span><span style=\"font-size:14pt\">r chr<\/span><span style=\"font-size:14pt\">o\u00ed na muintire a \u00e1it\u00ed<\/span><span style=\"font-size:14pt\">onn <\/span><span style=\"font-size:14pt\">c\u00faig c\u00faigi \u00c9<\/span><span style=\"font-size:14pt\">ireann<\/span><span style=\"font-size:14pt\">, i l\u00e1<\/span><span style=\"font-size:14pt\">thair na huaire <\/span><span style=\"font-size:14pt\">seo. Faoi mar ad\u00fairt an t\u00e9 ad\u00fa<\/span><span style=\"font-size:14pt\">irt.<\/span><span style=\"font-size:14pt\">..breathnaigh isteach i do chro\u00ed fh\u00e9in, m\u00e1<\/span><span style=\"font-size:14pt\">s uait<\/span><span style=\"font-size:14pt\"> spl\u00e9<\/span><span style=\"font-size:14pt\">achadh a f<\/span><span style=\"font-size:14pt\">h\u00e1<\/span><span style=\"font-size:14pt\">il a<\/span><span style=\"font-size:14pt\">r fh\u00eds an dara c\u00e9<\/span><span style=\"font-size:14pt\">ad.<\/span><\/p><p style=\"text-align:justify;margin-top:0pt;padding-top:0;margin-bottom:10pt;padding-bottom:0;line-height:1.38\"><span style=\"height:1em\"><span>.<\/span><\/span><\/p>","protected":false},"excerpt":{"rendered":"<p>I mB\u00e9al an Phobail Peadar Bair\u00e9ad . F\u00eds le f\u00edor\u00fa Anois, agus muid ag druidim i dtreo Chuimhneamh C\u00e9ad an \u00c9ir\u00ed Amach, t\u00e1thar ag smaoineamh ar bheala\u00ed \u00e1irithe leis an mbeart sin a chom\u00f3radh mar ba chu\u00ed agus mar ba ch\u00f3ir. Deir dream amh\u00e1in gur ch\u00f3ir seo a dh\u00e9anamh, deir dream eile gur ch\u00f3ir si\u00fad [&hellip;]<\/p>\n","protected":false},"author":2,"featured_media":13435,"comment_status":"open","ping_status":"open","sticky":false,"template":"","format":"standard","meta":{"nf_dc_page":"","_et_pb_use_builder":"","_et_pb_old_content":"","_et_gb_content_width":"","footnotes":""},"categories":[1],"tags":[],"class_list":["post-12663","post","type-post","status-publish","format-standard","has-post-thumbnail","hentry","category-gan-chatagoir"],"_links":{"self":[{"href":"https:\/\/mickgb.com\/ga\/wp-json\/wp\/v2\/posts\/12663","targetHints":{"allow":["GET"]}}],"collection":[{"href":"https:\/\/mickgb.com\/ga\/wp-json\/wp\/v2\/posts"}],"about":[{"href":"https:\/\/mickgb.com\/ga\/wp-json\/wp\/v2\/types\/post"}],"author":[{"embeddable":true,"href":"https:\/\/mickgb.com\/ga\/wp-json\/wp\/v2\/users\/2"}],"replies":[{"embeddable":true,"href":"https:\/\/mickgb.com\/ga\/wp-json\/wp\/v2\/comments?post=12663"}],"version-history":[{"count":1,"href":"https:\/\/mickgb.com\/ga\/wp-json\/wp\/v2\/posts\/12663\/revisions"}],"predecessor-version":[{"id":12664,"href":"https:\/\/mickgb.com\/ga\/wp-json\/wp\/v2\/posts\/12663\/revisions\/12664"}],"wp:featuredmedia":[{"embeddable":true,"href":"https:\/\/mickgb.com\/ga\/wp-json\/wp\/v2\/media\/13435"}],"wp:attachment":[{"href":"https:\/\/mickgb.com\/ga\/wp-json\/wp\/v2\/media?parent=12663"}],"wp:term":[{"taxonomy":"category","embeddable":true,"href":"https:\/\/mickgb.com\/ga\/wp-json\/wp\/v2\/categories?post=12663"},{"taxonomy":"post_tag","embeddable":true,"href":"https:\/\/mickgb.com\/ga\/wp-json\/wp\/v2\/tags?post=12663"}],"curies":[{"name":"wp","href":"https:\/\/api.w.org\/{rel}","templated":true}]}}