{"id":12669,"date":"2017-04-04T11:00:00","date_gmt":"2017-04-04T11:00:00","guid":{"rendered":"https:\/\/mickgb.com\/?p=12669"},"modified":"2024-04-08T01:16:08","modified_gmt":"2024-04-08T01:16:08","slug":"i-mbeal-an-phobail-iarchriostaiocht","status":"publish","type":"post","link":"https:\/\/mickgb.com\/ga\/i-mbeal-an-phobail-iarchriostaiocht\/","title":{"rendered":"I  mB\u00e9al  an  Phobail IarChriostaiocht"},"content":{"rendered":"<p style=\"text-align:center;margin-top:0pt;padding-top:0;margin-bottom:0pt;padding-bottom:0;line-height:2.4;font-weight:bold;font-size:24pt\">I  mB\u00e9al  an  Phobail<\/p><p style=\"margin-top:0pt;padding-top:0;margin-bottom:0pt;padding-bottom:0;line-height:2.4;font-size:14pt\">Peadar Bair\u00e9ad<\/p><p style=\"text-align:center;margin-top:0pt;padding-top:0;margin-bottom:0pt;padding-bottom:0;line-height:2.4\"><strong><span style=\"font-size:18pt\">An  IarChr\u00edosta\u00edocht?<\/span><\/strong><\/p><p style=\"text-align:justify;margin-top:0pt;padding-top:0;margin-bottom:0pt;padding-bottom:0;line-height:2.4;font-size:14pt\">N\u00ed call dom a insint dhuit, go bhfuil c\u00farsa\u00ed creidimh ag d\u00f3 na geirbe agam ar\u00eds, an tseachtain seo, agus mar is eol do ch\u00e1ch faoin am seo, is minic an port c\u00e9anna \u00e1 sheint agam na laethe seo. <\/p><p style=\"text-align:justify;margin-top:0pt;padding-top:0;margin-bottom:0pt;padding-bottom:0;line-height:2.4;font-size:14pt\">\u2019Tuige sin? ad\u00e9arfadh duine b\u2019fh\u00e9idir. <\/p><p style=\"text-align:justify;margin-top:0pt;padding-top:0;margin-bottom:0pt;padding-bottom:0;line-height:2.4;font-size:14pt\">Toisc go bhfuil an Eaglais Chaitliceach, ach go h\u00e1irithe, i mb\u00e9al an phobail le scathamh maith anuas anois. Agus n\u00ed m\u00e9ad\u00fa ar a c\u00e1il, ach a mhalairt, roinnt mhaith den mh\u00edchl\u00fa a bhronntar uirthi, tr\u00edd an bpoibl\u00edocht ch\u00e9anna sin. Caithfear a admh\u00e1il, nach gan ch\u00fais a thuill s\u00ed an m\u00edchl\u00fa c\u00e9anna sin, n\u00f3 c\u00e9 d\u2019dhf\u00e9adfadh dearmad a dh\u00e9anamh ar an d\u00e1 Thuarsc\u00e1il \u00fad, a foils\u00edodh le tamall anuas, &#8211; Tuarasc\u00e1il U\u00ed Mhurch\u00fa agus Tuarasc\u00e1il U\u00ed Riain, at\u00e1 idir cham\u00e1in agam anseo -. Caithfear a admh\u00e1il freisin, go raibh c\u00e1ineadh tuillte ag an Eaglais ch\u00e9anna sin. Ach ansin, n\u00e1r ch\u00f3ir d\u00fainn deis a thabhairt di, aithreachas agus leorghn\u00edomh a dh\u00e9anamh, sa mh\u00ed-\u00fas\u00e1id a tugadh ar na daoine leochaileacha, so-ghonta \u00fad, a f\u00e1gadh faoina c\u00faram.<\/p><h1 style=\"text-align:center;margin-top:0pt;padding-top:0;margin-bottom:0pt;padding-bottom:0;line-height:2.4;font-weight:bold;font-size:18pt\">Pobal D\u00e9 agus an todhcha\u00ed<\/h1><p style=\"text-align:justify;margin-top:0pt;padding-top:0;margin-bottom:0pt;padding-bottom:0;line-height:2.4\"><span style=\"font-size:14pt\">Ar an dtaobh eile den sc\u00e9al, nach bhf\u00e9adfadh duine a r\u00e1, n\u00e1rbh \u00ed an Eaglais Chaitliceach fh\u00e9in a rinne an mh\u00ed-\u00fas\u00e1id \u00fad, n\u00f3 nach gc\u00e1ineann an Eaglais <\/span><span style=\"font-size:14pt\">ch\u00e9anna sin chuile ghn\u00edomh d\u00e1 leith\u00e9id? agus nach bhfuil s\u00ed  me\u00e1ite anois, ar chuile iarracht a dh\u00e9anamh, le gn\u00edomhartha d\u00e1 leith\u00e9id a chosc sa todhcha\u00ed? Ach sa mh\u00e9id gurbh iad ministr\u00ed na hEaglaise sin a bh\u00ed ciontach sa mh\u00ed-\u00fas\u00e1id sin, ba ch\u00f3ir go nd\u00e9anfadh pobal na hEaglaise sin chuile iarracht ar leorghn\u00edomh, agus c\u00faiteamh a dh\u00e9anamh leo si\u00fad ar deineadh an \u00e9ag\u00f3ir uaf\u00e1sach sin orthu.<\/span><\/p><p style=\"text-align:justify;margin-top:0pt;padding-top:0;margin-bottom:0pt;padding-bottom:0;line-height:2.4\"><span style=\"font-size:14pt\"> Agus sin uilig r\u00e1ite, admhaithe, agus c\u00e1inte againn, caithfear an r\u00f3d seo romhainn a bhuaileadh athuair, le misneach, le d<\/span><span style=\"font-size:14pt\">\u00f3chas, agus le creideamh, earra\u00ed a dh\u00e9anfaidh sinn a threor\u00fa fan bh\u00f3thar \u00e1r sl\u00e1naithe. N\u00ed tr\u00e1th \u00e9ad\u00f3chais \u00e9, ach tr\u00e1th d\u00f3chais agus misnigh. Tr\u00e1th freisin \u00e9, inar ch\u00f3ir do Chr\u00edostaithe lean\u00faint ar aghaidh ar bhealach a n-oilithreachta, gan fait\u00edos, gan eagla, gan teip. Nach oidhr\u00ed sinne ar an dtraidisi\u00fan Cr\u00edosta\u00ed a f\u00e1gadh le huacht againn ag  daoine a d\u2019fhulaing chuile sh\u00f3rt ch\u00e9asta agus anr\u00f3, le sin a dh\u00e9anamh, agus a dh\u00e9anamh go d\u00f3ighi\u00fail, flaithi\u00fail, misni\u00fail? N\u00e1rbh iad a sh\u00edn anuas chugainn an creatlach<\/span><span style=\"font-size:14pt\"> cr\u00edosta\u00ed, len\u00e1r saol mar phobal, a chrochadh air? Agus n\u00e1rbh iad freisin, a d\u2019fh\u00e1g le huacht againn, eagra\u00edocht na hEaglaise, le pobal D\u00e9 a threor\u00fa i dtreo R\u00edocht D\u00e9?<\/span><\/p><h1 style=\"text-align:center;margin-top:0pt;padding-top:0;margin-bottom:0pt;padding-bottom:0;line-height:2.4;font-weight:bold;font-size:18pt\">Geasa Briste<\/h1><p style=\"text-align:justify;margin-top:0pt;padding-top:0;margin-bottom:0pt;padding-bottom:0;line-height:2.4\"><span style=\"font-size:14pt\">N\u00ed tr\u00e1th \u00e9 seo le chuile iarsma den Chr\u00edosta\u00edocht a chaitheamh i dtraipis\u00ed, toisc gur bhris roinnt \u00e1irithe sagart a ngeasa, agus gur iompaigh siad \u00f3 bhealach a sl\u00e1naithe agus gur thaisteal siad bealach a n-aimhleasa. N\u00ed tr\u00e1th \u00e9 seo, le chuile iarsma d\u00e1r gcreideamh a ruaigeadh as \u00e1r scoileanna, n\u00f3 le chuile chomhartha d\u00e1r <\/span><span style=\"font-size:14pt\">n-oidhreacht a ruaigeadh as \u00e1r dtimpeallacht, n\u00f3 n\u00ed tr\u00e1th \u00e9 seo, ach oiread, le hiomp\u00fa i gcoinne \u00e9inne a l\u00e9ireodh a Chr\u00edosta\u00edocht, os chomhair an phobail, ar cheann ar bith de na me\u00e1in chumars\u00e1ide, lena n\u00e1iri\u00fa, n\u00f3 lena chiapadh, os ard. <\/span><\/p><p style=\"text-align:justify;margin-top:0pt;padding-top:0;margin-bottom:0pt;padding-bottom:0;line-height:2.4\"><span style=\"font-size:14pt\">Nach minic a \u00fas\u00e1idtear leithsc\u00e9alta gan t\u00f3in le ciapadh d\u00e1 leith\u00e9id a chosaint? Duine amh\u00e1in ag ma\u00edomh nach bhfuil s\u00e9 f\u00e9ar\u00e1ilte creideamh a shacadh siar s\u00edos scornach na n-\u00f3g, agus sa ch\u00e1s seo, n\u00ed creideamh ar bith eile at\u00e1 idir cham\u00e1in aige, ach an Chr\u00edosta\u00edocht amh\u00e1in. Du<\/span><span style=\"font-size:14pt\">ine eile ag r\u00e1, n\u00e1r ch\u00f3ir do phobal, comhartha\u00ed d\u00e1 gcreidimh a l\u00e9iri\u00fa os ard, ar eagla go gcuirfeadh s\u00e9 sin isteach ar dhearcadh chuairteoir\u00ed n\u00f3 strains\u00e9ir\u00ed, agus fi\u00fa, nach ndeirtear n\u00e1r ch\u00f3ir comhartha ar bith creidimh a l\u00e9iriu, os ard, in \u00e1it phoibl\u00ed ar bith, toisc gur leis an bpobal, fr\u00ed ch\u00e9ile, na hionaid ch\u00e9anna sin. <\/span><\/p><p style=\"text-align:center;margin-top:0pt;padding-top:0;margin-bottom:0pt;padding-bottom:0;line-height:2.4\"><strong><span style=\"font-size:18pt\">Sinne an Pobal<\/span><\/strong><\/p><p style=\"text-align:justify;margin-top:0pt;padding-top:0;margin-bottom:0pt;padding-bottom:0;line-height:2.4\"><span style=\"font-size:14pt\">Ach, nach bhf\u00e9adfadh duine a mha\u00edomh, gur sinne an pobal, agus gurb \u2019in \u00e9 d\u00edreach a theasta\u00edonn uainn, agus i gc\u00e1<\/span><span style=\"font-size:14pt\">s na scoileanna, ar\u00eds, nach iad na tuismitheoir\u00ed na pr\u00edomhoideachas\u00f3ir\u00ed, de r\u00e9ir an Bhunreachta, agus m\u00e1 theasta\u00edonn uathusan comhartha\u00ed d\u00e1 gcreidimh a l\u00e9iri\u00fa os ard sna scoileanna, c\u00e9n ceart at\u00e1 ag an St\u00e1t, n\u00f3 ag dream ar bith eile, cur ina gcoinne? F\u00e1gaimis na croiseanna mar a bhfuil siad, agus n\u00e1 b\u00edodh n\u00e1ire ar bith orainn faoi chomhartha\u00ed \u00e1r gcreidimh, n\u00f3 faoi l\u00e9iri\u00fa \u00e1r n-oidhreachta. C\u00fais bhr\u00f3id agus cheili\u00fartha d\u00fainne iad. N\u00e1 caitear i dtraipis\u00ed iad!<\/span><\/p><p style=\"text-align:justify;margin-top:0pt;padding-top:0;margin-bottom:0pt;padding-bottom:0;line-height:2.4\"><span style=\"font-size:14pt\">Agus ag caint ar chuairteoir\u00ed, d\u00e9arfainn go mbeadh <\/span><span style=\"font-size:14pt\">ionadh orthusan mura mbeadh muid s\u00e1sta gn\u00edomh\u00fa de r\u00e9ir \u00e1r ndearcaidh, n\u00f3 de r\u00e9ir \u00e1r gcreidimh, agus ar aon n\u00f3s, n\u00edor ch\u00f3ir go dtiocfadh sin isteach sa sc\u00e9al, chor ar bith, olc, maith, n\u00f3 dona, n\u00f3 an t\u00e9 a thagann chugainn isteach \u00f3n iasacht, ba ch\u00f3ir go duigfeadh s\u00e9 c\u00farsa\u00ed, n\u00f3 faoi mar adeireadh na R\u00f3mh\u00e1naigh fad\u00f3, &#8211; sa R\u00f3imh dhuit, d\u00e9an mar a dh\u00e9anann na R\u00f3mh\u00e1naigh &#8211; . Glach le n\u00f3sanna d\u2019a\u00edonna, n\u00f3 fan glan amach uathu!<\/span><\/p><p style=\"text-align:justify;margin-top:0pt;padding-top:0;margin-bottom:0pt;padding-bottom:0;line-height:2.4\"><span style=\"font-size:14pt\">&nbsp;&nbsp;&nbsp;<\/span><\/p>","protected":false},"excerpt":{"rendered":"<p>I mB\u00e9al an Phobail Peadar Bair\u00e9ad An IarChr\u00edosta\u00edocht? N\u00ed call dom a insint dhuit, go bhfuil c\u00farsa\u00ed creidimh ag d\u00f3 na geirbe agam ar\u00eds, an tseachtain seo, agus mar is eol do ch\u00e1ch faoin am seo, is minic an port c\u00e9anna \u00e1 sheint agam na laethe seo. \u2019Tuige sin? ad\u00e9arfadh duine b\u2019fh\u00e9idir. Toisc go bhfuil [&hellip;]<\/p>\n","protected":false},"author":2,"featured_media":13435,"comment_status":"open","ping_status":"open","sticky":false,"template":"","format":"standard","meta":{"nf_dc_page":"","_et_pb_use_builder":"","_et_pb_old_content":"","_et_gb_content_width":"","footnotes":""},"categories":[1],"tags":[],"class_list":["post-12669","post","type-post","status-publish","format-standard","has-post-thumbnail","hentry","category-gan-chatagoir"],"_links":{"self":[{"href":"https:\/\/mickgb.com\/ga\/wp-json\/wp\/v2\/posts\/12669","targetHints":{"allow":["GET"]}}],"collection":[{"href":"https:\/\/mickgb.com\/ga\/wp-json\/wp\/v2\/posts"}],"about":[{"href":"https:\/\/mickgb.com\/ga\/wp-json\/wp\/v2\/types\/post"}],"author":[{"embeddable":true,"href":"https:\/\/mickgb.com\/ga\/wp-json\/wp\/v2\/users\/2"}],"replies":[{"embeddable":true,"href":"https:\/\/mickgb.com\/ga\/wp-json\/wp\/v2\/comments?post=12669"}],"version-history":[{"count":1,"href":"https:\/\/mickgb.com\/ga\/wp-json\/wp\/v2\/posts\/12669\/revisions"}],"predecessor-version":[{"id":12670,"href":"https:\/\/mickgb.com\/ga\/wp-json\/wp\/v2\/posts\/12669\/revisions\/12670"}],"wp:featuredmedia":[{"embeddable":true,"href":"https:\/\/mickgb.com\/ga\/wp-json\/wp\/v2\/media\/13435"}],"wp:attachment":[{"href":"https:\/\/mickgb.com\/ga\/wp-json\/wp\/v2\/media?parent=12669"}],"wp:term":[{"taxonomy":"category","embeddable":true,"href":"https:\/\/mickgb.com\/ga\/wp-json\/wp\/v2\/categories?post=12669"},{"taxonomy":"post_tag","embeddable":true,"href":"https:\/\/mickgb.com\/ga\/wp-json\/wp\/v2\/tags?post=12669"}],"curies":[{"name":"wp","href":"https:\/\/api.w.org\/{rel}","templated":true}]}}