{"id":12679,"date":"2017-04-04T11:00:00","date_gmt":"2017-04-04T11:00:00","guid":{"rendered":"https:\/\/mickgb.com\/?p=12679"},"modified":"2024-04-08T01:16:08","modified_gmt":"2024-04-08T01:16:08","slug":"i-mbeal-an-phobail-laithreoiri-gan-srian","status":"publish","type":"post","link":"https:\/\/mickgb.com\/ga\/i-mbeal-an-phobail-laithreoiri-gan-srian\/","title":{"rendered":"I  mB\u00e9al  an  Phobail Laithreoiri gan srian"},"content":{"rendered":"<p style=\"text-align:center;margin-top:0pt;padding-top:0;margin-bottom:0pt;padding-bottom:0;line-height:2.4;font-weight:bold;font-size:20pt\">I  mB\u00e9al  an  Phobail<\/p><p style=\"margin-top:0pt;padding-top:0;margin-bottom:0pt;padding-bottom:0;line-height:2.4\"><span style=\"font-size:14pt\">Peadar Bair\u00e9ad.<\/span><\/p><p style=\"text-align:center;margin-top:0pt;padding-top:0;margin-bottom:0pt;padding-bottom:0;line-height:2.4\"><strong><span style=\"font-size:18pt\">\u201cS\u00e9im\u00ed\u201d ar an Warpath!<\/span><\/strong><\/p><p style=\"text-align:justify;margin-top:0pt;padding-top:0;margin-bottom:0pt;padding-bottom:0;line-height:2.4;font-size:14pt\">Th\u00edos sa Smugairle R\u00f3in isea bh\u00edomar, m\u00e9 fh\u00e9in agus S\u00e9im\u00ed a\u2019 Droichid, an o\u00edche faoi dheireadh. Istigh i gcailleach* dheas, teola\u00ed, a bh\u00edomar, agus muid ag iarraidh c\u00fal a chur ar an tart diabhalta a bh\u00ed d\u00e1r gcr\u00e1, an o\u00edche ch\u00e9anna sin. Bh\u00ed cl\u00e1r \u00e1 chraoladh ar an raidi\u00f3 p\u00f3ca, taobh linn, agus l\u00e1ithreoir aithnidi\u00fail ar a dh\u00edcheall, ag iarraidh cos i bpoll a chur le cl\u00fa pholaiteoir \u00e1irithe. Chuir S\u00e9im\u00ed s\u2019againne cluas le h\u00e9isteacht air fh\u00e9in. Th\u00e1inig muc ar gach malainn leis, Dhearg s\u00e9 suas go bun na gcluas, agus ansin, thug r\u00faid faoin raidi\u00f3 beag, gur chaith s\u00e9 i gcoinne an fhalla \u00e9, rud a chuir deireadh obann le hionsa\u00ed \u00fad an l\u00e1ithreora sin!<\/p><p style=\"text-align:justify;margin-top:0pt;padding-top:0;margin-bottom:0pt;padding-bottom:0;line-height:2.4\"><span style=\"font-size:14pt\">\u201cN\u00edl bealach ar bith eile le fios a bh\u00e9asa a mh\u00faineadh do na dailt\u00edn\u00ed sin, n\u00f3 n\u00ed thuigeann siad tada eile ach cumas an \u00e9isteora le srian a chur orthu, agus gob\u00e1n a chur iontu.\u201d<\/span><\/p><p style=\"text-align:center;margin-top:0pt;padding-top:0;margin-bottom:0pt;padding-bottom:0;line-height:2.4\"><strong><span style=\"font-size:18pt\">Free Speech ?<\/span><\/strong><\/p><p style=\"text-align:justify;margin-top:0pt;padding-top:0;margin-bottom:0pt;padding-bottom:0;line-height:2.4\"><span style=\"font-size:14pt\">\u201cAch a Sh\u00e9im\u00ed, nach gceapann t\u00fa go bhfuil s\u00e9 de cheart ag na l\u00e1ithreoir\u00ed c\u00e9anna sin  a dtuairim\u00ed a nochtadh ar an ngl\u00e9as sin?\u201d<\/span><\/p><p style=\"text-align:justify;margin-top:0pt;padding-top:0;margin-bottom:0pt;padding-bottom:0;line-height:2.4\"><span style=\"font-size:14pt\">\u201cT\u00e1, agus n\u00edl. Cinnte n\u00edor ch\u00f3ir d\u2019\u00e9inne a gcead cainte a bhaint d\u00edobh, ach ag an am gc\u00e9anna, n\u00ed thugann sin cead d\u00f3ibhsean a rogha rud a r\u00e1, n\u00f3 caithfidh siad cearta na n-\u00e9isteoir\u00ed a cur san \u00e1ireamh freisin, agus t\u00e1 de cheart ag an \u00e9isteoir <\/span><span style=\"font-size:14pt\">nach gcuirfeadh an l\u00e1ithreoir a ladar isteach in \u00e1bhar at\u00e1 thar a thuiscint. Nach minic a chloiseann t\u00fa l\u00e1ithreoir acu ag spalpadh leis faoi ch\u00farsa\u00ed Creidimh, abair, agus \u00e9 soil\u00e9ir don dall fh\u00e9in, nach bhfuil tuiscint d\u00e1 laghadh aige ar an \u00e1bhar c\u00e9anna sin.  Sea, agus chomh maith le sin, nach minic a chloiseann t\u00fa fear acu ag tabhairt faoi pholaiteoir eic\u00ednt, n\u00f3 faoi Ph\u00e1irt\u00ed Polait\u00edochta \u00e1irithe, agus iad ag iarraidh a gcl\u00fa agus a gc\u00e1il, a mhilleadh agus a bhascadh, beag beann ar an bhf\u00edrinne, n\u00f3 ar dhearca<\/span><span style=\"font-size:14pt\">dh an phobail.\u201d<\/span><\/p><p style=\"text-align:center;margin-top:0pt;padding-top:0;margin-bottom:0pt;padding-bottom:0;line-height:2.4\"><strong><span style=\"font-size:18pt\">Cut and Thrust!<\/span><\/strong><\/p><p style=\"text-align:justify;margin-top:0pt;padding-top:0;margin-bottom:0pt;padding-bottom:0;line-height:2.4\"><span style=\"font-size:14pt\">\u201cAch, a Sh\u00e9im\u00ed, nach cuid den saol \u00e9 sin, na laethe seo, agus nach saibhr\u00edonn s\u00e9 beatha an phobail na smaointe \u00fad uilig a chur i mb\u00e9al an phobail? Agus nach bhf\u00e9adf\u00e1 a r\u00e1 nach bhfuil ann ach an \u201cCut and Thrust\u201d \u00fad, a mb\u00edonn M\u00e1rtan an Tairbh ag spalpadh faoi chuile bhabhta\u201d<\/span><\/p><p style=\"text-align:justify;margin-top:0pt;padding-top:0;margin-bottom:0pt;padding-bottom:0;line-height:2.4\"><span style=\"font-size:14pt\">\u201cThabharf\u00e1 cead do na boic\u00edn\u00ed sin ionsa\u00ed d\u00e1 leith\u00e9id a dh\u00e9anamh ar na Teachta\u00ed a thoigh an pobal s\u2019againne i dtoghch\u00e1n, agus a fhios ag an saol m\u00f3r nach bhfaigheadh na boic\u00edn\u00ed c\u00e9anna sin m\u00f3r\u00e1n v\u00f3ta\u00ed, d\u00e1 raghadh siadsan san ioma\u00edocht, l\u00e1 an toghch\u00e1in. T\u00e1 de cheart acu d\u00edosp\u00f3ireacht a chur ar bun faoi na c\u00farsa\u00ed sin, ach m\u00e1 t\u00e1 fh\u00e9in, t\u00e1 dualgas orthu an d\u00e1 thaobh den sc\u00e9al a leagan os comhair an phobail, agus sa tsl\u00ed ch\u00e9anna, bheife\u00e1 ag s\u00fail go dtabharfadh siad Cothrom na F\u00e9inne do Chreideamh ar bith a nd\u00edreo<\/span><span style=\"font-size:14pt\">dh siad aghaidh a gcraois air.\u201d<\/span><\/p><p style=\"text-align:justify;margin-top:0pt;padding-top:0;margin-bottom:0pt;padding-bottom:0;line-height:2.4\"><span style=\"font-size:14pt\">\u201cAch, nach nd\u00e9anann siad a leith\u00e9id? a Sh\u00e9im\u00ed.\u201d<\/span><\/p><h1 style=\"text-align:center;margin-top:0pt;padding-top:0;margin-bottom:0pt;padding-bottom:0;line-height:2.4;font-weight:bold;font-size:18pt\">You\u2019ve got to be  Joking!<\/h1><p style=\"text-align:justify;margin-top:0pt;padding-top:0;margin-bottom:0pt;padding-bottom:0;line-height:2.4\"><span style=\"font-size:14pt\">\u201cAg maghadh f\u00fam at\u00e1 t\u00fa, an ea? Nach bhfuil a fhios ag madra\u00ed an bhaile fh\u00e9in go bhfuil l\u00e1ithreoir\u00ed \u00e1irithe ansin, agus nach s\u00e1sa\u00edonn tada iad chomh maith le hionsa\u00ed a dh\u00e9anamh ar Chaitlicigh, ach go h\u00e1irithe.\u201d<\/span><\/p><p style=\"text-align:justify;margin-top:0pt;padding-top:0;margin-bottom:0pt;padding-bottom:0;line-height:2.4;font-size:14pt\">\u201cAch nach bhfuil na hionsaithe c\u00e9anna sin tuillte,. agus tuillte go maith, uaireannta, ag an eagra\u00edocht ch\u00e9anna sin?\u201d<\/p><p style=\"text-align:justify;margin-top:0pt;padding-top:0;margin-bottom:0pt;padding-bottom:0;line-height:2.4\"><span style=\"font-size:14pt\">\u201cB\u2019fh\u00e9idir go bhfuil, agus b\u2019fh\u00e9idir aris, nach bhfuil, ach an dtugann sin l\u00e1nchead do na l\u00e1ithreoir\u00ed a luaigh m\u00e9 thuas, a racht a ligean uirthi? C\u00e9ard faoi Chothrom na F\u00e9inne? agus c\u00e9ard faoi sheans cothrom a thabhairt don eagra\u00edocht sin, a taobh fh\u00e9in den sc\u00e9al a chur i l\u00e1thair, agus a cl\u00fa a chosaint, os comhair an phobail?\u201d<\/span><\/p><p style=\"text-align:justify;margin-top:0pt;padding-top:0;margin-bottom:0pt;padding-bottom:0;line-height:2.4\"><span style=\"font-size:14pt\">\u201cAch, cheap mise go dtugtar l\u00e1nchead don eagra\u00edocht ch\u00e9anna sin a taobh fh\u00e9in de chuile sc\u00e9al, a chur in\u00e1r l\u00e1thair.\u201d<\/span><\/p><h1 style=\"text-align:center;margin-top:0pt;padding-top:0;margin-bottom:0pt;padding-bottom:0;line-height:2.4;font-weight:bold;font-size:18pt\">A Terrorist ?<\/h1><p style=\"text-align:justify;margin-top:0pt;padding-top:0;margin-bottom:0pt;padding-bottom:0;line-height:2.4\"><span style=\"font-size:14pt\">\u201cAn raibh t\u00fa ag \u00e9isteacht leis an gcl\u00e1r, ar na mallaibh, inar cuireadh \u00cdosa Cr\u00edost fh\u00e9in i gcompar\u00e1id le sceimhlitheoir, agus a fhios ag chuile dhuine n\u00e1r dhuine d\u00e1 leith\u00e9id \u00e9. An raibh \u00e9inne eile ansin, ar an gcl\u00e1r, leis an dtaobh eile den sc\u00e9al a chur in\u00e1r l\u00e1thair? B\u00ed cinnte nach raibh. N\u00ed raibh srian ar bith ar an l\u00e1ithreoir c\u00e9anna sin, ach l\u00e1nchead aige, a rogha rud a r\u00e1 faoi, rud a chuirfeadh m\u00ed-sh\u00e1samh, agus fearg, fi\u00fa, ar Chr\u00edostaithe. N\u00edor ch\u00f3ir dealbhbhriseadh d\u00e1 leith\u00e9id <\/span><span style=\"font-size:14pt\">a chead\u00fa ar chl\u00e1r ar bith, n\u00f3 t\u00e1 eisteoir\u00ed amuigh ansin,  a bhfuil a gcro\u00ed s\u00e1ite san Eaglais ch\u00e9anna sin.<\/span><\/p><p style=\"text-align:justify;margin-top:0pt;padding-top:0;margin-bottom:0pt;padding-bottom:0;line-height:2.4\"><span style=\"font-size:14pt\"> Ach, an bhfeiceann t\u00fa an clog? T\u00e1 s\u00e9 thar am agamsa bheith ag bogadh. Mar\u00f3idh Naip\u00ed m\u00e9! Sl\u00e1n go f\u00f3ill.\u201d   <\/span><\/p><p style=\"text-align:justify;margin-top:0pt;padding-top:0;margin-bottom:0pt;padding-bottom:0;line-height:2.4\"><span style=\"font-size:14pt\">Chuir m\u00e9 fh\u00e9in mo bheannacht leis, go dt\u00ed an ch\u00e9ad bhabhta eile. Agus mar a fheiceann t\u00fa, b\u00edonn a chiall fh\u00e9in ag S\u00e9im\u00ed s\u2019againne.<\/span><\/p><p style=\"text-align:justify;margin-top:0pt;padding-top:0;margin-bottom:0pt;padding-bottom:0;line-height:2.4\"><span style=\"font-size:14pt\">( * cailleach = snug )<\/span><\/p>","protected":false},"excerpt":{"rendered":"<p>I mB\u00e9al an Phobail Peadar Bair\u00e9ad. \u201cS\u00e9im\u00ed\u201d ar an Warpath! Th\u00edos sa Smugairle R\u00f3in isea bh\u00edomar, m\u00e9 fh\u00e9in agus S\u00e9im\u00ed a\u2019 Droichid, an o\u00edche faoi dheireadh. Istigh i gcailleach* dheas, teola\u00ed, a bh\u00edomar, agus muid ag iarraidh c\u00fal a chur ar an tart diabhalta a bh\u00ed d\u00e1r gcr\u00e1, an o\u00edche ch\u00e9anna sin. Bh\u00ed cl\u00e1r \u00e1 [&hellip;]<\/p>\n","protected":false},"author":2,"featured_media":13435,"comment_status":"open","ping_status":"open","sticky":false,"template":"","format":"standard","meta":{"nf_dc_page":"","_et_pb_use_builder":"","_et_pb_old_content":"","_et_gb_content_width":"","footnotes":""},"categories":[1],"tags":[],"class_list":["post-12679","post","type-post","status-publish","format-standard","has-post-thumbnail","hentry","category-gan-chatagoir"],"_links":{"self":[{"href":"https:\/\/mickgb.com\/ga\/wp-json\/wp\/v2\/posts\/12679","targetHints":{"allow":["GET"]}}],"collection":[{"href":"https:\/\/mickgb.com\/ga\/wp-json\/wp\/v2\/posts"}],"about":[{"href":"https:\/\/mickgb.com\/ga\/wp-json\/wp\/v2\/types\/post"}],"author":[{"embeddable":true,"href":"https:\/\/mickgb.com\/ga\/wp-json\/wp\/v2\/users\/2"}],"replies":[{"embeddable":true,"href":"https:\/\/mickgb.com\/ga\/wp-json\/wp\/v2\/comments?post=12679"}],"version-history":[{"count":1,"href":"https:\/\/mickgb.com\/ga\/wp-json\/wp\/v2\/posts\/12679\/revisions"}],"predecessor-version":[{"id":12680,"href":"https:\/\/mickgb.com\/ga\/wp-json\/wp\/v2\/posts\/12679\/revisions\/12680"}],"wp:featuredmedia":[{"embeddable":true,"href":"https:\/\/mickgb.com\/ga\/wp-json\/wp\/v2\/media\/13435"}],"wp:attachment":[{"href":"https:\/\/mickgb.com\/ga\/wp-json\/wp\/v2\/media?parent=12679"}],"wp:term":[{"taxonomy":"category","embeddable":true,"href":"https:\/\/mickgb.com\/ga\/wp-json\/wp\/v2\/categories?post=12679"},{"taxonomy":"post_tag","embeddable":true,"href":"https:\/\/mickgb.com\/ga\/wp-json\/wp\/v2\/tags?post=12679"}],"curies":[{"name":"wp","href":"https:\/\/api.w.org\/{rel}","templated":true}]}}