{"id":12689,"date":"2017-04-04T11:00:00","date_gmt":"2017-04-04T11:00:00","guid":{"rendered":"https:\/\/mickgb.com\/?p=12689"},"modified":"2024-04-08T01:27:35","modified_gmt":"2024-04-08T01:27:35","slug":"i-mbeal-an-phobail-olltoghchan-a-haon-dheag","status":"publish","type":"post","link":"https:\/\/mickgb.com\/ga\/i-mbeal-an-phobail-olltoghchan-a-haon-dheag\/","title":{"rendered":"I  mB\u00e9al  an  Phobail Olltoghchan a hAon Dheag"},"content":{"rendered":"<p style=\"text-align:center;margin-top:0pt;padding-top:0;margin-bottom:0pt;padding-bottom:0;line-height:2.4;font-weight:bold;font-size:24pt\">I  mB\u00e9al  an  Phobail<\/p><p style=\"margin-top:0pt;padding-top:0;margin-bottom:0pt;padding-bottom:0;line-height:2.4;font-size:14pt\">Peadar Bair\u00e9ad<span style=\"font-size:16pt\"><em> <\/em><\/span><\/p><p style=\"margin-top:0pt;padding-top:0;margin-bottom:0pt;padding-bottom:0;line-height:2.4;font-size:14pt\"><span style=\"height:1em\"><span>.<\/span><\/span><\/p><p style=\"margin-top:0pt;padding-top:0;margin-bottom:0pt;padding-bottom:0;line-height:2.4;font-size:14pt\"><strong><span style=\"font-size:16pt\">&#8230;An Dara L\u00e1 dFheabhra 2011&#8230;<\/span><\/strong><\/p><h1 style=\"text-align:justify;margin-top:0pt;padding-top:0;margin-bottom:0pt;padding-bottom:0;line-height:2.4;font-weight:bold;font-size:18pt\"><span style=\"font-size:16pt\"><em> (Agus an p\u00edosa seo \u00e1 scr\u00edobh agam, t\u00e1 an tOlltoghch\u00e1<\/em><\/span><span style=\"font-size:16pt\"><em>n thart, agus cainteanna ar Chomhrialtas san aer,. Nuair a l\u00e9ifidh tusa an p\u00edosa seo, beidh Rialtas nua againn leis an dt\u00edr seo a rial\u00fa go ceann roinnt blianta eile.) <\/em><\/span><\/h1><h1 style=\"text-align:center;margin-top:0pt;padding-top:0;margin-bottom:0pt;padding-bottom:0;line-height:2.4;font-weight:bold;font-size:18pt\"><em> <\/em>Election  2011<\/h1><p style=\"text-align:justify;margin-top:0pt;padding-top:0;margin-bottom:0pt;padding-bottom:0;line-height:2.4\"><span style=\"font-size:14pt\">B\u2019fhada an t-olltoghch\u00e1n c\u00e9anna sin \u00e1 thuar ag an bhFreas\u00fara, agus ag roinnt \u00e1irithe de lucht na me\u00e1n, gan tr\u00e1cht in aon chor ar \u00e9ileamh a bh\u00ed coitianta go maith i measc an phobail v\u00f3t\u00e1la freisin, ach th\u00e1inig s\u00e9 aniar aduaidh orainn uilig, i ndeireadh na d\u00e1la. Ba \u00e9 c\u00fais a bh\u00ed leis an gcinneadh sin n\u00f3 gur tuigeadh don gComhaontas Glas, go raibh an t-am tagtha d\u00f3ibhsean, \u00e9ir\u00ed as a dtaca\u00edocht a thabhairt feasta don gComhrialtas eatarthu fh\u00e9in agus lucht Fhianna F\u00e1il, agus tar \u00e9is c\u00farsa\u00ed Rialtais<\/span><span style=\"font-size:14pt\">, agus c\u00farsa\u00ed reachta\u00edochta a choimhl\u00edonadh, ar deireadh thiar thall, chuireadar ainm ar an l\u00e1. Ba \u00e9 an c\u00faigi\u00fa l\u00e1 fichead d\u2019Fheabhra an l\u00e1 sprioc\u00e1ilte, agus caithfidh go raibh v\u00f3t\u00f3ir\u00ed \u00e1irithe ar a gcois go bre\u00e1 luath an mhaidin ch\u00e9anna sin, n\u00f3 cuireadh t\u00fas leis an v\u00f3t\u00e1il ar a seacht a chlog an <\/span><span style=\"font-size:14pt\">mhaidin sin, agus n\u00edor d\u00fanadh na Bothanna V\u00f3t\u00e1la go dt\u00ed a deich a chlog an o\u00edche sin. Tugadh l\u00e1 bre\u00e1 fada don lucht v\u00f3t\u00e1la lena ndualgas s\u00f3isialta, agus polait\u00edochta, a choimhl\u00edonadh, agus c\u00e9 nach raibh an aimsir thar<\/span><span style=\"font-size:14pt\"> mholadh beirte, ag an am gc\u00e9anna, d\u2019fh\u00e9adfadh s\u00e9 bheith i bhfad n\u00edos measa, agus ba \u00e9  deireadh an sc\u00e9il \u00e9, n\u00f3 go ndeachaigh breis is seacht\u00f3 faoin gc\u00e9ad de v\u00f3t\u00f3ir\u00ed na t\u00edre seo amach lena nguthanna a chaitheamh sular d\u00fanadh na Bothanna c\u00e9anna, thart ar a deich a chlog an oiche sin.<\/span><\/p><h1 style=\"text-align:center;margin-top:0pt;padding-top:0;margin-bottom:0pt;padding-bottom:0;line-height:2.4;font-weight:bold;font-size:18pt\">Let the count begin!<\/h1><p style=\"text-align:justify;margin-top:0pt;padding-top:0;margin-bottom:0pt;padding-bottom:0;line-height:2.4\"><span style=\"font-size:14pt\">Coime\u00e1dadh bosca\u00ed na v\u00f3ta\u00ed in \u00e1it s\u00e1bh\u00e1ilte an o\u00edche sin agus bh\u00ed an fhoireann chomhairimh r\u00e9idh chun oibre, ag a naoi, maidin Sathairn, an s\u00e9\u00fa l\u00e1 fichead de Mh\u00ed Feabhra na bliana seo. Ba ghearr go raibh le tuiscint, go mbeadh toradh an-neamhghn\u00e1ch ar \u00e1r nOlltoghch\u00e1n, agus de r\u00e9ir mar chuaigh caitheamh sa chomhaireamh, ba ghearr go raibh s\u00e9 ag \u00e9ir\u00ed n\u00edos soil\u00e9ire, agus n\u00edos soil\u00e9ire f\u00f3s, go raibh d\u00edoltas \u00e1 bhaint amach, agus go raibh sc\u00f3ranna \u00e1 n-ioc, agus chomh maith le sin, go raibh craobhacha \u00e1 mbronnadh<\/span><span style=\"font-size:14pt\">, ag pobal v\u00f3t\u00f3ir\u00ed na t\u00edre seo. Bhi fhios ag madra\u00ed an bhaile fh\u00e9in, go raibh muid ar cheann de na t\u00edortha ab fhearr as, ar domhan, nuair a bh\u00ed an T\u00edogar Ceilteach ag lonn\u00fa in\u00e1r measc, agus tar \u00e9is roinnt \u00e1irithe blianta ina dhiaidh sin, b\u2019fhacthas don saol m\u00f3r go raibh muid imithe s\u00edos go t\u00f3in pholl t\u00ed liab\u00e1in. Tamall ina dhiaidh sin, th\u00e1inig an IBM. agus an ECB. chugainn, le hualach asail d\u2019airgead, le greim a choinne\u00e1il faoin bhfiacal againn, agus le cabhair a thabhairt d\u00fainn cuid d\u00e1r bhfiacha a ghlanadh<\/span><span style=\"font-size:14pt\">. <\/span><\/p><p style=\"text-align:center;margin-top:0pt;padding-top:0;margin-bottom:0pt;padding-bottom:0;line-height:2.4\"><strong><span style=\"font-size:18pt\">In the long grass !<\/span><\/strong><\/p><p style=\"text-align:justify;margin-top:0pt;padding-top:0;margin-bottom:0pt;padding-bottom:0;line-height:2.4\"><span style=\"font-size:14pt\">Bhuel, n\u00ed<\/span><span style=\"font-size:14pt\"> raibh pobal br\u00f3d\u00fail na t\u00edre seo s\u00e1sta, n\u00f3 leathsh\u00e1sta fh\u00e9in, leis an gc\u00e9apar c\u00e9anna sin, agus \u00f3 tharla gur leag siad an mille\u00e1n ar an Rialtas, rud a tharla\u00edonn go minic in\u00e1r measc, shocraigh v\u00f3t\u00f3ir\u00ed fanacht go foighdeach, go bhfaigheadh siad an deis chuige, agus ansin, go mbeadh cloch sa mhainchille acu, agus go dtabharfadh siad cor coise do Ph\u00e1irtithe an Rialtais, a bh\u00ed freagrach as an gc\u00e9im s\u00edos sin a tugadh d\u00e1r dt\u00edr, tr\u00edd an gcinneadh sin. Bhuel, t\u00e1 sin uilig le feice\u00e1il ar thoradh an Olltoghch\u00e1in. F\u00e9ac<\/span><span style=\"font-size:14pt\">h go raibh Fianna F\u00e1il agus an Comhaontas Glas p\u00e1irteach sa Chomhrialtas a bh\u00ed i mbun c\u00farsa\u00ed anseo ar feadh thart ar cheithre bliana anois, agus Breathnaigh ar ar tharla d\u00f3ibh san Olltoghch\u00e1n. Bh\u00ed seisear Teachta D\u00e1la ag an gComhaontas Glas sa triochad\u00fa D\u00e1il, agus breathnaigh orthu anois. N\u00edl oiread is Teachta amh\u00e1in acu san Aon\u00fa D\u00e1il triochad! Agus breathnaigh ar Fhianna F\u00e1il! B\u00edodh n\u00e1r scriosadh ar fad iad, ag an am gc\u00e9anna, deineadh iad a ch\u00e1itheadh, agus a scagadh, san Olltoghch\u00e1n deiridh sin, agus \u00f3 bh<\/span><span style=\"font-size:14pt\">eith sa ch\u00e9ad \u00e1it, le cuimhne na ndaoine, f\u00e1gadh go lag traochta sa tr\u00ed\u00fa h\u00e1it iad, agus gan acu anois ach thart ar sc\u00f3r Teachta\u00ed. <\/span><\/p><h1 style=\"text-align:center;margin-top:0pt;padding-top:0;margin-bottom:0pt;padding-bottom:0;line-height:2.4;font-weight:bold;font-size:18pt\">A New Coalition<\/h1><p style=\"text-align:justify;margin-top:0pt;padding-top:0;margin-bottom:0pt;padding-bottom:0;line-height:2.4\"><span style=\"font-size:14pt\">Ar an dtaobh eile den sc\u00e9al, d\u2019\u00e9irigh le Fine Gael, agus le P\u00e1irt\u00ed an Lucht Oibre, an-dul-chun-cinn a dh\u00e9anamh, sa chaoi go bhfuil Fine Gael i dt\u00fas \u00e1ite anois agus go bhfuil an Lucht Oibre sa dara h\u00e1it, agus m\u00e1 thagann an p\u00e9ire acu le ch\u00e9ile i gComhrialtas, chuile sheans go mbeidh ar a gcumas Rialtas cumasach, <\/span><span style=\"font-size:14pt\">l\u00e1idir, c\u00f3ir, a chur ar f\u00e1il do phobal cr\u00e1ite, c\u00e9asta, na t\u00edre seo \u2018gainne. Anois, n\u00e1 ceap go bhfuilimse ag f\u00e1il locht ar ph\u00e1irtithe an Rialtais, a scoradh, thart ar L\u00e1 \u2018le Br\u00edde, n\u00f3 n\u00edlim, mar is \u00e9 mo thuairim, go mba dhaoine mac\u00e1nta, d\u00edograiseacha, iad, agus gur dhein siad a nd\u00edcheall, feidhmi\u00fa ar mhaithe le pobal na t\u00edre seo, agus m\u00e1 bh\u00ed dearmad orthu, anois is ar\u00eds, nach \u00e9 sin d\u00e1n an daonna\u00ed. <\/span><\/p><h1 style=\"text-align:center;margin-top:0pt;padding-top:0;margin-bottom:0pt;padding-bottom:0;line-height:2.4;font-weight:bold;font-size:18pt\">People power<\/h1><p style=\"text-align:justify;margin-top:0pt;padding-top:0;margin-bottom:0pt;padding-bottom:0;line-height:2.4\"><span style=\"font-size:14pt\">T\u00e1 m\u00e9 cinnte go dtuigfidh siad, agus go nglacfaidh siad le, breith an phobail, n\u00f3 i ndeireadh na d\u00e1la, is \u00e9 an pobal c\u00e9anna sin foinse na cumhachta polait\u00edocha uilig, agus d\u00e1 bhr\u00ed sin, is \u00ed a mbreith si\u00fad an bhreith deiridh i roghn\u00fa \u00e1r dTeachta\u00ed D\u00e1la, le linn Olltoghch\u00e1in. Agus mar bhuille scoir, ba ch\u00f3ir dom, fad saoil a ghu\u00ed ar lucht an Rialtais \u00fair, agus ar lucht an Fhreas\u00fara freisin. N\u00e1r laga an R\u00ed fh\u00e9in iad, idir seo agus an ch\u00e9ad Olltoghch\u00e1n eile.                                                      <\/span><span style=\"font-size:14pt\">&nbsp;&nbsp;&nbsp;&nbsp;&nbsp;&nbsp;&nbsp;&nbsp;&nbsp;&nbsp;&nbsp;&nbsp;&nbsp;&nbsp;&nbsp;&nbsp;&nbsp;&nbsp;&nbsp;&nbsp;&nbsp;&nbsp;&nbsp;&nbsp;&nbsp;&nbsp;&nbsp;&nbsp;&nbsp;&nbsp;&nbsp;&nbsp;&nbsp;&nbsp;&nbsp;&nbsp;&nbsp;&nbsp;&nbsp;&nbsp;&nbsp;&nbsp;&nbsp;&nbsp;&nbsp;&nbsp;&nbsp;&nbsp;&nbsp;&nbsp;&nbsp;&nbsp;&nbsp;&nbsp;&nbsp;&nbsp;&nbsp;&nbsp;&nbsp;&nbsp;&nbsp;&nbsp;&nbsp;&nbsp;&nbsp;&nbsp;&nbsp;&nbsp;&nbsp;&nbsp;&nbsp;&nbsp;&nbsp;&nbsp;&nbsp;&nbsp;&nbsp;&nbsp;&nbsp;&nbsp;&nbsp;&nbsp;&nbsp;&nbsp;&nbsp;&nbsp;&nbsp;&nbsp;&nbsp;&nbsp;&nbsp;&nbsp;&nbsp;&nbsp;&nbsp;&nbsp;&nbsp;&nbsp;&nbsp;&nbsp;&nbsp;&nbsp;&nbsp;&nbsp;&nbsp;&nbsp;&nbsp;&nbsp;&nbsp;&nbsp;&nbsp;&nbsp;&nbsp;&nbsp;&nbsp;&nbsp;&nbsp;&nbsp;&nbsp;&nbsp;&nbsp;&nbsp;&nbsp;&nbsp;&nbsp;&nbsp;&nbsp;&nbsp;&nbsp;&nbsp;&nbsp;&nbsp;&nbsp;&nbsp;&nbsp;&nbsp;&nbsp;&nbsp;&nbsp;&nbsp;&nbsp;&nbsp;&nbsp;&nbsp;&nbsp;&nbsp;&nbsp;&nbsp;&nbsp;&nbsp;&nbsp;&nbsp;&nbsp;&nbsp;&nbsp;&nbsp;&nbsp;&nbsp;&nbsp;&nbsp;&nbsp;&nbsp;&nbsp;&nbsp;&nbsp;&nbsp;&nbsp;&nbsp;&nbsp;&nbsp;&nbsp;&nbsp;&nbsp;&nbsp;&nbsp;&nbsp;&nbsp;&nbsp;&nbsp;&nbsp;&nbsp;&nbsp;&nbsp;&nbsp;&nbsp;&nbsp;&nbsp;&nbsp;&nbsp;&nbsp;&nbsp;&nbsp;&nbsp;&nbsp;&nbsp;&nbsp;&nbsp;&nbsp;&nbsp;&nbsp;&nbsp;&nbsp;&nbsp;&nbsp;&nbsp;&nbsp;&nbsp;&nbsp;&nbsp;&nbsp;&nbsp;&nbsp;&nbsp;&nbsp;&nbsp;&nbsp;&nbsp;&nbsp;&nbsp;&nbsp;&nbsp;&nbsp;&nbsp;&nbsp;&nbsp;&nbsp;&nbsp;&nbsp;&nbsp;&nbsp;&nbsp;&nbsp;&nbsp;&nbsp;&nbsp;&nbsp;&nbsp;&nbsp;&nbsp;&nbsp;&nbsp;&nbsp;&nbsp;&nbsp;&nbsp;&nbsp;&nbsp;&nbsp;&nbsp;&nbsp;&nbsp;&nbsp;&nbsp;&nbsp;&nbsp;&nbsp;&nbsp;&nbsp;&nbsp;&nbsp;&nbsp;&nbsp;&nbsp;&nbsp;&nbsp;&nbsp;&nbsp;&nbsp;&nbsp;&nbsp;&nbsp;&nbsp;&nbsp;&nbsp;&nbsp;&nbsp;&nbsp;&nbsp;&nbsp;&nbsp;&nbsp;&nbsp;&nbsp;&nbsp;&nbsp;&nbsp;&nbsp;&nbsp;&nbsp;&nbsp;&nbsp;&nbsp;&nbsp;&nbsp;&nbsp;&nbsp;&nbsp;&nbsp;&nbsp;&nbsp;&nbsp;&nbsp;&nbsp;&nbsp;&nbsp;&nbsp;&nbsp;&nbsp;&nbsp;&nbsp;&nbsp;&nbsp;&nbsp;&nbsp;&nbsp;&nbsp;&nbsp;&nbsp;&nbsp;&nbsp;&nbsp;&nbsp;&nbsp;&nbsp;&nbsp;&nbsp;&nbsp;&nbsp;&nbsp;&nbsp;&nbsp;&nbsp;&nbsp;&nbsp;&nbsp;&nbsp;&nbsp;&nbsp;&nbsp;&nbsp;&nbsp;&nbsp;&nbsp;&nbsp;&nbsp;&nbsp;&nbsp;&nbsp;&nbsp;&nbsp;&nbsp;&nbsp;&nbsp;&nbsp;&nbsp;&nbsp;&nbsp;&nbsp;&nbsp;&nbsp;&nbsp;&nbsp;&nbsp;&nbsp;&nbsp;&nbsp;&nbsp;&nbsp;&nbsp;&nbsp;&nbsp;&nbsp;&nbsp;&nbsp;&nbsp;&nbsp;&nbsp;&nbsp;&nbsp;&nbsp;&nbsp;&nbsp;&nbsp;&nbsp;&nbsp;&nbsp;&nbsp;&nbsp;&nbsp;&nbsp;&nbsp;&nbsp;&nbsp;&nbsp;&nbsp;&nbsp;&nbsp;&nbsp;&nbsp;&nbsp;&nbsp;&nbsp;&nbsp;&nbsp;&nbsp;&nbsp;&nbsp;&nbsp;&nbsp;&nbsp;&nbsp;&nbsp;&nbsp;&nbsp;&nbsp;&nbsp;&nbsp;&nbsp;&nbsp;&nbsp;&nbsp;&nbsp;&nbsp;&nbsp;&nbsp;&nbsp;&nbsp;&nbsp;&nbsp;&nbsp;&nbsp;&nbsp;&nbsp;&nbsp;&nbsp;&nbsp;&nbsp;&nbsp;&nbsp;&nbsp;&nbsp;&nbsp;&nbsp;&nbsp;&nbsp;&nbsp;&nbsp;&nbsp;&nbsp;&nbsp;&nbsp;&nbsp;&nbsp;&nbsp;&nbsp;&nbsp;&nbsp;&nbsp;&nbsp;&nbsp;&nbsp;&nbsp;&nbsp;&nbsp;&nbsp;&nbsp;&nbsp;&nbsp;&nbsp;&nbsp;&nbsp;&nbsp;&nbsp;&nbsp;&nbsp;&nbsp;&nbsp;&nbsp;&nbsp;&nbsp;&nbsp;&nbsp;&nbsp;&nbsp;&nbsp;&nbsp;&nbsp;&nbsp;&nbsp;&nbsp;&nbsp;&nbsp;&nbsp;&nbsp;&nbsp;&nbsp;&nbsp;&nbsp;&nbsp;&nbsp;&nbsp;&nbsp;&nbsp;&nbsp;&nbsp;&nbsp;&nbsp;&nbsp;&nbsp;&nbsp;&nbsp;&nbsp;<\/span><span style=\"font-size:14pt\">&nbsp;&nbsp;&nbsp;&nbsp;&nbsp;&nbsp;&nbsp;&nbsp;&nbsp;&nbsp;&nbsp;&nbsp;&nbsp;&nbsp;&nbsp;&nbsp;&nbsp;&nbsp;&nbsp;&nbsp;&nbsp;&nbsp;&nbsp;&nbsp;&nbsp;&nbsp;&nbsp;&nbsp;&nbsp;&nbsp;&nbsp;&nbsp;&nbsp;&nbsp;&nbsp;&nbsp;&nbsp;&nbsp;&nbsp;&nbsp;&nbsp;&nbsp;&nbsp;&nbsp;&nbsp;&nbsp;&nbsp;&nbsp;&nbsp;&nbsp;&nbsp;&nbsp;&nbsp;&nbsp;&nbsp;&nbsp;&nbsp;&nbsp;&nbsp;&nbsp;&nbsp;&nbsp;&nbsp;&nbsp;&nbsp;&nbsp;&nbsp;&nbsp;&nbsp;&nbsp;&nbsp;&nbsp;&nbsp;&nbsp;&nbsp;&nbsp;&nbsp;&nbsp;&nbsp;&nbsp;&nbsp;&nbsp;&nbsp;&nbsp;&nbsp;&nbsp;&nbsp;&nbsp;&nbsp;&nbsp;&nbsp;&nbsp;&nbsp;&nbsp;&nbsp;&nbsp;&nbsp;&nbsp;&nbsp;&nbsp;&nbsp;&nbsp;&nbsp;&nbsp;&nbsp;&nbsp;&nbsp;&nbsp;&nbsp;&nbsp;&nbsp;&nbsp;&nbsp;&nbsp;&nbsp;&nbsp;&nbsp;&nbsp;&nbsp;&nbsp;&nbsp;&nbsp;&nbsp;&nbsp;&nbsp;&nbsp;&nbsp;&nbsp;&nbsp;&nbsp;&nbsp;&nbsp;&nbsp;&nbsp;&nbsp;&nbsp;&nbsp;&nbsp;&nbsp;&nbsp;&nbsp;&nbsp;&nbsp;&nbsp;&nbsp;&nbsp;&nbsp;&nbsp;&nbsp;&nbsp;&nbsp;&nbsp;&nbsp;&nbsp;&nbsp;&nbsp;&nbsp;&nbsp;&nbsp;&nbsp;&nbsp;&nbsp;&nbsp;&nbsp;&nbsp;&nbsp;&nbsp;&nbsp;&nbsp;&nbsp;&nbsp;&nbsp;&nbsp;&nbsp;&nbsp;&nbsp;&nbsp;&nbsp;&nbsp;&nbsp;&nbsp;&nbsp;&nbsp;&nbsp;&nbsp;&nbsp;&nbsp;&nbsp;&nbsp;&nbsp;&nbsp;&nbsp;&nbsp;&nbsp;&nbsp;&nbsp;&nbsp;&nbsp;&nbsp;&nbsp;&nbsp;&nbsp;&nbsp;&nbsp;&nbsp;&nbsp;&nbsp;&nbsp;&nbsp;&nbsp;&nbsp;&nbsp;&nbsp;&nbsp;&nbsp;&nbsp;&nbsp;&nbsp;&nbsp;&nbsp;&nbsp;&nbsp;&nbsp;&nbsp;&nbsp;&nbsp;&nbsp;&nbsp;&nbsp;&nbsp;&nbsp;&nbsp;&nbsp;&nbsp;&nbsp;&nbsp;&nbsp;&nbsp;&nbsp;&nbsp;&nbsp;&nbsp;&nbsp;&nbsp;&nbsp;&nbsp;&nbsp;&nbsp;&nbsp;&nbsp;&nbsp;&nbsp;&nbsp;&nbsp;&nbsp;&nbsp;&nbsp;&nbsp;&nbsp;&nbsp;&nbsp;&nbsp;&nbsp;&nbsp;&nbsp;&nbsp;&nbsp;&nbsp;&nbsp;&nbsp;&nbsp;&nbsp;&nbsp;&nbsp;&nbsp;&nbsp;&nbsp;&nbsp;&nbsp;&nbsp;&nbsp;&nbsp;&nbsp;&nbsp;&nbsp;&nbsp;&nbsp;&nbsp;&nbsp;&nbsp;&nbsp;&nbsp;&nbsp;&nbsp;&nbsp;&nbsp;&nbsp;&nbsp;&nbsp;&nbsp;&nbsp;&nbsp;&nbsp;&nbsp;&nbsp;&nbsp;&nbsp;&nbsp;&nbsp;&nbsp;&nbsp;&nbsp;&nbsp;&nbsp;&nbsp;&nbsp;&nbsp;&nbsp;&nbsp;&nbsp;&nbsp;&nbsp;&nbsp;&nbsp;&nbsp;&nbsp;&nbsp;&nbsp;&nbsp;&nbsp;&nbsp;&nbsp;&nbsp;&nbsp;&nbsp;&nbsp;&nbsp;&nbsp;&nbsp;&nbsp;&nbsp;&nbsp;&nbsp;&nbsp;&nbsp;&nbsp;&nbsp;&nbsp;&nbsp;&nbsp;&nbsp;&nbsp;&nbsp;&nbsp;&nbsp;&nbsp;&nbsp;&nbsp;&nbsp;&nbsp;&nbsp;&nbsp;&nbsp;&nbsp;&nbsp;&nbsp;&nbsp;&nbsp;&nbsp;&nbsp;&nbsp;&nbsp;&nbsp;&nbsp;&nbsp;&nbsp;&nbsp;&nbsp;&nbsp;&nbsp;&nbsp;&nbsp;&nbsp;&nbsp;&nbsp;&nbsp;&nbsp;&nbsp;&nbsp;&nbsp;&nbsp;&nbsp;&nbsp;&nbsp;&nbsp;&nbsp;&nbsp;&nbsp;&nbsp;&nbsp;&nbsp;&nbsp;&nbsp;&nbsp;&nbsp;&nbsp;&nbsp;&nbsp;&nbsp;&nbsp;&nbsp;&nbsp;&nbsp;&nbsp;&nbsp;&nbsp;&nbsp;&nbsp;&nbsp;&nbsp;&nbsp;&nbsp;&nbsp;&nbsp;&nbsp;&nbsp;&nbsp;&nbsp;&nbsp;&nbsp;&nbsp;&nbsp;&nbsp;&nbsp;&nbsp;&nbsp;&nbsp;&nbsp;&nbsp;&nbsp;&nbsp;&nbsp;&nbsp;&nbsp;&nbsp;&nbsp;&nbsp;&nbsp;&nbsp;&nbsp;&nbsp;&nbsp;&nbsp;&nbsp;&nbsp;&nbsp;&nbsp;&nbsp;&nbsp;&nbsp;&nbsp;&nbsp;&nbsp;&nbsp;&nbsp;&nbsp;&nbsp;&nbsp;&nbsp;&nbsp;&nbsp;&nbsp;&nbsp;&nbsp;&nbsp;&nbsp;&nbsp;&nbsp;&nbsp;&nbsp;&nbsp;&nbsp;&nbsp;&nbsp;&nbsp;&nbsp;&nbsp;&nbsp;&nbsp;&nbsp;&nbsp;&nbsp;&nbsp;&nbsp;&nbsp;&nbsp;&nbsp;&nbsp;&nbsp;&nbsp;&nbsp;&nbsp;<\/span><\/p>","protected":false},"excerpt":{"rendered":"<p>I mB\u00e9al an Phobail Peadar Bair\u00e9ad . &#8230;An Dara L\u00e1 dFheabhra 2011&#8230; (Agus an p\u00edosa seo \u00e1 scr\u00edobh agam, t\u00e1 an tOlltoghch\u00e1n thart, agus cainteanna ar Chomhrialtas san aer,. Nuair a l\u00e9ifidh tusa an p\u00edosa seo, beidh Rialtas nua againn leis an dt\u00edr seo a rial\u00fa go ceann roinnt blianta eile.) Election 2011 B\u2019fhada an [&hellip;]<\/p>\n","protected":false},"author":2,"featured_media":13435,"comment_status":"open","ping_status":"open","sticky":false,"template":"","format":"standard","meta":{"nf_dc_page":"","_et_pb_use_builder":"","_et_pb_old_content":"","_et_gb_content_width":"","footnotes":""},"categories":[1],"tags":[],"class_list":["post-12689","post","type-post","status-publish","format-standard","has-post-thumbnail","hentry","category-gan-chatagoir"],"_links":{"self":[{"href":"https:\/\/mickgb.com\/ga\/wp-json\/wp\/v2\/posts\/12689","targetHints":{"allow":["GET"]}}],"collection":[{"href":"https:\/\/mickgb.com\/ga\/wp-json\/wp\/v2\/posts"}],"about":[{"href":"https:\/\/mickgb.com\/ga\/wp-json\/wp\/v2\/types\/post"}],"author":[{"embeddable":true,"href":"https:\/\/mickgb.com\/ga\/wp-json\/wp\/v2\/users\/2"}],"replies":[{"embeddable":true,"href":"https:\/\/mickgb.com\/ga\/wp-json\/wp\/v2\/comments?post=12689"}],"version-history":[{"count":1,"href":"https:\/\/mickgb.com\/ga\/wp-json\/wp\/v2\/posts\/12689\/revisions"}],"predecessor-version":[{"id":12690,"href":"https:\/\/mickgb.com\/ga\/wp-json\/wp\/v2\/posts\/12689\/revisions\/12690"}],"wp:featuredmedia":[{"embeddable":true,"href":"https:\/\/mickgb.com\/ga\/wp-json\/wp\/v2\/media\/13435"}],"wp:attachment":[{"href":"https:\/\/mickgb.com\/ga\/wp-json\/wp\/v2\/media?parent=12689"}],"wp:term":[{"taxonomy":"category","embeddable":true,"href":"https:\/\/mickgb.com\/ga\/wp-json\/wp\/v2\/categories?post=12689"},{"taxonomy":"post_tag","embeddable":true,"href":"https:\/\/mickgb.com\/ga\/wp-json\/wp\/v2\/tags?post=12689"}],"curies":[{"name":"wp","href":"https:\/\/api.w.org\/{rel}","templated":true}]}}