{"id":12697,"date":"2017-04-04T11:00:00","date_gmt":"2017-04-04T11:00:00","guid":{"rendered":"https:\/\/mickgb.com\/?p=12697"},"modified":"2024-04-08T01:27:26","modified_gmt":"2024-04-08T01:27:26","slug":"i-mbeal-an-phobail-roads","status":"publish","type":"post","link":"https:\/\/mickgb.com\/ga\/i-mbeal-an-phobail-roads\/","title":{"rendered":"I  mBeal  an  Phobail Roads."},"content":{"rendered":"<h1 style=\"text-align:center;margin-top:0pt;padding-top:0;margin-bottom:0pt;padding-bottom:0;line-height:2.4;font-weight:bold;font-size:18pt\"><span style=\"font-size:24pt\">B\u00f3ithre na Banban<\/span><\/h1><p style=\"text-align:center;margin-top:0pt;padding-top:0;margin-bottom:0pt;padding-bottom:0;line-height:2.4;font-size:14pt\"><span style=\"height:1em\"><span>.<\/span><\/span><\/p><p style=\"text-align:center;margin-top:0pt;padding-top:0;margin-bottom:0pt;padding-bottom:0;line-height:2.4;font-size:14pt\"><strong><span style=\"font-size:18pt\">B\u00f3ithre Clochacha<\/span><\/strong><\/p><p style=\"text-align:justify;margin-top:0pt;padding-top:0;margin-bottom:0pt;padding-bottom:0;line-height:2.4;font-size:14pt\">Agus c\u00f3ras b\u00f3ithre na t\u00edre seo idir cham\u00e1in agam, n\u00ed f\u00e9idir liom, i dtosach b\u00e1ire, gan s\u00fail a chaitheamh siar ar an gcine\u00e1l b\u00f3ithre a bh\u00ed againne thiar, agus mise ag f\u00e1s an\u00edos in Iorras na nIontas fad\u00f3. M\u00f3r idir na b\u00f3ithre sin agus na b\u00f3ithre at\u00e1 againn sa l\u00e1 at\u00e1 inniu ann. N\u00e1r bhaist an file \u2018na b\u00f3ithre fada b\u00e1na\u2019 orthu, agus b\u2019in a bh\u00ed iontu an t-am sin, n\u00f3 n\u00ed raibh deoir fh\u00e9in tarra spr\u00e9ite ar an mb\u00f3thar m\u00f3r idir Bh\u00e9al an Mhuirthead agus an F\u00f3d Dubh, an tr\u00e1th \u00fad. Sea, b\u00f3thar b\u00e1n a bh\u00ed ann, gan aon ag\u00f3, agus ansin, nuair a bh\u00ed mise thart ar dh\u00e1 bhliain d\u00e9ag d\u2019aois, socra\u00edodh ar an mb\u00f3thar sin a tharr\u00e1il. Ba mh\u00f3r an gar d\u00e1r gcosa nochta \u00e9 an socr\u00fa c\u00e9anna sin, n\u00f3 bh\u00ed an tarra go deas, bog, comp\u00f3rdach, teola\u00ed, f\u00fainn, i gcompar\u00e1id leis na clocha duirlinge agus an gairbh\u00e9al, a bh\u00edodh coitianta leata air, roimhe sin.<\/p><p style=\"text-align:justify;margin-top:0pt;padding-top:0;margin-bottom:0pt;padding-bottom:0;line-height:2.4\"><span style=\"font-size:14pt\">De r\u00e9ir a ch\u00e9ile ansin, leanadh leis an bhfeabhs\u00fa. Deineadh taobh an bh\u00f3thair sin a thaoscadh, tr\u00ed dh\u00edogacha agus ceiseanna a dh\u00e9anamh, n\u00f3 a fheabhs\u00fa, fan an bh\u00f3thair sin, agus mar chloch phr\u00e9ach\u00e1in ar an ioml\u00e1n, dheineadar l\u00edne b\u00e1n a ph\u00e9inte\u00e1il suas s\u00edos l\u00e1r an bh\u00f3thair, l\u00edne a deineadh<\/span><span style=\"font-size:14pt\"> a mhaisi\u00fa le s\u00faile chait a fheisti\u00fa inti, anseo is ansi\u00fad. Ach n\u00ed b\u00f3ithre Iorrais at\u00e1 i gceist agam, i nd\u00e1ir\u00edre, <\/span><span style=\"font-size:14pt\">an tseachtain seo, ach B\u00f3ithre na Banban, fr\u00ed ch\u00e9ile, agus an bhail at\u00e1 orthu, i l\u00e1thair na huaire seo.<\/span><\/p><h1 style=\"text-align:center;margin-top:0pt;padding-top:0;margin-bottom:0pt;padding-bottom:0;line-height:2.4;font-weight:bold;font-size:18pt\">Timpeall\u00e1in Bheaga !<\/h1><p style=\"text-align:justify;margin-top:0pt;padding-top:0;margin-bottom:0pt;padding-bottom:0;line-height:2.4\"><span style=\"font-size:14pt\">Scr\u00edobh m\u00e9 cheana faoi na timpeall\u00e1in bheaga, a d\u2019fh\u00e1s fan \u00e1r mb\u00f3ithre, faoi mar ba fh\u00e1s aon o\u00edche iad.  Is d\u00f3cha gur f\u00e9idir a r\u00e1 f\u00fathu, go nd\u00e9anann siad c\u00fais, agus ar an m\u00f3rg\u00f3ir, go n-\u00e9ir\u00edonn leo smacht eic\u00ednt a choinne\u00e1il ar thr\u00e1cht buile \u00e1r mb\u00f3ithre. Ach n\u00e1r mh\u00f3r an chabhair \u00e9 don ghluaiste\u00e1na\u00ed, d\u00e1 dt\u00f3gfa\u00ed col\u00fan sofheicthe, i l\u00e1r an timpeall\u00e1in\u00edn, sa chaoi go bhf\u00e9adfa\u00ed \u00e9 a fheice\u00e1l go soil\u00e9ir, p\u00edosa \u00f3 bhaile, mar ad\u00e9arf\u00e1. Agus n\u00e1r ch\u00f3ir an b\u00f3thar a leathn\u00fa roinnt, timpeall an timpeall\u00e1in\u00edn, sa chaoi go <\/span><span style=\"font-size:14pt\">mbeadh iachall ar an dtiom\u00e1na\u00ed, tiom\u00e1int timpeall an chol\u00fain ch\u00e9anna sin.<\/span><\/p><p style=\"text-align:justify;margin-top:0pt;padding-top:0;margin-bottom:0pt;padding-bottom:0;line-height:2.4\"><span style=\"font-size:14pt\">Sea,  agus c\u00e9ard faoi na constaic\u00ed \u00fad, na rampa\u00ed, a chuireann \u00e1r n-Udar\u00e1is \u00c1iti\u00fala trasna \u00e1r mb\u00f3ithre, agus \u00e9 mar aidhm acu, srian a chur ar luas na dtiom\u00e1naithe, a thiom\u00e1ineann timpeall, faoi mar ba ch\u00farsa\u00ed r\u00e1sa\u00edochta iad. Ar\u00eds, n\u00ed g\u00e1 a r\u00e1, nach dtaitnionn na rampa\u00ed c\u00e9anna sin liom, n\u00f3 mura mbeadh duine san airdeall, is beag nach gcuirfeadh na rampa\u00ed c\u00e9anna sin an tiom\u00e1na\u00ed bocht, ar mhullach a chinn, tr\u00ed dh\u00edon a chairr amach. Ach ar\u00ed<\/span><span style=\"font-size:14pt\">s, \u00e9ir\u00edonn leo srian a chur len\u00e1r dtiom\u00e1naithe buile, tr\u00edna  gcoinne\u00e1il faoi smacht, agus seans a thabhairt don phobal \u00e1iti\u00fail \u00fas\u00e1id chu\u00ed a bhaint as na b\u00f3ithre sin. Ach, mar aguis\u00edn le sin, ba ch\u00f3ir deireadh a chur leis na rampa\u00ed miotail \u00fad a leagtar ar bh\u00f3ithre \u00e1irithe. N\u00edor ch\u00f3ir go nglacfa\u00ed lena leith\u00e9id in aon t\u00edr shibhialta, n\u00f3 t\u00e1 m\u00e9 cinnte, go <\/span><span style=\"font-size:14pt\">nd\u00e9anann siad dochar do chabhail agus d\u2019inneall an chairr. T\u00e1 m\u00e9 ag ceapadh, gur ghearr go mbainfidh gluaiste\u00e1na\u00ed \u00e9igin leas as an dochar sin, le c\u00fais dl\u00ed in a<\/span><span style=\"font-size:14pt\">ghaidh Chomhairle \u00c1iti\u00fail eic\u00ednt a thos\u00fa. Sc\u00e9al eile ar fad \u00e9, nuair a deintear na l\u00e1na\u00ed tr\u00e1chta sin a mharc\u00e1il ar \u00e1r mb\u00f3ithre. Thug m\u00e9 faoi deara, thuas i gContae Chill Dara, ar na mallaibh, go raibh n\u00f3s tosaithe acusan l\u00e1na do rothuithe a mharc\u00e1il ar bh\u00f3ithre a bh\u00ed c\u00fang go leor, cheana f\u00e9in.<\/span><\/p><h1 style=\"text-align:center;margin-top:0pt;padding-top:0;margin-bottom:0pt;padding-bottom:0;line-height:2.4;font-weight:bold;font-size:18pt\">L\u00e1na\u00ed Glasa ?<\/h1><p style=\"text-align:justify;margin-top:0pt;padding-top:0;margin-bottom:0pt;padding-bottom:0;line-height:2.4\"><span style=\"font-size:14pt\">Ach, nach ar na taobhchas\u00e1in a dh\u00e9antar na l\u00e1na\u00ed sin a mharc\u00e1il, i gc\u00f3na\u00ed?<\/span><\/p><p style=\"text-align:justify;margin-top:0pt;padding-top:0;margin-bottom:0pt;padding-bottom:0;line-height:2.4\"><span style=\"font-size:14pt\">N\u00ed hea, muis! ach d\u00e9antar iad a mharc\u00e1il freisin amuigh ar thaobh an bh\u00f3thair fh\u00e9in, agus nuair a bhreathna\u00edonn t\u00fa ar ghluaiste\u00e1n ag tiom\u00e1int leis, os do chomhair amach, feictear duit, nach bhfuil s\u00e1ch sl\u00ed sa l\u00e1na at\u00e1 f\u00e1gtha don tiom\u00e1na\u00ed lena fheithicil a thiom\u00e1int agus a choinne\u00e1il faoi smacht ceart ann. Sea, agus n\u00e1r chuala m\u00e9, \u00e1it eic\u00ednt, go bhfuil Comhairl\u00ed eile ag smaoineamh ar a leith\u00e9id c\u00e9anna a dh\u00e9anamh ina gContae fh\u00e9in. T\u00e1 s\u00fail agam go nd\u00e9anfaidh siad athsmaoineamh ar an \u00e1bhar seo, s\u00e1ra dtabharfa<\/span><span style=\"font-size:14pt\">id\u00eds faoi sc\u00e9im d\u00e1 leith\u00e9id, n\u00f3 bheadh baol ann go gcuirfeadh l\u00e1na d\u00e1 leith\u00e9id go m\u00f3r le l\u00edon na dtimpist\u00ed ar bh\u00f3ithre b\u00e1na na Banban. <\/span><\/p><h1 style=\"text-align:center;margin-top:0pt;padding-top:0;margin-bottom:0pt;padding-bottom:0;line-height:2.4;font-weight:bold;font-size:18pt\">Fuascailt na Faidhbe<\/h1><p style=\"text-align:justify;margin-top:0pt;padding-top:0;margin-bottom:0pt;padding-bottom:0;line-height:2.4\"><span style=\"font-size:14pt\">C\u00e9ard ba ch\u00f3ir a dh\u00e9anamh, mar sin? <\/span><\/p><p style=\"text-align:justify;margin-top:0pt;padding-top:0;margin-bottom:0pt;padding-bottom:0;line-height:2.4\"><span style=\"font-size:14pt\">Tada! Ba ch\u00f3ir an sc\u00e9al a fh\u00e1gail mar at\u00e1, agus dualgas a chur ar chuile dhuine a \u00fas\u00e1ideann \u00e1r mb\u00f3ithre, bheith san airdeall i gc\u00f3na\u00ed<\/span><span style=\"font-size:14pt\">, agus bheith ag faire amach <\/span><span style=\"font-size:14pt\">don duine eile, ar eagla go nd\u00e9anfadh s\u00e9 dochar ar bith d\u00f3. Dhealr\u00f3dh s\u00e9, go bhfuil s\u00e9 n\u00edos cont\u00fairt\u00ed iad a mharc\u00e1il n\u00e1 gan a leith\u00e9id a dh\u00e9anamh in aon chor! Is \u00e9 tuairim Mh\u00e1rtan a\u2019 Tairbh, gurb iad na Glasaigh is c\u00fais le polasa\u00ed d\u00e1 leith\u00e9id, agus d\u00e1r leis-sean, ba ch\u00f3ir \u2018an L\u00e1na Glas\u2019 a bhaisteadh ar L\u00e1na \u00fad na Rothuithe.<\/span><\/p><p style=\"text-align:center;margin-top:0pt;padding-top:0;margin-bottom:0pt;padding-bottom:0;line-height:2.4\"><strong><span style=\"font-size:18pt\">Ba iad Muintir X a ghlan an b\u00f3thar seo\u2026\u2026\u2026<\/span><\/strong><\/p><p style=\"text-align:justify;margin-top:0pt;padding-top:0;margin-bottom:0pt;padding-bottom:0;line-height:2.4\"><span style=\"font-size:14pt\">Is d\u00f3cha gur thug t\u00fa faoi deara, freisin nach mb\u00edonn glaine \u00e1r mb\u00f3ithre thar mholadh beirte, corruair, agus c\u00e9 go nd\u00e9anann an Chomhairle \u00c1iti\u00fail, agus an Bardas, chuile iarracht an \u00e1it a choinne\u00e1il glan, n\u00e9ata, ach gan chabhair an phobail, is sn\u00e1mh in aghaidh easa d\u00f3ibh \u00e9. B\u2019fh\u00e9idir d\u00e1 nd\u00e9anfadh siad mar a dheintear thall sna St\u00e1it, agus deis a thabhairt do Lucht Gn\u00f3 na d\u00faiche, p\u00edosa \u00e1irithe sraide, n\u00f3 b\u00f3thair,  a ghlacadh faoina gcoimirce-sean, agus f\u00f3gra\u00ed a chur in airde, fan na coda sin, ag cur ar a s\u00fai<\/span><span style=\"font-size:14pt\">le don phobal, gurb iadsan at\u00e1 freagrach as an str\u00e1ice sin a choinne\u00e1il glan. D\u2019fh\u00e9adfaid\u00eds sin a \u00fas\u00e1id mar mhodh f\u00f3gra\u00edochta d\u00e1 ngn\u00f3, agus n\u00e1rbh oiri\u00fanach, ciallmhar, agus comharsan\u00fail, an bealach \u00e9 le f\u00f3graiocht a dh\u00e9anamh, agus len\u00e1r mb\u00f3ithre a choinne\u00e1il glan, n\u00e9ata, ag an am gc\u00e9anna?<\/span><\/p><p style=\"text-align:justify;margin-top:0pt;padding-top:0;margin-bottom:0pt;padding-bottom:0;line-height:2.4\"><span style=\"height:1em\"><span>.<\/span><\/span><\/p><p style=\"text-align:center;margin-top:0pt;padding-top:0;margin-bottom:0pt;padding-bottom:0;line-height:2.4\"><span style=\"height:1em\"><span>.<\/span><\/span><\/p><p style=\"text-align:justify;margin-top:0pt;padding-top:0;margin-bottom:0pt;padding-bottom:0;line-height:2.4\"><span style=\"height:1em\"><span>.<\/span><\/span><\/p>","protected":false},"excerpt":{"rendered":"<p>B\u00f3ithre na Banban . B\u00f3ithre Clochacha Agus c\u00f3ras b\u00f3ithre na t\u00edre seo idir cham\u00e1in agam, n\u00ed f\u00e9idir liom, i dtosach b\u00e1ire, gan s\u00fail a chaitheamh siar ar an gcine\u00e1l b\u00f3ithre a bh\u00ed againne thiar, agus mise ag f\u00e1s an\u00edos in Iorras na nIontas fad\u00f3. M\u00f3r idir na b\u00f3ithre sin agus na b\u00f3ithre at\u00e1 againn sa [&hellip;]<\/p>\n","protected":false},"author":2,"featured_media":13435,"comment_status":"open","ping_status":"open","sticky":false,"template":"","format":"standard","meta":{"nf_dc_page":"","_et_pb_use_builder":"","_et_pb_old_content":"","_et_gb_content_width":"","footnotes":""},"categories":[1],"tags":[],"class_list":["post-12697","post","type-post","status-publish","format-standard","has-post-thumbnail","hentry","category-gan-chatagoir"],"_links":{"self":[{"href":"https:\/\/mickgb.com\/ga\/wp-json\/wp\/v2\/posts\/12697","targetHints":{"allow":["GET"]}}],"collection":[{"href":"https:\/\/mickgb.com\/ga\/wp-json\/wp\/v2\/posts"}],"about":[{"href":"https:\/\/mickgb.com\/ga\/wp-json\/wp\/v2\/types\/post"}],"author":[{"embeddable":true,"href":"https:\/\/mickgb.com\/ga\/wp-json\/wp\/v2\/users\/2"}],"replies":[{"embeddable":true,"href":"https:\/\/mickgb.com\/ga\/wp-json\/wp\/v2\/comments?post=12697"}],"version-history":[{"count":1,"href":"https:\/\/mickgb.com\/ga\/wp-json\/wp\/v2\/posts\/12697\/revisions"}],"predecessor-version":[{"id":12698,"href":"https:\/\/mickgb.com\/ga\/wp-json\/wp\/v2\/posts\/12697\/revisions\/12698"}],"wp:featuredmedia":[{"embeddable":true,"href":"https:\/\/mickgb.com\/ga\/wp-json\/wp\/v2\/media\/13435"}],"wp:attachment":[{"href":"https:\/\/mickgb.com\/ga\/wp-json\/wp\/v2\/media?parent=12697"}],"wp:term":[{"taxonomy":"category","embeddable":true,"href":"https:\/\/mickgb.com\/ga\/wp-json\/wp\/v2\/categories?post=12697"},{"taxonomy":"post_tag","embeddable":true,"href":"https:\/\/mickgb.com\/ga\/wp-json\/wp\/v2\/tags?post=12697"}],"curies":[{"name":"wp","href":"https:\/\/api.w.org\/{rel}","templated":true}]}}