{"id":12705,"date":"2017-04-04T11:00:00","date_gmt":"2017-04-04T11:00:00","guid":{"rendered":"https:\/\/mickgb.com\/?p=12705"},"modified":"2024-04-08T01:14:19","modified_gmt":"2024-04-08T01:14:19","slug":"i-mbeal-an-phobail-saol-na-linne-seo","status":"publish","type":"post","link":"https:\/\/mickgb.com\/ga\/i-mbeal-an-phobail-saol-na-linne-seo\/","title":{"rendered":"I  mB\u00e9al  an  Phobail Saol na linne seo."},"content":{"rendered":"<p style=\"text-align:center;margin-top:0pt;padding-top:0;margin-bottom:10pt;padding-bottom:0;line-height:1.38\"><strong><span style=\"font-size:28pt\">Inn\u00e9  agus  Inniu<\/span><\/strong><\/p><p style=\"margin-top:0pt;padding-top:0;margin-bottom:10pt;padding-bottom:0;line-height:1.38\"><span style=\"font-size:14pt\">Peadar Bair\u00e9ad<\/span><\/p><p style=\"margin-top:0pt;padding-top:0;margin-bottom:10pt;padding-bottom:0;line-height:1.38;margin-left:36pt\"><strong><span style=\"font-size:14pt\"><em>(This week we take a look at changes that occurred during a lifetime.)<\/em><\/span><\/strong><\/p><p style=\"text-align:center;margin-top:0pt;padding-top:0;margin-bottom:10pt;padding-bottom:0;line-height:1.8\"><strong><span style=\"font-size:18pt\">B\u00f3ithr\u00edn  na  Smaointe<\/span><\/strong><\/p><p style=\"text-align:justify;margin-top:0pt;padding-top:0;margin-bottom:10pt;padding-bottom:0;line-height:1.8\"><span style=\"font-size:14pt\">Nach cuimhin linn uil<\/span><span style=\"font-size:14pt\">ig an nath cainte \u00fa<\/span><span style=\"font-size:14pt\">d adeir gur m<\/span><span style=\"font-size:14pt\">\u00f3r idir inn\u00e9<\/span><span style=\"font-size:14pt\"> agus inniu<\/span><span style=\"font-size:14pt\">, agus mise i mbanna\u00ed<\/span><span style=\"font-size:14pt\"> dhuit,<\/span><span style=\"font-size:14pt\"> gur de<\/span><span style=\"font-size:14pt\">acair cur i gcoinne an natha ch\u00e9anna sin. <\/span><span style=\"font-size:14pt\">Ach i<\/span><span style=\"font-size:14pt\"> nd<\/span><span style=\"font-size:14pt\">\u00e1ir\u00ed<\/span><span style=\"font-size:14pt\">re, nach <\/span><span style=\"font-size:14pt\">deacair a chreidi\u00faint go bhf\u00e9adfadh athruithe chomh m\u00f3<\/span><span style=\"font-size:14pt\">r sin a theacht ar a<\/span><span style=\"font-size:14pt\">n saol in achar chomh gearr sin<\/span><span style=\"font-size:14pt\">, \u00f3 \u00f3ige an fichi\u00fa haois go dt\u00ed an l\u00e1 at\u00e1 inniu ann<\/span><span style=\"font-size:14pt\">? <\/span><span style=\"font-size:14pt\"> <\/span><span style=\"font-size:14pt\">Nach m\u00f3r an t-athr\u00fa at\u00e1 tagth<\/span><span style=\"font-size:14pt\">a ar fheisteas daoine? Sea, ach<\/span><span style=\"font-size:14pt\"> c\u00e9 d\u00e9<\/span><span style=\"font-size:14pt\">arfadh<\/span><span style=\"font-size:14pt\"> n\u00e1r chun \u00e1r leasa na hathruithe c\u00e9anna sin?<\/span><span style=\"font-size:14pt\"> A<\/span><span style=\"font-size:14pt\">ch is iad na hathruithe at\u00e1<\/span><span style=\"font-size:14pt\"> t<\/span><span style=\"font-size:14pt\">agtha ar fheisteas na mban is m\u00f3<\/span><span style=\"font-size:14pt\"> a ch<\/span><span style=\"font-size:14pt\">uireann iontas ar chuid againn<\/span><span style=\"font-size:14pt\"> anois. C\u00e1 bhfuil na se\u00e1<\/span><span style=\"font-size:14pt\">lta a chaitheadh na mamanna uilig<\/span><span style=\"font-size:14pt\">, geall leis,<\/span><span style=\"font-size:14pt\"> thiar<\/span><span style=\"font-size:14pt\">,<\/span><span style=\"font-size:14pt\"> an tr\u00e1th \u00fad? n\u00f3 na sciorta\u00ed<\/span><span style=\"font-size:14pt\"> fada <\/span><span style=\"font-size:14pt\">dubha, n\u00f3 d\u00fa<\/span><span style=\"font-size:14pt\">ghroma, go talamh<\/span><span style=\"font-size:14pt\">,<\/span><span style=\"font-size:14pt\"> <\/span><span style=\"font-size:14pt\">a bh\u00ed go m\u00f3r sa bhfaisean, go h\u00e1irithe i m<\/span><span style=\"font-size:14pt\">easc na mban p\u00f3sta, an tr\u00e1th \u00fad, gan tracht in aon chor ar na fosciorta\u00ed dearga<\/span><span style=\"font-size:14pt\"> sin<\/span><span style=\"font-size:14pt\">?<\/span><span style=\"font-size:14pt\"> Beag tr\u00e1cht a bh\u00ed ar stoca\u00ed s\u00edoda n\u00f3 ar n\u00edol\u00f3<\/span><span style=\"font-size:14pt\">in<\/span><span style=\"font-size:14pt\">, n\u00f3 fi\u00fa<\/span><span style=\"font-size:14pt\"> ar riteoga,<\/span><span style=\"font-size:14pt\"> an tr\u00e1th \u00fad. N\u00ed<\/span><span style=\"font-size:14pt\"> bhea<\/span><span style=\"font-size:14pt\">dh s\u00e9<\/span><span style=\"font-size:14pt\"> de mhisneach ag <\/span><span style=\"font-size:14pt\">m\u00f3r\u00e1<\/span><span style=\"font-size:14pt\">n<\/span><span style=\"font-size:14pt\"> <\/span><span style=\"font-size:14pt\">buaileadh amach faoin aer i mionsciorta<\/span><span style=\"font-size:14pt\">, n\u00f3 i bhfeisteas ar<\/span><span style=\"font-size:14pt\"> bith d\u00e1 leith\u00e9id ansin. Anois,<\/span><span style=\"font-size:14pt\"> n\u00ed raibh ag tarl\u00fa sa ch\u00e1<\/span><span style=\"font-size:14pt\">s sin uilig ach go raibh <\/span><span style=\"font-size:14pt\">\u2018chuile ghl\u00fan ag cur a s\u00edni\u00fa fh\u00e9in ar ph\u00e1r st\u00edle a linne, agus th\u00e1inig na hathruithe sin de r\u00e9ir a ch\u00e9<\/span><span style=\"font-size:14pt\">ile<\/span><span style=\"font-size:14pt\">, agus go formhothaithe, d\u2019dh\u00e9adf\u00e1 a r\u00e1<\/span><span style=\"font-size:14pt\">.<\/span><\/p><p style=\"text-align:center;margin-top:0pt;padding-top:0;margin-bottom:10pt;padding-bottom:0;line-height:1.8\"><strong><span style=\"font-size:18pt\">N\u00ed faide gob na g\u00e9 n\u00e1<\/span><span style=\"font-size:18pt\"> gob an ghandail<\/span><\/strong><\/p><p style=\"text-align:justify;margin-top:0pt;padding-top:0;margin-bottom:10pt;padding-bottom:0;line-height:1.8\"><span style=\"font-size:14pt\">N\u00edor f\u00e1<\/span><span style=\"font-size:14pt\">g<\/span><span style=\"font-size:14pt\">adh feisteas na bhfear gan athr\u00fa, ach oiread, n\u00f3 n\u00ed faide gob na g\u00e9 n\u00e1 gob an ghandail! Ar\u00ed<\/span><span style=\"font-size:14pt\">s, thar<\/span><span style=\"font-size:14pt\">la na hathruithe sin uilig de r\u00e9ir a ch\u00e9ile. C\u00e1 bhfuil na stoca\u00ed <\/span><span style=\"font-size:14pt\">olla agus na br\u00f3ga arda a chai<\/span><span style=\"font-size:14pt\">theadh na fir go<\/span><span style=\"font-size:14pt\"> coitianta<\/span><span style=\"font-size:14pt\">, an tr\u00e1th \u00fa<\/span><span style=\"font-size:14pt\">d? n\u00f3<\/span><span style=\"font-size:14pt\"> <\/span><span style=\"font-size:14pt\">na<\/span><span style=\"font-size:14pt\"> dr\u00e1<\/span><span style=\"font-size:14pt\">ir flai<\/span><span style=\"font-size:14pt\">n\u00ed<\/span><span style=\"font-size:14pt\">n<\/span><span style=\"font-size:14pt\">, a <\/span><span style=\"font-size:14pt\">chait\u00ed<\/span><span style=\"font-size:14pt\"> chomh coitianta<\/span><span style=\"font-size:14pt\"> sin<\/span><span style=\"font-size:14pt\">,<\/span><span style=\"font-size:14pt\"> an t-am \u00fa<\/span><span style=\"font-size:14pt\">d<\/span><span style=\"font-size:14pt\">. Sea, agus c\u00e1 bhfuil na caip\u00edn\u00ed speiceacha a bh\u00ed chomh faiseanta na laethe \u00fa<\/span><span style=\"font-size:14pt\">d<\/span><span style=\"font-size:14pt\">, n\u00f3 na b\u00e1in\u00edn\u00ed, n\u00f3 na geansaithe<\/span><span style=\"font-size:14pt\"> troma olla<\/span><span style=\"font-size:14pt\">, a bh\u00ed coitianta f\u00f3<\/span><span style=\"font-size:14pt\">s thiar<\/span><span style=\"font-size:14pt\">, ag an am. Is d\u00f3cha gur \u00e9<\/span><span style=\"font-size:14pt\">irigh daoine astu<\/span><span style=\"font-size:14pt\">, toisc go bhf\u00e9adfaid\u00ed<\/span><span style=\"font-size:14pt\">s earra<\/span><span style=\"font-size:14pt\">\u00ed d\u00e1 leith\u00e9<\/span><span style=\"font-size:14pt\">id a cheannacht<\/span><span style=\"font-size:14pt\"> i bhfad<\/span><span style=\"font-size:14pt\"> n\u00edos<\/span><span style=\"font-size:14pt\"> sao<\/span><span style=\"font-size:14pt\">i<\/span><span style=\"font-size:14pt\">r<\/span><span style=\"font-size:14pt\">e<\/span><span style=\"font-size:14pt\"> ag na stain\u00edn\u00ed agus ag na marga\u00ed<\/span><span style=\"font-size:14pt\">,<\/span><span style=\"font-size:14pt\"> a bh\u00ed<\/span><span style=\"font-size:14pt\"> coitianta go maith sa timpeall<\/span><span style=\"font-size:14pt\">,<\/span><span style=\"font-size:14pt\"> <\/span><span style=\"font-size:14pt\">ag an am<\/span><span style=\"font-size:14pt\">.<\/span><\/p><p style=\"text-align:center;margin-top:0pt;padding-top:0;margin-bottom:10pt;padding-bottom:0;line-height:1.8\"><strong><span style=\"font-size:18pt\">Filleann orm a dh\u00e1n<\/span><span style=\"font-size:18pt\">&#8230;..<\/span><\/strong><\/p><p style=\"text-align:justify;margin-top:0pt;padding-top:0;margin-bottom:10pt;padding-bottom:0;line-height:1.8\"><span style=\"font-size:14pt\">Is <\/span><span style=\"font-size:14pt\">minic a ritheann v\u00e9arsa\u00ed<\/span><span style=\"font-size:14pt\"> an Dir<\/span><span style=\"font-size:14pt\">e\u00e1<\/span><span style=\"font-size:14pt\">naigh liom<\/span><span style=\"font-size:14pt\">,<\/span><span style=\"font-size:14pt\"> agus<\/span><span style=\"font-size:14pt\"> m\u00e9<\/span><span style=\"font-size:14pt\"> ag smaoineamh ar<\/span><span style=\"font-size:14pt\"> ch\u00farsa\u00ed<\/span><span style=\"font-size:14pt\">, mar a bh\u00ed,<\/span><span style=\"font-size:14pt\"> le linn m\u2019<\/span><span style=\"font-size:14pt\">\u00f3<\/span><span style=\"font-size:14pt\">igese thiar<\/span><span style=\"font-size:14pt\">. F\u00e9ach mar a chuir an t\u00c1rainneach<\/span><span style=\"font-size:14pt\"> m\u00f3r fh\u00e9in<\/span><span style=\"font-size:14pt\"> \u00e9, agus \u00e9<\/span><span style=\"font-size:14pt\"> ag<\/span><span style=\"font-size:14pt\"> cur s\u00ed<\/span><span style=\"font-size:14pt\">os<\/span><span style=\"font-size:14pt\"> ar ch\u00farsa\u00ed, ina dh\u00fatha\u00ed<\/span><span style=\"font-size:14pt\"> f<\/span><span style=\"font-size:14pt\">h\u00e9<\/span><span style=\"font-size:14pt\">in<\/span><span style=\"font-size:14pt\">, le linn a \u00f3igesean<\/span><\/p><p style=\"text-align:justify;margin-top:0pt;padding-top:0;margin-bottom:10pt;padding-bottom:0;line-height:1.8;margin-left:72pt\"><span style=\"font-size:14pt\">Maireann a gcuimhne f\u00f3<\/span><span style=\"font-size:14pt\">s i m\u2019aigne:<\/span><\/p><p style=\"text-align:justify;margin-top:0pt;padding-top:0;margin-bottom:10pt;padding-bottom:0;line-height:1.8;margin-left:72pt\"><span style=\"font-size:14pt\">B\u00e1in\u00edn\u00ed b\u00e1<\/span><span style=\"font-size:14pt\">na<\/span><span style=\"font-size:14pt\"> is l\u00e9<\/span><span style=\"font-size:14pt\">inte geala,<\/span><\/p><p style=\"text-align:justify;margin-top:0pt;padding-top:0;margin-bottom:10pt;padding-bottom:0;line-height:1.8;margin-left:72pt\"><span style=\"font-size:14pt\">L\u00e9<\/span><span style=\"font-size:14pt\">in<\/span><span style=\"font-size:14pt\">te gorma is veist\u00ed<\/span><span style=\"font-size:14pt\"> glasa,<\/span><\/p><p style=\"text-align:justify;margin-top:0pt;padding-top:0;margin-bottom:10pt;padding-bottom:0;line-height:1.8;margin-left:72pt\"><span style=\"font-size:14pt\">Treabhsa<\/span><span style=\"font-size:14pt\">ir is dr\u00e1ir de bhr\u00e9id\u00ed<\/span><span style=\"font-size:14pt\">n baile<\/span><\/p><p style=\"text-align:justify;margin-top:0pt;padding-top:0;margin-bottom:10pt;padding-bottom:0;line-height:1.8;margin-left:72pt\"><span style=\"font-size:14pt\">Bh\u00edodh ar fheara c\u00e1<\/span><span style=\"font-size:14pt\">sacha aosta<\/span><\/p><p style=\"text-align:justify;margin-top:0pt;padding-top:0;margin-bottom:10pt;padding-bottom:0;line-height:1.8;margin-left:72pt\"><span style=\"font-size:14pt\">Ag triall ar Aifreann maidin Domhnaigh<\/span><\/p><p style=\"text-align:justify;margin-top:0pt;padding-top:0;margin-bottom:10pt;padding-bottom:0;line-height:1.8;margin-left:72pt\"><span style=\"font-size:14pt\">De shi\u00fa<\/span><span style=\"font-size:14pt\">l cos ar aistear fhada,<\/span><\/p><p style=\"text-align:justify;margin-top:0pt;padding-top:0;margin-bottom:10pt;padding-bottom:0;line-height:1.8;margin-left:72pt\"><span style=\"font-size:14pt\">A mh\u00fascla\u00ed<\/span><span style=\"font-size:14pt\">odh i m\u2019<\/span><span style=\"font-size:14pt\">\u00f3<\/span><span style=\"font-size:14pt\">ige smaointe ionamsa<\/span><\/p><p style=\"text-align:justify;margin-top:0pt;padding-top:0;margin-bottom:10pt;padding-bottom:0;line-height:1.8;margin-left:72pt\"><span style=\"font-size:14pt\">Ar ghlaine, ar \u00faire, is fos ar bheanna\u00ed<\/span><span style=\"font-size:14pt\">ocht.<\/span><\/p><p style=\"text-align:justify;margin-top:0pt;padding-top:0;margin-bottom:10pt;padding-bottom:0;line-height:1.8;margin-left:72pt\"><span style=\"height:1em\"><span>.<\/span><\/span><\/p><p style=\"text-align:justify;margin-top:0pt;padding-top:0;margin-bottom:10pt;padding-bottom:0;line-height:1.8;margin-left:72pt\"><span style=\"font-size:14pt\">N\u00e1<\/span><span style=\"font-size:14pt\"> cea<\/span><span style=\"font-size:14pt\">p anois go bhfuilim ag cur s\u00edos ar ch\u00farsa\u00ed ar fud na t\u00edre an tr\u00e1th \u00fa<\/span><span style=\"font-size:14pt\">d<\/span><span style=\"font-size:14pt\"> in \u00f3ige an fichi\u00fa haois<\/span><span style=\"font-size:14pt\">, n\u00f3 n\u00edl m\u00e9, ach is amhlaidh at\u00e1 mo <\/span><span style=\"font-size:14pt\">sh\u00fail d\u00edrithe agam ar an saol a bh\u00ed thart orm fh\u00e9<\/span><span style=\"font-size:14pt\">in in Iorras<\/span><span style=\"font-size:14pt\"> <\/span><span style=\"font-size:14pt\">agus m\u00e9 ag f\u00e1s an\u00ed<\/span><span style=\"font-size:14pt\">os ansin ag<\/span><span style=\"font-size:14pt\"> an am sin,<\/span><span style=\"font-size:14pt\"> faoi mar a bh\u00ed \u00e1 dh\u00e9anamh ag an bhfile, M\u00e1irt\u00edn \u00d3 Dire\u00e1<\/span><span style=\"font-size:14pt\">in<\/span><span style=\"font-size:14pt\">,<\/span><span style=\"font-size:14pt\"> ina dh\u00e1n, \u2018Cuimhn\u00ed<\/span><span style=\"font-size:14pt\"> Cinn<\/span><span style=\"font-size:14pt\">\u2019<\/span><span style=\"font-size:14pt\">. A<\/span><span style=\"font-size:14pt\">gus d\u00e1<\/span><span style=\"font-size:14pt\">r nd\u00f3igh, n\u00edor luaigh m\u00e9,<\/span><span style=\"font-size:14pt\"> in aon chor<\/span><span style=\"font-size:14pt\">, na hathruithe iomad\u00fala a th\u00e1inig ar ch\u00farsai feirmeoireachta, ar ch\u00farsa\u00ed siopad\u00f3<\/span><span style=\"font-size:14pt\">ireachta<\/span><span style=\"font-size:14pt\">, ar ch\u00farsa\u00ed<\/span><span style=\"font-size:14pt\"> taistil<\/span><span style=\"font-size:14pt\">, n\u00f3 ar a l\u00e1n c\u00farsa\u00ed<\/span><span style=\"font-size:14pt\"> eile<\/span><span style=\"font-size:14pt\">, san idirlinn, agus b\u00edodh go bhfuil an saol i bhfad n\u00edos s\u00e1imhe, agus n\u00edos s\u00f3c\u00fala ag daoine anois n\u00e1 mar a bh\u00ed, an t-am sin, ag an am gc\u00e9anna, n\u00ed f\u00e9idir a sh\u00e9<\/span><span style=\"font-size:14pt\">anadh<\/span><span style=\"font-size:14pt\">, gur bhain na daoine, a bh\u00ed suas an tr\u00e1th \u00fa<\/span><span style=\"font-size:14pt\">d<\/span><span style=\"font-size:14pt\">,<\/span><span style=\"font-size:14pt\"> tai<\/span><span style=\"font-size:14pt\">teamh agus toit, spraoi agus sp\u00f3rt<\/span><span style=\"font-size:14pt\">,<\/span><span style=\"font-size:14pt\"> as an saol a <\/span><span style=\"font-size:14pt\">fuair siadsan le huacht<\/span><span style=\"font-size:14pt\"> \u00f3<\/span><span style=\"font-size:14pt\"> na gl\u00fanta a d\u2019imigh rompu,<\/span><span style=\"font-size:14pt\"> \u00f3<\/span><span style=\"font-size:14pt\"> dhaoine<\/span><span style=\"font-size:14pt\">, a raibh saol i b<\/span><span style=\"font-size:14pt\">hfad \u00c9ireann n\u00edos deacra acu<\/span><span style=\"font-size:14pt\"> n\u00e1 mar a bh\u00ed acusan. <\/span><\/p><p style=\"text-align:justify;margin-top:0pt;padding-top:0;margin-bottom:10pt;padding-bottom:0;line-height:1.8;margin-left:72pt\"><span style=\"height:1em\"><span>.<\/span><\/span><\/p><p style=\"text-align:justify;margin-top:0pt;padding-top:0;margin-bottom:10pt;padding-bottom:0;line-height:1.8;margin-left:72pt\"><span style=\"height:1em\"><span>.<\/span><\/span><\/p><p style=\"text-align:justify;margin-top:0pt;padding-top:0;margin-bottom:10pt;padding-bottom:0;line-height:1.8;margin-left:72pt\"><span style=\"height:1em\"><span>.<\/span><\/span><\/p><p style=\"text-align:justify;margin-top:0pt;padding-top:0;margin-bottom:10pt;padding-bottom:0;line-height:1.8;margin-left:72pt\"><span style=\"height:1em\"><span>.<\/span><\/span><\/p><p style=\"text-align:justify;margin-top:0pt;padding-top:0;margin-bottom:10pt;padding-bottom:0;line-height:1.8;margin-left:72pt\"><span style=\"height:1em\"><span>.<\/span><\/span><\/p><p style=\"text-align:justify;margin-top:0pt;padding-top:0;margin-bottom:10pt;padding-bottom:0;line-height:1.8;margin-left:72pt\"><span style=\"font-size:14pt\"> <\/span><span style=\"font-size:14pt\">&nbsp;&nbsp;<\/span><span style=\"font-size:14pt\"> <\/span><span style=\"font-size:14pt\"> <\/span><span style=\"font-size:14pt\"> <\/span><span style=\"font-size:14pt\">&nbsp;&nbsp;&nbsp;<\/span><span style=\"font-size:14pt\">&nbsp;&nbsp;<\/span><\/p>","protected":false},"excerpt":{"rendered":"<p>Inn\u00e9 agus Inniu Peadar Bair\u00e9ad (This week we take a look at changes that occurred during a lifetime.) B\u00f3ithr\u00edn na Smaointe Nach cuimhin linn uilig an nath cainte \u00fad adeir gur m\u00f3r idir inn\u00e9 agus inniu, agus mise i mbanna\u00ed dhuit, gur deacair cur i gcoinne an natha ch\u00e9anna sin. Ach i nd\u00e1ir\u00edre, nach deacair [&hellip;]<\/p>\n","protected":false},"author":2,"featured_media":13435,"comment_status":"open","ping_status":"open","sticky":false,"template":"","format":"standard","meta":{"nf_dc_page":"","_et_pb_use_builder":"","_et_pb_old_content":"","_et_gb_content_width":"","footnotes":""},"categories":[1],"tags":[],"class_list":["post-12705","post","type-post","status-publish","format-standard","has-post-thumbnail","hentry","category-gan-chatagoir"],"_links":{"self":[{"href":"https:\/\/mickgb.com\/ga\/wp-json\/wp\/v2\/posts\/12705","targetHints":{"allow":["GET"]}}],"collection":[{"href":"https:\/\/mickgb.com\/ga\/wp-json\/wp\/v2\/posts"}],"about":[{"href":"https:\/\/mickgb.com\/ga\/wp-json\/wp\/v2\/types\/post"}],"author":[{"embeddable":true,"href":"https:\/\/mickgb.com\/ga\/wp-json\/wp\/v2\/users\/2"}],"replies":[{"embeddable":true,"href":"https:\/\/mickgb.com\/ga\/wp-json\/wp\/v2\/comments?post=12705"}],"version-history":[{"count":1,"href":"https:\/\/mickgb.com\/ga\/wp-json\/wp\/v2\/posts\/12705\/revisions"}],"predecessor-version":[{"id":12706,"href":"https:\/\/mickgb.com\/ga\/wp-json\/wp\/v2\/posts\/12705\/revisions\/12706"}],"wp:featuredmedia":[{"embeddable":true,"href":"https:\/\/mickgb.com\/ga\/wp-json\/wp\/v2\/media\/13435"}],"wp:attachment":[{"href":"https:\/\/mickgb.com\/ga\/wp-json\/wp\/v2\/media?parent=12705"}],"wp:term":[{"taxonomy":"category","embeddable":true,"href":"https:\/\/mickgb.com\/ga\/wp-json\/wp\/v2\/categories?post=12705"},{"taxonomy":"post_tag","embeddable":true,"href":"https:\/\/mickgb.com\/ga\/wp-json\/wp\/v2\/tags?post=12705"}],"curies":[{"name":"wp","href":"https:\/\/api.w.org\/{rel}","templated":true}]}}