{"id":12707,"date":"2017-04-04T11:00:00","date_gmt":"2017-04-04T11:00:00","guid":{"rendered":"https:\/\/mickgb.com\/?p=12707"},"modified":"2024-04-08T01:14:19","modified_gmt":"2024-04-08T01:14:19","slug":"i-mbeal-an-phobail-scealta-sheimi-an-droichid","status":"publish","type":"post","link":"https:\/\/mickgb.com\/ga\/i-mbeal-an-phobail-scealta-sheimi-an-droichid\/","title":{"rendered":"I  mB\u00e9al  an  Phobail Scealta Sheimi an Droichid"},"content":{"rendered":"<p style=\"text-align:center;margin-top:0pt;padding-top:0;margin-bottom:0pt;padding-bottom:0;line-height:1.8;font-weight:bold;font-size:24pt\">I  mB\u00e9al  an  Phobail<\/p><p style=\"margin-top:0pt;padding-top:0;margin-bottom:0pt;padding-bottom:0;line-height:1.8;font-size:12pt\">Peadar Bair\u00e9ad<\/p><p style=\"text-align:center;margin-top:0pt;padding-top:0;margin-bottom:0pt;padding-bottom:0;line-height:1.8;font-size:12pt\"><strong><span style=\"font-size:18pt\">Ag Clamhs\u00e1n ar\u00eds!<\/span><\/strong><\/p><p style=\"text-align:justify;margin-top:0pt;padding-top:0;margin-bottom:0pt;padding-bottom:0;line-height:1.8;font-size:12pt\"><span style=\"font-size:14pt\">Istigh i seoimr\u00edn beag pr\u00edobh\u00e1ideach sa<\/span><span style=\"font-size:14pt\"> \u2018<\/span><span style=\"font-size:14pt\">Smugairle R\u00f3in<\/span><span style=\"font-size:14pt\">\u2019<\/span><span style=\"font-size:14pt\"> an o\u00edche faoi dheireadh, m\u00e9 ag comhaireamh buid\u00e9al taibhseach, mealltach, ar sheilf ghl\u00e9geal os mo chomhair amach, agus ag cur c\u00fa<\/span><span style=\"font-size:14pt\">rsa\u00ed casta an tsaoil tr\u00ed ch\u00e9ile<\/span><span style=\"font-size:14pt\"> <\/span><span style=\"font-size:14pt\">\u2019<\/span><span style=\"font-size:14pt\">sea bh\u00ed m\u00e9, nuair a baineadh stangadh n\u00e1r bheag asam. Nuair a th\u00e1inig m\u00e9 chugam fh\u00e9in, thuig m\u00e9 go raibh duine eic\u00ednt ag cnagadh ar dhoras na <\/span><span style=\"font-size:14pt\">\u2018<\/span><span style=\"font-size:14pt\">Caill\u00ed<\/span><span style=\"font-size:14pt\">\u2019<\/span><span style=\"font-size:14pt\"> (sin an seomra beag pr\u00edobh\u00e1ideach a luaigh m\u00e9, anois beag<\/span><span style=\"font-size:14pt\">,<\/span><span style=\"font-size:14pt\">)<\/span><span style=\"font-size:14pt\"> ag iarraidh teacht isteach chugam. \u00d3n gcine\u00e1l torainn a deineadh, thuig m\u00e9, ar an dtoirt, g<\/span><span style=\"font-size:14pt\">urbh \u00e9 mo sheanchara, S\u00e9im\u00ed<\/span><span style=\"font-size:14pt\"> an Droichid, a bh\u00ed chugam.<\/span><\/p><p style=\"text-align:justify;margin-top:0pt;padding-top:0;margin-bottom:0pt;padding-bottom:0;line-height:1.8;font-size:12pt\"><span style=\"font-size:14pt\">\u201cTar isteach\u201d arsa m\u00e9 fh\u00e9in, go deas f\u00e1ilteach.<\/span><\/p><p style=\"text-align:justify;margin-top:0pt;padding-top:0;margin-bottom:0pt;padding-bottom:0;line-height:1.8;font-size:12pt\"><span style=\"font-size:14pt\">Oscla\u00edodh an doras, agus nocht mo Sh\u00e9im\u00ed bre\u00e1 chugam<\/span><span style=\"font-size:14pt\"> isteach. B\u2019fhurasta a aithint air<\/span><span style=\"font-size:14pt\"> go raibh an fear bocht pr\u00e9achta leis an bhfuacht, agus ar an \u00e1bhar sin, d\u2019iarr m\u00e9 air feoil a chur ar an st\u00f3l a bh\u00ed os mo chomhair amach, taobh leis an raiditheoir, agus chuir m\u00e9 fios l\u00e1ithreach ar ghiolla an leanna, agus d\u2019iarr air, taosc\u00e1n maith den stuif crua a chur ar f\u00e1il l\u00e1ithreach dom\u2019 chara. Rinne s\u00e9 rud orm, agus caithfidh m\u00e9 a admh\u00e1il n\u00e1r<\/span><span style=\"font-size:14pt\"> dhein an fear c\u00e9anna aon d\u00e1 lea<\/span><span style=\"font-size:14pt\">th d\u00e1 dh\u00edcheall freastal orainn. Rug S\u00e9im\u00ed ar a ghloine. D\u2019ardaigh os comhair a sh\u00fal amach \u00ed, agus ansin, gan a thuilleadh moille, scaoil siar le f\u00e1na a raibh inti. Leag a ghloine fholamh ar an mboird\u00edn os a chomhair amach, r\u00e9itigh a sceadam\u00e1n, chuir gotha cainte air fh\u00e9in, agus gan aon \u201cAindri\u00fa Martins\u201d, d\u2019fhiafraigh d\u00edom, an raibh sc\u00e9al n\u00f3 duan agam, tar \u00e9is na seachtaine?<\/span><\/p><p style=\"text-align:center;margin-top:0pt;padding-top:0;margin-bottom:0pt;padding-bottom:0;line-height:1.8;font-size:12pt\"><strong><span style=\"font-size:18pt\"> Sc\u00e9al n\u00f3 Duan?<\/span><\/strong><\/p><p style=\"text-align:justify;margin-top:0pt;padding-top:0;margin-bottom:0pt;padding-bottom:0;line-height:1.8;font-size:12pt\"><span style=\"font-size:14pt\">\u201cDheamhan sc\u00e9al n\u00f3 duan agam fh\u00e9in,\u201d arsa mise, \u201c ach<\/span><span style=\"font-size:14pt\"> d\u00e9arfainn nach gan sc\u00e9al, n\u00f3 duan,<\/span><span style=\"font-size:14pt\"> a d<\/span><span style=\"font-size:14pt\">\u2019<\/span><span style=\"font-size:14pt\">\u00e9irigh t\u00fa fh\u00e9in amach an bealach seo anocht. B\u2019fh\u00e9idir go bhf\u00e9adf\u00e1 sc\u00e9al eic\u00ednt a scaoileadh amach as do mh\u00e1la sc\u00e9ala\u00edochta ?\u201d<\/span><\/p><p style=\"text-align:justify;margin-top:0pt;padding-top:0;margin-bottom:0pt;padding-bottom:0;line-height:1.8;font-size:14pt\">\u201cCinnte, n\u00ed gan sc\u00e9al, n\u00f3 seanchas, a th\u00e1inig m\u00e9 amach as an teach s\u2019againne anocht, n\u00f3 bheadh s\u00e9 deacair a leith\u00e9id a dh\u00e9anamh, na laethe seo, agus an oiread sin sc\u00e9alta \u00e1 fh\u00ed, is \u00e1 shn\u00edomh, as abhras an tsaoil mh\u00f3ir thart orainn.\u201d<\/p><p style=\"text-align:justify;margin-top:0pt;padding-top:0;margin-bottom:0pt;padding-bottom:0;line-height:1.8;font-size:12pt\"><span style=\"font-size:14pt\">\u201cScaoil chuga<\/span><span style=\"font-size:14pt\">inn, mar sin, cuid den seanchas a bhailigh t\u00fa<\/span><span style=\"font-size:14pt\">, ar na mallaibh\u201d.<\/span><\/p><p style=\"text-align:justify;margin-top:0pt;padding-top:0;margin-bottom:0pt;padding-bottom:0;line-height:1.8;font-size:12pt\"><span style=\"font-size:14pt\"> \u201cAch,<\/span><span style=\"font-size:14pt\"> n\u00e1r<\/span><span style=\"font-size:14pt\"> ch\u00f3ir d\u00fainn uilig aird<\/span><span style=\"font-size:14pt\"> a thabhairt ar ch\u00farsa\u00ed, n\u00f3 cuireann sin<\/span><span style=\"font-size:14pt\"> in i\u00fal d\u00fainn, c\u00e9 chomh tapaidh is a thagann m\u00ed-\u00e1dh, n\u00f3 m\u00ed-fhort\u00fan, anuas sa mhullach orainn, tr\u00e1th nach mb\u00edonn muid ag s\u00fail lena leith\u00e9id. T\u00e1 f\u00f3rsa\u00ed \u00e1irithe ag obair<\/span><span style=\"font-size:14pt\"> leo<\/span><span style=\"font-size:14pt\"> sna c\u00farsa\u00ed seo, f\u00f3rsa\u00ed nach bhfuil smacht ar bith againne orthu, agus f\u00f3rsa\u00ed freisin, a bhfuil neart agus cumhacht iontu, a th\u00e9ann go smior na gcn\u00e1mh ionainn<\/span><span style=\"font-size:14pt\">e<\/span><span style=\"font-size:14pt\">.\u201d <\/span><\/p><p style=\"text-align:justify;margin-top:0pt;padding-top:0;margin-bottom:0pt;padding-bottom:0;line-height:1.8;font-size:12pt\"><span style=\"font-size:14pt\">\u201cAch is d\u00f3cha, go raibh tarl\u00faint\u00ed eile ag cur as <\/span><span style=\"font-size:14pt\">d\u00fainn<\/span><span style=\"font-size:14pt\">,<\/span><span style=\"font-size:14pt\"> ar na mallaibh<\/span><span style=\"font-size:14pt\">?\u201d<\/span><\/p><p style=\"text-align:justify;margin-top:0pt;padding-top:0;margin-bottom:0pt;padding-bottom:0;line-height:1.8;font-size:12pt\"><span style=\"font-size:14pt\">\u201cB\u00ed cinnte go raibh, n\u00f3 nuair a smaoin\u00edonn t\u00fa air, nach m\u00f3r an t-athr\u00fa at\u00e1  tagtha ar an saol, \u00f3 bh\u00edomar in\u00e1r ngas\u00fair, fad\u00f3?<\/span><span style=\"font-size:14pt\"> An tr\u00e1th sin, n\u00e1rbh iad an Eaglais, agus na B<\/span><span style=\"font-size:14pt\">ainc,<\/span><span style=\"font-size:14pt\"> agus na p\u00f3il\u00edn\u00ed, c<\/span><span style=\"font-size:14pt\">ol\u00fana teanna cosanta an St\u00e1it<\/span><span style=\"font-size:14pt\"> seo, iad ansin buanseasmhach, \u00e9ifeachtach, doscriosta, faoi mar a tuigeadh d\u00fainne \u00e9, ach go h\u00e1irithe. Ach breathnaigh ar ch\u00farsa\u00ed faoi mar at\u00e1 siad anois? Fait\u00edos<\/span><span style=\"font-size:14pt\"> orm gur l\u00e9ir\u00edodh don tsaol m\u00f3r n\u00e1r chathair mar a dtuairisc iad, ach ina ionad sin, tugadh le fios d\u00fainn <\/span><span style=\"font-size:14pt\"> g<\/span><span style=\"font-size:14pt\">o mba lag, l\u00fabach, daonna,<\/span><span style=\"font-size:14pt\"> iad, na col\u00fana<\/span><span style=\"font-size:14pt\"> teanna<\/span><span style=\"font-size:14pt\"> c\u00e9anna sin, ar a rabhamar uilig ag brath.\u201d<\/span><\/p><h1 style=\"text-align:center;margin-top:0pt;padding-top:0;margin-bottom:0pt;padding-bottom:0;line-height:1.8;font-weight:bold;font-size:18pt\">Neamhbhuaine an tSaoil<\/h1><p style=\"text-align:justify;margin-top:0pt;padding-top:0;margin-bottom:0pt;padding-bottom:0;line-height:1.8;font-size:12pt\"><span style=\"font-size:14pt\">\u201cAch, a Sh\u00e9im\u00ed, nach \u2019in \u00e9 an saol agat? N\u00edl tada buan ar an saol seo ach gr\u00e1sta D\u00e9.\u201d<\/span><\/p><p style=\"text-align:justify;margin-top:0pt;padding-top:0;margin-bottom:0pt;padding-bottom:0;line-height:1.8;font-size:12pt\"><span style=\"font-size:14pt\">\u201cTagaim leat sa mh\u00e9id sin, n\u00f3 faoi mar a chuireadh M\u00e1rtan an Tairbh \u00e9 fad\u00f3, \u2018N\u00edl cinnteacht ar bith ag baint le tada ar an saol seo ach, le b\u00e1s, le c\u00e1ineacha, agus le neamhbhuaine an tsaoil seo\u2019. Sea, agus is d\u00f3cha go raibh cuid mhaith den cheart aige sa mh\u00e9id sin. Ach, d\u00e9arfainn anois, go bhfuil s\u00e9 thar am agamsa bheith ag bogadh liom ahaile, agus mar sin, caithfidh muid an t-\u00e1bhar seo a fh\u00e1gail p\u00e1irce\u00e1ilte go dt\u00ed an ch\u00e9ad bhabhta eile. Idir an d\u00e1 linn, b\u00ed ag <\/span><span style=\"font-size:14pt\">smaoineamh leat ar \u2018Chothrom na F\u00e9inne\u2019 sa Phoblacht a buna\u00edodh anseo i ndiaidh \u00c9ir\u00ed Amach na C\u00e1sca, 1916. Agus f\u00e1gfaidh m\u00e9 sl\u00e1n agat, go f\u00f3ill.\u201d<\/span><\/p><p style=\"text-align:justify;margin-top:0pt;padding-top:0;margin-bottom:0pt;padding-bottom:0;line-height:1.8;font-size:12pt\"><span style=\"font-size:14pt\">Agus le sin, ghlan mo Sh\u00e9im\u00ed bre\u00e1 leis, le luas lasrach, amach as Cailleach an Smugairle R\u00f3in.<\/span><\/p><p style=\"text-align:justify;margin-top:0pt;padding-top:0;margin-bottom:0pt;padding-bottom:0;line-height:1.8;font-size:12pt\"><span style=\"font-size:14pt\">\u201cSl\u00e1n abhaile\u201d a chuir m\u00e9 fh\u00e9in ina dhiaidh, b\u00edodh go raibh chuile sheans ann, go raibh s\u00e9 imithe as \u00e9isteacht uaim, faoin am sin.  Ach b\u00ed cinnte go mbeidh muid ag filleadh ar an \u00e1bhar sin<\/span><span style=\"font-size:14pt\"> ar\u00eds go luath.<\/span><\/p>","protected":false},"excerpt":{"rendered":"<p>I mB\u00e9al an Phobail Peadar Bair\u00e9ad Ag Clamhs\u00e1n ar\u00eds! Istigh i seoimr\u00edn beag pr\u00edobh\u00e1ideach sa \u2018Smugairle R\u00f3in\u2019 an o\u00edche faoi dheireadh, m\u00e9 ag comhaireamh buid\u00e9al taibhseach, mealltach, ar sheilf ghl\u00e9geal os mo chomhair amach, agus ag cur c\u00farsa\u00ed casta an tsaoil tr\u00ed ch\u00e9ile \u2019sea bh\u00ed m\u00e9, nuair a baineadh stangadh n\u00e1r bheag asam. Nuair a [&hellip;]<\/p>\n","protected":false},"author":2,"featured_media":13435,"comment_status":"open","ping_status":"open","sticky":false,"template":"","format":"standard","meta":{"nf_dc_page":"","_et_pb_use_builder":"","_et_pb_old_content":"","_et_gb_content_width":"","footnotes":""},"categories":[1],"tags":[],"class_list":["post-12707","post","type-post","status-publish","format-standard","has-post-thumbnail","hentry","category-gan-chatagoir"],"_links":{"self":[{"href":"https:\/\/mickgb.com\/ga\/wp-json\/wp\/v2\/posts\/12707","targetHints":{"allow":["GET"]}}],"collection":[{"href":"https:\/\/mickgb.com\/ga\/wp-json\/wp\/v2\/posts"}],"about":[{"href":"https:\/\/mickgb.com\/ga\/wp-json\/wp\/v2\/types\/post"}],"author":[{"embeddable":true,"href":"https:\/\/mickgb.com\/ga\/wp-json\/wp\/v2\/users\/2"}],"replies":[{"embeddable":true,"href":"https:\/\/mickgb.com\/ga\/wp-json\/wp\/v2\/comments?post=12707"}],"version-history":[{"count":1,"href":"https:\/\/mickgb.com\/ga\/wp-json\/wp\/v2\/posts\/12707\/revisions"}],"predecessor-version":[{"id":12708,"href":"https:\/\/mickgb.com\/ga\/wp-json\/wp\/v2\/posts\/12707\/revisions\/12708"}],"wp:featuredmedia":[{"embeddable":true,"href":"https:\/\/mickgb.com\/ga\/wp-json\/wp\/v2\/media\/13435"}],"wp:attachment":[{"href":"https:\/\/mickgb.com\/ga\/wp-json\/wp\/v2\/media?parent=12707"}],"wp:term":[{"taxonomy":"category","embeddable":true,"href":"https:\/\/mickgb.com\/ga\/wp-json\/wp\/v2\/categories?post=12707"},{"taxonomy":"post_tag","embeddable":true,"href":"https:\/\/mickgb.com\/ga\/wp-json\/wp\/v2\/tags?post=12707"}],"curies":[{"name":"wp","href":"https:\/\/api.w.org\/{rel}","templated":true}]}}