{"id":12747,"date":"2017-04-04T11:00:00","date_gmt":"2017-04-04T11:00:00","guid":{"rendered":"https:\/\/mickgb.com\/?p=12747"},"modified":"2024-04-08T01:08:02","modified_gmt":"2024-04-08T01:08:02","slug":"i-mbeal-an-phobail-votail-ta","status":"publish","type":"post","link":"https:\/\/mickgb.com\/ga\/i-mbeal-an-phobail-votail-ta\/","title":{"rendered":"I  mB\u00e9al  an  Phobail Votail TA"},"content":{"rendered":"<p style=\"text-align:center;margin-top:0pt;padding-top:0;margin-bottom:0pt;padding-bottom:0;line-height:2.4;font-weight:bold;font-size:24pt\">I  mB\u00e9al  an  Phobail<\/p><p style=\"margin-top:0pt;padding-top:0;margin-bottom:0pt;padding-bottom:0;line-height:2.4;font-size:14pt\">Peadar Bair\u00e9ad<\/p><h1 style=\"text-align:center;margin-top:0pt;padding-top:0;margin-bottom:0pt;padding-bottom:0;line-height:2.4;font-weight:bold;font-size:18pt\">V\u00f3t\u00e1il   T\u00c1 <\/h1><p style=\"text-align:justify;margin-top:0pt;padding-top:0;margin-bottom:0pt;padding-bottom:0;line-height:2.4;font-size:14pt\">Chuile dhuine is a phort fh\u00e9in aige, faoi mar adeireadh an seandream fad\u00f3. Agus nach mar sin d\u00edreach at\u00e1 s\u00e9 le m\u00ed, n\u00f3 mar sin, anuas, go h\u00e1irithe, \u00f3 thosaigh polaiteoir\u00ed ag st\u00f3c\u00e1il don Reifreann a bheidh ar si\u00fal, ar an dara l\u00e1 de Dheireadh F\u00f3mhair na bliana seo, 2009. Ach, ad\u00e9arfadh duine b\u2019fh\u00e9idir, c\u00e9n cine\u00e1l conartha \u00e9 Conradh seo Lisb\u00f3in, a bhfuil chuile dhuine ag caint faoi, na laethe seo. Bhail! L\u00e9 sc\u00e9al gairid a dh\u00e9anamh de, is \u00e9 at\u00e1 i gceist, n\u00f3 Conradh a chuirfeadh ar chumas an Aontais Eorpaigh a ch\u00farsa\u00ed a reacht\u00e1il n\u00edos fearr, nios daonlatha\u00ed, agus n\u00edos \u00e9ifeachta\u00ed. N\u00f3, de r\u00e9ir mar a chuaigh an tAontas i m\u00e9ad, is amhlaidh a d\u2019\u00e9irigh s\u00e9 n\u00edos deacra c\u00farsa\u00ed riarach\u00e1in a eagr\u00fa ar bhealach \u00e9ifeachtach, s\u00e1s\u00fail, daonlathach.<\/p><p style=\"text-align:center;margin-top:0pt;padding-top:0;margin-bottom:0pt;padding-bottom:0;line-height:2.4\"><strong><span style=\"font-size:18pt\">Bh\u00ed ina raic!<\/span><\/strong><\/p><p style=\"text-align:justify;margin-top:0pt;padding-top:0;margin-bottom:0pt;padding-bottom:0;line-height:2.4\"><span style=\"font-size:14pt\">Nuair a cuireadh Ceist ar Phobal \u00c9ireann faoin gConradh sin, thart ar bhliain \u00f3 shoin, ba \u00e9 an freagra a tugadh, n\u00f3 nach raibh muid s\u00e1sta glacadh leis na gConradh \u00fad Lisb\u00f3in, faoi mar a bh\u00ed. Bhail! Bh\u00ed ina raic l\u00e1ithreach, n\u00f3 ag an am sin, bh\u00ed glactha ag gach \u00e9inne leis an seasamh, go dtitfeadh an Conradh ar fad, d\u00e1 ndi\u00falt\u00f3dh St\u00e1t ar bith d\u00f3. Bh\u00ed go maith, ach chomh luath is a dhi\u00faltaigh Pobal \u00c9ireann d\u00f3, ba sc\u00e9al eile ar fad \u00e9, i measc an lucht Ceannais. Ag an bpointe sin, <\/span><span style=\"font-size:14pt\">d\u00faradh go raibh chuile sheans ann, go bhf\u00e1gfa\u00ed an t\u00edr seo ar an tr\u00e1 fholaimh, d\u00e1 nglacfadh na t\u00edortha eile uilig leis. Cinnte, n\u00ed raibh siad ag smaoineamh ar an gConradh a athdhr\u00e9acht\u00fa, n\u00f3 th\u00f3g s\u00e9 an iomarca ama teacht go dt\u00ed an pointe a bh\u00ed sroichte acu, faoin am sin. <\/span><\/p><p style=\"text-align:justify;margin-top:0pt;padding-top:0;margin-bottom:0pt;padding-bottom:0;line-height:2.4\"><span style=\"font-size:14pt\">Chuaigh an Rialtas s\u2019againne i gcomhairle le Ceannair\u00ed na dt\u00edortha eile san Aontas, agus d\u2019iarr orthu, cead faoi leith a thabhairt don t\u00edr seo \u00e9al\u00f3 \u00f3 dhualgais\u00ed, a tuigeadh a bheith sa Chonradh. Deineadh sin, agus ba \u00e9 deireadh an sc\u00e9il \u00e9, n<\/span><span style=\"font-size:14pt\">\u00f3 go raibh na Ceannair\u00ed \u00fad l\u00e1n-ts\u00e1sta cead a gcinn a thabhairt do na h\u00c9ireannaigh sna c\u00farsa\u00ed sin. Ba \u00e9 deireadh an sc\u00e9il \u00e9, n\u00f3 nach mbeadh aon iachall ar an t\u00edr seo, p\u00e1irt a ghlacadh i gcoga\u00edocht, n\u00f3 in arm\u00e1il, n\u00f3 n\u00ed chuirf\u00ed preas\u00e1il i bhfeidhm sa t\u00edr seo, ach oiread. N\u00ed bheadh cead ag an Aontas, ach oiread, aon chur isteach a dh\u00e9anamh ar dhlithe na t\u00edre seo, chomh fada is a bhain s\u00e9 le c\u00farsai \u00e1irithe mor\u00e1lta, agus a leith\u00e9id. Sea, agus leanfa\u00ed den n\u00f3s a thug Coimisin\u00e9ir buan d\u00e1r gcuid fh\u00e9in d\u00fainn freisin, <\/span><span style=\"font-size:14pt\">n\u00f3 bh\u00edothas me\u00e1ite ar an n\u00f3s sin a athr\u00fa, sa tsl\u00ed nach mbeadh againn feasta ach Coimisin\u00e9ir ar feadh roinnt \u00e1irithe blianta, agus ansin, bhedh muid gan aon Choimisin\u00e9ir ar feadh roinnt \u00e1irithe eile blianta.  Ba \u00e9 a th\u00e1inig as an idirbhearta\u00edocht sa sc\u00e9al seo ar fad, n\u00f3 gur socra\u00edodh ar Choimisin\u00e9ir buan a fh\u00e1gail ag chuile th\u00edr san Aontas, feasta.  Chomh maith leis na socruithe sin, socra\u00edodh freisin, nach mbeadh ar chumas an Aontais \u00edosph\u00e1 \u00e1r n-oibrithe a \u00edsli\u00fa tuilleadh.<\/span><\/p><h1 style=\"text-align:center;margin-top:0pt;padding-top:0;margin-bottom:0pt;padding-bottom:0;line-height:2.4;font-weight:bold;font-size:18pt\">V\u00f3t\u00e1il T\u00c1<\/h1><p style=\"text-align:justify;margin-top:0pt;padding-top:0;margin-bottom:0pt;padding-bottom:0;line-height:2.4\"><span style=\"font-size:14pt\"> Nuair a bhreathna\u00edonn duine ar na socruithe sin uilig, agus nuair a thuigtear chomh fada is a bh\u00ed na t\u00edortha eile s\u00e1sta dul, le Pobal na t\u00edre seo a sh\u00e1samh, tuigtear d\u00fainn, gurb \u00e9 an rud is l\u00fa is gann d\u00fainn a dh\u00e9anamh n\u00f3 V\u00f3t\u00e1il <\/span><strong><span style=\"font-size:14pt\">T\u00c1<\/span><\/strong><span style=\"font-size:14pt\">, an babhta seo.<\/span><\/p><p style=\"text-align:justify;margin-top:0pt;padding-top:0;margin-bottom:0pt;padding-bottom:0;line-height:2.4\"><span style=\"font-size:14pt\">Cuir san \u00e1ireamh anois, an chabhair uilig a bh\u00ed Banc Ceannais na hEorpa s\u00e1sta a chur ar f\u00e1il d\u00fainn sa gh\u00e9irch\u00e9im eacnama\u00edochta ina bhfuilimid s\u00e1innithe, i l\u00e1thair na huaire seo, agus tuigfidh t\u00fa br\u00ed an tseanfhocail adeir, gur in am an gh\u00e1tair a aitn\u00edtear na cairde.<\/span><\/p><p style=\"text-align:justify;margin-top:0pt;padding-top:0;margin-bottom:0pt;padding-bottom:0;line-height:2.4\"><span style=\"font-size:14pt\">Mura bhfuil agat ach pocaide gabhair b\u00ed i l\u00e1r an aonaigh leis. Ba ch\u00f3ir gurb \u00e9 \u00e1r mana feasta bheith i l\u00e1r na hEorpa, le cib\u00e9 \u00e1bhar, n\u00f3 earra, at\u00e1 le d\u00edol againn, agus gheobhaimid luach \u00e1r shaothair uathusan.<\/span><\/p><p style=\"text-align:justify;margin-top:0pt;padding-top:0;margin-bottom:0pt;padding-bottom:0;line-height:2.4\"><span style=\"font-size:14pt\">V\u00f3t\u00e1ilfidh m\u00e9 fh\u00e9in <\/span><strong><span style=\"font-size:14pt\">T\u00c1<\/span><\/strong><span style=\"font-size:14pt\"> l\u00e1 an Reifrinn. C\u00e9ard t\u00e1 f\u00fatsa a dh\u00e9anamh? <\/span><\/p>","protected":false},"excerpt":{"rendered":"<p>I mB\u00e9al an Phobail Peadar Bair\u00e9ad V\u00f3t\u00e1il T\u00c1 Chuile dhuine is a phort fh\u00e9in aige, faoi mar adeireadh an seandream fad\u00f3. Agus nach mar sin d\u00edreach at\u00e1 s\u00e9 le m\u00ed, n\u00f3 mar sin, anuas, go h\u00e1irithe, \u00f3 thosaigh polaiteoir\u00ed ag st\u00f3c\u00e1il don Reifreann a bheidh ar si\u00fal, ar an dara l\u00e1 de Dheireadh F\u00f3mhair na [&hellip;]<\/p>\n","protected":false},"author":2,"featured_media":13435,"comment_status":"open","ping_status":"open","sticky":false,"template":"","format":"standard","meta":{"nf_dc_page":"","_et_pb_use_builder":"","_et_pb_old_content":"","_et_gb_content_width":"","footnotes":""},"categories":[1],"tags":[],"class_list":["post-12747","post","type-post","status-publish","format-standard","has-post-thumbnail","hentry","category-gan-chatagoir"],"_links":{"self":[{"href":"https:\/\/mickgb.com\/ga\/wp-json\/wp\/v2\/posts\/12747","targetHints":{"allow":["GET"]}}],"collection":[{"href":"https:\/\/mickgb.com\/ga\/wp-json\/wp\/v2\/posts"}],"about":[{"href":"https:\/\/mickgb.com\/ga\/wp-json\/wp\/v2\/types\/post"}],"author":[{"embeddable":true,"href":"https:\/\/mickgb.com\/ga\/wp-json\/wp\/v2\/users\/2"}],"replies":[{"embeddable":true,"href":"https:\/\/mickgb.com\/ga\/wp-json\/wp\/v2\/comments?post=12747"}],"version-history":[{"count":1,"href":"https:\/\/mickgb.com\/ga\/wp-json\/wp\/v2\/posts\/12747\/revisions"}],"predecessor-version":[{"id":12748,"href":"https:\/\/mickgb.com\/ga\/wp-json\/wp\/v2\/posts\/12747\/revisions\/12748"}],"wp:featuredmedia":[{"embeddable":true,"href":"https:\/\/mickgb.com\/ga\/wp-json\/wp\/v2\/media\/13435"}],"wp:attachment":[{"href":"https:\/\/mickgb.com\/ga\/wp-json\/wp\/v2\/media?parent=12747"}],"wp:term":[{"taxonomy":"category","embeddable":true,"href":"https:\/\/mickgb.com\/ga\/wp-json\/wp\/v2\/categories?post=12747"},{"taxonomy":"post_tag","embeddable":true,"href":"https:\/\/mickgb.com\/ga\/wp-json\/wp\/v2\/tags?post=12747"}],"curies":[{"name":"wp","href":"https:\/\/api.w.org\/{rel}","templated":true}]}}