{"id":12765,"date":"2017-04-04T11:00:00","date_gmt":"2017-04-04T11:00:00","guid":{"rendered":"https:\/\/mickgb.com\/?p=12765"},"modified":"2024-04-08T01:25:43","modified_gmt":"2024-04-08T01:25:43","slug":"i-mbeal-an-phobail-an-rod-seo-romhainn","status":"publish","type":"post","link":"https:\/\/mickgb.com\/ga\/i-mbeal-an-phobail-an-rod-seo-romhainn\/","title":{"rendered":"I  mB\u00e9al  an  Phobail&#8230; An R\u00f3d seo romhainn"},"content":{"rendered":"<p style=\"text-align:center;margin-top:0pt;padding-top:0;margin-bottom:0pt;padding-bottom:0;line-height:2.4;font-weight:bold;font-size:24pt\">I  mB\u00e9al  an  Phobail<\/p><p style=\"margin-top:0pt;padding-top:0;margin-bottom:0pt;padding-bottom:0;line-height:2.4;font-weight:bold;font-size:24pt\"><span style=\"font-size:14pt\">Peadar Bair\u00e9ad<\/span><\/p><p style=\"text-align:center;margin-top:0pt;padding-top:0;margin-bottom:0pt;padding-bottom:0;line-height:2.4;font-weight:bold;font-size:24pt\"><span style=\"font-size:18pt\">An R\u00f3d seo romhainn<\/span><\/p><p style=\"text-align:justify;margin-top:0pt;padding-top:0;margin-bottom:0pt;padding-bottom:0;line-height:2.4;font-weight:bold;font-size:24pt\"><span style=\"font-size:14pt\">Tharla inniu, go bhfuair m\u00e9 r\u00edomhphost \u00f3 Ph\u00e1draig Mac Fhearghusa, Eagarth\u00f3ir <\/span><span style=\"font-size:14pt\">Feasta<\/span><span style=\"font-size:14pt\">, agus Uachtar\u00e1n <\/span><span style=\"font-size:14pt\">Chonradh na Gaeilge<\/span><span style=\"font-size:14pt\">, agus tuigeadh  dom ar an toirt, d\u00e1 mba mhaith fh\u00e9in, go mba mhithid, n\u00f3 ba \u00e9 an t-\u00e1bhar ar dh\u00edrigh P\u00e1draig \u00e1r n-aire air, n\u00f3&#8230;&#8230;&#8230;&#8230;&#8230;<\/span><\/p><p style=\"text-align:justify;margin-top:0pt;padding-top:0;margin-bottom:0pt;padding-bottom:0;line-height:2.4;font-weight:bold;font-size:24pt\"><span style=\"font-size:14pt\">Ach b\u2019fh\u00e9idir go mba ch\u00f3ir dom d\u00edri\u00fa l\u00e1ithreach ar \u00f3c\u00e1id, agus ar \u00e1bhar, an r\u00edomhphoist ch\u00e9anna sin. Is \u00ed an \u00f3c\u00e1id at\u00e1 i gceist againn, n\u00f3 \u00f3c\u00e1id na dtoghch\u00e1n \u00e9ags\u00fail at\u00e1 ag spreagadh agus ag acl\u00fa aigne agus consias an St\u00e1it s\u2019againne, le scathamh anuas, agus i dtaobh an \u00e1bhair de, bhuel, faoi mar a bheife\u00e1 ag s\u00fail, baineann an t-\u00e1bh<\/span><span style=\"font-size:14pt\">ar sin le ceist agus le todhcha\u00ed na Gaeilge, go h\u00e1irithe todhchai na Gaeilge in\u00e1r gc\u00f3ras oideachais, sna blianta at\u00e1 romhainn amach. Leis na haidhmeanna sin a chur i gcr\u00edch, d\u00edr\u00edonn \u00fadar a r\u00edomhphoist ar roinnt ceisteanna t\u00e1bhachtacha. <\/span><\/p><p style=\"text-align:justify;margin-top:0pt;padding-top:0;margin-bottom:0pt;padding-bottom:0;line-height:2.4;font-weight:bold;font-size:24pt\"><span style=\"font-size:14pt\">D\u00edrionn an ch\u00e9ad cheist ar pholasa\u00ed an luath-thumoideachais, faoi mar a theastaigh \u00f3n\u00e1r nGaelscoileanna \u00e9 a chur i gcr\u00edch, sna bunranganna at\u00e1 faoina gc\u00faram. Bhuel! Chuir an Rialtas s\u2019againne cr\u00edoch leis an bpolasa\u00ed c\u00e9anna sin tr\u00ed chiorcl\u00e1n a d\u2019eisigh an Roinn Oideachais sa <\/span><span style=\"font-size:14pt\">bhliain 2007, &#8211; Ciorcl\u00e1n 44\/\u201907, a baisteadh air &#8211; Anois, scr\u00edobh m\u00e9 fh\u00e9in p\u00edosa anseo i mB\u00e9al an Phobail, faoi na <\/span><span style=\"font-size:14pt\">c\u00farsa\u00ed c\u00e9anna sin i nDeireadh F\u00f3mhair na bliana 2007, agus seo mar a chuir m\u00e9 t\u00fas leis an bp\u00edosa sin&#8230;..<\/span><\/p><p style=\"margin-top:0pt;padding-top:0;margin-bottom:0pt;padding-bottom:0;line-height:2.4;margin-left:36pt\"><span style=\"height:1em\"><span>.<\/span><\/span><\/p><h1 style=\"text-align:center;margin-top:0pt;padding-top:0;margin-bottom:0pt;padding-bottom:0;line-height:2.4;font-weight:bold;font-size:18pt;margin-left:36pt\"><em>\u201cCiorcl\u00e1n  44\/07\u201d<\/em><\/h1><p style=\"text-align:justify;margin-top:0pt;padding-top:0;margin-bottom:0pt;padding-bottom:0;line-height:2.4;margin-left:36pt\"><strong><span style=\"font-size:14pt\"><em>Nach beag Gaeilgeoir sa t\u00edr n\u00e1r chuala tr\u00e1cht eic\u00ednt, faoin am seo, ar an gCiorcl\u00e1n cinni\u00fanach \u00fad, 44\/07, agus murar chuala, chuile sheans go gcloisfidh siad faoi, sna laethe at\u00e1 romhainn amach.<\/em><\/span><\/strong><\/p><p style=\"text-align:justify;margin-top:0pt;padding-top:0;margin-bottom:0pt;padding-bottom:0;line-height:2.4;margin-left:36pt\"><strong><span style=\"font-size:14pt\"><em>C\u00e9ard \u00e9 fh\u00e9in, an ea?<\/em><\/span><\/strong><\/p><p style=\"text-align:justify;margin-top:0pt;padding-top:0;margin-bottom:0pt;padding-bottom:0;line-height:2.4;font-style:italic;font-size:14pt;margin-left:36pt\"><strong>Ciorcl\u00e1n a sheol an tAire Oideachais agus Eola\u00edochta chuig na Scoileanna l\u00e1n-Ghaeilge, tamall \u00f3 shin, ag cur ar a s\u00faile d\u00f3ibh, nach mbeadh s\u00e9 ceadmhach feasta, luath-thumoideachas ioml\u00e1n sa Ghaeilge a \u00fas\u00e1id i ranganna na\u00edon\u00e1n sna Scoileanna Gaeltachta agus sna Scoileanna l\u00e1n-Ghaeilge. N\u00ed call dom a r\u00e1, go gcuireann \u00fadar\u00e1is na Scoileanna c\u00e9anna sin go tr\u00e9an i gcoinne chinneadh \u00fad an Aire.<\/strong><\/p><p style=\"text-align:justify;margin-top:0pt;padding-top:0;margin-bottom:0pt;padding-bottom:0;line-height:2.4;font-style:italic;font-size:14pt\">Ag deireadh na haiste sin, mhol m\u00e9 go nd\u00e9anfa\u00ed an Ciorcl\u00e1n \u00fad a aistharraingt, n\u00f3 ba \u00e9 dearcadh \u00dadar\u00e1s na nGaelscoileanna n\u00f3 go mba fheili\u00fanach, agus go mba \u00e9ifeachtach, an modh m\u00fainte \u00e9 an luath-thumoideachas do dhalta\u00ed na mbunranganna i scoileanna d\u00e1 leith\u00e9id.<\/p><p style=\"text-align:center;margin-top:0pt;padding-top:0;margin-bottom:0pt;padding-bottom:0;line-height:2.4;font-style:italic;font-size:14pt\"><strong><span style=\"font-size:18pt\">N\u00edor tharla tada!<\/span><\/strong><\/p><p style=\"text-align:justify;margin-top:0pt;padding-top:0;margin-bottom:0pt;padding-bottom:0;line-height:2.4;font-style:italic;font-size:14pt\">N\u00ed g\u00e1 dhom a r\u00e1, n\u00e1r deineadh tada d\u00e1 leith\u00e9id, agus go bhfuil an Ciorcl\u00e1n c\u00e9anna sin i r\u00e9im f\u00f3s. Bhuel! is \u00e9 tuairim Uachtar\u00e1n an Chonartha anois, go bhfuil an t-am feili\u00fanach le glaoch ar an Aire an Ciorcl\u00e1n a aistharraingt, agus \u00f3 tharla go bhfuil toghch\u00e1in an doras isteach chugainn, i dt\u00fas na m\u00edosa seo chugainn, n\u00e1r ch\u00f3ir d\u00fainn an sc\u00e9al a leagan os comhair na n-Iarrth\u00f3ir\u00ed a bheidh ag teacht chugainn, l\u00e1 ar bith feasta, ag iarraidh orainn v\u00f3t\u00e1il ar a son?<\/p><p style=\"text-align:justify;margin-top:0pt;padding-top:0;margin-bottom:0pt;padding-bottom:0;line-height:2.4;font-style:italic;font-size:14pt\">D\u00e9arfaidh na hIarrth\u00f3ir\u00ed, b\u2019fh\u00e9idir, gur cheist \u00ed sin don D\u00e1il, agus nach bhfuil cumhacht ar bith ag na h\u00dadar\u00e1is \u00c1iti\u00fala sna c\u00farsa\u00ed sin. An ceart ar fad acu sa mh\u00e9id sin, ach ag an am gc\u00e9anna, is ceist pholait\u00edochta \u00ed, a bhfuil suim ag chuile phobal sa t\u00edr inti, agus chomh maith le sin, nach bhfuil ceist na nGaelscoileanna ina chloch, ar phaidr\u00edn chuile phobal sa t\u00edr? Agus m\u00e1s f\u00e9idir suim na n-Iarrth\u00f3ir\u00ed \u00c1iti\u00fala a mh\u00fascailt sa sc\u00e9al seo, chuile sheans, go mbeidh ar a gcumas-san t\u00e1bhacht na ceiste seo, a chur ar a s\u00faile d\u00f3ibh si\u00fad, a bhfuil c\u00f3na\u00ed orthu fan l\u00e1na\u00ed na cumhachta.  <\/p><p style=\"text-align:center;margin-top:0pt;padding-top:0;margin-bottom:0pt;padding-bottom:0;line-height:2.4;font-style:italic;font-size:14pt\"><strong><span style=\"font-size:18pt\">Anois an t-am<\/span><\/strong><\/p><p style=\"text-align:justify;margin-top:0pt;padding-top:0;margin-bottom:0pt;padding-bottom:0;line-height:2.4;font-style:italic;font-size:14pt\">N\u00edl aon am le cailleadh againn, n\u00f3 ta muid ag druidim, faoi dheifir, le cr\u00edoch an chluiche. Anois an t-am le cib\u00e9 m\u00e1mh at\u00e1 sa l\u00e1mh againn a imirt, ag s\u00fail go n-\u00e9ireoidh linn.<\/p><p style=\"text-align:justify;margin-top:0pt;padding-top:0;margin-bottom:0pt;padding-bottom:0;line-height:2.4;font-style:italic;font-size:14pt\">N\u00ed g\u00e1 a r\u00e1, go raibh tuilleadh maith m\u00f3r sa r\u00edomhphost c\u00e9anna sin, ach nach leor an m\u00e9id sin do thuras na huaire seo? B\u2019fh\u00e9idir go nd\u00e9anf\u00e1sa freisin do mharana ar an sc\u00e9al, sna laethe at\u00e1 romhainn amach, agus gur mhaith leat bleid a bhualadh ar na cuairteoir\u00ed polait\u00edochta a thiocfaidh ar chuairt chugatsa?<\/p><p style=\"text-align:center;margin-top:0pt;padding-top:0;margin-bottom:0pt;padding-bottom:0;line-height:2.4;font-weight:bold;font-size:24pt;margin-left:36pt\"><span style=\"height:1em\"><span>.<\/span><\/span><\/p><p style=\"text-align:center;margin-top:0pt;padding-top:0;margin-bottom:0pt;padding-bottom:0;line-height:2.4\"><span style=\"height:1em\"><span>.<\/span><\/span><\/p>","protected":false},"excerpt":{"rendered":"<p>I mB\u00e9al an Phobail Peadar Bair\u00e9ad An R\u00f3d seo romhainn Tharla inniu, go bhfuair m\u00e9 r\u00edomhphost \u00f3 Ph\u00e1draig Mac Fhearghusa, Eagarth\u00f3ir Feasta, agus Uachtar\u00e1n Chonradh na Gaeilge, agus tuigeadh dom ar an toirt, d\u00e1 mba mhaith fh\u00e9in, go mba mhithid, n\u00f3 ba \u00e9 an t-\u00e1bhar ar dh\u00edrigh P\u00e1draig \u00e1r n-aire air, n\u00f3&#8230;&#8230;&#8230;&#8230;&#8230; Ach b\u2019fh\u00e9idir go [&hellip;]<\/p>\n","protected":false},"author":2,"featured_media":13435,"comment_status":"open","ping_status":"open","sticky":false,"template":"","format":"standard","meta":{"nf_dc_page":"","_et_pb_use_builder":"","_et_pb_old_content":"","_et_gb_content_width":"","footnotes":""},"categories":[1],"tags":[],"class_list":["post-12765","post","type-post","status-publish","format-standard","has-post-thumbnail","hentry","category-gan-chatagoir"],"_links":{"self":[{"href":"https:\/\/mickgb.com\/ga\/wp-json\/wp\/v2\/posts\/12765","targetHints":{"allow":["GET"]}}],"collection":[{"href":"https:\/\/mickgb.com\/ga\/wp-json\/wp\/v2\/posts"}],"about":[{"href":"https:\/\/mickgb.com\/ga\/wp-json\/wp\/v2\/types\/post"}],"author":[{"embeddable":true,"href":"https:\/\/mickgb.com\/ga\/wp-json\/wp\/v2\/users\/2"}],"replies":[{"embeddable":true,"href":"https:\/\/mickgb.com\/ga\/wp-json\/wp\/v2\/comments?post=12765"}],"version-history":[{"count":1,"href":"https:\/\/mickgb.com\/ga\/wp-json\/wp\/v2\/posts\/12765\/revisions"}],"predecessor-version":[{"id":12766,"href":"https:\/\/mickgb.com\/ga\/wp-json\/wp\/v2\/posts\/12765\/revisions\/12766"}],"wp:featuredmedia":[{"embeddable":true,"href":"https:\/\/mickgb.com\/ga\/wp-json\/wp\/v2\/media\/13435"}],"wp:attachment":[{"href":"https:\/\/mickgb.com\/ga\/wp-json\/wp\/v2\/media?parent=12765"}],"wp:term":[{"taxonomy":"category","embeddable":true,"href":"https:\/\/mickgb.com\/ga\/wp-json\/wp\/v2\/categories?post=12765"},{"taxonomy":"post_tag","embeddable":true,"href":"https:\/\/mickgb.com\/ga\/wp-json\/wp\/v2\/tags?post=12765"}],"curies":[{"name":"wp","href":"https:\/\/api.w.org\/{rel}","templated":true}]}}