{"id":12791,"date":"2017-04-04T11:00:00","date_gmt":"2017-04-04T11:00:00","guid":{"rendered":"https:\/\/mickgb.com\/?p=12791"},"modified":"2024-04-08T01:27:52","modified_gmt":"2024-04-08T01:27:52","slug":"i-mbeal-an-phobail-5","status":"publish","type":"post","link":"https:\/\/mickgb.com\/ga\/i-mbeal-an-phobail-5\/","title":{"rendered":"I  mB\u00e9al  an  Phobail"},"content":{"rendered":"<p style=\"text-align:center;margin-top:0pt;padding-top:0;margin-bottom:0pt;padding-bottom:0;line-height:2.4;font-weight:bold;font-size:22pt\">I  mB\u00e9al  an  Phobail<\/p><p style=\"margin-top:0pt;padding-top:0;margin-bottom:0pt;padding-bottom:0;line-height:2.4;font-size:14pt\">Peadar Bair\u00e9ad<\/p><h1 style=\"text-align:center;margin-top:0pt;padding-top:0;margin-bottom:0pt;padding-bottom:0;line-height:2.4;font-weight:bold;font-size:18pt\">Tadhg an d\u00e1 Thaobh<\/h1><p style=\"text-align:justify;margin-top:0pt;padding-top:0;margin-bottom:0pt;padding-bottom:0;line-height:2.4;font-size:14pt\">Breis is m\u00ed \u00f3 shoin anois, bh\u00ed p\u00edosa\u00ed le l\u00e9amh ar ph\u00e1ip\u00e9ar \u00e1irithe, faoi \u00edsli\u00fa p\u00e1 agus an Garda S\u00edoch\u00e1na.  <\/p><p style=\"text-align:justify;margin-top:0pt;padding-top:0;margin-bottom:0pt;padding-bottom:0;line-height:2.4\"><span style=\"font-size:14pt\">C\u00e9ard a bh\u00ed i gceist sna p\u00edosa\u00ed c\u00e9anna sin, an ea?<\/span><\/p><p style=\"text-align:justify;margin-top:0pt;padding-top:0;margin-bottom:0pt;padding-bottom:0;line-height:2.4\"><span style=\"font-size:14pt\">Bhail! Bh\u00ed seo. D\u00faradh go raibh an \u00edsli\u00fa p\u00e1 sin ag cur as go m\u00f3r do bhaill an Gharda S\u00edoch\u00e1na, go h\u00e1irithe do na baill \u00f3ga, a bh\u00ed ar ph\u00e1 \u00edseal go maith, cheana f\u00e9in, agus d\u00e1 leanfa\u00ed leis an bpolasa\u00ed m\u00edchiallmhar sin, go mbeadh baol ann, go bhf\u00e9adfadh coirpigh ghairmi\u00fala f\u00e1bhar na mball sin a cheannacht, tr\u00ed bhreabaireacht.<\/span><\/p><p style=\"text-align:justify;margin-top:0pt;padding-top:0;margin-bottom:0pt;padding-bottom:0;line-height:2.4\"><span style=\"font-size:14pt\">Caithfidh m\u00e9 a admh\u00e1il gur bheag n\u00e1r bhain an raiteas c\u00e9anna sin an an\u00e1il d\u00edom! agus n\u00edos measa f\u00f3s, ba cheannair\u00ed cheardchumainn na ngarda\u00ed a dhearbhaigh a leith\u00e9id, de r\u00e9ir an nuacht\u00e1in ch\u00e9anna sin. <\/span><\/p><p style=\"text-align:justify;margin-top:0pt;padding-top:0;margin-bottom:0pt;padding-bottom:0;line-height:2.4\"><span style=\"font-size:14pt\">C\u00e9ard a bh\u00ed i gceist sa dearcadh sin, an ea?<\/span><\/p><h1 style=\"text-align:center;margin-top:0pt;padding-top:0;margin-bottom:0pt;padding-bottom:0;line-height:2.4;font-weight:bold;font-size:18pt\">Go dt\u00ed na Cluasa!<\/h1><p style=\"text-align:justify;margin-top:0pt;padding-top:0;margin-bottom:0pt;padding-bottom:0;line-height:2.4\"><span style=\"font-size:14pt\">Bhail! Bh\u00ed seo. \u00d3 tharla go raibh c\u00farsa\u00ed eacnama\u00edochta na t\u00edre seo s\u00e1ite go dt\u00ed na cluasa i dtriobl\u00f3id, agus \u00f3 tharla go raibh ar an Rialtas chuile iarracht a dh\u00e9anamh le sinn a thabhairt i dt\u00edr sl\u00e1n s\u00e1bh\u00e1ilte as an bpuiteach maraitheach sin, n\u00ed raibh an dara rogha acu, ach p\u00e1 agus li\u00fantais a n-oibrithe a \u00edsli\u00fa. Agus i nd\u00e1ir\u00edre, m\u00e1s uainn talamh sl\u00e1n a shroichint go luath, caithfidh chuile dhuine <\/span><span style=\"font-size:14pt\">againn a chion fh\u00e9in a dh\u00e9anamh, ar mhaithe leis an bpobal fr\u00ed ch\u00e9ile. Arbh \u00e9 a bh\u00ed \u00e1 r\u00e1 sa r\u00e1iteas \u00fad, n\u00f3 nach raibh na Garda\u00ed s\u00e1sta a gcion fh\u00e9in a dh\u00e9anamh i gcosaint an phobail s\u2019againne? Mar, d\u00e1 mba ea, c\u00e9 bhronn an tseamair Mhuire orthusan? N\u00f3 c\u00e9 d\u00fairt leo taobh\u00fa le taobh amh\u00e1in, seachas an taobh eile, sa choga\u00edocht bhuan idir dhl\u00ed agus cheart, ar thaobh amh\u00e1in, agus coirpeacht agus fealltacht, ar an dtaobh eile.<\/span><\/p><p style=\"text-align:justify;margin-top:0pt;padding-top:0;margin-bottom:0pt;padding-bottom:0;line-height:2.4\"><span style=\"font-size:14pt\">An i nd\u00e1ir\u00edre at\u00e1 siad?<\/span><\/p><h1 style=\"text-align:center;margin-top:0pt;padding-top:0;margin-bottom:0pt;padding-bottom:0;line-height:2.4;font-weight:bold;font-size:18pt\">Ag coga\u00edocht le Coirpigh<\/h1><p style=\"text-align:justify;margin-top:0pt;padding-top:0;margin-bottom:0pt;padding-bottom:0;line-height:2.4\"><span style=\"font-size:14pt\">D\u00e9arfainn n\u00e1rbh ea, n\u00f3 an bhfuil aon dream sa t\u00edr seo, a chaitheann a laethe agus an n-o\u00edcheanta, d\u00e1 nd\u00e9arfainn \u00e9, ag coga\u00edocht le coirpigh, agus iad ag iarraidh Cothrom na F\u00e9inne a chur ar f\u00e1il do chuile shaor\u00e1nach. An gceapann t\u00fa go bhf\u00e9<\/span><span style=\"font-size:14pt\">adfadh duine d\u00e1 leith\u00e9id, seal a chaitheamh, ag taobh\u00fa leis an dtaobh eile?<\/span><\/p><p style=\"text-align:justify;margin-top:0pt;padding-top:0;margin-bottom:0pt;padding-bottom:0;line-height:2.4\"><span style=\"font-size:14pt\">N\u00ed chreidfinn \u00e9, agus chomh fada is a d\u2019fheicfid\u00eds go raibh an St\u00e1t ag tabhairt Cothrom na F\u00e9inne d\u00f3ibh fhein, agus go raibh an t-ualach c\u00e9anna \u00e1 iompar ag chuile shaor\u00e1nach eile, bhail, n\u00ed chreidfinn go bhf\u00e9adfadh garda ar bith a phost a thr\u00e9igint sa choga\u00edocht i gcoinne na gcoirpeach.<\/span><\/p><p style=\"text-align:justify;margin-top:0pt;padding-top:0;margin-bottom:0pt;padding-bottom:0;line-height:2.4\"><span style=\"font-size:14pt\">Ach c\u00e9ard faoi na cinnl\u00ednte ar an nuacht\u00e1n \u00fad, m\u00e1 sea?<\/span><\/p><p style=\"text-align:justify;margin-top:0pt;padding-top:0;margin-bottom:0pt;padding-bottom:0;line-height:2.4\"><span style=\"font-size:14pt\">Diabhal a bh\u00ed iontu ach, cinnl\u00ednte ar nuacht\u00e1n, agus n\u00ed cinnl\u00ednte a dhr\u00e9achtann polasa\u00ed an Gharda S\u00edoch\u00e1na, d\u00e9arfainn.<\/span><\/p><p style=\"text-align:justify;margin-top:0pt;padding-top:0;margin-bottom:0pt;padding-bottom:0;line-height:2.4\"><span style=\"font-size:14pt\">Sea, agus taobh amuigh de na cinnl\u00ednte c\u00e9anna sin, t\u00e1 sc\u00e9al eile a sn\u00edomhtar isteach sna nuacht\u00e1in, \u00f3 am go ch\u00e9ile, freisin, faoi ch\u00farsa\u00ed ioncaim.<\/span><\/p><p style=\"text-align:justify;margin-top:0pt;padding-top:0;margin-bottom:0pt;padding-bottom:0;line-height:2.4\"><span style=\"font-size:14pt\">Agus c\u00e9ard \u00e9 fh\u00e9in, an ea?<\/span><\/p><p style=\"text-align:justify;margin-top:0pt;padding-top:0;margin-bottom:0pt;padding-bottom:0;line-height:2.4\"><span style=\"font-size:14pt\">Bhail, t\u00e1 daoine \u00e1irithe sa t\u00edr seo, a shaothra\u00edonn lab m\u00f3r airgid, in aghaidh na bliana, agus is \u00e9 a theasta\u00edonn uathusan, n\u00f3 greim d\u00faide a choinne\u00e1il ar an airgead c\u00e9anna sin, agus c\u00e9 go mb\u00edonn ar an gcosmhuintir glacadh le h\u00edsli\u00fa p\u00e1, le fadhb airgid na t\u00edre a leigheas, tuigtear do na daoine saibhre seo, nach bhfuil dualgas ar bith orthusan a gcion fh\u00e9in a dh\u00e9anamh, leis an ng\u00e9irch\u00e9im sin a sh\u00e1r\u00fa, agus n\u00edl a leath fh\u00e9in s\u00e1sta dul i gcomhar leis an bpobal s\u2019againne, leis an bpoll dubh sin in \u00e1r mbuis\u00e9ad a<\/span><span style=\"font-size:14pt\"> l\u00edonadh.<\/span><strong><span style=\"font-size:18pt\"> <\/span><\/strong><\/p><h1 style=\"text-align:center;margin-top:0pt;padding-top:0;margin-bottom:0pt;padding-bottom:0;line-height:2.4;font-weight:bold;font-size:18pt\">Ag cruinni\u00fa na Leithsc\u00e9al<\/h1><p style=\"text-align:justify;margin-top:0pt;padding-top:0;margin-bottom:0pt;padding-bottom:0;line-height:2.4\"><span style=\"font-size:14pt\">Agus an bhfuil leithsc\u00e9al ar bith ag na daoine seo as gan a gcion fh\u00e9in a dh\u00e9anamh i r\u00e9 seo \u00e1r nganntain?<\/span><\/p><p style=\"text-align:justify;margin-top:0pt;padding-top:0;margin-bottom:0pt;padding-bottom:0;line-height:2.4\"><span style=\"font-size:14pt\">T\u00e1, mh\u2019anam, agus dh\u00e1 leithsc\u00e9al! Ach ar\u00eds, is leithsc\u00e9alta iad a bhfuil a dt\u00f3in leo! N\u00f3 ma\u00edonn siad i dtosach, go mbeadh an baol ann, go nd\u00e9anfadh t\u00edr \u00e9igin eile iad a ph\u00f3itse\u00e1il uainn, mura mbeadh an phingin is airde \u00e1 fh\u00e1il acu uainne! Sin, n\u00f3 ar an dara dul s\u00edos, d\u00e1r le roinnt eile de na daoine cumhachtacha seo, go mbeadh an baol ann, go nglacfadh roinnt \u00e1irithe d\u00e1 mbaill breabanna, go h\u00e1irithe, breabanna \u00f3 choirpigh. Is beag uisce a choinneodh ceachtar den d\u00e1 leithsc\u00e9al sin, d\u00e1 mba channa\u00ed st\u00e1in iad! <\/span><span style=\"font-size:14pt\">M\u00e1 tharla\u00edonn go bhfuil postanna den  scoth  acu, agus m\u00e1 \u00edoctar go maith iad as dualgais\u00ed an phoist sin a choimhl\u00edonadh, bhail! nach \u00e9 is l\u00fa is gann d\u00fainn a bheith ag s\u00fail uathu, n\u00f3 go nglacfadh siad go fonnmhar le h\u00edsli\u00fa p\u00e1, chomh maith le duine, agus gan a <\/span><span style=\"font-size:14pt\">bheith ag cruinni\u00fa na leithsc\u00e9al roimh r\u00e9, ar eagla go n-iarrfa\u00ed orthu a ndea-shaor\u00e1ntacht a chruth\u00fa in am an gh\u00e1tair. B\u2019fh\u00e9idir gur leor sin do thuras na huaire seo, n\u00f3 n\u00ed tr\u00e1th cainte \u00e9, ach tr\u00e1th d\u00e1ir\u00edreachta agus gn\u00edmh.                             <\/span><span style=\"font-size:14pt\">&nbsp;&nbsp;&nbsp;&nbsp;&nbsp;&nbsp;&nbsp;&nbsp;&nbsp;&nbsp;&nbsp;&nbsp;&nbsp;&nbsp;&nbsp;&nbsp;&nbsp;&nbsp;&nbsp;&nbsp;&nbsp;&nbsp;&nbsp;&nbsp;&nbsp;&nbsp;&nbsp;&nbsp;&nbsp;&nbsp;&nbsp;&nbsp;&nbsp;&nbsp;&nbsp;&nbsp;&nbsp;&nbsp;&nbsp;&nbsp;&nbsp;&nbsp;&nbsp;&nbsp;&nbsp;&nbsp;&nbsp;&nbsp;&nbsp;&nbsp;&nbsp;&nbsp;&nbsp;&nbsp;&nbsp;&nbsp;&nbsp;&nbsp;&nbsp;&nbsp;&nbsp;&nbsp;&nbsp;&nbsp;&nbsp;&nbsp;&nbsp;&nbsp;&nbsp;&nbsp;&nbsp;&nbsp;&nbsp;&nbsp;&nbsp;&nbsp;&nbsp;&nbsp;&nbsp;&nbsp;&nbsp;&nbsp;&nbsp;&nbsp;&nbsp;&nbsp;&nbsp;&nbsp;&nbsp;&nbsp;&nbsp;&nbsp;&nbsp;&nbsp;&nbsp;&nbsp;&nbsp;&nbsp;&nbsp;&nbsp;&nbsp;&nbsp;&nbsp;&nbsp;&nbsp;&nbsp;&nbsp;&nbsp;&nbsp;&nbsp;&nbsp;&nbsp;&nbsp;&nbsp;&nbsp;&nbsp;&nbsp;&nbsp;&nbsp;&nbsp;&nbsp;&nbsp;&nbsp;&nbsp;&nbsp;&nbsp;&nbsp;&nbsp;&nbsp;&nbsp;&nbsp;&nbsp;&nbsp;&nbsp;&nbsp;&nbsp;&nbsp;&nbsp;&nbsp;&nbsp;&nbsp;&nbsp;&nbsp;&nbsp;&nbsp;&nbsp;&nbsp;&nbsp;&nbsp;&nbsp;&nbsp;&nbsp;&nbsp;&nbsp;&nbsp;&nbsp;&nbsp;&nbsp;&nbsp;&nbsp;&nbsp;&nbsp;&nbsp;&nbsp;&nbsp;&nbsp;&nbsp;&nbsp;&nbsp;&nbsp;&nbsp;&nbsp;&nbsp;&nbsp;&nbsp;&nbsp;&nbsp;&nbsp;&nbsp;&nbsp;&nbsp;&nbsp;&nbsp;&nbsp;&nbsp;&nbsp;&nbsp;&nbsp;&nbsp;&nbsp;&nbsp;&nbsp;&nbsp;&nbsp;&nbsp;&nbsp;&nbsp;&nbsp;&nbsp;&nbsp;&nbsp;&nbsp;&nbsp;&nbsp;&nbsp;<\/span><\/p>","protected":false},"excerpt":{"rendered":"<p>I mB\u00e9al an Phobail Peadar Bair\u00e9ad Tadhg an d\u00e1 Thaobh Breis is m\u00ed \u00f3 shoin anois, bh\u00ed p\u00edosa\u00ed le l\u00e9amh ar ph\u00e1ip\u00e9ar \u00e1irithe, faoi \u00edsli\u00fa p\u00e1 agus an Garda S\u00edoch\u00e1na. C\u00e9ard a bh\u00ed i gceist sna p\u00edosa\u00ed c\u00e9anna sin, an ea? Bhail! Bh\u00ed seo. D\u00faradh go raibh an \u00edsli\u00fa p\u00e1 sin ag cur as go [&hellip;]<\/p>\n","protected":false},"author":2,"featured_media":13435,"comment_status":"open","ping_status":"open","sticky":false,"template":"","format":"standard","meta":{"nf_dc_page":"","_et_pb_use_builder":"","_et_pb_old_content":"","_et_gb_content_width":"","footnotes":""},"categories":[1],"tags":[],"class_list":["post-12791","post","type-post","status-publish","format-standard","has-post-thumbnail","hentry","category-gan-chatagoir"],"_links":{"self":[{"href":"https:\/\/mickgb.com\/ga\/wp-json\/wp\/v2\/posts\/12791","targetHints":{"allow":["GET"]}}],"collection":[{"href":"https:\/\/mickgb.com\/ga\/wp-json\/wp\/v2\/posts"}],"about":[{"href":"https:\/\/mickgb.com\/ga\/wp-json\/wp\/v2\/types\/post"}],"author":[{"embeddable":true,"href":"https:\/\/mickgb.com\/ga\/wp-json\/wp\/v2\/users\/2"}],"replies":[{"embeddable":true,"href":"https:\/\/mickgb.com\/ga\/wp-json\/wp\/v2\/comments?post=12791"}],"version-history":[{"count":1,"href":"https:\/\/mickgb.com\/ga\/wp-json\/wp\/v2\/posts\/12791\/revisions"}],"predecessor-version":[{"id":12792,"href":"https:\/\/mickgb.com\/ga\/wp-json\/wp\/v2\/posts\/12791\/revisions\/12792"}],"wp:featuredmedia":[{"embeddable":true,"href":"https:\/\/mickgb.com\/ga\/wp-json\/wp\/v2\/media\/13435"}],"wp:attachment":[{"href":"https:\/\/mickgb.com\/ga\/wp-json\/wp\/v2\/media?parent=12791"}],"wp:term":[{"taxonomy":"category","embeddable":true,"href":"https:\/\/mickgb.com\/ga\/wp-json\/wp\/v2\/categories?post=12791"},{"taxonomy":"post_tag","embeddable":true,"href":"https:\/\/mickgb.com\/ga\/wp-json\/wp\/v2\/tags?post=12791"}],"curies":[{"name":"wp","href":"https:\/\/api.w.org\/{rel}","templated":true}]}}