{"id":12809,"date":"2017-04-04T11:00:00","date_gmt":"2017-04-04T11:00:00","guid":{"rendered":"https:\/\/mickgb.com\/?p=12809"},"modified":"2024-04-08T01:06:03","modified_gmt":"2024-04-08T01:06:03","slug":"i-mbeal-an-phobail-rtfan-tiogar","status":"publish","type":"post","link":"https:\/\/mickgb.com\/ga\/i-mbeal-an-phobail-rtfan-tiogar\/","title":{"rendered":"I  mB\u00e9al  an  Phobail.rtfAn Tiogar"},"content":{"rendered":"<p style=\"text-align:center;margin-top:0pt;padding-top:0;margin-bottom:0pt;padding-bottom:0;line-height:2.4;font-size:14pt\"><strong><span style=\"font-size:20pt\">Ar  Dhroim  an  T\u00edogair !<\/span><\/strong><\/p><p style=\"text-align:center;margin-top:0pt;padding-top:0;margin-bottom:0pt;padding-bottom:0;line-height:2.4;font-size:14pt\"><span style=\"height:1em\"><span>.<\/span><\/span><\/p><p style=\"text-align:justify;margin-top:0pt;padding-top:0;margin-bottom:0pt;padding-bottom:0;line-height:2.4;font-size:14pt\"><span style=\"font-size:12pt\">Nach beag duine sa t\u00edr seo n\u00e1r bhain \u00fas\u00e1id as an leagan cainte sin, \u201cEacnama\u00edocht an T\u00edogair Cheiltigh\u201d<\/span><span style=\"font-size:12pt\">, agus iad ag iaraidh cur s\u00edos a dh\u00e9anamh ar an dul chun cinn \u00e9achtach eacnama\u00edoch a deineadh anseo in \u00c9irinn, le sc\u00f3r de bhlianta dra\u00edochta anuas. N\u00ed g\u00e1 a r\u00e1, n\u00e1rbh \u00ed eacnama\u00edocht na h\u00c9ireann an ch\u00e9ad eacnama\u00edocht ar baisteadh ainm d\u00e1 leith\u00e9id uirthi. Mar is eol do ch\u00e1ch anois, ba th\u00edortha sa ChianOirthir a thuill an gradam sin a ch\u00e9aduair. N\u00ed g\u00e1 a r\u00e1, ach oiread, go bhfuil roinnt mhaith d\u00e1r ndaonra, a fheictear d\u00f3ibh, gur mar sin a bh\u00ed c\u00farsa\u00ed le sinsearacht, ach, t\u00e1 in\u00e1r measc, roinnt mhaith daoine a d\u2019fh<\/span><span style=\"font-size:12pt\">\u00e9adfadh iad si\u00fad a chur ar an eolas, gan m\u00f3r\u00e1n moille, n\u00f3 n\u00edl s\u00e9 chomh fada sin \u00f3 shoin, nuair a bh\u00ed eacnama\u00edocht na t\u00edre seo ina chiseach cheart chr\u00edochnaithe. Agus sin sc\u00e9al n\u00e1r ch\u00f3ir d\u00fainn dearmad a dh\u00e9anamh de, n\u00f3 is miath is cuimhin le cuid againn na laethe \u00fad, nuair nach raibh m\u00f3r\u00e1n thar an anr\u00f3, le f\u00e1il sa t\u00edr s\u2019againne, agus go mb\u2019\u00e9igean d\u00e1r ndaoine \u00f3ga dul thar lear ar th\u00f3ir oibre. Sea, agus n\u00e1r tuigeadh do roinnt d\u00e1r bpolaiteoir\u00ed, ag an am, go raibh an iomarca daoine ag iarraidh cur f\u00fathu i gCr\u00edoc<\/span><span style=\"font-size:12pt\">h seo Fodla, agus don t\u00e9 a raibh s\u00e1 d\u2019\u00e1dh air post a fh\u00e1il sa t\u00edr seo an tr\u00e1th \u00fad, bh\u00ed air ualach trom c\u00e1nach a iompar, n\u00f3 d\u00e1 mbeadh pingneacha measartha \u00e1 shaothr\u00fa aige, ghearrfadh an St\u00e1t c\u00e1in de tharraingt ar 60% d\u00e1 thuarastal air. <\/span><\/p><p style=\"text-align:center;margin-top:0pt;padding-top:0;margin-bottom:0pt;padding-bottom:0;line-height:2.4;font-size:14pt\"><strong>Bonn  Leathair!<\/strong><\/p><p style=\"text-align:justify;margin-top:0pt;padding-top:0;margin-bottom:0pt;padding-bottom:0;line-height:2.4;font-size:14pt\"><span style=\"font-size:12pt\">Sea, agus nach bhfuil bonn leathair tuillte ag na saor\u00e1naigh \u00fad a choinnigh pingneacha i gciste an Stait, i rith bhlianta gortacha \u00fad an ghanntain. Agus leis an sc\u00e9al a dh\u00e9anamh n\u00edos measa, bh\u00ed roinnt mhaith daoine, a raibh pingin mhaith \u00e1 shaothr\u00fa acu, agus fuair siadsan beala\u00ed \u00e9ags\u00fala cama, le d\u00edol na c\u00e1nach troime sin a sheachaint, go hiond\u00fail tr\u00ed airgead a infheisti\u00fa i dt\u00edortha thar lear, t\u00edortha nach ngearrfadh c\u00e1in ar bith orthu si\u00fad a d\u2019infheistigh a gcuid airgid leo.<\/span><\/p><p style=\"text-align:justify;margin-top:0pt;padding-top:0;margin-bottom:0pt;padding-bottom:0;line-height:2.4;font-size:14pt\"><span style=\"font-size:12pt\">Tuigeadh d\u00fainn uilig go raibh deireadh go deo leis na laethe sin, agus leis na n\u00f3sanna sin, ach, d\u00e1r mh\u2019anam! go raibh breall orainn, n\u00f3 nach bhfuil Comhlachta\u00ed St\u00e1it againn i l\u00e1thair na huaire seo, a bhfuil na milli\u00fain infheistithe acu sa T\u00edr F\u00f3 Thoinn, faoi mar a thugtai uirthi fad\u00f3! <\/span><\/p><p style=\"text-align:justify;margin-top:0pt;padding-top:0;margin-bottom:0pt;padding-bottom:0;line-height:2.4;font-size:14pt\"><span style=\"font-size:12pt\">Agus tuige a bhfuil sin d\u00e9anta acu, an ea?<\/span><\/p><p style=\"text-align:center;margin-top:0pt;padding-top:0;margin-bottom:0pt;padding-bottom:0;line-height:2.4;font-size:14pt\"><strong>Ag seachaint c\u00e1nach<\/strong><\/p><p style=\"text-align:justify;margin-top:0pt;padding-top:0;margin-bottom:0pt;padding-bottom:0;line-height:2.4;font-size:14pt\"><span style=\"font-size:12pt\">Le c\u00e1nacha an St\u00e1it s\u2019againne a sheachaint, b\u00edodh gur Comhlachta\u00ed St\u00e1it iad fh\u00e9in!<\/span><\/p><p style=\"text-align:justify;margin-top:0pt;padding-top:0;margin-bottom:0pt;padding-bottom:0;line-height:2.4;font-size:14pt\"><span style=\"font-size:12pt\">Agus c\u00e9n cine\u00e1l Comhlachta\u00ed at\u00e1 iontu, adeir t\u00fa?<\/span><\/p><p style=\"text-align:justify;margin-top:0pt;padding-top:0;margin-bottom:0pt;padding-bottom:0;line-height:2.4;font-size:14pt\"><span style=\"font-size:12pt\">Comhlachta\u00ed cos\u00fail le Bord Sol\u00e1thar an Leictreachais, agus An Post, m\u00e1s inchreidte na cuntais a l\u00e9amar sna nuacht\u00e1in, ar na mallaibh!!<\/span><\/p><p style=\"text-align:justify;margin-top:0pt;padding-top:0;margin-bottom:0pt;padding-bottom:0;line-height:2.4;font-size:14pt\"><span style=\"font-size:12pt\">Sea, mh\u2019anam! agus beidh na Comhlachta\u00ed c\u00e9anna sin ag iarraidh an phingin ghortach a fh\u00e1isceadh as a gcustaim\u00e9ir\u00ed \u00c9ireannacha!<\/span><\/p><p style=\"text-align:justify;margin-top:0pt;padding-top:0;margin-bottom:0pt;padding-bottom:0;line-height:2.4;font-size:14pt\"><span style=\"font-size:12pt\">L\u00e9<\/span><span style=\"font-size:12pt\">amar freisin, gur bhain an Bhu\u00edon Cheoil U2 leas as an gcleas c\u00e9anna sin, le me\u00e1chan a gc\u00e1nacha si\u00fad a laghd\u00fa, n\u00f3 a \u00e9atrom\u00fa!  Sea, a mhaisce! b\u00edodh go bhfuil tuairim ag roinnt mhaith daoine, go n-\u00e9ir\u00edonn, n\u00f3 go n-\u00e9ir\u00edodh, leis an mBu\u00edon ch\u00e9anna sin deontas dlithi\u00fail flaithi\u00fail a fh\u00e1il \u00f3 ch\u00e1in\u00edoc\u00f3ir\u00ed an St\u00e1it seo, cheana f\u00e9in! N\u00edlim ag ma\u00edomh anois go bhfuil dl\u00ed ar bith \u00e1 briseadh ag na daoine seo uilig, ach t\u00e1id ann ad\u00e9arfadh, gur ch\u00f3ir an bh\u00f3 bhainne a bheath\u00fa, m\u00e1 t\u00e1 f\u00fat \u00ed \u00e1 cr\u00fa.<\/span><\/p><p style=\"text-align:center;margin-top:0pt;padding-top:0;margin-bottom:0pt;padding-bottom:0;line-height:2.4;font-size:14pt\"><strong>Inn\u00e9 agus Inniu<\/strong><\/p><p style=\"text-align:justify;margin-top:0pt;padding-top:0;margin-bottom:0pt;padding-bottom:0;line-height:2.4;font-size:14pt\"><span style=\"font-size:12pt\">Nach m\u00f3r idir inn\u00e9 agus inniu? Is cuimhin liom na laethe, nuair a bh\u00edodh an chosmhuintir s\u2019againne ag baint na s\u00e1l d\u00e1 ch\u00e9ile ag iarraidh earra\u00ed \u00c9ireannacha a cheannach, sa tsl\u00ed go nd\u00e9anfa\u00ed forbairt ar thionscla\u00edocht na t\u00edre seo, agus sa tsl\u00ed sin, go gcuirf\u00ed obair agus saothr\u00fa ar f\u00e1il d\u00e1r muintir fh\u00e9in anseo sa bhaile. Sea, mh\u2019anam, agus c\u00e9n toradh a bh\u00ed ar an gc\u00e9apar sin uilig? Bhuel, d\u2019\u00e9irigh le cuid de na comhlachta\u00ed \u00c9ireannacha sin, agus nuair a bh\u00ed ubh dheas sheide f\u00fathu, ansin c\u00e9ard a dh\u00e9anfaid\u00eds ach <\/span><span style=\"font-size:12pt\">na comhlachta\u00ed c\u00e9anna sin a dh\u00edol, scun scan, le <\/span><span style=\"font-size:12pt\">comhlachta\u00ed eachtrannacha! T\u00e1 fait\u00edos orm, go bhfuil rud cos\u00fail le sin ag titim amach sa l\u00e1 at\u00e1 inniu ann freisin. N\u00e1r chuala muid uilig faoi na Comhlacha\u00ed St\u00e1it s\u2019againne, a chaitheann roinnt d\u00e1 gcuid airgead ag ceannach earra\u00ed eachtrannacha. Sea, mh\u2019anam, in ionad cib\u00e9 a bheadh ag teast\u00e1il uathu a cheannach \u00f3 chomhlachta\u00ed \u00c9ireannacha, agus an t-airgead a choinne\u00e1il anseo sa t\u00edr\u00edn seo, t\u00e9ann siadsan i bhfad \u00f3 bhaile, ag iarraidh na pingneacha a sp\u00e1r\u00e1il, agus<\/span><span style=\"font-size:12pt\"> ceanna\u00edonn siad thar lear iad. N\u00ed h\u00e9 mo thuairim fh\u00e9in, gur den chiall \u00e9 a leith\u00e9id de pholasa\u00ed a lean\u00faint, n\u00f3 cheapfadh duine, go mba chiallmhaire an beart \u00e9, earra\u00ed \u00c9ireannacha a cheannach, agus na pingneacha breise sin a chur ar f\u00e1il d\u00f3ibh si\u00fad a \u00edocann na c\u00e1ineacha, le teaspach a choth\u00fa agus a fhorbairt  sa T\u00edogair Cheilteach s\u2019againne. <\/span><\/p><p style=\"text-align:justify;margin-top:0pt;padding-top:0;margin-bottom:0pt;padding-bottom:0;line-height:2.4;font-size:14pt\"><span style=\"font-size:12pt\">D\u00e9arfainn nach nd\u00e9anfadh s\u00e9 l\u00e1 dochair d\u00fainne mar chine smaoineamh feasta ar leas an phobail s\u2019againne, i dtosach, agus ansin, bheadh ar \u00e1r gcumas tuilleadh a dh\u00e9anamh<\/span><span style=\"font-size:12pt\"> le cabhair agus c\u00fanamh a chur ar f\u00e1il d\u00f3ibh si\u00fad a bheadh ina ng\u00e1tar.  <\/span><\/p><p style=\"text-align:center;margin-top:0pt;padding-top:0;margin-bottom:0pt;padding-bottom:0;line-height:1.8\"><span style=\"height:1em\"><span>.<\/span><\/span><\/p><p style=\"text-align:center;margin-top:0pt;padding-top:0;margin-bottom:0pt;padding-bottom:0;line-height:1.8\"><span style=\"height:1em\"><span>.<\/span><\/span><\/p><p style=\"text-align:center;margin-top:0pt;padding-top:0;margin-bottom:0pt;padding-bottom:0;line-height:1.8\"><span style=\"height:1em\"><span>.<\/span><\/span><\/p><p style=\"text-align:center;margin-top:0pt;padding-top:0;margin-bottom:0pt;padding-bottom:0;line-height:1.8\"><span style=\"height:1em\"><span>.<\/span><\/span><\/p><p style=\"text-align:center;margin-top:0pt;padding-top:0;margin-bottom:0pt;padding-bottom:0;line-height:1.8\"><span style=\"height:1em\"><span>.<\/span><\/span><\/p><p style=\"text-align:center;margin-top:0pt;padding-top:0;margin-bottom:0pt;padding-bottom:0;line-height:1.8\"><span style=\"height:1em\"><span>.<\/span><\/span><\/p><p style=\"text-align:center;margin-top:0pt;padding-top:0;margin-bottom:0pt;padding-bottom:0;line-height:1.8\"><span style=\"height:1em\"><span>.<\/span><\/span><\/p><p style=\"text-align:center;margin-top:0pt;padding-top:0;margin-bottom:0pt;padding-bottom:0;line-height:1.8\"><span style=\"height:1em\"><span>.<\/span><\/span><\/p><p style=\"text-align:center;margin-top:0pt;padding-top:0;margin-bottom:0pt;padding-bottom:0;line-height:1.8\"><span style=\"height:1em\"><span>.<\/span><\/span><\/p><p style=\"text-align:center;margin-top:0pt;padding-top:0;margin-bottom:0pt;padding-bottom:0;line-height:1.8\"><span style=\"height:1em\"><span>.<\/span><\/span><\/p><p style=\"text-align:center;margin-top:0pt;padding-top:0;margin-bottom:0pt;padding-bottom:0;line-height:1.8\"><span style=\"height:1em\"><span>.<\/span><\/span><\/p>","protected":false},"excerpt":{"rendered":"<p>Ar Dhroim an T\u00edogair ! . Nach beag duine sa t\u00edr seo n\u00e1r bhain \u00fas\u00e1id as an leagan cainte sin, \u201cEacnama\u00edocht an T\u00edogair Cheiltigh\u201d, agus iad ag iaraidh cur s\u00edos a dh\u00e9anamh ar an dul chun cinn \u00e9achtach eacnama\u00edoch a deineadh anseo in \u00c9irinn, le sc\u00f3r de bhlianta dra\u00edochta anuas. N\u00ed g\u00e1 a r\u00e1, n\u00e1rbh [&hellip;]<\/p>\n","protected":false},"author":2,"featured_media":13435,"comment_status":"open","ping_status":"open","sticky":false,"template":"","format":"standard","meta":{"nf_dc_page":"","_et_pb_use_builder":"","_et_pb_old_content":"","_et_gb_content_width":"","footnotes":""},"categories":[1],"tags":[],"class_list":["post-12809","post","type-post","status-publish","format-standard","has-post-thumbnail","hentry","category-gan-chatagoir"],"_links":{"self":[{"href":"https:\/\/mickgb.com\/ga\/wp-json\/wp\/v2\/posts\/12809","targetHints":{"allow":["GET"]}}],"collection":[{"href":"https:\/\/mickgb.com\/ga\/wp-json\/wp\/v2\/posts"}],"about":[{"href":"https:\/\/mickgb.com\/ga\/wp-json\/wp\/v2\/types\/post"}],"author":[{"embeddable":true,"href":"https:\/\/mickgb.com\/ga\/wp-json\/wp\/v2\/users\/2"}],"replies":[{"embeddable":true,"href":"https:\/\/mickgb.com\/ga\/wp-json\/wp\/v2\/comments?post=12809"}],"version-history":[{"count":1,"href":"https:\/\/mickgb.com\/ga\/wp-json\/wp\/v2\/posts\/12809\/revisions"}],"predecessor-version":[{"id":12810,"href":"https:\/\/mickgb.com\/ga\/wp-json\/wp\/v2\/posts\/12809\/revisions\/12810"}],"wp:featuredmedia":[{"embeddable":true,"href":"https:\/\/mickgb.com\/ga\/wp-json\/wp\/v2\/media\/13435"}],"wp:attachment":[{"href":"https:\/\/mickgb.com\/ga\/wp-json\/wp\/v2\/media?parent=12809"}],"wp:term":[{"taxonomy":"category","embeddable":true,"href":"https:\/\/mickgb.com\/ga\/wp-json\/wp\/v2\/categories?post=12809"},{"taxonomy":"post_tag","embeddable":true,"href":"https:\/\/mickgb.com\/ga\/wp-json\/wp\/v2\/tags?post=12809"}],"curies":[{"name":"wp","href":"https:\/\/api.w.org\/{rel}","templated":true}]}}