{"id":12831,"date":"2017-04-04T11:00:00","date_gmt":"2017-04-04T11:00:00","guid":{"rendered":"https:\/\/mickgb.com\/?p=12831"},"modified":"2024-04-08T01:07:53","modified_gmt":"2024-04-08T01:07:53","slug":"i-mbeal-an-phobail-seimi-aris-an-da-chine","status":"publish","type":"post","link":"https:\/\/mickgb.com\/ga\/i-mbeal-an-phobail-seimi-aris-an-da-chine\/","title":{"rendered":"I mB\u00e9al  an  Phobail Seimi aris An da Chine"},"content":{"rendered":"<p style=\"text-align:center;margin-top:0pt;padding-top:0;margin-bottom:0pt;padding-bottom:0;line-height:2.4;font-weight:bold;font-size:24pt\">I mB\u00e9al  an  Phobail<\/p><p style=\"margin-top:0pt;padding-top:0;margin-bottom:0pt;padding-bottom:0;line-height:2.4;font-size:14pt\">Peadar Bair\u00e9ad<\/p><p style=\"text-align:center;margin-top:0pt;padding-top:0;margin-bottom:0pt;padding-bottom:0;line-height:2.4\"><span style=\"font-size:16pt\">(<\/span><span style=\"font-size:16pt\"><em>I mB\u00e9al an Phobail this week looks at the two nation theory<\/em><\/span><span style=\"font-size:16pt\">)<\/span><\/p><p style=\"text-align:center;margin-top:0pt;padding-top:0;margin-bottom:0pt;padding-bottom:0;line-height:2.4\"><strong><span style=\"font-size:18pt\">An d\u00e1 Chine!<\/span><\/strong><\/p><p style=\"text-align:justify;margin-top:0pt;padding-top:0;margin-bottom:0pt;padding-bottom:0;line-height:2.4;font-size:14pt\">Th\u00edos i gc\u00falChailleach an Smugairle R\u00f3in a bh\u00ed m\u00e9 fh\u00e9in agus S\u00e9im\u00ed c\u00f3ir an Droichid, an l\u00e1 cheana, agus muid ag cur ch\u00fal ar thart agus ar thuirse, ar \u00e1r s\u00e1imh\u00edn s\u00f3. Ghlaoigh m\u00e9 fh\u00e9in ar Ghiolla an Leanna agus d\u2019fhiafraigh de Sh\u00e9im\u00ed, an mbeadh pionta aige.<\/p><p style=\"text-align:justify;margin-top:0pt;padding-top:0;margin-bottom:0pt;padding-bottom:0;line-height:2.4\"><span style=\"font-size:14pt\">\u201cGloine beorach a bheidh agam an turas seo.\u201d <\/span><\/p><p style=\"text-align:justify;margin-top:0pt;padding-top:0;margin-bottom:0pt;padding-bottom:0;line-height:2.4\"><span style=\"font-size:14pt\">\u201cDh\u00e1 ghloine beorach, mar sin\u201d a d\u00fairt m\u00e1 fh\u00e9in le Giolla an Leanna. \u201cAon sc\u00e9al nua agat, a Sh\u00e9im\u00ed\u201d arsa m\u00e9 fh\u00e9in, agus m\u00e9 ag iarraidh sc\u00e9al eic\u00ednt a mhealladh \u00f3 Sh\u00e9im\u00ed na buile.<\/span><\/p><p style=\"text-align:justify;margin-top:0pt;padding-top:0;margin-bottom:0pt;padding-bottom:0;line-height:2.4\"><span style=\"font-size:14pt\">\u201cT\u00e1 sin agam, n\u00ed sc\u00e9al ach sc\u00e9alta, n\u00f3 t\u00e1 ualach asail de sc\u00e9alta m\u00f3ra anuas ar mo ghuaille liom, ach sul m\u00e1 scaoilim sc\u00e9al ar bith chugat, ba mhaith liom ceist\u00edn beag a chur ort fh\u00e9in, a Pheadair.\u201d<\/span><\/p><p style=\"text-align:justify;margin-top:0pt;padding-top:0;margin-bottom:0pt;padding-bottom:0;line-height:2.4\"><span style=\"font-size:14pt\">\u201cAgus c\u00e9n ceist\u00edn \u00e9 fh\u00e9in\u201d, arsa mise \u00e1 fhreagairt.<\/span><\/p><p style=\"text-align:justify;margin-top:0pt;padding-top:0;margin-bottom:0pt;padding-bottom:0;line-height:2.4\"><span style=\"font-size:14pt\">\u201cChuala m\u00e9 \u00f3 Mh\u00e1rtan a\u2019 Tairbh, go raibh t\u00fa imithe ar saoire eile, amach chuig na hOile\u00e1in Chan\u00e1ireacha, n\u00f3 chuig \u00e1it eic\u00ednt ghal\u00e1nta eile d\u00e1 leith\u00e9id. An f\u00edor, n\u00f3 br\u00e9agach, \u00e9 sc\u00e9al \u00fad Mh\u00e1rtain?\u201d<\/span><\/p><p style=\"text-align:justify;margin-top:0pt;padding-top:0;margin-bottom:0pt;padding-bottom:0;line-height:2.4\"><span style=\"font-size:14pt\">\u201cAr an drochuair, n\u00ed f\u00edor, a Sh\u00e9im\u00ed, n\u00f3 n\u00edor fh\u00e1g m\u00e9 sp\u00e1g liom ar \u00e1it ar bith taobh amuigh de Bh\u00e1n Chnoic \u00c9ireann \u00d3, le breis mhaith is tri bliana anois. N\u00ed m\u00e9 c\u00e1 bhfuair M\u00e1rtan an sc\u00e9al i mbarr bata sin?\u201d<\/span><\/p><p style=\"text-align:justify;margin-top:0pt;padding-top:0;margin-bottom:0pt;padding-bottom:0;line-height:2.4\"><span style=\"font-size:14pt\">\u201cBhail! D\u00fairt M\u00e1rtan fh\u00e9in liom, gur chuala s\u00e9 an sc\u00e9al sin \u00f3 Tom a\u2019 Phosta, agus ba \u00e9 ad\u00fairt seisean, n\u00f3 nach raibh \u201cI mB\u00e9al an Phobail\u201d le l\u00e9amh ar an \u201cPeople\u201d, le tr\u00ed sheachtain, thart ar aimsir na Nollag seo chuaigh thart, agus go mba chomhartha cinnte \u00e9 sin go raibh an Bair\u00e9adach imithe go T\u00edr na bhF\u00e1inleog ar\u00eds.\u201d<\/span><\/p><p style=\"text-align:justify;margin-top:0pt;padding-top:0;margin-bottom:0pt;padding-bottom:0;line-height:2.4\"><span style=\"font-size:14pt\">\u201cBhail! F\u00e9ach ar sin anois! Bh\u00ed an ceart aige, nach raibh f\u00e1il ar \u201cI mB\u00e9<\/span><span style=\"font-size:14pt\">al an Phobail\u201d i rith na tr\u00e9imhse sin, ach n\u00edor chomhartha \u00e9 sin go raibh m\u00e9 fh\u00e9in glanta liom as an t\u00edr, n\u00f3 ba \u00e9 c\u00fais nach raibh f\u00e1il ar \u201cI mB\u00e9al an Phobail\u201d, i rith na tr\u00e9imhse sin, n\u00f3 gur f\u00e1gadh ar l\u00e1r \u00e9, ceal sp\u00e1is, mar is f\u00e9idir leis a bheith cinnte, go raibh alt uaim istigh in oifig an \u201cPheople\u201d i rith na tr\u00e9imhse c\u00e9anna sin. Ach sin rud a tharla\u00edonn, corruair. Mar is eol do ch\u00e1ch, n\u00ed f\u00e9idir chuile sc\u00e9al a fhoilsi\u00fa chuile sheachtain, agus anois is ar\u00eds, is ar \u201cI mB\u00e9al an Phobail\u201d a thiteann an crann!\u201d<\/span><\/p><h1 style=\"text-align:center;margin-top:0pt;padding-top:0;margin-bottom:0pt;padding-bottom:0;line-height:2.4;font-weight:bold;font-size:18pt\">Sc\u00e9al at\u00e1 i mb\u00e9al gach \u00e9inne<\/h1><p style=\"text-align:justify;margin-top:0pt;padding-top:0;margin-bottom:0pt;padding-bottom:0;line-height:2.4\"><span style=\"font-size:14pt\">\u201c\u00d3 tuigim do ch\u00e1s anois\u201d arsa S\u00e9im\u00ed, \u201c ach \u00f3 tharla gur luaigh t\u00fa sc\u00e9alta, anois beag, b\u2019fh\u00e9idir gur ch\u00f3ir dom t\u00fas a chur le mo liosta.\u201d<\/span><\/p><p style=\"text-align:justify;margin-top:0pt;padding-top:0;margin-bottom:0pt;padding-bottom:0;line-height:2.4\"><span style=\"font-size:14pt\">\u201cAgus c\u00e9n sc\u00e9al at\u00e1 ag barr an liosta sin agat inniu, a Sh\u00e9im\u00ed?\u201d<\/span><\/p><p style=\"text-align:justify;margin-top:0pt;padding-top:0;margin-bottom:0pt;padding-bottom:0;line-height:2.4\"><span style=\"font-size:14pt\">\u201cSc\u00e9al at\u00e1 i mb\u00e9al gach \u00e9inne, na laethe seo, agus sc\u00e9al a chuireann d\u00e9istean agus m\u00faisiam ar chuile dhuine a chloiseann \u00e9.\u201d<\/span><\/p><p style=\"text-align:justify;margin-top:0pt;padding-top:0;margin-bottom:0pt;padding-bottom:0;line-height:2.4\"><span style=\"font-size:14pt\">\u201cAgus c\u00e9n sc\u00e9al \u00e9 fh\u00e9in, a Sh\u00e9im\u00ed?\u201d <\/span><\/p><p style=\"text-align:justify;margin-top:0pt;padding-top:0;margin-bottom:0pt;padding-bottom:0;line-height:2.4\"><span style=\"font-size:14pt\">\u201cSc\u00e9al faoi theacht isteach, faoi li\u00fantais, faoi airgead scoir, faoi phinsin na mboc m\u00f3r, agus faoi na s\u00ednti\u00fais l\u00e1imhe a bhronntar ar chuid den dream \u00fad a mhill, agus a chreach, saibhreas, neamhsple\u00e1chas, agus on\u00f3ir na t\u00edre s\u2019againne, agus in \u00e1it iad a chur \u00f3 dhoras, agus bata agus b\u00f3thar a thabhairt d\u00f3ibh, is amhlaidh a bhronnann muid carn airgid, agus chuile theastas n\u00edos fearr n\u00e1 a ch\u00e9ile orthu. Sea, n\u00edl dabht ar domhan ann, ach go bhfuil dh\u00e1 n\u00e1isi\u00fan ag cur f\u00fathu i dt\u00edr seo na h\u00c9ireann, an dream at\u00e1 thu<\/span><span style=\"font-size:14pt\">as, agus an dream at\u00e1 th\u00edos! T\u00e1 an chuma air, go dtugtar chuile dheis don t\u00e9 a bhfuil an spar\u00e1n teann aige, agus go mbuailtear cos ar an t\u00e9 at\u00e1 ar an ngannchuid. Ach f\u00e1gfaidh muid an chuid eile den sc\u00e9al sin go dt\u00ed l\u00e1 eic\u00ednt, amach anseo, nuair a bheidh deis againn an sc\u00e9al a phl\u00e9 ar \u00e1r suaimhneas.<\/span><\/p>","protected":false},"excerpt":{"rendered":"<p>I mB\u00e9al an Phobail Peadar Bair\u00e9ad (I mB\u00e9al an Phobail this week looks at the two nation theory) An d\u00e1 Chine! Th\u00edos i gc\u00falChailleach an Smugairle R\u00f3in a bh\u00ed m\u00e9 fh\u00e9in agus S\u00e9im\u00ed c\u00f3ir an Droichid, an l\u00e1 cheana, agus muid ag cur ch\u00fal ar thart agus ar thuirse, ar \u00e1r s\u00e1imh\u00edn s\u00f3. Ghlaoigh m\u00e9 [&hellip;]<\/p>\n","protected":false},"author":2,"featured_media":13435,"comment_status":"open","ping_status":"open","sticky":false,"template":"","format":"standard","meta":{"nf_dc_page":"","_et_pb_use_builder":"","_et_pb_old_content":"","_et_gb_content_width":"","footnotes":""},"categories":[1],"tags":[],"class_list":["post-12831","post","type-post","status-publish","format-standard","has-post-thumbnail","hentry","category-gan-chatagoir"],"_links":{"self":[{"href":"https:\/\/mickgb.com\/ga\/wp-json\/wp\/v2\/posts\/12831","targetHints":{"allow":["GET"]}}],"collection":[{"href":"https:\/\/mickgb.com\/ga\/wp-json\/wp\/v2\/posts"}],"about":[{"href":"https:\/\/mickgb.com\/ga\/wp-json\/wp\/v2\/types\/post"}],"author":[{"embeddable":true,"href":"https:\/\/mickgb.com\/ga\/wp-json\/wp\/v2\/users\/2"}],"replies":[{"embeddable":true,"href":"https:\/\/mickgb.com\/ga\/wp-json\/wp\/v2\/comments?post=12831"}],"version-history":[{"count":1,"href":"https:\/\/mickgb.com\/ga\/wp-json\/wp\/v2\/posts\/12831\/revisions"}],"predecessor-version":[{"id":12832,"href":"https:\/\/mickgb.com\/ga\/wp-json\/wp\/v2\/posts\/12831\/revisions\/12832"}],"wp:featuredmedia":[{"embeddable":true,"href":"https:\/\/mickgb.com\/ga\/wp-json\/wp\/v2\/media\/13435"}],"wp:attachment":[{"href":"https:\/\/mickgb.com\/ga\/wp-json\/wp\/v2\/media?parent=12831"}],"wp:term":[{"taxonomy":"category","embeddable":true,"href":"https:\/\/mickgb.com\/ga\/wp-json\/wp\/v2\/categories?post=12831"},{"taxonomy":"post_tag","embeddable":true,"href":"https:\/\/mickgb.com\/ga\/wp-json\/wp\/v2\/tags?post=12831"}],"curies":[{"name":"wp","href":"https:\/\/api.w.org\/{rel}","templated":true}]}}