{"id":12859,"date":"2017-04-04T11:00:00","date_gmt":"2017-04-04T11:00:00","guid":{"rendered":"https:\/\/mickgb.com\/?p=12859"},"modified":"2024-04-08T01:12:18","modified_gmt":"2024-04-08T01:12:18","slug":"i-mbeal-an-phobailof-shoemakers-and-lasts","status":"publish","type":"post","link":"https:\/\/mickgb.com\/ga\/i-mbeal-an-phobailof-shoemakers-and-lasts\/","title":{"rendered":"I mB\u00e9al an PhobailOf Shoemakers and Lasts"},"content":{"rendered":"<p style=\"text-align:center;margin-top:0pt;padding-top:0;margin-bottom:0pt;padding-bottom:0;line-height:2.4;font-weight:bold;font-size:24pt\">Conradh Lisboa Ar\u00eds<\/p><p style=\"margin-top:0pt;padding-top:0;margin-bottom:0pt;padding-bottom:0;line-height:2.4;font-weight:bold;font-size:24pt\"><span style=\"font-size:14pt\">Peadar Bair\u00e9ad<\/span><\/p><p style=\"text-align:center;margin-top:0pt;padding-top:0;margin-bottom:0pt;padding-bottom:0;line-height:2.4\"><strong><span style=\"font-size:18pt\">\u2026.Aguis\u00edn\u2026.<\/span><\/strong><\/p><p style=\"text-align:justify;margin-top:0pt;padding-top:0;margin-bottom:0pt;padding-bottom:0;line-height:2.4;font-size:14pt\"><strong>In alt na seachtaine seo caite,<\/strong> tri thimpiste, baineadh an ruball den ph\u00edosa a scr\u00edobh m\u00e9, rud a d\u2019fh\u00e1g gan a ..<strong>punch line<\/strong>.. \u00e9, mar ad\u00e9arf\u00e1. San alt sin, rinne m\u00e9 an t-\u00e1bhar consp\u00f3ideach sin a ch\u00edoradh, ar bhealach, agus ansin, ar deireadh thiar, tar \u00e9is an ioml\u00e1in, mhol m\u00e9 don l\u00e9itheoir, thar aon rud eile, gur ch\u00f3ir d\u00f3 dul amach agus a v\u00f3ta a chaitheamh, agus seo chugat anois an rubaill\u00edn sin a baineadh den alt, tr\u00ed thimpiste, d\u00e1r nd\u00f3igh\u2026.<\/p><p style=\"text-align:justify;margin-top:0pt;padding-top:0;margin-bottom:0pt;padding-bottom:0;line-height:2.4;margin-left:72pt\"><strong><span style=\"font-size:16pt\">\u2026<\/span><span style=\"font-size:16pt\"><em>Ach an rud is t\u00e1bhachta\u00ed ar fad, n\u00f3 dul amach, agus do v\u00f3ta a chaitheamh.  Sin an daonlathas agat. Is d\u00f3cha go bhfuil \u00e1r dtodhcha\u00ed uilig ag brath ar thoradh an Reifrinn ch\u00e9anna seo&#8230;<\/em><\/span><\/strong><\/p><p style=\"text-align:justify;margin-top:0pt;padding-top:0;margin-bottom:0pt;padding-bottom:0;line-height:2.4;font-size:14pt;margin-left:72pt\">In alt na seachtaine seo caite, bh\u00ed m\u00e9 i gc\u00e1s idir dh\u00e1 chomhairle, faoi c\u00e9 acu v\u00f3t\u00e1ilfinn <strong>T\u00c1<\/strong>  no  <strong>N\u00cdL,<\/strong> ach anois, tar \u00e9is dom mo mharana a dh\u00e9anamh, t\u00e1 m\u00e9 ag ceapadh, go v\u00f3t\u00e1ilfidh m\u00e9 <strong>T\u00c1,<\/strong> sin mura dtiocfaidh arg\u00f3int\u00ed l\u00e1idre an treo, le m\u00e9 a sheoladh ar bhealach contr\u00e1ilte eile. Ach n\u00ed m\u00f3ide go dtarl\u00f3idh a leith\u00e9id!!!<\/p><p style=\"text-align:justify;margin-top:0pt;padding-top:0;margin-bottom:0pt;padding-bottom:0;line-height:2.4;font-size:14pt;margin-left:72pt\"><span style=\"height:1em\"><span>.<\/span><\/span><\/p><h1 style=\"text-align:center;margin-top:0pt;padding-top:0;margin-bottom:0pt;padding-bottom:0;line-height:2.4;font-weight:bold;font-size:18pt\"><span style=\"font-size:22pt\">Of Shoemakers and Lasts\u2026<\/span><\/h1><p style=\"margin-top:0pt;padding-top:0;margin-bottom:0pt;padding-bottom:0;line-height:2.4\"><span style=\"height:1em\"><span>.<\/span><\/span><\/p><p style=\"text-align:justify;margin-top:0pt;padding-top:0;margin-bottom:0pt;padding-bottom:0;line-height:2.4\"><span style=\"font-size:14pt\">Cupla l\u00e1 \u00f3 shoin, thug cara liom gearrth\u00f3g as an Irish Daily Mail dom, agus \u00e9 ag s\u00fa<\/span><span style=\"font-size:14pt\">il go mbainfinn leas as, mar spreagadh don chol\u00fan seo, n\u00f3 tuigeadh d\u00f3, go raibh g\u00e1 leis an spreagadh c\u00e9anna sin, tharla go raibh an col\u00fan ag \u00e9ir\u00ed beag\u00e1in\u00edn leamh, amannta! d\u00e1r leis. Bhuel, l\u00e9igh m\u00e9 an p\u00edosa, agus b\u00edodh n\u00e1r chuir m\u00e9 m\u00f3r\u00e1n suime i mbun\u00fas d\u00e1 raibh scr\u00edofa ann, caithfidh m\u00e9 a admh\u00e1il, gur dh\u00faisigh a raibh sa mhainchille, i roinnt \u00e1irithe den ph\u00edosa, gur dh\u00faisigh s\u00e9 m\u00e9.  Agus n\u00edorbh \u00e9 sin amh\u00e1in \u00e9, ach tharla freisin, go raibh m\u00e9 ag portaireacht liom, sa chol\u00fan seo, cupla seachtain \u00f3 shoin, faoi<\/span><span style=\"font-size:14pt\">\u2019n m\u00e9id daoine a bh\u00edonn ag caint  leo, ar \u00e1bhair nach bhfuil aon saineolais acu f\u00fathu. Ach n\u00ed bac ar bith orthu \u00e9 sin, n\u00f3 leanann siad orthu ag p\u00e1paireacht leo, faoi mar a bheadh Dia a r\u00e1 leo. Sea, agus nach minic a deintear dearmad freisin ar an tseanr\u00e1 \u00fad a labhra\u00edonn linn faoi dh\u00edonta gloine! <\/span><\/p><h1 style=\"text-align:center;margin-top:0pt;padding-top:0;margin-bottom:0pt;padding-bottom:0;line-height:2.4;font-weight:bold;font-size:18pt\">An  Interview<\/h1><p style=\"text-align:justify;margin-top:0pt;padding-top:0;margin-bottom:0pt;padding-bottom:0;line-height:2.4\"><span style=\"font-size:14pt\">Ach, le filleadh ar an ngearrth\u00f3g \u00fad, ar dhein m\u00e9 tagairt di thuas, ba \u00e9 a bh\u00ed inti, n\u00f3 cuntas ar agallamh, ar deineadh cur s\u00edos air san Iris aithnidi\u00fail sin, Hot Press, agallamh inar tugadh deis don t\u00e9 a bh\u00ed \u00e1 chur faoi agallamh, a tuairim\u00ed ar \u00e1bhair \u00e1irithe a chur i mb\u00e9al an phobail, mar ad\u00e9arf\u00e1.  Deirtear sa chuntas seo, gur bheag meas a bhi ag an t\u00e9 sin ar an Eaglais Chaitliceach, agus gur chuir cumhacht an Ph\u00e1pa isteach go m\u00f3r uirthi. <\/span><\/p><p style=\"text-align:justify;margin-top:0pt;padding-top:0;margin-bottom:0pt;padding-bottom:0;line-height:2.4\"><span style=\"font-size:14pt\">Duine a bhfuil cl\u00fa agus c\u00e1il tuillte aice ina gairm is ea \u00ed, agus a chon\u00e1ch sin uirthi!  ach ar gh\u00e1 di an Eaglais Chaitliceach a ionsa\u00ed sa tsl\u00ed sin? Deirtear san alt, i Hot Press, go raibh an-\u00e1thas uirthi gur ina Protast\u00fanach a t\u00f3gadh \u00ed, agus \u00ed ag d\u00e9anamh tagairt do na scannail uilig a chr\u00e1igh an Eaglais Chaitliceach le scathamh anuas. <\/span><\/p><h1 style=\"text-align:center;margin-top:0pt;padding-top:0;margin-bottom:0pt;padding-bottom:0;line-height:2.4;font-weight:bold;font-size:18pt\">Papal Power<\/h1><p style=\"text-align:justify;margin-top:0pt;padding-top:0;margin-bottom:0pt;padding-bottom:0;line-height:2.4\"><span style=\"font-size:14pt\">Agus ag caint ar Chumhacht an Ph\u00e1pa agus daoine d\u00e1 leith\u00e9id di,  is amhlaidh a bhuaireann a leith\u00e9id  \u00ed. Seo mar a chuirtear san alt \u00e9\u2026<\/span><\/p><p style=\"text-align:justify;margin-top:0pt;padding-top:0;margin-bottom:0pt;padding-bottom:0;line-height:2.4;font-size:14pt;margin-left:72pt\">\u201cThe power of the Pope and people like that just annoys me. Look at the scandals. I\u2019m just grateful that I was brought up in a Protestant way\u201d<\/p><p style=\"text-align:justify;margin-top:0pt;padding-top:0;margin-bottom:0pt;padding-bottom:0;line-height:2.4;font-size:14pt\">Sin mar a chuirtear sa ngearrth\u00f3g \u00e9 . <\/p><p style=\"text-align:justify;margin-top:0pt;padding-top:0;margin-bottom:0pt;padding-bottom:0;line-height:2.4;font-size:14pt\">Ach, is d\u00f3cha go nd\u00e9anann daoine a ionsa\u00edonn an Eaglais Chaitliceach, is d\u00f3cha go nd\u00e9anann siad dearmad ar an m\u00e9id daoine sa t\u00edr seo, ar bhaill d\u00edlse den Eaglais ch\u00e9anna sin iad, agus ar bhealach, nach ionsa\u00ed pearsanta orthusan \u00e9, nuair a d\u00e9antar ionsa\u00ed ar a nEaglais? <\/p><p style=\"text-align:center;margin-top:0pt;padding-top:0;margin-bottom:0pt;padding-bottom:0;line-height:2.4;font-size:14pt\"><strong><span style=\"font-size:18pt\">Happy accident<\/span><\/strong><\/p><p style=\"text-align:justify;margin-top:0pt;padding-top:0;margin-bottom:0pt;padding-bottom:0;line-height:2.4;font-size:14pt\">T\u00e1 s\u00ed bu\u00edoch gur ina Protast\u00fanach a t\u00f3gadh \u00ed, agus chuile cheart aice chuige sin. Ach nach den Chr\u00edosta\u00edocht \u00e9 an maithi\u00fanas agus an charthannacht? N\u00ed g\u00e1 a r\u00e1, ach oiread, nach bhfuil muidinne, Caitlicigh, ag dul thart ag ma\u00edomh as na scannail ch\u00e9anna sin! ach oiread.  Ach tharla siad, agus caithfidh muid deighle\u00e1il leo.<\/p><p style=\"text-align:justify;margin-top:0pt;padding-top:0;margin-bottom:0pt;padding-bottom:0;line-height:2.4;font-size:14pt\"> N\u00ed g\u00e1 a r\u00e1, go raibh tagairt d\u2019\u00e1bhair eile freisin, san Agallamh c\u00e9anna sin i Hot Press, ach t\u00e1 fait\u00edos orm, nach n\u00f3s liomsa scr\u00edobh faoi na h\u00e1bhair ch\u00e9anna sin, n\u00f3 is \u00e1bhair iad, n\u00e1r n\u00f3s le daoine scr\u00edobh f\u00fathu, tr\u00e1th raibh mise ag f\u00e1s anios. Ach, nach cuma faoi sin anois, n\u00f3 seo r\u00e9 na saoirse agus an neamhsple\u00e1chais, agus chomh fada is nach ngorta\u00edtear \u00e9inne, cead agat do rogha rud a scr\u00edobh, agus a fhoilsi\u00fa, m\u00e1 t\u00e1 t\u2019eagarth\u00f3ir s\u00e1sta seasamh leat, i bhfiontar d\u00e1 leith\u00e9id.   <\/p>","protected":false},"excerpt":{"rendered":"<p>Conradh Lisboa Ar\u00eds Peadar Bair\u00e9ad \u2026.Aguis\u00edn\u2026. In alt na seachtaine seo caite, tri thimpiste, baineadh an ruball den ph\u00edosa a scr\u00edobh m\u00e9, rud a d\u2019fh\u00e1g gan a ..punch line.. \u00e9, mar ad\u00e9arf\u00e1. San alt sin, rinne m\u00e9 an t-\u00e1bhar consp\u00f3ideach sin a ch\u00edoradh, ar bhealach, agus ansin, ar deireadh thiar, tar \u00e9is an ioml\u00e1in, mhol [&hellip;]<\/p>\n","protected":false},"author":2,"featured_media":13435,"comment_status":"open","ping_status":"open","sticky":false,"template":"","format":"standard","meta":{"nf_dc_page":"","_et_pb_use_builder":"","_et_pb_old_content":"","_et_gb_content_width":"","footnotes":""},"categories":[1],"tags":[],"class_list":["post-12859","post","type-post","status-publish","format-standard","has-post-thumbnail","hentry","category-gan-chatagoir"],"_links":{"self":[{"href":"https:\/\/mickgb.com\/ga\/wp-json\/wp\/v2\/posts\/12859","targetHints":{"allow":["GET"]}}],"collection":[{"href":"https:\/\/mickgb.com\/ga\/wp-json\/wp\/v2\/posts"}],"about":[{"href":"https:\/\/mickgb.com\/ga\/wp-json\/wp\/v2\/types\/post"}],"author":[{"embeddable":true,"href":"https:\/\/mickgb.com\/ga\/wp-json\/wp\/v2\/users\/2"}],"replies":[{"embeddable":true,"href":"https:\/\/mickgb.com\/ga\/wp-json\/wp\/v2\/comments?post=12859"}],"version-history":[{"count":1,"href":"https:\/\/mickgb.com\/ga\/wp-json\/wp\/v2\/posts\/12859\/revisions"}],"predecessor-version":[{"id":12860,"href":"https:\/\/mickgb.com\/ga\/wp-json\/wp\/v2\/posts\/12859\/revisions\/12860"}],"wp:featuredmedia":[{"embeddable":true,"href":"https:\/\/mickgb.com\/ga\/wp-json\/wp\/v2\/media\/13435"}],"wp:attachment":[{"href":"https:\/\/mickgb.com\/ga\/wp-json\/wp\/v2\/media?parent=12859"}],"wp:term":[{"taxonomy":"category","embeddable":true,"href":"https:\/\/mickgb.com\/ga\/wp-json\/wp\/v2\/categories?post=12859"},{"taxonomy":"post_tag","embeddable":true,"href":"https:\/\/mickgb.com\/ga\/wp-json\/wp\/v2\/tags?post=12859"}],"curies":[{"name":"wp","href":"https:\/\/api.w.org\/{rel}","templated":true}]}}