{"id":12873,"date":"2017-04-04T11:00:00","date_gmt":"2017-04-04T11:00:00","guid":{"rendered":"https:\/\/mickgb.com\/?p=12873"},"modified":"2024-04-08T01:24:43","modified_gmt":"2024-04-08T01:24:43","slug":"i_m-noibhiseach-dom-sna-daichidi-5","status":"publish","type":"post","link":"https:\/\/mickgb.com\/ga\/i_m-noibhiseach-dom-sna-daichidi-5\/","title":{"rendered":"I_m N\u00f3ibh\u00edseach dom sna daichid\u00ed 5"},"content":{"rendered":"<p style=\"margin-top:0pt;padding-top:0;margin-bottom:0pt;padding-bottom:0;line-height:1.8;font-size:12pt\"><span style=\"height:1em\"><span>.<\/span><\/span><\/p><p style=\"text-align:center;margin-top:0pt;padding-top:0;margin-bottom:0pt;padding-bottom:0;line-height:1.8;font-size:12pt\"><strong><span style=\"font-size:28pt\">I\u2019m Noibh\u00edseach dom sna daichid\u00ed<\/span><span style=\"font-size:28pt\">  5<\/span><\/strong><\/p><p style=\"margin-top:0pt;padding-top:0;margin-bottom:0pt;padding-bottom:0;line-height:1.8;font-size:12pt\"><span style=\"font-size:14pt\">Peadar Bair\u00e9ad<\/span><\/p><p style=\"margin-top:0pt;padding-top:0;margin-bottom:0pt;padding-bottom:0;line-height:1.8;font-size:12pt;margin-left:72pt\"><strong><span style=\"font-size:14pt\"><em>(This week we continue<\/em><\/span><span style=\"font-size:14pt\"><em> our memories of Novitiate Days)<\/em><\/span><\/strong><\/p><p style=\"text-align:center;margin-top:0pt;padding-top:0;margin-bottom:0pt;padding-bottom:0;line-height:1.8;font-size:12pt\"><span style=\"height:1em\"><span>.<\/span><\/span><\/p><p style=\"text-align:center;margin-top:0pt;padding-top:0;margin-bottom:0pt;padding-bottom:0;line-height:1.8;font-size:12pt\"><strong><span style=\"font-size:18pt\">I ndiaidh an Dara Cogadh Domhanda<\/span><\/strong><\/p><p style=\"text-align:justify;margin-top:0pt;padding-top:0;margin-bottom:0pt;padding-bottom:0;line-height:1.8;font-size:12pt\"><span style=\"font-size:14pt\">An tseachtain seo caite<\/span><span style=\"font-size:14pt\"> bh\u00ed m\u00e9 ag cur s\u00edos ar na laethe, n\u00f3 na blianta, a chaith m\u00e9 im\u2019 n\u00f3ibh\u00edseach i gCloughballymore House, <\/span><span style=\"font-size:14pt\">c\u00f3ngarach do Cill Colg\u00e1<\/span><span style=\"font-size:14pt\">in, i gContae na Gaillimhe, ach sul m\u00e1 fh\u00e1gaim Cloughballymore House taobh thiar d\u00edom, ba mhaith liom tagairt a dh\u00e9anamh do chupla rud eile, le picti\u00far n\u00edos ioml\u00e1ine den \u00e1it sin a thabhairt don l\u00e9itheoir.  B\u2019fh\u00e9idir n\u00e1rbh olc an rud \u00e9, tuairim eic\u00ednt a thabhairt, faoin gcine\u00e1l beatha a chleachta\u00edmis, agus muid in\u00e1r n\u00f3ibh\u00edsigh ansin, d\u00edreach i ndiaidh an dara cogadh domhanda.  Ba \u00e9 a bh\u00edodh againn don bhricfeasta, ar maidin, n\u00f3 brach\u00e1n i dtosach, agus ansin, cup\u00e1n tae agus ar\u00e1n, n\u00ed call dom a r\u00e1, nach mb\u00edodh im againn le cur ar an ar\u00e1n sin, n\u00ed bh\u00edodh againne ach margair\u00edn, d\u00e1r nd\u00f3igh choinn\u00edt\u00ed an t-im do na sagairt a bh\u00ed in\u00e1r mbun.  Diabhal locht ar bith ar an gcine\u00e1l sin beatha, ad\u00e9arfadh duine, b\u2019fh\u00e9idir, agus bheadh an ceart aige, ach amh\u00e1in in\u00e1r gc\u00e1sna, bh\u00ed ceata\u00ed sa sc\u00e9al, n\u00f3 i gc\u00e1s an ar\u00e1in sin de, d\u2019fh\u00e9adf\u00e1 a r\u00e1, nach raibh s\u00e9 inite in aon chor.  Ba \u00e9 an rud a tharla, n\u00f3 gur dhein \u00fadar\u00e1is an Chol\u00e1iste a gcuid cruithneachta fh\u00e9in a mheilt ina pl\u00far, agus b\u2019as an pl\u00far sin a dh\u00e9anaid\u00eds \u00e1r n-ar\u00e1n laeth\u00fail a fhuint.  Anois, bh\u00ed an iomarca taise sa chruithneacht sin, agus d\u00e1 bharr sin, n\u00ed bh\u00edodh inite de na buil\u00edn\u00ed a dh\u00e9anaid\u00eds aisti, ach an screamh, agus b\u2019in d\u00edreach an m\u00e9id de a d\u2019ithimis, n\u00f3 bh\u00ed an chuid eile ina thaos, gan chuma an ar\u00e1in chor ar bith air.  Bh\u00ed go maith.  Leanamar linn ag iarraidh maireacht\u00e1il ar an bpraiseach sin, ar feadh tamaill, ach ansin chuireamar stailc suas, agus chuireamar in i\u00fal do na h\u00fadar\u00e1is, nach gcuirfeadh muid suas lena leith\u00e9id de bhia, a thuilleadh.  Bhuel, a st\u00f3r mo chro\u00ed th\u00fa!  ba bheag nach ndeachaigh siad le b\u00e1in\u00ed ar chlos an m\u00e9id sin <\/span><span style=\"font-size:14pt\">d\u00f3ibh.  Ba bheag nach gceapf\u00e1 gur orainne a bh\u00ed an locht ar fad, n\u00f3 d\u00e1r leosan, ba cheart, agus ba ch\u00f3ir, do n\u00f3ibh\u00edsigh, bheith s\u00e1sta cur suas lena leith\u00e9id,<\/span><span style=\"font-size:14pt\"> agus gan sc\u00e9al mhadra na n-ocht<\/span><span style=\"font-size:14pt\"> gcos a dh\u00e9anamh de!  Chaitheadar seal ar a marana.  Bh\u00edomarna ag ceapadh go dtabharfa\u00ed bata agus b\u00f3thar do chuid againn, ach ar deireadh thiar, tuigeadh d\u00f3ibh, nach raibh dh\u00e1 cheann ar dhuine ar bith againn, agus nach raibh \u00e1 dh\u00e9anamh againn, ach an rud a dh\u00e9anfadh siad fh\u00e9in, d\u00e1 mbeadh siadsan in\u00e1r gc\u00e1sna.  Bhuel, ba \u00e9 deireadh an sc\u00e9il sin \u00e9, n\u00f3 gur stop siad d\u00e1 gcruithneacht fh\u00e9in a mheilt, agus gur thosaigh siad ag ceannacht ar\u00e1in isteach \u00f3 bh\u00e1c\u00fas eic\u00ednt i gcathair na Gaillimhe.  N\u00ed call dom a r\u00e1, go mba mh\u00f3r an faoiseamh d\u00fainne, an socr\u00fa sin.<\/span><\/p><p style=\"text-align:center;margin-top:0pt;padding-top:0;margin-bottom:0pt;padding-bottom:0;line-height:1.8;font-size:12pt\"><strong><span style=\"font-size:18pt\">Beada\u00edocht!<\/span><\/strong><\/p><p style=\"text-align:justify;margin-top:0pt;padding-top:0;margin-bottom:0pt;padding-bottom:0;line-height:1.8;font-size:12pt\"><span style=\"font-size:14pt\">Bh\u00edodh an dinn\u00e9ar againn, thart ar mhe\u00e1nlae, agus ba \u00e9 a bh\u00edodh againn don bh\u00e9ile sin n\u00f3 anraith, de chineal eic\u00ednt, i dtosach, agus ansin, bh\u00edodh feoil, fata\u00ed, agus glasra eic\u00ednt \u00e1 dtionlacan, agus b\u00edodh nach mb\u00edodh ceann ar bith acu thar mholadh beirte, de r\u00e9ir chaighde\u00e1n an lae inniu, ag an am gc\u00e9anna, caithfidh m\u00e9 a admh\u00e1il go gcuirfeadh siad c\u00fal ar an ocras, agus go s\u00e1s\u00f3dh siad sinn, go ceann scathaimh, ach go h\u00e1irithe.  Anois, caithfidh m\u00e9 a admh\u00e1il, go raibh cupla glasra n\u00e1r thaitin in aon chor liom fh\u00e9in, agus b\u2019iad sin, cainneann, agus biatas dearg.  Bh\u00edodh milseog de chineal eic\u00ednt againn freisin, le cr\u00edoch a chur le chuile dhinn\u00e9ar acu.  L\u00e1 amh\u00e1in bheadh r\u00eds ar bhainne againn, l\u00e1 eile, bheadh \u00falla bruite agus custard, agus l\u00e1 eile f\u00f3s, bheadh mar\u00f3g ar\u00e1in mar mhilseog againn.  N\u00ed call dom a r\u00e1, go dtaitna\u00edodh an milseoga c\u00e9anna liomsa, ach go h\u00e1irithe.  D\u00e1r nd\u00f3igh, i gc\u00e1s cuid de na buachaill\u00ed, a bh\u00ed n\u00edos beada\u00ed n\u00e1 mise, n\u00ed bh\u00edodh meas an mhadra acu ar na milseoga c\u00e9anna sin, agus b\u2019in an f\u00e1th go mb\u00edodh thar mo dh\u00f3thain le n-ithe agamsa, chuile l\u00e1, geall leis!  N\u00edor luaigh m\u00e9 nach mb\u00edodh cead cainte againn le linn an dinn\u00e9ir!  Bhuel, n\u00ed bh\u00edodh, n\u00f3 is amhlaidh a bh\u00edodh leabhar eic\u00ednt \u00e1 l\u00e9amh, i rith an bh\u00e9ile, leabhar a mb\u00edodh blas spiorad\u00e1lta air, de ghn\u00e1th.  <\/span><\/p><p style=\"text-align:justify;margin-top:0pt;padding-top:0;margin-bottom:0pt;padding-bottom:0;line-height:1.8;font-size:12pt\"><span style=\"font-size:14pt\">Don tae, ansin, bh\u00edodh, b\u2019fh\u00e9idir, br\u00fait\u00edn, maraon le har\u00e1n agus margair\u00edn, agus cup\u00e1n tae, n\u00f3 caif\u00e9, mar bh\u00ed tae gann go leor, an tam sin.<\/span><\/p><p style=\"text-align:justify;margin-top:0pt;padding-top:0;margin-bottom:0pt;padding-bottom:0;line-height:1.8;font-size:12pt\"><span style=\"font-size:14pt\">Nuair a chuimhn\u00edonn t\u00fa air, is d\u00f3cha go mbeadh ort a r\u00e1, nach raibh basctha de mar bheatha, ach d\u2019\u00f3g\u00e1naigh, a raibh goile na seacht bhfathach acu, ag an am sin, b\u2019\u00e9 a locht a laghad, chuile bhabhta.  Ag breathn\u00fa siar air anois, is iad na smaointe a thagann thar nais chugamsa faoi na b\u00e9il\u00ed sin, n\u00f3 an chaoi ar leagadh os \u00e1r gcomhair iad, d\u2019fh\u00e9adfa\u00ed iad a chur i l\u00e1thair ar bhealach i bhfad n\u00edos taitneamha\u00ed, agus n\u00edos meallta\u00ed, b\u2019fh\u00e9idir, ach taobh amuigh den ar\u00e1n \u00fad, bh\u00edodh a mbun\u00fas inite, agus chomh maith le sin, is d\u00f3cha go raibh s\u00e9 an-deacair srian a chur ar an gcaiteachas ar bhianna d\u00fainne, n\u00f3 i nd\u00e1ir\u00edre, d\u2019iosfadh muid an diabhal fh\u00e9in, gan salann, gan anlann, d\u00e1 bhfaigheadh muid bruite \u00e9, ag an am sin.  Is d\u00f3cha gur leor sin mar chuntas ar an gcine\u00e1l beatha a thugta\u00ed d\u00fainne, n\u00f3ibh\u00edsigh, i gCloughballymore House, idir Mhe\u00e1n F\u00f3mhair 1945, agus Meitheamh 1947.<\/span><\/p><p style=\"text-align:justify;margin-top:0pt;padding-top:0;margin-bottom:0pt;padding-bottom:0;line-height:1.8;font-size:12pt\"><span style=\"height:1em\"><span>.<\/span><\/span><\/p><p style=\"text-align:justify;margin-top:0pt;padding-top:0;margin-bottom:0pt;padding-bottom:0;line-height:1.8;font-size:12pt\"><span style=\"height:1em\"><span>.<\/span><\/span><\/p><p style=\"text-align:justify;margin-top:0pt;padding-top:0;margin-bottom:0pt;padding-bottom:0;line-height:1.8;font-size:12pt\"><span style=\"height:1em\"><span>.<\/span><\/span><\/p><p style=\"text-align:justify;margin-top:0pt;padding-top:0;margin-bottom:0pt;padding-bottom:0;line-height:1.8;font-size:12pt\"><span style=\"height:1em\"><span>.<\/span><\/span><\/p><p style=\"text-align:justify;margin-top:0pt;padding-top:0;margin-bottom:0pt;padding-bottom:0;line-height:1.8;font-size:12pt\"><span style=\"height:1em\"><span>.<\/span><\/span><\/p><p style=\"text-align:justify;margin-top:0pt;padding-top:0;margin-bottom:0pt;padding-bottom:0;line-height:1.8;font-size:12pt\"><span style=\"height:1em\"><span>.<\/span><\/span><\/p><p style=\"text-align:justify;margin-top:0pt;padding-top:0;margin-bottom:0pt;padding-bottom:0;line-height:1.8;font-size:12pt\"><span style=\"height:1em\"><span>.<\/span><\/span><\/p><p style=\"text-align:justify;margin-top:0pt;padding-top:0;margin-bottom:0pt;padding-bottom:0;line-height:1.8;font-size:12pt\"><span style=\"height:1em\"><span>.<\/span><\/span><\/p><p style=\"text-align:justify;margin-top:0pt;padding-top:0;margin-bottom:0pt;padding-bottom:0;line-height:1.8;font-size:12pt\"><span style=\"height:1em\"><span>.<\/span><\/span><\/p><p style=\"text-align:justify;margin-top:0pt;padding-top:0;margin-bottom:0pt;padding-bottom:0;line-height:1.8;font-size:12pt\"><span style=\"height:1em\"><span>.<\/span><\/span><\/p><p style=\"text-align:justify;margin-top:0pt;padding-top:0;margin-bottom:0pt;padding-bottom:0;line-height:1.8;font-size:12pt\"><span style=\"height:1em\"><span>.<\/span><\/span><\/p><p style=\"text-align:justify;margin-top:0pt;padding-top:0;margin-bottom:0pt;padding-bottom:0;line-height:1.8;font-size:12pt\"><span style=\"height:1em\"><span>.<\/span><\/span><\/p><p style=\"text-align:justify;margin-top:0pt;padding-top:0;margin-bottom:0pt;padding-bottom:0;line-height:1.8;font-size:12pt\"><span style=\"height:1em\"><span>.<\/span><\/span><\/p>","protected":false},"excerpt":{"rendered":"<p>. I\u2019m Noibh\u00edseach dom sna daichid\u00ed 5 Peadar Bair\u00e9ad (This week we continue our memories of Novitiate Days) . I ndiaidh an Dara Cogadh Domhanda An tseachtain seo caite bh\u00ed m\u00e9 ag cur s\u00edos ar na laethe, n\u00f3 na blianta, a chaith m\u00e9 im\u2019 n\u00f3ibh\u00edseach i gCloughballymore House, c\u00f3ngarach do Cill Colg\u00e1in, i gContae na [&hellip;]<\/p>\n","protected":false},"author":2,"featured_media":13435,"comment_status":"open","ping_status":"open","sticky":false,"template":"","format":"standard","meta":{"nf_dc_page":"","_et_pb_use_builder":"","_et_pb_old_content":"","_et_gb_content_width":"","footnotes":""},"categories":[1],"tags":[],"class_list":["post-12873","post","type-post","status-publish","format-standard","has-post-thumbnail","hentry","category-gan-chatagoir"],"_links":{"self":[{"href":"https:\/\/mickgb.com\/ga\/wp-json\/wp\/v2\/posts\/12873","targetHints":{"allow":["GET"]}}],"collection":[{"href":"https:\/\/mickgb.com\/ga\/wp-json\/wp\/v2\/posts"}],"about":[{"href":"https:\/\/mickgb.com\/ga\/wp-json\/wp\/v2\/types\/post"}],"author":[{"embeddable":true,"href":"https:\/\/mickgb.com\/ga\/wp-json\/wp\/v2\/users\/2"}],"replies":[{"embeddable":true,"href":"https:\/\/mickgb.com\/ga\/wp-json\/wp\/v2\/comments?post=12873"}],"version-history":[{"count":1,"href":"https:\/\/mickgb.com\/ga\/wp-json\/wp\/v2\/posts\/12873\/revisions"}],"predecessor-version":[{"id":12874,"href":"https:\/\/mickgb.com\/ga\/wp-json\/wp\/v2\/posts\/12873\/revisions\/12874"}],"wp:featuredmedia":[{"embeddable":true,"href":"https:\/\/mickgb.com\/ga\/wp-json\/wp\/v2\/media\/13435"}],"wp:attachment":[{"href":"https:\/\/mickgb.com\/ga\/wp-json\/wp\/v2\/media?parent=12873"}],"wp:term":[{"taxonomy":"category","embeddable":true,"href":"https:\/\/mickgb.com\/ga\/wp-json\/wp\/v2\/categories?post=12873"},{"taxonomy":"post_tag","embeddable":true,"href":"https:\/\/mickgb.com\/ga\/wp-json\/wp\/v2\/tags?post=12873"}],"curies":[{"name":"wp","href":"https:\/\/api.w.org\/{rel}","templated":true}]}}