{"id":12897,"date":"2017-04-04T11:00:00","date_gmt":"2017-04-04T11:00:00","guid":{"rendered":"https:\/\/mickgb.com\/?p=12897"},"modified":"2024-04-08T01:26:52","modified_gmt":"2024-04-08T01:26:52","slug":"is-tuisce-deoch-na-sceal","status":"publish","type":"post","link":"https:\/\/mickgb.com\/ga\/is-tuisce-deoch-na-sceal\/","title":{"rendered":"Is t\u00faisce deoch n\u00e1 sc\u00e9al"},"content":{"rendered":"<p style=\"margin-top:0pt;padding-top:0;margin-bottom:0pt;padding-bottom:0;line-height:1.8\"><strong><span style=\"font-size:14pt\"><em>A Ph\u00e1draig, a chara,<\/em><\/span><\/strong><\/p><p style=\"margin-top:0pt;padding-top:0;margin-bottom:0pt;padding-bottom:0;line-height:1.8\"><strong><span style=\"font-size:14pt\"><em>B\u2019fh\u00e9idir nach bhfuair t\u00fa an p\u00ed<\/em><\/span><span style=\"font-size:14pt\"><em>osa seo uaim an babhta deiridh. Ach ar eagla na heagla, seo chugat ar\u00eds \u00e9!<\/em><\/span><\/strong><\/p><p style=\"margin-top:0pt;padding-top:0;margin-bottom:0pt;padding-bottom:0;line-height:1.8\"><strong><span style=\"font-size:14pt\"><em>\u00f3<\/em><\/span><\/strong><\/p><p style=\"margin-top:0pt;padding-top:0;margin-bottom:0pt;padding-bottom:0;line-height:1.8\"><strong><span style=\"font-size:14pt\"><em>Peadar Bair\u00e9ad.<\/em><\/span><\/strong><\/p><p style=\"text-align:center;margin-top:0pt;padding-top:0;margin-bottom:0pt;padding-bottom:0;line-height:2.4\"><strong><span style=\"font-size:20pt\">*****************************************<\/span><\/strong><\/p><p style=\"text-align:center;margin-top:0pt;padding-top:0;margin-bottom:0pt;padding-bottom:0;line-height:2.4\"><strong><span style=\"font-size:20pt\">Is t\u00faisce deoch n\u00e1 sc\u00e9al!<\/span><\/strong><\/p><p style=\"margin-top:0pt;padding-top:0;margin-bottom:0pt;padding-bottom:0;line-height:2.4;font-size:14pt\"><span style=\"height:1em\"><span>.<\/span><\/span><\/p><p style=\"margin-top:0pt;padding-top:0;margin-bottom:0pt;padding-bottom:0;line-height:2.4;font-size:14pt\">Th\u00edos i l\u00e1r na cathrach anseo i gCill Chainnigh a bh\u00ed m\u00e9, an l\u00e1 faoi dheireadh, nuair a chuala m\u00e9 an scread caol, ard, taobh thiar d\u00edom.<\/p><p style=\"margin-top:0pt;padding-top:0;margin-bottom:0pt;padding-bottom:0;line-height:2.4;font-size:14pt\">Thuig m\u00e9 ar an toirt, go mba \u00e9 mo sheanchara, S\u00e9im\u00ed a\u2019  Droichid, a bh\u00ed ann, agus gur chos\u00fail go raibh sc\u00e9al m\u00f3r, scannraitheach, ag teacht idir \u00e9 fh\u00e9in agus codladh na ho\u00edche\u2026  <\/p><p style=\"text-align:justify;margin-top:0pt;padding-top:0;margin-bottom:0pt;padding-bottom:0;line-height:2.4;font-size:14pt\">\u201cGo r\u00e9idh ansin\u201d ar seisean, \u201cagus nach ort at\u00e1 an deifir, chomh luath seo sa l\u00e1. N\u2019fheadar an mbeadh an tart ag cur as duit, agus t\u00fa ag r\u00e9abadh leat tr\u00ed na sr\u00e1ideanna, faoi mar ba bhuachaill \u00f3g th\u00fa!\u201d<\/p><p style=\"margin-top:0pt;padding-top:0;margin-bottom:0pt;padding-bottom:0;line-height:2.4\"><span style=\"font-size:14pt\">\u201cAn t\u00fa fh\u00e9in at\u00e1 ann,\u201d arsa mise, \u00e1 fhreagairt. \u201cEachtra siopad\u00f3ireachta a bh\u00ed idir l\u00e1mha agam fh\u00e9in, agus m\u00e9 ag iarraidh an gn\u00f3 a dh\u00e9anamh, s\u00e1ra mbeadh an \u00e1it pl\u00f3daithe le idir thuras\u00f3ir\u00ed agus d\u00fachasaigh. Ach le filleadh ar do cheist. Bhuel, anois, \u00f3 chuir t\u00fa im\u2019 cheann \u00e9, d\u00e9arfainn, le f\u00edrinne, go bhfuil \u00e1bhair\u00edn beag, b\u00eddeach, den tart diabhalta c\u00e9anna sin, ag triom\u00fa c\u00fal mo sceadam\u00e1in.\u201d <\/span><\/p><h1 style=\"text-align:center;margin-top:0pt;padding-top:0;margin-bottom:0pt;padding-bottom:0;line-height:2.4;font-weight:bold;font-size:18pt\">Is t\u00faisce deoch na sc\u00e9al<\/h1><p style=\"text-align:justify;margin-top:0pt;padding-top:0;margin-bottom:0pt;padding-bottom:0;line-height:2.4;font-size:14pt\">\u201cM\u00e1s mar sin at\u00e1 an sc\u00e9al agat, b\u2019fh\u00e9idir go mbeadh t\u00fa s\u00e1sta seal gearr a chaitheamh, in \u00e9ineacht liom, istigh anseo sa Smugairle R\u00f3in, mar a dh\u00e9anfaidh T\u00f3in Mh\u00f3r fh\u00e9in freastal fial orainn, fad is at\u00e1 c\u00farsa\u00ed an tsaoil mh\u00f3ir \u00e1 gc\u00edoradh againne.!\u201d<\/p><p style=\"text-align:justify;margin-top:0pt;padding-top:0;margin-bottom:0pt;padding-bottom:0;line-height:2.4\"><span style=\"font-size:14pt\">Isteach linn go d\u00edscr\u00e9ideach, agus, nach orm a bh\u00ed an t-ionadh, nuair a chonaic m\u00e9 go raibh an \u00e1it istigh dubh le daoine chomh luath sin sa l\u00e1. Isteach sa Chailleach a chuamar, n\u00f3 theastaigh uainn beirt, \u00e1r gcomhr\u00e1 a dh\u00e9anamh, gan \u00e9inne bheith ag \u00e9isteacht linn, n\u00f3 ag cur isteach orainn.<\/span><\/p><p style=\"text-align:justify;margin-top:0pt;padding-top:0;margin-bottom:0pt;padding-bottom:0;line-height:2.4;font-size:14pt\">\u201cAon sc\u00e9al nua agat, A Sh\u00e9im\u00ed, a chara?\u201d <\/p><p style=\"text-align:justify;margin-top:0pt;padding-top:0;margin-bottom:0pt;padding-bottom:0;line-height:2.4;font-size:14pt\">arsa m\u00e9 fh\u00e9in, go deas r\u00e9idh, chomh luath is a bh\u00ed dh\u00e1 ghloine ghealgh\u00e1ireacha ag spr\u00e9acharnach, is ag miongh\u00e1ir\u00ed, os \u00e1r gcomhair amach, ar bhoird\u00edn dea-dheartha na Caill\u00ed.<\/p><p style=\"text-align:justify;margin-top:0pt;padding-top:0;margin-bottom:0pt;padding-bottom:0;line-height:2.4\"><span style=\"font-size:14pt\">\u201cDiabhal sc\u00e9al nua ar bith agam, ach t\u00e1 an seansc\u00e9al c\u00e9anna ag d\u00f3 na geirbe f\u00f3s agam!\u201d<\/span><\/p><p style=\"text-align:center;margin-top:0pt;padding-top:0;margin-bottom:0pt;padding-bottom:0;line-height:2.4;font-size:14pt\"><strong><span style=\"font-size:18pt\">P\u00e1irce\u00e1il sa Chathair!<\/span><\/strong><\/p><p style=\"text-align:justify;margin-top:0pt;padding-top:0;margin-bottom:0pt;padding-bottom:0;line-height:2.4;font-size:14pt\">\u201cAgus c\u00e9n sc\u00e9al \u00e9 fh\u00e9in?\u201d arsa mise ar\u00eds, agus m\u00e9 ag iarraidh sc\u00e9al a mhealladh uaidh.<\/p><p style=\"text-align:justify;margin-top:0pt;padding-top:0;margin-bottom:0pt;padding-bottom:0;line-height:2.4;font-size:14pt\">\u201cC\u00e9n sc\u00e9al? adeir t\u00fa. C\u00e9n sc\u00e9al, an ea? N\u00e1r l\u00e9igh t\u00fa i Kilkenny People na seachtaine seo caite, faoi ch\u00farsa\u00ed p\u00e1irce\u00e1la, anseo sa Chathair \u00c1lainn?\u201d<\/p><p style=\"text-align:justify;margin-top:0pt;padding-top:0;margin-bottom:0pt;padding-bottom:0;line-height:2.4;font-size:14pt\">\u201cN\u00edor l\u00e9igh, muis! n\u00f3 tharla go raibh muid as baile, ar saoire, le scathamh anuas anois, ach c\u00e9ard a bh\u00ed le l\u00e9amh i \u2018People\u2019 na seachtaine seo caite?\u201d<\/p><p style=\"text-align:justify;margin-top:0pt;padding-top:0;margin-bottom:0pt;padding-bottom:0;line-height:2.4;font-size:14pt\">\u201cC\u00farsa\u00ed P\u00e1irce\u00e1la a bh\u00ed idir cham\u00e1in ar\u00eds ag lucht an Bhardais s\u2019againne.\u201d<\/p><p style=\"text-align:justify;margin-top:0pt;padding-top:0;margin-bottom:0pt;padding-bottom:0;line-height:2.4;font-size:14pt\">\u201cAch nach gn\u00e1th-sc\u00e9al \u00e9 sin, ag an dream c\u00e9anna?\u201d<\/p><p style=\"text-align:justify;margin-top:0pt;padding-top:0;margin-bottom:0pt;padding-bottom:0;line-height:2.4;font-size:14pt\">\u201cT\u00e1 an ceart agat sa mh\u00e9id sin, ach an babhta seo, chuaigh siad thar f\u00f3ir ar fad. An bhfuil a fhios agat c\u00e9ard t\u00e1 molta acu anois?\u201d<\/p><p style=\"text-align:justify;margin-top:0pt;padding-top:0;margin-bottom:0pt;padding-bottom:0;line-height:2.4;font-size:14pt\">\u201cN\u00edl, muis!\u201d<\/p><p style=\"text-align:center;margin-top:0pt;padding-top:0;margin-bottom:0pt;padding-bottom:0;line-height:2.4;font-size:14pt\"><strong><span style=\"font-size:18pt\">Cr\u00faite, sniogtha!<\/span><\/strong><\/p><p style=\"text-align:justify;margin-top:0pt;padding-top:0;margin-bottom:0pt;padding-bottom:0;line-height:2.4;font-size:14pt\">\u201cBhuel, t\u00e1 molta acu anois, go nd\u00e9anfa\u00ed iarracht eile ar ghluaiste\u00e1naithe na d\u00faiche seo a chr\u00fa tuilleadh. Agus nach bhfuil a fhios ag an L\u00e1, go bhfuil siad cr\u00faite  go bun na d\u00faide, cheana f\u00e9in, ag chuile \u00fadar\u00e1s sa t\u00edr gortach seo, a dteasta\u00edonn pingneacha breise uathu, le seo a dh\u00e9anamh, n\u00f3 le si\u00fad a dheisi\u00fa. Cr\u00fann an St\u00e1t iad, nuair a cheana\u00edonn siad an carr, agus chuile bhliain ina dhiaidh sin, tr\u00ed ch\u00e1in b\u00f3thair a ghearradh orthu, agus lena chois sin ar fad, nach sacann siad a l\u00e1mh ina bp\u00f3ca ar\u00eds, chuile bhabhta a chuireann siad braoin\u00edn peitril isteach in umar a gcairr, agus fi\u00fa, nuair a chuireann siad an carr isteach sa ghar\u00e1iste, lena dheisi\u00fa, n\u00f3 le caoi a chur air, nach mb\u00edonn an St\u00e1t ag fanacht ansin, lena ch\u00e1in bhreisluacha fh\u00e9in a ghearradh ar an mbille sin freisin. Sea, agus cr\u00fann na h\u00dadar\u00e1is \u00c1iti\u00fala iad freisin, am ar bith a dteasta\u00edonn pingneacha breise uathusan, agus d\u00e9anann siad sin, tr\u00ed t\u00e1ille ph\u00e1irce\u00e1la a ghearradh orthu, am ar bith a nd\u00e9anann siad a gcarr a ph\u00e1irce\u00e1il ar shr\u00e1id, n\u00f3 in ionad poibl\u00ed p\u00e1irceala.\u201d<\/p><p style=\"text-align:center;margin-top:0pt;padding-top:0;margin-bottom:0pt;padding-bottom:0;line-height:2.4;font-size:14pt\"><strong><span style=\"font-size:18pt\">Imithe thar f\u00f3ir?<\/span><\/strong><\/p><p style=\"text-align:justify;margin-top:0pt;padding-top:0;margin-bottom:0pt;padding-bottom:0;line-height:2.4;font-size:14pt\">\u201cAch a Sh\u00e9imi, nach gn\u00e1thrud \u00e9 sin, agus nach nd\u00e9antar amhlaidh i mbailte agus i gcathracha, \u00f3 cheann ceann na t\u00edre?\u201d<\/p><p style=\"text-align:justify;margin-top:0pt;padding-top:0;margin-bottom:0pt;padding-bottom:0;line-height:2.4;font-size:14pt\">\u201cD\u00e9antar, ach d\u00fairt m\u00e9 go ndeachaigh siad thar f\u00f3ir ar fad, an babhta seo, nuair a mhol duine eic\u00ednt go sacfa\u00ed an gluaiste\u00e1na\u00ed isteach i bpr\u00edos\u00fan, mura mbeadh s\u00e9 toilteanach an t\u00e1ille p\u00e1irce\u00e1la sin a \u00edoc!! Ar chuala \u00e9inne riamh a leith\u00e9id?\u201d<\/p><p style=\"text-align:justify;margin-top:0pt;padding-top:0;margin-bottom:0pt;padding-bottom:0;line-height:2.4;font-size:14pt\">Ag an bpointe sin, bh\u00ed s\u00e9 soil\u00e9ir go raibh mo Sh\u00e9im\u00ed bocht an-chorraithe, agus bh\u00ed an d\u00e1 mhuc ghr\u00e1nna \u00fad ar a mhalainn chomh dearg le fuil, agus bh\u00ed fait\u00edos orm fh\u00e9in go dtitfeadh mo chara bocht gan aithne, gan urlabhra, istigh ansin i gCailleach an Smugairle R\u00f3in. <\/p><p style=\"text-align:justify;margin-top:0pt;padding-top:0;margin-bottom:0pt;padding-bottom:0;line-height:2.4;font-size:14pt\">N\u00edor thit, \u00e1fach, ach is amhlaidh a sheas s\u00e9, shloig a raibh f\u00e1gtha ina ghloine, agus amach an doras leis, faoi mar ba chat sc\u00f3lta \u00e9! gan fi\u00fa beann\u00fa roimhe n\u00f3 ina dhiaidh.<\/p><p style=\"text-align:justify;margin-top:0pt;padding-top:0;margin-bottom:0pt;padding-bottom:0;line-height:2.4;font-size:14pt\">Caithfhidh m\u00e9 a admh\u00e1il \u00e1fach, gur fh\u00e1g s\u00e9 \u00e1bhar smaointe agam fh\u00e9in, sea, agus \u00e1bhar freisin don alt seo.  <\/p><p style=\"text-align:justify;margin-top:0pt;padding-top:0;margin-bottom:0pt;padding-bottom:0;line-height:2.4;font-size:14pt\">Peadar Bair\u00e9ad<\/p><p style=\"text-align:justify;margin-top:0pt;padding-top:0;margin-bottom:0pt;padding-bottom:0;line-height:2.4;font-size:14pt\">&nbsp;&nbsp;&nbsp;&nbsp;&nbsp;<span style=\"height:1em\"><span>.<\/span><\/span><\/p>","protected":false},"excerpt":{"rendered":"<p>A Ph\u00e1draig, a chara, B\u2019fh\u00e9idir nach bhfuair t\u00fa an p\u00edosa seo uaim an babhta deiridh. Ach ar eagla na heagla, seo chugat ar\u00eds \u00e9! \u00f3 Peadar Bair\u00e9ad. ***************************************** Is t\u00faisce deoch n\u00e1 sc\u00e9al! . Th\u00edos i l\u00e1r na cathrach anseo i gCill Chainnigh a bh\u00ed m\u00e9, an l\u00e1 faoi dheireadh, nuair a chuala m\u00e9 an [&hellip;]<\/p>\n","protected":false},"author":2,"featured_media":13435,"comment_status":"open","ping_status":"open","sticky":false,"template":"","format":"standard","meta":{"nf_dc_page":"","_et_pb_use_builder":"","_et_pb_old_content":"","_et_gb_content_width":"","footnotes":""},"categories":[1],"tags":[],"class_list":["post-12897","post","type-post","status-publish","format-standard","has-post-thumbnail","hentry","category-gan-chatagoir"],"_links":{"self":[{"href":"https:\/\/mickgb.com\/ga\/wp-json\/wp\/v2\/posts\/12897","targetHints":{"allow":["GET"]}}],"collection":[{"href":"https:\/\/mickgb.com\/ga\/wp-json\/wp\/v2\/posts"}],"about":[{"href":"https:\/\/mickgb.com\/ga\/wp-json\/wp\/v2\/types\/post"}],"author":[{"embeddable":true,"href":"https:\/\/mickgb.com\/ga\/wp-json\/wp\/v2\/users\/2"}],"replies":[{"embeddable":true,"href":"https:\/\/mickgb.com\/ga\/wp-json\/wp\/v2\/comments?post=12897"}],"version-history":[{"count":1,"href":"https:\/\/mickgb.com\/ga\/wp-json\/wp\/v2\/posts\/12897\/revisions"}],"predecessor-version":[{"id":12898,"href":"https:\/\/mickgb.com\/ga\/wp-json\/wp\/v2\/posts\/12897\/revisions\/12898"}],"wp:featuredmedia":[{"embeddable":true,"href":"https:\/\/mickgb.com\/ga\/wp-json\/wp\/v2\/media\/13435"}],"wp:attachment":[{"href":"https:\/\/mickgb.com\/ga\/wp-json\/wp\/v2\/media?parent=12897"}],"wp:term":[{"taxonomy":"category","embeddable":true,"href":"https:\/\/mickgb.com\/ga\/wp-json\/wp\/v2\/categories?post=12897"},{"taxonomy":"post_tag","embeddable":true,"href":"https:\/\/mickgb.com\/ga\/wp-json\/wp\/v2\/tags?post=12897"}],"curies":[{"name":"wp","href":"https:\/\/api.w.org\/{rel}","templated":true}]}}