{"id":12901,"date":"2017-04-04T11:00:00","date_gmt":"2017-04-04T11:00:00","guid":{"rendered":"https:\/\/mickgb.com\/?p=12901"},"modified":"2024-04-08T01:25:34","modified_gmt":"2024-04-08T01:25:34","slug":"john-boynes-history-of-loneliness","status":"publish","type":"post","link":"https:\/\/mickgb.com\/ga\/john-boynes-history-of-loneliness\/","title":{"rendered":"John Boyne,s History of Loneliness."},"content":{"rendered":"<p style=\"text-align:center;margin-top:0pt;padding-top:0;margin-bottom:10pt;padding-bottom:0;line-height:1.38\"><strong><span style=\"font-size:26pt\">A History of Loneliness&#8230;<\/span><\/strong><span style=\"font-size:26pt\">by<\/span><strong><span style=\"font-size:26pt\">&#8230;John Boyne<\/span><\/strong><\/p><p style=\"text-align:center;margin-top:0pt;padding-top:0;margin-bottom:10pt;padding-bottom:0;line-height:1.38\"><strong><span style=\"font-size:18pt\">C\u00e9adchl\u00f3&#8230;&#8230;&#8230;..2014&#8230;&#8230;&#8230;..\u00a312.99<\/span><\/strong><\/p><p style=\"margin-top:0pt;padding-top:0;margin-bottom:10pt;padding-bottom:0;line-height:1.38\"><span style=\"height:1em\"><span>.<\/span><\/span><\/p><p style=\"margin-top:0pt;padding-top:0;margin-bottom:10pt;padding-bottom:0;line-height:1.38\"><span style=\"font-size:14pt\">Peadar Bair\u00e9ad<\/span><\/p><p style=\"text-align:center;margin-top:0pt;padding-top:0;margin-bottom:10pt;padding-bottom:0;line-height:1.38\"><span style=\"height:1em\"><span>.<\/span><\/span><\/p><p style=\"text-align:center;margin-top:0pt;padding-top:0;margin-bottom:10pt;padding-bottom:0;line-height:1.38\"><strong><span style=\"font-size:18pt\">\u00darsceal \u00da<\/span><span style=\"font-size:18pt\">r<\/span><\/strong><\/p><p style=\"text-align:justify;margin-top:0pt;padding-top:0;margin-bottom:10pt;padding-bottom:0;line-height:1.38\"><span style=\"font-size:14pt\">N\u00ed h\u00e9 seo an ch\u00e9ad \u00farsc\u00e9al a chuir an t-\u00fa<\/span><span style=\"font-size:14pt\">dar<\/span><span style=\"font-size:14pt\"> c\u00e1ili\u00fail seo ar f\u00e1il d\u00fainn, n\u00f3 is d\u00f3<\/span><span style=\"font-size:14pt\">cha gur chuimh<\/span><span style=\"font-size:14pt\">in le chuile dhuine againn an s\u00e1<\/span><span style=\"font-size:14pt\">r-leabhar sin, \u2018<\/span><span style=\"font-size:14pt\">The Boy in the Striped Pyjamas\u2019, leabhar m\u00f3r-r\u00e1chairte, a chuir s\u00e9<\/span><span style=\"font-size:14pt\"> ar an margadh<\/span><span style=\"font-size:14pt\">, tamall de bhlianta \u00f3<\/span><span style=\"font-size:14pt\"> shoin anois<\/span><span style=\"font-size:14pt\">, <\/span><span style=\"font-size:14pt\">agus freisin<\/span><span style=\"font-size:14pt\">,<\/span><span style=\"font-size:14pt\"> na<\/span><span style=\"font-size:14pt\"> leabha<\/span><span style=\"font-size:14pt\">i<\/span><span style=\"font-size:14pt\">r b<\/span><span style=\"font-size:14pt\">h<\/span><span style=\"font-size:14pt\">re\u00e1<\/span><span style=\"font-size:14pt\">tha<\/span><span style=\"font-size:14pt\">, sp\u00e9isi\u00fa<\/span><span style=\"font-size:14pt\">l<\/span><span style=\"font-size:14pt\">a<\/span><span style=\"font-size:14pt\">,<\/span><span style=\"font-size:14pt\"> inchreidthe<\/span><span style=\"font-size:14pt\">,<\/span><span style=\"font-size:14pt\"> sin, <\/span><span style=\"font-size:14pt\">\u2018The Absolutist\u2019 agus \u2018Mutiny on <\/span><span style=\"font-size:14pt\">the Bounty\u2019.  <\/span><span style=\"font-size:14pt\">\u00c1th Cliathach isea John Boyne a bhfuil cl\u00fa agus c\u00e1il idirn\u00e1isi\u00fa<\/span><span style=\"font-size:14pt\">nta bainte amach aige cheana<\/span><span style=\"font-size:14pt\">, agus t\u00e1 f\u00e1il ar a shaothar i gc\u00faig theanga is caoga. T\u00e1 John p\u00f3sta agus c\u00f3na\u00ed<\/span><span style=\"font-size:14pt\"> air san Ardchathair. Ac<\/span><span style=\"font-size:14pt\">h i dtaobh<\/span><strong><span style=\"font-size:14pt\">. A History of Lonliness<\/span><\/strong><span style=\"font-size:14pt\">,<\/span><span style=\"font-size:14pt\"> an leabhair seo is d\u00e9<\/span><span style=\"font-size:14pt\">ana<\/span><span style=\"font-size:14pt\">\u00ed \u00f3<\/span><span style=\"font-size:14pt\">na pheann&#8230;.<\/span><\/p><p style=\"text-align:justify;margin-top:0pt;padding-top:0;margin-bottom:10pt;padding-bottom:0;line-height:1.38\"><span style=\"font-size:14pt\">Is \u00e9 an tAthair Odhran Yates an pr\u00ed<\/span><span style=\"font-size:14pt\">omhcharachtar sa leabhar seo<\/span><span style=\"font-size:14pt\">. i gCol\u00e1iste Chluain Life a cuireadh l\u00e9<\/span><span style=\"font-size:14pt\">ann an tsagairt air<\/span><span style=\"font-size:14pt\">,<\/span><span style=\"font-size:14pt\"> \u00e1it a ndeachaigh s\u00e9 i mbun staid\u00e9ir in aois a seachtd\u00e9<\/span><span style=\"font-size:14pt\">ag<\/span><span style=\"font-size:14pt\">,<\/span><span style=\"font-size:14pt\"> sa bhliain 1970<\/span><span style=\"font-size:14pt\">. Tuigeadh d\u00f3 \u00f3 th\u00fa<\/span><span style=\"font-size:14pt\">s<\/span><span style=\"font-size:14pt\">,<\/span><span style=\"font-size:14pt\"> go raibh glaoch chun na sagartachta faighte a<\/span><span style=\"font-size:14pt\">ige<\/span><span style=\"font-size:14pt\">, n\u00f3 b\u2019in ad\u00fairt a mh\u00e1<\/span><span style=\"font-size:14pt\">thair leis<\/span><span style=\"font-size:14pt\">, ar aon n\u00f3s, agus n\u00edor cheistigh s\u00e9<\/span><span style=\"font-size:14pt\"> an dearcadh sin <\/span><span style=\"font-size:14pt\">riamh <\/span><span style=\"font-size:14pt\">thar na blianta fada.<\/span><span style=\"font-size:14pt\"> Ba \u00e9 Tom Cardle a chomr\u00e1da\u00ed<\/span><span style=\"font-size:14pt\"> i gCluain Life ar fe<\/span><span style=\"font-size:14pt\">adh c\u00fa<\/span><span style=\"font-size:14pt\">ig bliana, ach ba bheag aithn<\/span><span style=\"font-size:14pt\">e a fuair an bheirt sin ar a ch\u00e9<\/span><span style=\"font-size:14pt\">il<\/span><span style=\"font-size:14pt\">e i rith na tr\u00e9imhse sin. Bh\u00ed Tom cine\u00e1<\/span><span style=\"font-size:14pt\">l aisteach<\/span><span style=\"font-size:14pt\">, agus ar  \u00f3c\u00e1id amh\u00e1<\/span><span style=\"font-size:14pt\">in<\/span><span style=\"font-size:14pt\"> thr\u00e9ig s\u00e9<\/span><span style=\"font-size:14pt\"> Clonliffe<\/span><span style=\"font-size:14pt\">, agus thug a bhaile air fh\u00e9in, ach m\u00e1 thug, fuair s\u00e9 l\u00e9asadh maith \u00f3<\/span><span style=\"font-size:14pt\">na D<\/span><span style=\"font-size:14pt\">haid<\/span><span style=\"font-size:14pt\">, agus th\u00f3g an Daid c\u00e9anna sin ar ais go dt\u00ed an Col\u00e1iste \u00e9 agus rian na mbuill\u00ed f\u00f3<\/span><span style=\"font-size:14pt\">s le l\u00e9amh<\/span><span style=\"font-size:14pt\"> ar a aghaidh. Ach n\u00edor dhein s\u00e9 aon iarracht eile \u00e9al\u00f3 \u00f3<\/span><span style=\"font-size:14pt\">n <\/span><span style=\"font-size:14pt\">gCliarscoil sin, ach ba bheag n\u00ed<\/span><span style=\"font-size:14pt\"> i bhfoirm ghairme<\/span><span style=\"font-size:14pt\">, n\u00f3<\/span><span style=\"font-size:14pt\"> chreidimh<\/span><span style=\"font-size:14pt\">, a bh\u00ed<\/span><span style=\"font-size:14pt\"> fanta<\/span><span style=\"font-size:14pt\"> aige i ndiaidh an l\u00e9<\/span><span style=\"font-size:14pt\">asta<\/span><span style=\"font-size:14pt\"> sin a thug a dhaid d\u00f3<\/span><span style=\"font-size:14pt\">.<\/span><\/p><h1 style=\"text-align:center;margin-top:24pt;padding-top:0;margin-bottom:0pt;padding-bottom:0;line-height:1.38;font-weight:bold;color:#365F91;font-size:14pt\"><span style=\"color:#000000;font-size:18pt\">\u2018Ar strae\u2019 sa R\u00f3imh<\/span><span style=\"color:#000000;font-size:18pt\">\u2019<\/span><\/h1><h1 style=\"text-align:justify;margin-top:24pt;padding-top:0;margin-bottom:0pt;padding-bottom:0;line-height:1.38;font-weight:bold;color:#365F91;font-size:14pt\"><span style=\"color:#000000\">Toisc go raibh ag \u00e9ir\u00ed<\/span><span style=\"color:#000000\"> chomh geal <\/span><span style=\"color:#000000\">sin <\/span><span style=\"color:#000000\">le <\/span><span style=\"color:#000000\">hOdran ina staid\u00e9ar, cuireadh chun na R\u00f3imhe ar feadh tr\u00e9imhse \u00e9. Ba mh\u00f3r an on\u00f3ir d\u00f3 an a leith\u00e9id de phribbhl\u00e9id a fh\u00e1il. Ach b\u2019ait mar a thit s\u00e9 ag an gcla\u00ed c\u00e9<\/span><span style=\"color:#000000\">anna sin<\/span><span style=\"color:#000000\">, n\u00f3 thit s\u00e9 i ngr\u00e1 le bean \u00f3<\/span><span style=\"color:#000000\">n<\/span><span style=\"color:#000000\"> mbialann mar a<\/span><span style=\"color:#000000\"> bhfaighe<\/span><span style=\"color:#000000\">adh s\u00e9 cup\u00e1n caif\u00e9, anois is ar\u00eds. Comhartha <\/span><span style=\"color:#000000\">ab ea <\/span><span style=\"color:#000000\">\u00e9<\/span><span style=\"color:#000000\"> sin<\/span><span style=\"color:#000000\"> nach raibh a ghlaoch<\/span><span style=\"color:#000000\"> chun na sagartachta chomh soil\u00e9<\/span><span style=\"color:#000000\">ir <\/span><span style=\"color:#000000\">so-chloiste sin!<\/span><span style=\"color:#000000\"> Glaodh ar ais chun na h\u00c9irinn \u00e9,<\/span><span style=\"color:#000000\"> agus ar ball<\/span><span style=\"color:#000000\">, oirn\u00edodh ina shagart \u00e9. Chaith s\u00e9 triocha bliain ina mh\u00fainteoir, agus ina leabharlanna\u00ed, i gCol\u00e1iste Th\u00edr an I\u00fair in \u00c1<\/span><span style=\"color:#000000\">th Cliath, agus ansin<\/span><span style=\"color:#000000\">, d\u2019aistrigh Ardeaspag \u00c1tha Cliath \u00f3na phost taitneamhach sa Chol\u00e1<\/span><span style=\"color:#000000\">iste<\/span><span style=\"color:#000000\"> go dt\u00ed par\u00e1iste i dtuaisceart na cathrach \u00e9, ach gheall s\u00e9 dh\u00f3, nach raibh sa socr\u00fa s<\/span><span style=\"color:#000000\">in ach rud <\/span><span style=\"color:#000000\">sealadach, agus go gcuirfeadh s\u00e9 thar nais chun an Chol\u00e1iste \u00e9<\/span><span style=\"color:#000000\"> ar ball, ach go raibh an sa<\/span><span style=\"color:#000000\">gart a bh\u00ed sa phar\u00e1iste thuasluaite \u00e1 aistri\u00fa<\/span><span style=\"color:#000000\"> aige <\/span><span style=\"color:#000000\">go post eile sa bhFairche.<\/span><span style=\"color:#000000\"> Sea! agus c\u00e9 bh\u00ed \u00e1 aistri\u00fa aige \u00f3n bpar\u00e1<\/span><span style=\"color:#000000\">iste sin ach a sheanc<\/span><span style=\"color:#000000\">hara, Tom Cardle, fear n\u00e1r f\u00e1<\/span><span style=\"color:#000000\">gad<\/span><span style=\"color:#000000\">h r\u00f3-fhada in aon phar\u00e1iste sula nd\u00e9anfa\u00ed \u00e9 a aistri\u00fa go h\u00e1it eic\u00ed<\/span><span style=\"color:#000000\">nt eile. <\/span><span style=\"color:#000000\">Dhealr\u00f3dh s\u00e9, n\u00e1r thuig Odran c\u00e9ard a bh\u00ed<\/span><span style=\"color:#000000\"> taobh thiar de na hathruithe sin, ac<\/span><span style=\"color:#000000\">h thuig an tArdeaspag go maith \u00e9, ach is d\u00f3cha go bhfuil an t-\u00fa<\/span><span style=\"color:#000000\">dar <\/span><span style=\"color:#000000\">ag iarraidh leide a thabhairt d\u00fa<\/span><span style=\"color:#000000\">inn <\/span><span style=\"color:#000000\">go bhfuil aineolas agus aineolas ann<\/span><span style=\"color:#000000\">! agus gur ch\u00f3ir go mbeadh a fhios ag Odran c\u00e9<\/span><span style=\"color:#000000\">ard<\/span><span style=\"color:#000000\"> a bh\u00ed \u00e1 dh\u00e9anamh ag a sheanchomr\u00e1da\u00ed<\/span><span style=\"color:#000000\">, Tom<\/span><span style=\"color:#000000\">. Ach b\u2019in a<\/span><span style=\"color:#000000\">n s\u00f3<\/span><span style=\"color:#000000\">rt duine <\/span><span style=\"color:#000000\">\u00e9<\/span><span style=\"color:#000000\"> Odran. <\/span><span style=\"color:#000000\">L\u00e9<\/span><span style=\"color:#000000\">irigh<\/span><span style=\"color:#000000\"> s\u00e9<\/span><span style=\"color:#000000\"> freisin<\/span><span style=\"color:#000000\">,<\/span><span style=\"color:#000000\"> go mba shaonta<\/span><span style=\"color:#000000\">,<\/span><span style=\"color:#000000\"> amach is amuigh<\/span><span style=\"color:#000000\">, \u00e9, an <\/span><span style=\"color:#000000\">t<\/span><span style=\"color:#000000\">Odran c\u00e9anna sin agus \u00e9 ag t\u00f3g\u00e1il <\/span><span style=\"color:#000000\">an <\/span><span style=\"color:#000000\">ghas\u00fa<\/span><span style=\"color:#000000\">ir <\/span><span style=\"color:#000000\">\u00fad ar ghreim l\u00e1<\/span><span style=\"color:#000000\">imhe<\/span><span style=\"color:#000000\">,<\/span><span style=\"color:#000000\"> taobh amuigh de Brow<\/span><span style=\"color:#000000\">n Thomas, agus iad ag dul ar th\u00f3ir mh\u00e1<\/span><span style=\"color:#000000\">thair an ghas<\/span><span style=\"color:#000000\">\u00fair! Cheapf\u00e1 gur tuigeadh d\u00f3 go raibh s\u00e9 ar phlain\u00e9ad eile ar fad, bun\u00fa<\/span><span style=\"color:#000000\">s an ama. <\/span><\/h1><p style=\"text-align:center;margin-top:0pt;padding-top:0;margin-bottom:10pt;padding-bottom:0;line-height:1.38\"><strong><span style=\"font-size:18pt\">Ceilt na F\u00edrinne<\/span><\/strong><\/p><p style=\"text-align:justify;margin-top:0pt;padding-top:0;margin-bottom:10pt;padding-bottom:0;line-height:1.38\"><span style=\"font-size:14pt\">Tr\u00edd is tr\u00edd, san \u00farsc\u00e9al seo, d\u00edr\u00edonn<\/span><span style=\"font-size:14pt\"> an t-\u00fadar <\/span><span style=\"font-size:14pt\">t\u00f3irse a thaighde agus a scileanna<\/span><span style=\"font-size:14pt\"> ar an Eaglais Chaitliceach<\/span><span style=\"font-size:14pt\">,<\/span><span style=\"font-size:14pt\"> ar shagairt<\/span><span style=\"font-size:14pt\">,<\/span><span style=\"font-size:14pt\"> a<\/span><span style=\"font-size:14pt\">gus <\/span><span style=\"font-size:14pt\">ar <\/span><span style=\"font-size:14pt\">easpaig<\/span><span style=\"font-size:14pt\">,<\/span><span style=\"font-size:14pt\"> a raibh a fhios acu<\/span><span style=\"font-size:14pt\">,<\/span><span style=\"font-size:14pt\"> g<\/span><span style=\"font-size:14pt\">o raibh m\u00ed-\u00fas\u00e1id ghn\u00e9asach \u00e1 dh\u00e9anamh ag cl\u00e9irigh \u00e1<\/span><span style=\"font-size:14pt\">irithe<\/span><span style=\"font-size:14pt\"> ar ghas\u00fa<\/span><span style=\"font-size:14pt\">ir<\/span><span style=\"font-size:14pt\">, agus a<\/span><span style=\"font-size:14pt\"> raibh sin \u00e1<\/span><span style=\"font-size:14pt\"> <\/span><span style=\"font-size:14pt\">cheilt ag idir easpaig agus shagairt<\/span><span style=\"font-size:14pt\">, agus d\u00e1r leis an \u00fa<\/span><span style=\"font-size:14pt\">dar<\/span><span style=\"font-size:14pt\">, bh\u00ed an P\u00e1pa fh\u00e9in fi\u00fa, ciont<\/span><span style=\"font-size:14pt\">ach sa cheilt ch\u00e9anna sin. Ag deireadh thiar \u00e1<\/span><span style=\"font-size:14pt\">fach, thuig Odran<\/span><span style=\"font-size:14pt\"> g<\/span><span style=\"font-size:14pt\">o raibh s\u00e9 fh\u00e9<\/span><span style=\"font-size:14pt\">in ciontach ina shaontacht<\/span><span style=\"font-size:14pt\">,<\/span><span style=\"font-size:14pt\"> agus ina aineolas<\/span><span style=\"font-size:14pt\">, faoi ch\u00farsa\u00ed, go h\u00e1<\/span><span style=\"font-size:14pt\">i<\/span><span style=\"font-size:14pt\">rithe nuair a thug a sheanchomr\u00e1da\u00ed l\u00e9<\/span><span style=\"font-size:14pt\">asadh teanga d<\/span><span style=\"font-size:14pt\">h\u00f3 as a<\/span><span style=\"font-size:14pt\"> <\/span><span style=\"font-size:14pt\">easpa tuisceana sna c\u00farsa\u00ed<\/span><span style=\"font-size:14pt\"> sin. Gan dabht ar domhan<\/span><span style=\"font-size:14pt\">, bh\u00ed a chuid taighde d\u00e9anta go maith ag an \u00fadar, agus bheadh s\u00e9<\/span><span style=\"font-size:14pt\"> deacair <\/span><span style=\"font-size:14pt\">go maith a dh\u00edograis ar <\/span><span style=\"font-size:14pt\">son an chirt a ch\u00e1ineadh. B\u2019fh\u00e9idir nach \u00ed<\/span><span style=\"font-size:14pt\"> an Eaglais a raibh aithne agamsa uirthi<\/span><span style=\"font-size:14pt\">, at\u00e1 idir cham\u00e1in aige, bun\u00fas an ama, ach ag an am gc\u00e9anna, caithfidh m\u00e9 a admh\u00e1<\/span><span style=\"font-size:14pt\">il<\/span><span style=\"font-size:14pt\">, gur l\u00e9igh m\u00e9<\/span><span style=\"font-size:14pt\"> chu<\/span><span style=\"font-size:14pt\">ile fhocal de<\/span><span style=\"font-size:14pt\">n leabhar seo<\/span><span style=\"font-size:14pt\">,<\/span><span style=\"font-size:14pt\"> <\/span><span style=\"font-size:14pt\">go<\/span><span style=\"font-size:14pt\"> d\u00ed<\/span><span style=\"font-size:14pt\">lis,<\/span><span style=\"font-size:14pt\"> d\u00ed<\/span><span style=\"font-size:14pt\">oigraiseach<\/span><span style=\"font-size:14pt\">.<\/span><\/p><p style=\"text-align:justify;margin-top:0pt;padding-top:0;margin-bottom:10pt;padding-bottom:0;line-height:1.38\"><span style=\"font-size:14pt\">N\u00ed f\u00e9<\/span><span style=\"font-size:14pt\">idir a cheilt go bhfuil<\/span><span style=\"font-size:14pt\"> John Boyne ar dhuine de na scr\u00edbhneroir\u00ed<\/span><span style=\"font-size:14pt\"> is fearr at\u00e1 ag saothr\u00fa an \u00farsc\u00e9il in\u00e1r measc, i l\u00e1thair na huaire seo. \u00c9ir\u00edonn leis greim a fh\u00e1il ar aird an l\u00e9itheora \u00f3 th\u00fas an sc\u00e9il. Breathnaigh air seo mar th\u00fa<\/span><span style=\"font-size:14pt\">s&#8230;<\/span><\/p><p style=\"text-align:justify;margin-top:0pt;padding-top:0;margin-bottom:10pt;padding-bottom:0;line-height:1.38;margin-left:72pt\"><span style=\"font-size:14pt\">\u201cI did not become ashamed of being Irish until I was well into the middle years of my life.\u201d<\/span><\/p><p style=\"text-align:justify;margin-top:0pt;padding-top:0;margin-bottom:10pt;padding-bottom:0;line-height:1.38\"><span style=\"font-size:14pt\">M\u00e1s uait an sc\u00e9al ioml\u00e1n a fh\u00e1il, <\/span><span style=\"font-size:14pt\">n\u00edl le d\u00e9anamh agat ach an leabhar bre\u00e1 seo<\/span><span style=\"font-size:14pt\"> a l\u00e9amh duit fh\u00e9in. N\u00ed bheidh a chath\u00fa ort, n\u00f3 is deacair an leabhar seo a chur uait go dt\u00ed go gcr\u00edochna\u00edonn t\u00fa \u00e9.<\/span><\/p>","protected":false},"excerpt":{"rendered":"<p>A History of Loneliness&#8230;by&#8230;John Boyne C\u00e9adchl\u00f3&#8230;&#8230;&#8230;..2014&#8230;&#8230;&#8230;..\u00a312.99 . Peadar Bair\u00e9ad . \u00darsceal \u00dar N\u00ed h\u00e9 seo an ch\u00e9ad \u00farsc\u00e9al a chuir an t-\u00fadar c\u00e1ili\u00fail seo ar f\u00e1il d\u00fainn, n\u00f3 is d\u00f3cha gur chuimhin le chuile dhuine againn an s\u00e1r-leabhar sin, \u2018The Boy in the Striped Pyjamas\u2019, leabhar m\u00f3r-r\u00e1chairte, a chuir s\u00e9 ar an margadh, tamall de [&hellip;]<\/p>\n","protected":false},"author":2,"featured_media":13435,"comment_status":"open","ping_status":"open","sticky":false,"template":"","format":"standard","meta":{"nf_dc_page":"","_et_pb_use_builder":"","_et_pb_old_content":"","_et_gb_content_width":"","footnotes":""},"categories":[1],"tags":[],"class_list":["post-12901","post","type-post","status-publish","format-standard","has-post-thumbnail","hentry","category-gan-chatagoir"],"_links":{"self":[{"href":"https:\/\/mickgb.com\/ga\/wp-json\/wp\/v2\/posts\/12901","targetHints":{"allow":["GET"]}}],"collection":[{"href":"https:\/\/mickgb.com\/ga\/wp-json\/wp\/v2\/posts"}],"about":[{"href":"https:\/\/mickgb.com\/ga\/wp-json\/wp\/v2\/types\/post"}],"author":[{"embeddable":true,"href":"https:\/\/mickgb.com\/ga\/wp-json\/wp\/v2\/users\/2"}],"replies":[{"embeddable":true,"href":"https:\/\/mickgb.com\/ga\/wp-json\/wp\/v2\/comments?post=12901"}],"version-history":[{"count":1,"href":"https:\/\/mickgb.com\/ga\/wp-json\/wp\/v2\/posts\/12901\/revisions"}],"predecessor-version":[{"id":12902,"href":"https:\/\/mickgb.com\/ga\/wp-json\/wp\/v2\/posts\/12901\/revisions\/12902"}],"wp:featuredmedia":[{"embeddable":true,"href":"https:\/\/mickgb.com\/ga\/wp-json\/wp\/v2\/media\/13435"}],"wp:attachment":[{"href":"https:\/\/mickgb.com\/ga\/wp-json\/wp\/v2\/media?parent=12901"}],"wp:term":[{"taxonomy":"category","embeddable":true,"href":"https:\/\/mickgb.com\/ga\/wp-json\/wp\/v2\/categories?post=12901"},{"taxonomy":"post_tag","embeddable":true,"href":"https:\/\/mickgb.com\/ga\/wp-json\/wp\/v2\/tags?post=12901"}],"curies":[{"name":"wp","href":"https:\/\/api.w.org\/{rel}","templated":true}]}}