{"id":12923,"date":"2017-04-04T11:00:00","date_gmt":"2017-04-04T11:00:00","guid":{"rendered":"https:\/\/mickgb.com\/?p=12923"},"modified":"2024-04-08T02:09:13","modified_gmt":"2024-04-08T02:09:13","slug":"l-u-i-r-e-a-c-h-p-h-a-d-r-a-i-g-copy-2","status":"publish","type":"post","link":"https:\/\/mickgb.com\/ga\/l-u-i-r-e-a-c-h-p-h-a-d-r-a-i-g-copy-2\/","title":{"rendered":"L u i r e a c h     P h a d r a i g &#8211; Copy (2)"},"content":{"rendered":"<p style=\"text-align:center;margin-top:0pt;padding-top:0;margin-bottom:0pt;padding-bottom:0;line-height:2.4;font-size:12pt\"><strong><span style=\"text-decoration:underline;font-size:28pt\">L \u00fa i r e<\/span><span style=\"text-decoration:underline;font-size:28pt\"> a c h     P h \u00e1 d r a i g  <\/span><\/strong><\/p><p style=\"text-align:center;margin-top:0pt;padding-top:0;margin-bottom:0pt;padding-bottom:0;line-height:2.4;font-size:12pt\"><span style=\"height:1em\"><span>.<\/span><\/span><\/p><p style=\"text-align:center;margin-top:0pt;padding-top:0;margin-bottom:0pt;padding-bottom:0;line-height:2.4;font-size:12pt\"><strong><span style=\"font-size:14pt\"><em>(Some thoughts and memories to go with the National Festival<\/em><\/span><span style=\"font-size:14pt\"><em>)<\/em><\/span><\/strong><\/p><p style=\"text-align:justify;margin-top:0pt;padding-top:0;margin-bottom:0pt;padding-bottom:0;line-height:2.4;font-size:12pt\"><span style=\"height:1em\"><span>.<\/span><\/span><\/p><p style=\"text-align:justify;margin-top:0pt;padding-top:0;margin-bottom:0pt;padding-bottom:0;line-height:2.4;font-size:12pt;margin-left:36pt\"><strong><span style=\"font-size:14pt\"><em>Seo <\/em><\/span><span style=\"font-size:14pt\"><em>p\u00edosa a chuir m\u00e9 i dtoll a ch\u00e9<\/em><\/span><span style=\"font-size:14pt\"><em>ile tamal<\/em><\/span><span style=\"font-size:14pt\"><em>l de bhlianta \u00f3<\/em><\/span><span style=\"font-size:14pt\"><em> shoin anois, ach b\u2019f<\/em><\/span><span style=\"font-size:14pt\"><em>h\u00e9idir gur mhaith leat \u00e9 a l\u00e9<\/em><\/span><span style=\"font-size:14pt\"><em>amh<\/em><\/span><span style=\"font-size:14pt\"><em> i mbliana agus Cuimhneamh C\u00e9ad an \u00c9iri Amach \u00e1 chom\u00f3<\/em><\/span><span style=\"font-size:14pt\"><em>radh againn<\/em><\/span><span style=\"font-size:14pt\"><em>.<\/em><\/span><span style=\"font-size:14pt\"><em> <\/em><\/span><\/strong><\/p><p style=\"text-align:center;margin-top:0pt;padding-top:0;margin-bottom:0pt;padding-bottom:0;line-height:2.4;font-size:12pt\"><span style=\"font-size:18pt\">&emsp;&emsp;<\/span><\/p><p style=\"text-align:center;margin-top:0pt;padding-top:0;margin-bottom:0pt;padding-bottom:0;line-height:2.4;font-size:12pt\"><strong><span style=\"font-size:18pt\">S e a n m \u00f3 i r    n a     C \u00e1 s c a .<\/span><\/strong><\/p><p style=\"text-align:justify;margin-top:0pt;padding-top:0;margin-bottom:0pt;padding-bottom:0;line-height:2.4;font-size:12pt\">Nuair a bh\u00ed mise ag freastal ar Chol\u00e1iste na hOllscoile, Corcaigh, faoi l\u00e1r dhaichid\u00ed na haoise seo caite, ba \u00e9 ba Uachrar\u00e1n ar an Institi\u00fad sin, ag an am, n\u00f3 an Docht\u00fair Alfred O\u2019Rahilly.  An-scol\u00e1ire agus an-Ghael ba ea an fear c\u00e9anna sin, agus an-Chr\u00edosta\u00ed freisin, d\u00e1 nd\u00e9arfainn \u00e9, ach cib\u00e9 faoi sin, bh\u00ed de n\u00f3s aige, chuile bhliain, teacht dheireadh an Charghais, l\u00e9acht a thabhairt ar an \u2018Turin Shroud\u2019 agus a raibh le foghlaim againn uaidh, faoi Ph\u00e1is agus faoi Bh\u00e1s \u00cdosa.  Chuireadh s\u00e9 t\u00fas leis an l\u00e9acht sin, tr\u00edna r\u00e1 linn, gurbh \u00ed seo a sheanm\u00f3ir bhliant\u00fail.  Bhuel, anois, agus muidinne ag deireadh na Seachtaine M\u00f3ire, cuirfidh m\u00e9 fh\u00e9in t\u00fas leis an bp\u00edosa seo, tr\u00edna r\u00e1 libhse, gurb \u00ed seo mo sheanm\u00f3ir bhliant\u00fail-se.  T\u00e1 s\u00fail agam go mbainfidh sibh taitneamh, agus tairbhe aisti!!<\/p><p style=\"text-align:justify;margin-top:0pt;padding-top:0;margin-bottom:0pt;padding-bottom:0;line-height:2.4;font-size:12pt\">Anois, agus cruas Laethe na B\u00f3 Riabha\u00ed ag cur ghoimh fuachta in aer th\u00fas an Aibre\u00e1in, filleann mo smaointe, uair amh\u00e1in eile, ar L\u00e1 \u2018le P\u00e1draig, agus tugaim chun cuimhne, go nd\u00fairt P\u00e1draig go dtabharfadh s\u00e9 chuile l\u00e1 go bre\u00e1 dh\u00fainn, i ndiaidh na F\u00e9il\u2019 P\u00e1draig, agus leath an lae sin freisin.  Nach annamh a tharla\u00edonn a leith\u00e9id, n\u00f3 de ghn\u00e1th, b\u00edonn L\u00e1 \u2018le P\u00e1draig fuar, feanntach, crua.  Ach n\u00ed chuige sin at\u00e1 m\u00e9, ach chuige seo&#8230;&#8230;.<\/p><p style=\"text-align:justify;margin-top:0pt;padding-top:0;margin-bottom:0pt;padding-bottom:0;line-height:2.4;font-size:12pt\">An tr\u00e1th seo chuile bhliain anois, geall leis, t\u00e9ann mo smaointe fh\u00e9in ar oilithreacht siar, agus filleann ar\u00eds ar na f\u00edrinn\u00ed, agus ar na prionsabail, a chuir P\u00e1draig i gcr\u00e9 mh\u00e9ith an chine s\u2019againne.  Smaoin\u00edm ar L\u00faireach Ph\u00e1draig, an phaidir a d\u00faradh le L\u00faireach D\u00e9 a fh\u00e1isceadh timpeall ar Chr\u00edosta\u00ed, chuile mhaidin, len \u00e9 a chosaint ar chumhacht an oilc, i rith an lae sin, n\u00f3 nach chos\u00fail chuile l\u00e1 le cath eile in oilithreacht an t\u00e9 a bhfuil a aghaidh d\u00edrithe aige ar Dh\u00fan an R\u00ed.<\/p><p style=\"margin-top:0pt;padding-top:0;margin-bottom:0pt;padding-bottom:0;line-height:2.4;font-size:12pt\"><span style=\"height:1em\"><span>.<\/span><\/span><\/p><p style=\"margin-top:0pt;padding-top:0;margin-bottom:0pt;padding-bottom:0;line-height:2.4;font-size:12pt\"><strong>&nbsp;&nbsp;&nbsp;&nbsp;&nbsp;&nbsp;&nbsp;&nbsp;&nbsp;&nbsp;&nbsp;&nbsp;&nbsp;&nbsp;&nbsp;&nbsp;&nbsp;&nbsp;&nbsp;&nbsp;&nbsp;&nbsp;&nbsp;&nbsp;&nbsp;&nbsp;&nbsp;&nbsp;&nbsp;&nbsp;&nbsp;&nbsp;&nbsp;&nbsp;&nbsp;&nbsp;&nbsp;&nbsp;&nbsp;&nbsp;&nbsp;&nbsp;&nbsp;&nbsp;&nbsp;<span style=\"font-size:18pt\">L\u00faireach Ph\u00e1draig.<\/span><\/strong><\/p><p style=\"margin-top:0pt;padding-top:0;margin-bottom:0pt;padding-bottom:0;line-height:2.4;font-size:12pt;margin-left:108pt\">Neart D\u00e9 do mo chosaint gach l\u00e1,<\/p><p style=\"margin-top:0pt;padding-top:0;margin-bottom:0pt;padding-bottom:0;line-height:2.4;font-size:12pt;margin-left:108pt\">Lena Bhriathar, mar L\u00faireach, mar sc\u00e1th,<\/p><p style=\"margin-top:0pt;padding-top:0;margin-bottom:0pt;padding-bottom:0;line-height:2.4;font-size:12pt;margin-left:108pt\">Cr\u00edost i mo thimpeall de sh\u00edor,<\/p><p style=\"margin-top:0pt;padding-top:0;margin-bottom:0pt;padding-bottom:0;line-height:2.4;font-size:12pt;margin-left:108pt\">Mac D\u00e9 i gceartl\u00e1r mo chro\u00ed.<\/p><p style=\"margin-top:0pt;padding-top:0;margin-bottom:0pt;padding-bottom:0;line-height:2.4;font-size:12pt;margin-left:108pt\">Romham do mo threor\u00fa,<\/p><p style=\"margin-top:0pt;padding-top:0;margin-bottom:0pt;padding-bottom:0;line-height:2.4;font-size:12pt;margin-left:108pt\">\u2018Mo dhiaidh do mo sheoladh,<\/p><p style=\"margin-top:0pt;padding-top:0;margin-bottom:0pt;padding-bottom:0;line-height:2.4;font-size:12pt;margin-left:108pt\">Do mo ghr\u00e1\u00fa, do mo shl\u00e1n\u00fa, gan chr\u00edoch.<\/p><p style=\"text-align:justify;margin-top:0pt;padding-top:0;margin-bottom:0pt;padding-bottom:0;line-height:2.4;font-size:12pt\"><span style=\"height:1em\"><span>.<\/span><\/span><\/p><p style=\"text-align:justify;margin-top:0pt;padding-top:0;margin-bottom:0pt;padding-bottom:0;line-height:2.4;font-size:12pt\">Tosa\u00edonn an saol chuile mhaidin, as an nua, don Chr\u00edosta\u00ed, do chuile dhuine, d\u2019fh\u00e9adf\u00e1 a r\u00e1, ach ar bhealach speisialta don Chr\u00edosta\u00ed.  B\u00edonn air breathn\u00fa ar\u00eds ar fh\u00edrinn\u00ed agus ar phrionsabail a chreidimh, agus c\u00e9 go ndeirtear, gur f\u00e9idir linn saibhreas a chur i dtaisce d\u00fainn fh\u00e9in sna Flaithis thall, t\u00e1 me ag ceapadh, nach mar sin a tharla\u00edonn ar an saol seo, n\u00f3 na f\u00edric\u00ed agus na prionsabail ar ghlacamar leo, gan str\u00f3, inn\u00e9, n\u00ed f\u00e9idir glacadh leis, go mbeidh siad d\u00edreach chomh hinghlactha, chomh h\u00e9ifeachtach, n\u00f3 chomh hinchreidte, inniu.  Agus fi\u00fa, nach bhfuil taobh eile ar an sc\u00e9al sin freisin.  Nach n-\u00e9ir\u00edonn s\u00e9 n\u00edos deacra, \u00f3 bhliain go ch\u00e9ile, glacadh leis na f\u00edrinn\u00ed agus leis na prionsabail ch\u00e9anna sin, n\u00f3 nach n-\u00e9ir\u00edonn an daonna\u00ed n\u00edos ceist\u00ed, n\u00edos scaipthe, agus n\u00edos d\u00edmheabhra\u00ed freisin, de r\u00e9ir mar a th\u00e9ann s\u00e9 in achrann sna blianta, agus b\u00edodh go raibh an oireadh sin creidimh aige, le linn a \u00f3ige, is a chuirfeadh an cnoc thall ar an gcnoc abhus, cailleann scian sin a chreidimh a fhaobhar, nuair a mhaola\u00edtear faoi ualach trom na mblianta \u00ed.   Fi\u00fa amh\u00e1in, n\u00e1r dh\u00fairt an Naomh cumasach sin, P\u00f3l, linn, go raibh s\u00e9 fh\u00e9in ag troid leis, tr\u00ed ch\u00farsa a shaoil, ach nach raibh an bua deiridh gn\u00f3ite aige f\u00f3s, ach go raibh s\u00e9 ag treabhadh leis, agus \u00e9 ag s\u00fail go mb\u00e9arfadh s\u00e9 bua, ar deireadh thiar.  Sea, agus n\u00e1rbh \u2018in an f\u00e1th a mb\u00edodh na seandaoine fad\u00f3 ag gu\u00ed go bhfaighid\u00eds gr\u00e1sta na buanseasmhachta, s\u00e9 sin, go n-\u00e9ireodh leo fanacht d\u00edlis do na f\u00edrinn\u00ed agus do na prionsabail \u00fad, ar dhein m\u00e9 tagairt d\u00f3ibh thuas.<\/p><p style=\"text-align:justify;margin-top:0pt;padding-top:0;margin-bottom:0pt;padding-bottom:0;line-height:2.4;font-size:12pt;margin-left:144pt\"><span style=\"height:1em\"><span>.<\/span><\/span><\/p><p style=\"text-align:justify;margin-top:0pt;padding-top:0;margin-bottom:0pt;padding-bottom:0;line-height:2.4;font-size:12pt;margin-left:144pt\">B\u00ed f\u00fam do mo chosaint gach tr\u00e1th,<\/p><p style=\"text-align:justify;margin-top:0pt;padding-top:0;margin-bottom:0pt;padding-bottom:0;line-height:2.4;font-size:12pt;margin-left:144pt\">Os mo chionn, do mo threor\u00fa, led\u2019 ghr\u00e1,<\/p><p style=\"text-align:justify;margin-top:0pt;padding-top:0;margin-bottom:0pt;padding-bottom:0;line-height:2.4;font-size:12pt;margin-left:144pt\">B\u00ed liom nuair a lu\u00edfidh m\u00e9 s\u00edos,<\/p><p style=\"text-align:justify;margin-top:0pt;padding-top:0;margin-bottom:0pt;padding-bottom:0;line-height:2.4;font-size:12pt;margin-left:144pt\">B\u00ed faram ar mo leaba san o\u00edch\u2019,<\/p><p style=\"text-align:justify;margin-top:0pt;padding-top:0;margin-bottom:0pt;padding-bottom:0;line-height:2.4;font-size:12pt;margin-left:144pt\">Ar mo dheis do mo threor\u00fa,<\/p><p style=\"text-align:justify;margin-top:0pt;padding-top:0;margin-bottom:0pt;padding-bottom:0;line-height:2.4;font-size:12pt;margin-left:144pt\">Ar mo chl\u00e9 do mo sheoladh,<\/p><p style=\"text-align:justify;margin-top:0pt;padding-top:0;margin-bottom:0pt;padding-bottom:0;line-height:2.4;font-size:12pt;margin-left:144pt\">A Chr\u00edost ghil, n\u00e1 di\u00faltaigh mo ghu\u00ed.<\/p><p style=\"text-align:justify;margin-top:0pt;padding-top:0;margin-bottom:0pt;padding-bottom:0;line-height:2.4;font-size:12pt\"> <span style=\"height:1em\"><span>.<\/span><\/span><\/p><p style=\"text-align:justify;margin-top:0pt;padding-top:0;margin-bottom:0pt;padding-bottom:0;line-height:2.4;font-size:12pt\">N\u00ed haon d\u00f3ich\u00edn \u00e9, saol Cr\u00edosta\u00ed a chaitheamh, agus fanacht d\u00edlis d\u00e1 rialacha, l\u00e1 i ndiaidh lae, seachtain i ndiaidh seachtaine, agus bliain i ndiaidh bliana, ach sin \u00e9 dualgas an chreidimh.  Breathnaigh ar chro\u00ed an Aifrinn, agus tuigfidh t\u00fa cad chuige a bhfuilim.  Sa chuid sin den Aifreann, creideann an Caitliceach R\u00f3mh\u00e1nach go dtagann Cr\u00edost fh\u00e9in, idir anam is corp, daonnacht is diagacht, anuas chugainn ar an alt\u00f3ir, ag n\u00f3imead cinni\u00fanach \u00fad an coisreacain.  Nach deacair a chreidi\u00faint go bhf\u00e9adfadh Dia M\u00f3r na Gl\u00f3ire fh\u00e9in, a chumhacht is a neart a cheilt faoi ghn\u00e9 ar\u00e1in is f\u00edona?  Tagann an d\u00e1 shaol, an saol thall is an saol abhus, an-ch\u00f3ngarach d\u00e1 ch\u00e9ile ag an n\u00f3im\u00e9ad cinni\u00fanach sin, sa chaoi nach bhfuil eatarthu ach an sc\u00e1th, no an sc\u00e1il, is caoile, ach ag an am gc\u00e9anna, sc\u00e1th a fhola\u00edonn A l\u00e1ithreacht orainn.  Don Chaitliceach, sin \u00e9 n\u00f3im\u00e9ad na f\u00edrinne, agus m\u00e1s f\u00e9idir leis, a ndeir s\u00e9, a chreidi\u00faint ag an n\u00f3im\u00e9ad sin, t\u00e1 leis, t\u00e1 bearna an creidimh trasnaithe aige, l\u00e9im an chreidimh gearrtha aige, agus is f\u00e9idir leis feasta, si\u00fal i sc\u00e1th an Tiarna&#8230;.<\/p><p style=\"text-align:justify;margin-top:0pt;padding-top:0;margin-bottom:0pt;padding-bottom:0;line-height:2.4;font-size:12pt;margin-left:108pt\"><span style=\"height:1em\"><span>.<\/span><\/span><\/p><p style=\"text-align:justify;margin-top:0pt;padding-top:0;margin-bottom:0pt;padding-bottom:0;line-height:2.4;font-size:12pt;margin-left:108pt\">B\u00ed liom nuair a shu\u00edfidh m\u00e9 f\u00fam,<\/p><p style=\"text-align:justify;margin-top:0pt;padding-top:0;margin-bottom:0pt;padding-bottom:0;line-height:2.4;font-size:12pt;margin-left:108pt\">Nuair a sheasfaidh, b\u00ed taobh liom, a r\u00fan.<\/p><p style=\"text-align:justify;margin-top:0pt;padding-top:0;margin-bottom:0pt;padding-bottom:0;line-height:2.4;font-size:12pt;margin-left:108pt\">B\u00ed i mb\u00e9al an t\u00e9 a labhrann lem chro\u00ed,<\/p><p style=\"text-align:justify;margin-top:0pt;padding-top:0;margin-bottom:0pt;padding-bottom:0;line-height:2.4;font-size:12pt;margin-left:108pt\">B\u00ed i s\u00fail an t\u00e9 a chasann im l\u00edon.<\/p><p style=\"text-align:justify;margin-top:0pt;padding-top:0;margin-bottom:0pt;padding-bottom:0;line-height:2.4;font-size:12pt;margin-left:108pt\">Romham, do mo threor\u00fa,<\/p><p style=\"text-align:justify;margin-top:0pt;padding-top:0;margin-bottom:0pt;padding-bottom:0;line-height:2.4;font-size:12pt;margin-left:108pt\">\u2018Mo dhiaidh, do mo sheoladh,<\/p><p style=\"text-align:justify;margin-top:0pt;padding-top:0;margin-bottom:0pt;padding-bottom:0;line-height:2.4;font-size:12pt;margin-left:108pt\">B\u00ed i gcluais an t\u00e9 a \u00e9isteann lem mhian.<\/p><p style=\"text-align:justify;margin-top:0pt;padding-top:0;margin-bottom:0pt;padding-bottom:0;line-height:2.4;font-size:12pt;margin-left:108pt\"><span style=\"height:1em\"><span>.<\/span><\/span><\/p><p style=\"text-align:justify;margin-top:0pt;padding-top:0;margin-bottom:0pt;padding-bottom:0;line-height:2.4;font-size:12pt\">Nach ag P\u00e1draig Naofa fh\u00e9in a bh\u00ed an creideamh daingean.  Chreid seisean go raibh Dia leis chuile orlach den bhealach, \u00f3 \u00e9ir\u00ed dh\u00f3 ar maidin, go ham lu\u00ed san o\u00edche.  Agus \u00f3 tharla gur chreid s\u00e9 sin go diongbh\u00e1ilte, n\u00ed raibh fait\u00edos, n\u00f3 eagla, air roimh chumhacht an oilc.  N\u00ed dh\u00e9anfadh gaiste an fhiaga\u00ed, n\u00f3 l\u00edon an fhoghlaera, dochar n\u00f3 dam\u00e1iste d\u00f3.  Thiocfadh s\u00e9 saor \u00f3 shaigheada an diabhail fh\u00e9in, n\u00f3 bh\u00ed Dia leis, agus \u00e9 timpeallaithe lena l\u00faireach ilchosantach.  Anois, t\u00e1 s\u00e9 \u00e9asca go maith \u00e9 sin a chreidi\u00faint, ag an t\u00e9 at\u00e1 \u00f3g agus ag baili\u00fa chuile shaghas eolais chuige.  Leanann s\u00e9 loighic \u00e1lainn, bhuile, an chreidimh, ach de r\u00e9ir mar a im\u00edonn duine anonn sna blianta, ceist\u00edonn s\u00e9 ciall an chreidimh ch\u00e9anna sin, agus b\u00edonn air a chur ina lu\u00ed air fh\u00e9in, tar \u00e9is d\u00f3 chuile sh\u00f3rt a chur san \u00e1ireamh, go lu\u00edonn an creideamh c\u00e9anna sin le r\u00e9as\u00fan, agus gur freagra daonna \u00e9, ar fhadhb na beatha, fadhb a ch\u00e9as, is a chr\u00e1igh, an cine daonna, \u00f3 thus ama i leith&#8230;.<\/p><p style=\"text-align:justify;margin-top:0pt;padding-top:0;margin-bottom:0pt;padding-bottom:0;line-height:2.4;font-size:12pt;margin-left:108pt\"><span style=\"height:1em\"><span>.<\/span><\/span><\/p><p style=\"text-align:justify;margin-top:0pt;padding-top:0;margin-bottom:0pt;padding-bottom:0;line-height:2.4;font-size:12pt;margin-left:108pt\">Neart D\u00e9 do mo chosaint gach l\u00e1,<\/p><p style=\"text-align:justify;margin-top:0pt;padding-top:0;margin-bottom:0pt;padding-bottom:0;line-height:2.4;font-size:12pt;margin-left:108pt\">Lena bhriathar, mar L\u00faireach, mar sc\u00e1th.<\/p><p style=\"text-align:justify;margin-top:0pt;padding-top:0;margin-bottom:0pt;padding-bottom:0;line-height:2.4;font-size:12pt;margin-left:108pt\">Cr\u00edost le mo thaoibhse go buan,<\/p><p style=\"text-align:justify;margin-top:0pt;padding-top:0;margin-bottom:0pt;padding-bottom:0;line-height:2.4;font-size:12pt;margin-left:108pt\">Do mo chosaint, \u00f3 dh\u00faiseacht go suan.<\/p><p style=\"text-align:justify;margin-top:0pt;padding-top:0;margin-bottom:0pt;padding-bottom:0;line-height:2.4;font-size:12pt;margin-left:108pt\">Romham, do mo threor\u00fa,<\/p><p style=\"text-align:justify;margin-top:0pt;padding-top:0;margin-bottom:0pt;padding-bottom:0;line-height:2.4;font-size:12pt;margin-left:108pt\">\u2018Mo dhiaidh, do mo sheoladh,<\/p><p style=\"text-align:justify;margin-top:0pt;padding-top:0;margin-bottom:0pt;padding-bottom:0;line-height:2.4;font-size:12pt;margin-left:108pt\">Do mo shl\u00e1n\u00fa L\u00e1 l\u00e9anmhar an Luain.<\/p><p style=\"text-align:justify;margin-top:0pt;padding-top:0;margin-bottom:0pt;padding-bottom:0;line-height:2.4;font-size:12pt;margin-left:108pt\"><span style=\"height:1em\"><span>.<\/span><\/span><\/p><p style=\"text-align:justify;margin-top:0pt;padding-top:0;margin-bottom:0pt;padding-bottom:0;line-height:2.4;font-size:12pt\">Anois agus an Ch\u00e1isc an doras isteach chugainn ar\u00eds, t\u00e1 orainn uilig na smaointe sin a scr\u00fad\u00fa, agus a chur sa mhe\u00e1, uair amh\u00e1in eile, f\u00e9achaint an fi\u00fa d\u00fainn toili\u00fa leo, uair amh\u00e1in eile, n\u00f3 sin an cine\u00e1l ruda \u00e9 an creideamh, s\u00e9 sin, go gcaithfidh t\u00fa \u00e9 a mheas agus a athmheas, a mhe\u00e1 agus a athmhe\u00e1, l\u00e1 i ndiaidh lae, seachtain i ndiaidh seachtaine, agus bliain i ndiaidh bliana.  N\u00edl aon chinnteacht ag baint le creideamh ar bith, n\u00f3 caithfidh t\u00fa toili\u00fa chuige, ar\u00eds is ar\u00eds eile, go deireadh do r\u00e9, n\u00f3 tosa\u00edonn an saol, as an nua, dhuit, ag breacadh chuile lae nua a bhronntar ort.<\/p><p style=\"text-align:justify;margin-top:0pt;padding-top:0;margin-bottom:0pt;padding-bottom:0;line-height:2.4;font-size:12pt\">Agus \u00f3 tharla gurb \u00e9 seo s\u00e9as\u00far na C\u00e1sca, t\u00e9ann mo chuimhne fh\u00e9in siar ar\u00eds, chuig na laethe, nuair a bh\u00edos-sa im ghas\u00far, agus an creideamh sin f\u00e1iscthe go daingean sa chro\u00ed istigh ionnam, agus chuile mhaidin C\u00e1sca, bh\u00ednn im dh\u00faiseacht le giolc an ghealbhain, le go bhfeicfinn an ghrian ag rince. <\/p><p style=\"text-align:justify;margin-top:0pt;padding-top:0;margin-bottom:0pt;padding-bottom:0;line-height:2.4;font-size:12pt\"> Agus cogar! An nd\u00e9anadh s\u00ed aon ghreas rince ar bith daoibh? Ad\u00e9arfadh duine liom, b\u2019fh\u00e9idir.<\/p><p style=\"text-align:justify;margin-top:0pt;padding-top:0;margin-bottom:0pt;padding-bottom:0;line-height:2.4;font-size:12pt\">Bhuel! n\u00edlim \u00e1 dhearbh\u00fa go nd\u00e9anadh, n\u00f3 n\u00edlim \u00e1 r\u00e1 nach nd\u00e9anadh, ach d\u00e9arfaidh m\u00e9 an m\u00e9id seo, gur chreideamarna go bpocl\u00e9imeadh s\u00ed as a craiceann le h\u00e1thas agus \u00ed ag ceili\u00faradh na hAis\u00e9ir\u00ed , ar \u00e9ir\u00ed as a leaba san oirthear di, Maidin Dhomhnach C\u00e1sca, agus b\u2019in \u00e9 d\u00edreach mar a chonacthas d\u00fainne \u00e9, bliain i ndiaidh bliana, agus dheamhan focal br\u00e9ige sa mh\u00e9id sin!<\/p><p style=\"text-align:justify;margin-top:0pt;padding-top:0;margin-bottom:0pt;padding-bottom:0;line-height:2.4;font-size:12pt\">C\u00e1isc faoi sh\u00e9an is faoi mhaise dhaoibh uilig&#8230;&#8230;.   D\u2019ais\u00e9irigh S\u00e9!  &#8230;&#8230;&#8230;<\/p><p style=\"text-align:justify;margin-top:0pt;padding-top:0;margin-bottom:0pt;padding-bottom:0;line-height:2.4;font-size:12pt\">L\u00faireach Ph\u00e1draig agus Brat Bhr\u00edde umat, anois agus i dt\u00f3lamh.<\/p>","protected":false},"excerpt":{"rendered":"<p>L \u00fa i r e a c h P h \u00e1 d r a i g . (Some thoughts and memories to go with the National Festival) . Seo p\u00edosa a chuir m\u00e9 i dtoll a ch\u00e9ile tamall de bhlianta \u00f3 shoin anois, ach b\u2019fh\u00e9idir gur mhaith leat \u00e9 a l\u00e9amh i mbliana agus Cuimhneamh [&hellip;]<\/p>\n","protected":false},"author":2,"featured_media":13435,"comment_status":"open","ping_status":"open","sticky":false,"template":"","format":"standard","meta":{"nf_dc_page":"","_et_pb_use_builder":"","_et_pb_old_content":"","_et_gb_content_width":"","footnotes":""},"categories":[1],"tags":[],"class_list":["post-12923","post","type-post","status-publish","format-standard","has-post-thumbnail","hentry","category-gan-chatagoir"],"_links":{"self":[{"href":"https:\/\/mickgb.com\/ga\/wp-json\/wp\/v2\/posts\/12923","targetHints":{"allow":["GET"]}}],"collection":[{"href":"https:\/\/mickgb.com\/ga\/wp-json\/wp\/v2\/posts"}],"about":[{"href":"https:\/\/mickgb.com\/ga\/wp-json\/wp\/v2\/types\/post"}],"author":[{"embeddable":true,"href":"https:\/\/mickgb.com\/ga\/wp-json\/wp\/v2\/users\/2"}],"replies":[{"embeddable":true,"href":"https:\/\/mickgb.com\/ga\/wp-json\/wp\/v2\/comments?post=12923"}],"version-history":[{"count":1,"href":"https:\/\/mickgb.com\/ga\/wp-json\/wp\/v2\/posts\/12923\/revisions"}],"predecessor-version":[{"id":12924,"href":"https:\/\/mickgb.com\/ga\/wp-json\/wp\/v2\/posts\/12923\/revisions\/12924"}],"wp:featuredmedia":[{"embeddable":true,"href":"https:\/\/mickgb.com\/ga\/wp-json\/wp\/v2\/media\/13435"}],"wp:attachment":[{"href":"https:\/\/mickgb.com\/ga\/wp-json\/wp\/v2\/media?parent=12923"}],"wp:term":[{"taxonomy":"category","embeddable":true,"href":"https:\/\/mickgb.com\/ga\/wp-json\/wp\/v2\/categories?post=12923"},{"taxonomy":"post_tag","embeddable":true,"href":"https:\/\/mickgb.com\/ga\/wp-json\/wp\/v2\/tags?post=12923"}],"curies":[{"name":"wp","href":"https:\/\/api.w.org\/{rel}","templated":true}]}}