{"id":12955,"date":"2017-04-04T11:00:00","date_gmt":"2017-04-04T11:00:00","guid":{"rendered":"https:\/\/mickgb.com\/?p=12955"},"modified":"2024-04-08T01:14:02","modified_gmt":"2024-04-08T01:14:02","slug":"leabhar-speisiuil-the-things-we-know-now-copy","status":"publish","type":"post","link":"https:\/\/mickgb.com\/ga\/leabhar-speisiuil-the-things-we-know-now-copy\/","title":{"rendered":"Leabhar sp\u00e9isi\u00fail The things we know now. &#8211; Copy"},"content":{"rendered":"<p style=\"text-align:center;margin-top:0pt;padding-top:0;margin-bottom:10pt;padding-bottom:0;line-height:1.8\"><strong><span style=\"font-size:28pt\"> <\/span><span style=\"font-size:28pt\">Leabhar sp\u00e9isi\u00fail<\/span><\/strong><\/p><p style=\"text-align:center;margin-top:0pt;padding-top:0;margin-bottom:10pt;padding-bottom:0;line-height:1.8\"><strong><span style=\"font-size:20pt\">The Things We Know N<\/span><span style=\"font-size:20pt\">ow<\/span><span style=\"font-size:16pt\">.<\/span><span style=\"font-size:16pt\">.<\/span><\/strong><span style=\"font-size:16pt\">by<\/span><strong><span style=\"font-size:16pt\">..<\/span><span style=\"font-size:20pt\">Catherine Dunne<\/span><\/strong><\/p><p style=\"text-align:justify;margin-top:0pt;padding-top:0;margin-bottom:10pt;padding-bottom:0;line-height:1.8\"><span style=\"font-size:14pt\">Seo leabhar ar th\u00e1inig m\u00e9<\/span><span style=\"font-size:14pt\"> air de thaisme<\/span><span style=\"font-size:14pt\">, ar na mallaibh.<\/span><span style=\"font-size:14pt\"> N<\/span><span style=\"font-size:14pt\">\u00ed h\u00e9 seo an ch\u00e9ad leabhar \u00f3n \u00fadar c\u00e1ili\u00fail, \u00c1th Cliathach, seo,<\/span><span style=\"font-size:14pt\"> Catherine Dunne,<\/span><span style=\"font-size:14pt\"> n\u00f3 t\u00e1 naoi <\/span><span style=\"font-size:14pt\">&nbsp;&nbsp;&nbsp;&nbsp;&nbsp;&nbsp;&nbsp;&nbsp;&nbsp;&nbsp;<\/span><span style=\"font-size:14pt\">n-\u00farsc\u00e9al curtha ar f\u00e1il aice, agus t\u00e1 c\u00e1il idirn\u00e1isi\u00fa<\/span><span style=\"font-size:14pt\">nta bainte amach a<\/span><span style=\"font-size:14pt\">ice lena saothar, cheana f<\/span><span style=\"font-size:14pt\">ein.<\/span><span style=\"font-size:14pt\"> \u00darsc\u00e9<\/span><span style=\"font-size:14pt\">al<\/span><span style=\"font-size:14pt\">,<\/span><span style=\"font-size:14pt\"> bunaithe ar shaol clainne<\/span><span style=\"font-size:14pt\">, at\u00e1 againn anseo, clann at\u00e1<\/span><span style=\"font-size:14pt\"> scoilte ag easaontais<\/span><span style=\"font-size:14pt\">, agus <\/span><span style=\"font-size:14pt\">at\u00e1, ag an am gc\u00e9<\/span><span style=\"font-size:14pt\">anna, <\/span><span style=\"font-size:14pt\">aontaithe ag cora\u00ed<\/span><span style=\"font-size:14pt\"> crua an tsaoil anr\u00f3<\/span><span style=\"font-size:14pt\">itigh seo. <\/span><span style=\"font-size:14pt\">Thaitin an sc\u00e9al go m\u00f3<\/span><span style=\"font-size:14pt\">r liom<\/span><span style=\"font-size:14pt\">,<\/span><span style=\"font-size:14pt\"> <\/span><span style=\"font-size:14pt\">agus thaitin cur chuige agus st\u00edl an \u00fa<\/span><span style=\"font-size:14pt\">dair liom<\/span><span style=\"font-size:14pt\"> <\/span><span style=\"font-size:14pt\">freisin. <\/span><span style=\"font-size:14pt\">Is d\u00f3cha gurb \u00e9, Patrick Grant, pr\u00edomhcharactar an sc\u00e9il seo. F\u00e9<\/span><span style=\"font-size:14pt\">ach mar a<\/span><span style=\"font-size:14pt\"> chuireann an t-\u00fadar in aithne dh\u00fainn \u00e9, agus mar a chuireann s\u00ed t\u00fas lena sc\u00e9al<\/span><span style=\"font-size:14pt\">,<\/span><span style=\"font-size:14pt\"> ag an am gc\u00e9anna :-<\/span><\/p><p style=\"text-align:justify;margin-top:0pt;padding-top:0;margin-bottom:10pt;padding-bottom:0;line-height:1.8;margin-left:72pt\"><span style=\"font-size:14pt\">Today, Thursday 21<\/span><span style=\"font-size:14pt\"><sup>st<\/sup><\/span><span style=\"font-size:14pt\"> March, 2013, is my seventy-fourth birthday. Three and a half years have passed since Daniel left us. Thre<\/span><span style=\"font-size:14pt\">e<\/span><span style=\"font-size:14pt\"> years and six months, almost to the day.<\/span><\/p><p style=\"text-align:center;margin-top:0pt;padding-top:0;margin-bottom:10pt;padding-bottom:0;line-height:1.8\"><strong><span style=\"font-size:18pt\">Cuimhn\u00ed cr\u00e1ite<\/span><\/strong><\/p><p style=\"text-align:justify;margin-top:0pt;padding-top:0;margin-bottom:10pt;padding-bottom:0;line-height:1.8\"><span style=\"font-size:14pt\">Sea, nach glas f\u00f3s \u00e9<\/span><span style=\"font-size:14pt\"> c<\/span><span style=\"font-size:14pt\">uimhne <\/span><span style=\"font-size:14pt\">Ph\u00e1<\/span><span style=\"font-size:14pt\">draig <\/span><span style=\"font-size:14pt\">ar bh\u00e1<\/span><span style=\"font-size:14pt\">s a mhic<\/span><span style=\"font-size:14pt\">,<\/span><span style=\"font-size:14pt\"> Daniel<\/span><span style=\"font-size:14pt\">,<\/span><span style=\"font-size:14pt\"> agus sin <\/span><span style=\"font-size:14pt\">an f\u00e1th go m\u00fascla\u00edtear \u00e1r bhfiosracht i dt\u00fas an sc\u00e9<\/span><span style=\"font-size:14pt\">il<\/span><span style=\"font-size:14pt\">, agus n\u00e1d\u00fa<\/span><span style=\"font-size:14pt\">rtha go leor<\/span><span style=\"font-size:14pt\">, teasta\u00edonn uainn a fh\u00e1<\/span><span style=\"font-size:14pt\">il amach<\/span><span style=\"font-size:14pt\">,<\/span><span style=\"font-size:14pt\"> tuige a bhfuil a chuimhne chomh glas sin<\/span><span style=\"font-size:14pt\">? agus c\u00e9ard a tharla d\u00e1 mhac? Ach le fios f\u00e1tha an sc\u00e9il sin a fh\u00e1<\/span><span style=\"font-size:14pt\">il amach<\/span><span style=\"font-size:14pt\">, t\u00e1 orainn dul siar ar ch\u00farsa\u00ed<\/span><span style=\"font-size:14pt\"> saoil P<\/span><span style=\"font-size:14pt\">h<\/span><span style=\"font-size:14pt\">atrick. Mar<\/span><span style=\"font-size:14pt\"> a fh<\/span><span style=\"font-size:14pt\">eiceann muid san athlua sin<\/span><span style=\"font-size:14pt\">, t\u00e1<\/span><span style=\"font-size:14pt\"> Patrick anois imithe anonn go maith sna blianta<\/span><span style=\"font-size:14pt\">, n\u00f3 t\u00e1 ceithre bliana is seacht\u00f3 ar an gclog aige. Ph\u00f3s s\u00e9<\/span><span style=\"font-size:14pt\"> Cecilia<\/span><span style=\"font-size:14pt\">,<\/span><span style=\"font-size:14pt\"> <\/span><span style=\"font-size:14pt\">agus bh\u00ed tri\u00far in\u00edon mar ch\u00faram orthu, ach tar \u00e9<\/span><span style=\"font-size:14pt\">is blianta fada a bheith caite acu i bhfocha<\/span><span style=\"font-size:14pt\">ir a ch\u00e9<\/span><span style=\"font-size:14pt\">ile<\/span><span style=\"font-size:14pt\">, thosaigh Patrick ag breathn\u00fa<\/span><span style=\"font-size:14pt\"> ar na <\/span><span style=\"font-size:14pt\">cnoic i bhad uaidh<\/span><span style=\"font-size:14pt\">, agus tuigeadh d\u00f3, go mba ghlaise iad n\u00e1<\/span><span style=\"font-size:14pt\"> na c<\/span><span style=\"font-size:14pt\">noic abhus. Ar Janet a chaith s\u00e9 s\u00fa<\/span><span style=\"font-size:14pt\">il<\/span><span style=\"font-size:14pt\">,<\/span><span style=\"font-size:14pt\"> agus chaith seal faoi gheasa aice. Fuair Cecilia amach <\/span><span style=\"font-size:14pt\">gur mar sin a bh\u00ed, agus n\u00ed<\/span><span style=\"font-size:14pt\">or tha<\/span><span style=\"font-size:14pt\">itin sin lei<\/span><span style=\"font-size:14pt\">, n\u00f3<\/span><span style=\"font-size:14pt\"> lena <\/span><span style=\"font-size:14pt\">n-in\u00ed<\/span><span style=\"font-size:14pt\">on<\/span><span style=\"font-size:14pt\">,<\/span><span style=\"font-size:14pt\"> Rebecca<\/span><span style=\"font-size:14pt\">, ach d\u2019\u00e9<\/span><span style=\"font-size:14pt\">irigh <\/span><span style=\"font-size:14pt\">leis an <\/span><span style=\"font-size:14pt\">t-<\/span><span style=\"font-size:14pt\">easaontas sin a leigheas<\/span><span style=\"font-size:14pt\">,<\/span><span style=\"font-size:14pt\"> <\/span><span style=\"font-size:14pt\">agus chuaigh c\u00farsa\u00ed<\/span><span style=\"font-size:14pt\"> i bhfeabhas<\/span><span style=\"font-size:14pt\">, ar<\/span><span style=\"font-size:14pt\"> feadh tamaill<\/span><span style=\"font-size:14pt\">,<\/span><span style=\"font-size:14pt\"> ach ansin<\/span><span style=\"font-size:14pt\">, mar bharr ar gach a<\/span><span style=\"font-size:14pt\">nachai<\/span><span style=\"font-size:14pt\">n, fuair Cecilia b\u00e1s agus f\u00e1gadh Patrick leis fh\u00e9in. Bh\u00ed<\/span><span style=\"font-size:14pt\"> droch bhail air ar feadh scathaimh<\/span><span style=\"font-size:14pt\">,<\/span><span style=\"font-size:14pt\"> ach chabhrai<\/span><span style=\"font-size:14pt\">g<\/span><span style=\"font-size:14pt\">h, Ella, saineola\u00ed sna c\u00farsa\u00ed sin, go m\u00f3<\/span><span style=\"font-size:14pt\">r leis, Ar ball<\/span><span style=\"font-size:14pt\">, ph\u00f3s s\u00e9<\/span><span style=\"font-size:14pt\"> Ella<\/span><span style=\"font-size:14pt\">, agus b\u00ed<\/span><span style=\"font-size:14pt\">odh go raibh Rebecca<\/span><span style=\"font-size:14pt\"> <\/span><span style=\"font-size:14pt\">go m\u00f3r i gcoinne an ph\u00f3<\/span><span style=\"font-size:14pt\">sta sin<\/span><span style=\"font-size:14pt\">,<\/span><span style=\"font-size:14pt\"> go h\u00e1irithe \u00f3 tharla go raibh sc\u00f3<\/span><span style=\"font-size:14pt\">r bliain ag Patrick ar Ella. Ar ball<\/span><span style=\"font-size:14pt\"> \u00e1fach, nuair a rugadh mac, Daniel, d\u00f3<\/span><span style=\"font-size:14pt\">ibh<\/span><span style=\"font-size:14pt\">, tuigeadh d\u00f3<\/span><span style=\"font-size:14pt\">ibh go raibh an saol ar a dtoil acu. <\/span><\/p><p style=\"text-align:center;margin-top:0pt;padding-top:0;margin-bottom:10pt;padding-bottom:0;line-height:1.8\"><strong><span style=\"font-size:18pt\">Faltanas curtha ar gc\u00fal<\/span><\/strong><\/p><p style=\"text-align:justify;margin-top:0pt;padding-top:0;margin-bottom:10pt;padding-bottom:0;line-height:1.8\"><span style=\"font-size:14pt\">D\u2019\u00e9<\/span><span style=\"font-size:14pt\">irigh go seoigh leo<\/span><span style=\"font-size:14pt\">,<\/span><span style=\"font-size:14pt\"> ar feadh roinnt ama<\/span><span style=\"font-size:14pt\">,<\/span><span style=\"font-size:14pt\"> a<\/span><span style=\"font-size:14pt\">ch nuair a bh\u00ed Daniel ceithre bliana d\u00e9<\/span><span style=\"font-size:14pt\">ag d\u2019aois<\/span><span style=\"font-size:14pt\">, chuir s\u00e9 l\u00e1mh ina bh\u00e1s fh\u00e9<\/span><span style=\"font-size:14pt\">in<\/span><span style=\"font-size:14pt\">, agus f\u00e1gadh a mhuintir cro\u00ed<\/span><span style=\"font-size:14pt\">bhriste<\/span><span style=\"font-size:14pt\">,<\/span><span style=\"font-size:14pt\"> buartha<\/span><span style=\"font-size:14pt\">, br\u00f3<\/span><span style=\"font-size:14pt\">nach. <\/span><span style=\"font-size:14pt\"> <\/span><span style=\"font-size:14pt\">Is d\u00f3cha go bhf\u00e9adf\u00e1 a r\u00e1,<\/span><span style=\"font-size:14pt\"> gur chuir an bhuairt sin go l<\/span><span style=\"font-size:14pt\">\u00e9ir c\u00fal le faltanas Rebecc<\/span><span style=\"font-size:14pt\">a<\/span><span style=\"font-size:14pt\"> freisin,<\/span><span style=\"font-size:14pt\"> mar n\u00ed tr\u00e1th faltanais \u00e9 tr\u00e1th g\u00e9ibhinn. Bh\u00ed<\/span><span style=\"font-size:14pt\"> ceist<\/span><span style=\"font-size:14pt\"> le scaoileadh ag Patrick agus<\/span><span style=\"font-size:14pt\"> ag<\/span><span style=\"font-size:14pt\"> a mhu<\/span><span style=\"font-size:14pt\">intir<\/span><span style=\"font-size:14pt\"> faoi ch\u00fais bh\u00e1<\/span><span style=\"font-size:14pt\">is Daniel<\/span><span style=\"font-size:14pt\">,<\/span><span style=\"font-size:14pt\">  agus chaith P<\/span><span style=\"font-size:14pt\">atrick agus a bhean, Ella, a nd\u00fathracht ag iarraidh tea<\/span><span style=\"font-size:14pt\">cht ar fhreagra na ceiste c<\/span><span style=\"font-size:14pt\">\u00e9anna sin. Anois, n\u00edl f\u00fa<\/span><span style=\"font-size:14pt\">msa fuasca<\/span><span style=\"font-size:14pt\">ilt na faidhbe sin a chur ar ph\u00e1r dhuit anseo, ach b\u2019fh\u00e9idir go maithf\u00ed dhom \u00e9, d\u00e1 dtabharfainn leide don l\u00e9itheoir anseo, agus d\u00e1 gcaithfinn an focal \u2018bulla\u00edocht\u2019 isteach sa mheasc\u00e1n anseo, t\u00e1 m\u00e9<\/span><span style=\"font-size:14pt\"> cinnte<\/span><span style=\"font-size:14pt\">,<\/span><span style=\"font-size:14pt\"> go dtuigfeadh fear <\/span><span style=\"font-size:14pt\">l\u00e9<\/span><span style=\"font-size:14pt\">inn leathfocal<\/span><span style=\"font-size:14pt\">,<\/span><span style=\"font-size:14pt\"> agus gur leor nod don eolach. <\/span><span style=\"font-size:14pt\">Thuig Patrick fh\u00e9in an sc\u00e9<\/span><span style=\"font-size:14pt\">al go maith<\/span><span style=\"font-size:14pt\">, n\u00f3<\/span><span style=\"font-size:14pt\"> chuir seis<\/span><span style=\"font-size:14pt\">ean aithne ar bhullaithe agus ar bhulla\u00ed<\/span><span style=\"font-size:14pt\">ocht<\/span><span style=\"font-size:14pt\">, le linn d\u00f3<\/span><span style=\"font-size:14pt\">san bheith ag dul ar scoil<\/span><span style=\"font-size:14pt\">, leathch\u00e9<\/span><span style=\"font-size:14pt\">ad bliain roimhe sin.<\/span><\/p><p style=\"text-align:justify;margin-top:0pt;padding-top:0;margin-bottom:10pt;padding-bottom:0;line-height:1.8\"><span style=\"font-size:14pt\">Bain tria<\/span><span style=\"font-size:14pt\">i<\/span><span style=\"font-size:14pt\">l a<\/span><span style=\"font-size:14pt\">s, agus tuigfidh t\u00fa <\/span><span style=\"font-size:14pt\">fh\u00e9in <\/span><span style=\"font-size:14pt\">c\u00e9ard t\u00e1 idir cham\u00e1<\/span><span style=\"font-size:14pt\">in agam.<\/span><span style=\"font-size:14pt\"> <\/span><\/p><p style=\"margin-top:0pt;padding-top:0;margin-bottom:10pt;padding-bottom:0;line-height:1.38\"><span style=\"height:1em\"><span>.<\/span><\/span><\/p><p style=\"margin-top:0pt;padding-top:0;margin-bottom:10pt;padding-bottom:0;line-height:1.38\"><span style=\"height:1em\"><span>.<\/span><\/span><\/p>","protected":false},"excerpt":{"rendered":"<p>Leabhar sp\u00e9isi\u00fail The Things We Know Now..by..Catherine Dunne Seo leabhar ar th\u00e1inig m\u00e9 air de thaisme, ar na mallaibh. N\u00ed h\u00e9 seo an ch\u00e9ad leabhar \u00f3n \u00fadar c\u00e1ili\u00fail, \u00c1th Cliathach, seo, Catherine Dunne, n\u00f3 t\u00e1 naoi &nbsp;&nbsp;&nbsp;&nbsp;&nbsp;&nbsp;&nbsp;&nbsp;&nbsp;&nbsp;n-\u00farsc\u00e9al curtha ar f\u00e1il aice, agus t\u00e1 c\u00e1il idirn\u00e1isi\u00fanta bainte amach aice lena saothar, cheana fein. \u00darsc\u00e9al, bunaithe ar [&hellip;]<\/p>\n","protected":false},"author":2,"featured_media":13435,"comment_status":"open","ping_status":"open","sticky":false,"template":"","format":"standard","meta":{"nf_dc_page":"","_et_pb_use_builder":"","_et_pb_old_content":"","_et_gb_content_width":"","footnotes":""},"categories":[1],"tags":[],"class_list":["post-12955","post","type-post","status-publish","format-standard","has-post-thumbnail","hentry","category-gan-chatagoir"],"_links":{"self":[{"href":"https:\/\/mickgb.com\/ga\/wp-json\/wp\/v2\/posts\/12955","targetHints":{"allow":["GET"]}}],"collection":[{"href":"https:\/\/mickgb.com\/ga\/wp-json\/wp\/v2\/posts"}],"about":[{"href":"https:\/\/mickgb.com\/ga\/wp-json\/wp\/v2\/types\/post"}],"author":[{"embeddable":true,"href":"https:\/\/mickgb.com\/ga\/wp-json\/wp\/v2\/users\/2"}],"replies":[{"embeddable":true,"href":"https:\/\/mickgb.com\/ga\/wp-json\/wp\/v2\/comments?post=12955"}],"version-history":[{"count":1,"href":"https:\/\/mickgb.com\/ga\/wp-json\/wp\/v2\/posts\/12955\/revisions"}],"predecessor-version":[{"id":12956,"href":"https:\/\/mickgb.com\/ga\/wp-json\/wp\/v2\/posts\/12955\/revisions\/12956"}],"wp:featuredmedia":[{"embeddable":true,"href":"https:\/\/mickgb.com\/ga\/wp-json\/wp\/v2\/media\/13435"}],"wp:attachment":[{"href":"https:\/\/mickgb.com\/ga\/wp-json\/wp\/v2\/media?parent=12955"}],"wp:term":[{"taxonomy":"category","embeddable":true,"href":"https:\/\/mickgb.com\/ga\/wp-json\/wp\/v2\/categories?post=12955"},{"taxonomy":"post_tag","embeddable":true,"href":"https:\/\/mickgb.com\/ga\/wp-json\/wp\/v2\/tags?post=12955"}],"curies":[{"name":"wp","href":"https:\/\/api.w.org\/{rel}","templated":true}]}}