{"id":12987,"date":"2017-04-04T11:00:00","date_gmt":"2017-04-04T11:00:00","guid":{"rendered":"https:\/\/mickgb.com\/?p=12987"},"modified":"2024-04-08T01:24:43","modified_gmt":"2024-04-08T01:24:43","slug":"mear-na-staire","status":"publish","type":"post","link":"https:\/\/mickgb.com\/ga\/mear-na-staire\/","title":{"rendered":"Mear na Staire"},"content":{"rendered":"<p style=\"text-align:center;margin-top:0pt;padding-top:0;margin-bottom:10pt;padding-bottom:0;line-height:1.8\"><strong><span style=\"font-size:28pt\">I  mB\u00e9al  an  Phobail<\/span><\/strong><\/p><p style=\"margin-top:0pt;padding-top:0;margin-bottom:10pt;padding-bottom:0;line-height:1.38\"><span style=\"font-size:14pt\">Peadar Bair\u00e9ad<\/span><\/p><p style=\"text-align:center;margin-top:0pt;padding-top:0;margin-bottom:10pt;padding-bottom:0;line-height:1.38\"><span style=\"height:1em\"><span>.<\/span><\/span><\/p><p style=\"text-align:center;margin-top:0pt;padding-top:0;margin-bottom:10pt;padding-bottom:0;line-height:1.38\"><strong><span style=\"font-size:18pt\"><em>(<\/em><\/span><span style=\"font-size:14pt\"><em>This week, I mB\u00e9<\/em><\/span><span style=\"font-size:14pt\"><em>al an Phobail takes a look at the spell<\/em><\/span><span style=\"font-size:14pt\"><em>s<\/em><\/span><span style=\"font-size:14pt\"><em> cast by the past.)<\/em><\/span><\/strong><\/p><p style=\"text-align:center;margin-top:0pt;padding-top:0;margin-bottom:10pt;padding-bottom:0;line-height:1.8\"><strong><span style=\"font-size:18pt\">M\u00e9ar<\/span><span style=\"font-size:18pt\"> na Staire<\/span><\/strong><\/p><p style=\"text-align:justify;margin-top:0pt;padding-top:0;margin-bottom:10pt;padding-bottom:0;line-height:1.8\"><span style=\"font-size:14pt\">Nach<\/span><span style=\"font-size:14pt\"> iontach go deo m\u00e9id agus \u00e9ags\u00fa<\/span><span style=\"font-size:14pt\">lacht na n<\/span><span style=\"font-size:14pt\">&#8211;<\/span><span style=\"font-size:14pt\">iars<\/span><span style=\"font-size:14pt\">ma\u00ed stairi\u00fala a f\u00e1gadh faoin\u00e1<\/span><span style=\"font-size:14pt\">r gcomhair <\/span><span style=\"font-size:14pt\">ag na gl\u00fa<\/span><span style=\"font-size:14pt\">nta a d\u2019imigh romhainn, agus le teacht orthu, n<\/span><span style=\"font-size:14pt\">\u00edl le d\u00e9<\/span><span style=\"font-size:14pt\">anamh againn<\/span><span style=\"font-size:14pt\">e ach breathn\u00fa<\/span><span style=\"font-size:14pt\"> thart orainn<\/span><span style=\"font-size:14pt\">, i sr\u00e1ideanna \u00e1<\/span><span style=\"font-size:14pt\">r mbailte<\/span><span style=\"font-size:14pt\">, n\u00f3 ge\u00e1<\/span><span style=\"font-size:14pt\">bh a thabhairt amach faoin<\/span><span style=\"font-size:14pt\"> tua<\/span><span style=\"font-size:14pt\">th. Breathnaigh thart ort anseo<\/span><span style=\"font-size:14pt\">, i gcathair \u00e1<\/span><span style=\"font-size:14pt\">rsa Chill Chainnigh<\/span><span style=\"font-size:14pt\">, agus tuigfidh t\u00fa c\u00e9ard t\u00e1 i gceist agam, n\u00f3 \u00f3 cheann amh\u00e1<\/span><span style=\"font-size:14pt\">in den chathair se<\/span><span style=\"font-size:14pt\">o go dt\u00ed<\/span><span style=\"font-size:14pt\"> an ceann eile<\/span><span style=\"font-size:14pt\">, t\u00e1 s\u00e9<\/span><span style=\"font-size:14pt\"> lom<\/span><span style=\"font-size:14pt\"> l\u00e1n de fhoirgnimh agus de shu\u00ed<\/span><span style=\"font-size:14pt\">mh<\/span><span style=\"font-size:14pt\">, a bhfuil cais\u00ed stairi\u00fa<\/span><span style=\"font-size:14pt\">la ag sileadh uathu.<\/span><span style=\"font-size:14pt\"> <\/span><span style=\"font-size:14pt\">Breathnaigh a<\/span><span style=\"font-size:14pt\">r \u00e1iteanna cos\u00fa<\/span><span style=\"font-size:14pt\">il le hAr<\/span><span style=\"font-size:14pt\">deaglais Chainnigh ag ceann amh\u00e1<\/span><span style=\"font-size:14pt\">in den tseanchathair<\/span><span style=\"font-size:14pt\"> seo, agus an t\u00far cruinn \u00e1<\/span><span style=\"font-size:14pt\">lainn sin<\/span><span style=\"font-size:14pt\">, ar an su\u00edomh \u00e1rsa sin, t\u00far cruinn a bhfuil a dh\u00fa<\/span><span style=\"font-size:14pt\">shraith neadaithe go doimhin i stair na haite<\/span><span style=\"font-size:14pt\">,<\/span><span style=\"font-size:14pt\"> a carn cloch n<\/span><span style=\"font-size:14pt\">eadaithe go cumasach san am i l\u00e1<\/span><span style=\"font-size:14pt\">thai<\/span><span style=\"font-size:14pt\">r, fad is at\u00e1 a m\u00e9ar s\u00ed<\/span><span style=\"font-size:14pt\">nte<\/span><span style=\"font-size:14pt\"> in airde aige i dtreo an todhcha\u00ed<\/span><span style=\"font-size:14pt\">. Ag an g<\/span><span style=\"font-size:14pt\">ceann eile den tseanchathair ch\u00e9anna sin t\u00e1 Caisle\u00e1<\/span><span style=\"font-size:14pt\">n<\/span><span style=\"font-size:14pt\"> Chill Chainnigh, foirgneamh at\u00e1 s\u00e1ite go dt\u00ed na cluasa i sruth staire na d\u00faiche. Ar an su\u00ed<\/span><span style=\"font-size:14pt\">omh <\/span><span style=\"font-size:14pt\">c\u00e9anna <\/span><span style=\"font-size:14pt\">sin<\/span><span style=\"font-size:14pt\">, bh\u00ed a nd\u00fan t\u00f3<\/span><span style=\"font-size:14pt\">gtha<\/span><span style=\"font-size:14pt\"> go daingean ag taoisigh na nOsra\u00ed<\/span><span style=\"font-size:14pt\">och i b<\/span><span style=\"font-size:14pt\">hfad siar sa stair, sea, agus n\u00e1<\/span><span style=\"font-size:14pt\">rbh <\/span><span style=\"font-size:14pt\">iad na Normanaigh a thuig ciall <\/span><span style=\"font-size:14pt\">na dtaoiseach sin <\/span><span style=\"font-size:14pt\">i gc\u00farsa\u00ed cosanta, n\u00f3 n\u00e1rbh oiri\u00fanach an \u00e1<\/span><span style=\"font-size:14pt\">it a rog<\/span><span style=\"font-size:14pt\">hnaigh siad<\/span><span style=\"font-size:14pt\">san<\/span><span style=\"font-size:14pt\"> lena nd<\/span><span style=\"font-size:14pt\">un d<\/span><span style=\"font-size:14pt\">aingean a th\u00f3g\u00e1<\/span><span style=\"font-size:14pt\">l<\/span><span style=\"font-size:14pt\"> ar bhruach na Feoire fairsinge? N\u00e1r ch\u00f3ir d\u00fainn s\u00fa<\/span><span style=\"font-size:14pt\">il a chaitheamh freisin ar <\/span><span style=\"font-size:14pt\">Sh\u00e9ip\u00e9<\/span><span style=\"font-size:14pt\">al Eoin, ar Mh<\/span><span style=\"font-size:14pt\">ainistir Froinsiais, ar an Tholsel, ar Eaglais Mhuire, <\/span><span style=\"font-size:14pt\">ar Theach an Rutaigh, ar iarsma\u00ed sheanfhalla\u00ed<\/span><span style=\"font-size:14pt\"> na cathrach<\/span><span style=\"font-size:14pt\">,<\/span><span style=\"font-size:14pt\"> agus <\/span><span style=\"font-size:14pt\">ar tuilleadh m\u00f3<\/span><span style=\"font-size:14pt\">r eile<\/span><span style=\"font-size:14pt\">, ar liosta le h\u00e1ireamh iad, ach arbh fhi\u00fa s\u00fa<\/span><span style=\"font-size:14pt\">il a chaithea<\/span><span style=\"font-size:14pt\">mh orthu<\/span><span style=\"font-size:14pt\"> agus t\u00fa ar chamchuairt na Cathrach \u00c1<\/span><span style=\"font-size:14pt\">ille s\u2019ag<\/span><span style=\"font-size:14pt\">ainne. Caithfear a admh\u00e1<\/span><span style=\"font-size:14pt\">il go dt<\/span><span style=\"font-size:14pt\">\u00f3gfadh s\u00e9 roinnt mhaith ama le s\u00fail a chaitheamh ar na h\u00e1<\/span><span style=\"font-size:14pt\">iteacha sin uilig<\/span><span style=\"font-size:14pt\">, agus le roinnt \u00e9igin staid\u00e9ar a dh\u00e9<\/span><span style=\"font-size:14pt\">anamh orthu.<\/span><\/p><p style=\"text-align:center;margin-top:0pt;padding-top:0;margin-bottom:10pt;padding-bottom:0;line-height:1.8\"><strong><span style=\"font-size:18pt\">Su\u00edmh Stairi\u00fala<\/span><\/strong><\/p><p style=\"text-align:justify;margin-top:0pt;padding-top:0;margin-bottom:10pt;padding-bottom:0;line-height:1.8\"><span style=\"font-size:14pt\">Sea, agus n\u00edl ansin ach an t\u00fas, n\u00f3 t\u00e1 tuilleadh m\u00f3<\/span><span style=\"font-size:14pt\">r<\/span><span style=\"font-size:14pt\"> eile scr\u00edofa ag m\u00e9<\/span><span style=\"font-size:14pt\">ar na staire ar aghaidh shona<\/span><span style=\"font-size:14pt\"> <\/span><span style=\"font-size:14pt\">s\u00e1<\/span><span style=\"font-size:14pt\">sta an Chontae leathain<\/span><span style=\"font-size:14pt\"> seo Chill Chainnigh. Agus i nd\u00e1ir\u00edre, ba \u00e9 a spreag m\u00e9 leis an bp\u00edosa seo a chur ar ph\u00e1r<\/span><span style=\"font-size:14pt\">, an tseachtain seo,<\/span><span style=\"font-size:14pt\"> n\u00f3 na hailt suimi\u00fala, spreag\u00fala, stairi\u00fa<\/span><span style=\"font-size:14pt\">la<\/span><span style=\"font-size:14pt\">, at\u00e1 idir cham\u00e1<\/span><span style=\"font-size:14pt\">in ag an iriseoir<\/span><span style=\"font-size:14pt\"> ild\u00e1nach, Se\u00e1<\/span><span style=\"font-size:14pt\">n Keane, le tr<\/span><span style=\"font-size:14pt\">aidhfil de sheachtain\u00ed<\/span><span style=\"font-size:14pt\"> anuas. <\/span><span style=\"font-size:14pt\">Th\u00f3g Se\u00e1n cuid de na su\u00edmh is stairi\u00fa<\/span><span style=\"font-size:14pt\">la sa timpeall<\/span><span style=\"font-size:14pt\">, agus rinne alt bre\u00e1,<\/span><span style=\"font-size:14pt\"> <\/span><span style=\"font-size:14pt\">suimi\u00fail, a shn\u00edomh thart orthu. T\u00e1 s\u00fa<\/span><span style=\"font-size:14pt\">il agam go leanfa<\/span><span style=\"font-size:14pt\">idh s\u00e9<\/span><span style=\"font-size:14pt\"> leis an tsraith seo altanna<\/span><span style=\"font-size:14pt\">,<\/span><span style=\"font-size:14pt\"> <\/span><span style=\"font-size:14pt\">agus i ndeireadh na d\u00e1la, t\u00e1 m\u00e9 cinnte, go mbeidh \u00e1<\/span><span style=\"font-size:14pt\">bhar leabhair iontu, leabhar<\/span><span style=\"font-size:14pt\"> <\/span><span style=\"font-size:14pt\">in <\/span><span style=\"font-size:14pt\">a mbeadh d\u00fail mh\u00f3<\/span><span style=\"font-size:14pt\">r ag Osra\u00edgh, ach go h\u00e1irithe, agus ag l\u00e9itheoir\u00ed<\/span><span style=\"font-size:14pt\"> eile<\/span><span style=\"font-size:14pt\"> na t\u00edre freisin. Is m\u00f3r a chuireann na picti\u00fair agus na l\u00e9ar\u00e1id\u00ed<\/span><span style=\"font-size:14pt\"> le<\/span><span style=\"font-size:14pt\"> maise na n-alt sin. Mar sin, t\u00e1 m\u00e9 ag s\u00fail go mbeidh tuilleadh d\u00edobh le l\u00e9amh againn<\/span><span style=\"font-size:14pt\"> ar an Kilkenny People, sna seachtai<\/span><span style=\"font-size:14pt\">n\u00ed at\u00e1 le teacht. Chualamar uilig tr\u00e1<\/span><span style=\"font-size:14pt\">cht ar<\/span><span style=\"font-size:14pt\"> na<\/span><span style=\"font-size:14pt\"> <\/span><span style=\"font-size:14pt\">t<\/span><span style=\"font-size:14pt\">ithe m\u00f3ra, agus ar na hionaid stairi\u00fa<\/span><span style=\"font-size:14pt\">la eile<\/span><span style=\"font-size:14pt\">, at\u00e1 chomh fl\u00fairseach sin sa Chontae seo, <\/span><span style=\"font-size:14pt\">\u00e1iteacha ar scr\u00ed<\/span><span style=\"font-size:14pt\">obh an t<\/span><span style=\"font-size:14pt\">-iriseoir ild\u00e1<\/span><span style=\"font-size:14pt\">nach seo futhu<\/span><span style=\"font-size:14pt\">, sa Ph\u00e1ip\u00e9<\/span><span style=\"font-size:14pt\">ar seo<\/span><span style=\"font-size:14pt\">,<\/span><span style=\"font-size:14pt\"> le tamall anuas, <\/span><span style=\"font-size:14pt\">\u00e1iteacha ar n\u00f3<\/span><span style=\"font-size:14pt\">s, <\/span><span style=\"font-size:14pt\">\u201c<\/span><span style=\"font-size:14pt\">Swift\u2019s Heath<\/span><span style=\"font-size:14pt\">\u201d<\/span><span style=\"font-size:14pt\">, at\u00e1 ar cheann de na tithe m\u00f3ra is maisi\u00fala san Oirdheisceart. N\u00ed g\u00e1 a r\u00e1, gur mhair an \u201cD\u00e9an\u201d fh\u00e9<\/span><span style=\"font-size:14pt\">in ansin tamall. Sea, agus deirtear freisin<\/span><span style=\"font-size:14pt\">, gur imir an Teach m\u00f3r fh\u00e9in a dhra\u00edocht air, \u00e9 fhein agus Col\u00e1<\/span><span style=\"font-size:14pt\">iste Chill Chainnigh freisin<\/span><span style=\"font-size:14pt\">, mar ar dhein se staid\u00e9<\/span><span style=\"font-size:14pt\">ar<\/span><span style=\"font-size:14pt\">, agus \u00e9 ag baili\u00fa l\u00e9<\/span><span style=\"font-size:14pt\">inn leis<\/span><span style=\"font-size:14pt\">, le linn d\u00f3 bheith ag freastal ar an gCol\u00e1iste c\u00e1ili\u00fa<\/span><span style=\"font-size:14pt\">il sin. <\/span><span style=\"font-size:14pt\"> <\/span><span style=\"font-size:14pt\">Sea, agus c\u00e9ard faoin  alt sp\u00e9isi\u00fail a scr\u00edobh s\u00e9<\/span><span style=\"font-size:14pt\"> fao<\/span><span style=\"font-size:14pt\">i \u201cThe Knockroe Passage Tomb? T\u00f3g\u00e1<\/span><span style=\"font-size:14pt\">il<\/span><span style=\"font-size:14pt\">, adeir s\u00e9, at\u00e1 n\u00ed<\/span><span style=\"font-size:14pt\">os sine na <\/span><span style=\"font-size:14pt\">Pirimid\u00ed na h\u00c9igipte fh\u00e9in, agus n\u00ed beag n\u00e1 suarach an focal <\/span><span style=\"font-size:14pt\">\u00e9 sin, agus t\u00f3<\/span><span style=\"font-size:14pt\">gail freisin<\/span><span style=\"font-size:14pt\"> is ea<\/span><span style=\"font-size:14pt\"> <\/span><span style=\"font-size:14pt\">\u00e9, a imr\u00edonn a dra\u00edocht doilfe fh\u00e9in ar an t\u00e9<\/span><span style=\"font-size:14pt\"> a thagann faoina raon. <\/span><\/p><p style=\"text-align:center;margin-top:0pt;padding-top:0;margin-bottom:10pt;padding-bottom:0;line-height:1.8\"><strong><span style=\"font-size:18pt\">Coill Chr\u00edon<\/span><\/strong><\/p><p style=\"text-align:justify;margin-top:0pt;padding-top:0;margin-bottom:10pt;padding-bottom:0;line-height:1.8\"><span style=\"font-size:14pt\">N\u00ed dh\u00e9anfaidh m\u00e9 tagairt ach do Theach M\u00f3r amh\u00e1<\/span><span style=\"font-size:14pt\">in eile<\/span><span style=\"font-size:14pt\">, sa ph\u00ed<\/span><span style=\"font-size:14pt\">osa seo<\/span><span style=\"font-size:14pt\">,<\/span><span style=\"font-size:14pt\"> agus sin <\/span><span style=\"font-size:14pt\">\u201c<\/span><span style=\"font-size:14pt\">Kilcreene Lodge<\/span><span style=\"font-size:14pt\">\u201d. Deir an t<\/span><span style=\"font-size:14pt\">-i<\/span><span style=\"font-size:14pt\">riseoir<\/span><span style=\"font-size:14pt\">, Se\u00e1n Keane,<\/span><span style=\"font-size:14pt\"> linn<\/span><span style=\"font-size:14pt\">, go raibh Kilcreene House sna b\u00f3la\u00ed<\/span><span style=\"font-size:14pt\"> sin i dtosach, ach leagadh an foirgneamh sin<\/span><span style=\"font-size:14pt\">, blianta \u00f3<\/span><span style=\"font-size:14pt\"> shoin<\/span><span style=\"font-size:14pt\">. Ba iad na R\u00fataigh a th\u00f3<\/span><span style=\"font-size:14pt\">g <\/span><span style=\"font-size:14pt\">caisle\u00e1n ar an suiomh an t\u00ed<\/span><span style=\"font-size:14pt\"> sin<\/span><span style=\"font-size:14pt\">, a ch\u00e9<\/span><span style=\"font-size:14pt\">aduair<\/span><span style=\"font-size:14pt\">,<\/span><span style=\"font-size:14pt\"> \u00e1it ar th\u00f3gadar teach ar ball,<\/span><span style=\"font-size:14pt\"> ach f<\/span><span style=\"font-size:14pt\">uair muintir Smithwick seilbh a<\/span><span style=\"font-size:14pt\">r<\/span><span style=\"font-size:14pt\"> an teach c\u00e9anna sin<\/span><span style=\"font-size:14pt\">,<\/span><span style=\"font-size:14pt\"> ar ball. Ba leis an Teach an Lodge<\/span><span style=\"font-size:14pt\">,<\/span><span style=\"font-size:14pt\"> agus ar ball<\/span><span style=\"font-size:14pt\">,<\/span><span style=\"font-size:14pt\"> rinn<\/span><span style=\"font-size:14pt\">e duine de mhuintir Smithwick \u00e9<\/span><span style=\"font-size:14pt\"> a fhorbairt<\/span><span style=\"font-size:14pt\">,<\/span><span style=\"font-size:14pt\"> agus a athnuachan<\/span><span style=\"font-size:14pt\">, sa tsl\u00ed gur cuireadh go m\u00f3r leis. Tugann \u00fanaeir\u00ed<\/span><span style=\"font-size:14pt\"> an Lodge<\/span><span style=\"font-size:14pt\">, san am i l\u00e1thair, an-aire d\u00f3,<\/span><span style=\"font-size:14pt\"> agus gan dabht ar bith<\/span><span style=\"font-size:14pt\">, is bre\u00e1 go deo an tseoid \u00e9, imeasc tithe d\u00e1 leith\u00e9<\/span><span style=\"font-size:14pt\">id<\/span><span style=\"font-size:14pt\">, sa l\u00e1 at\u00e1 inniu fh\u00e9<\/span><span style=\"font-size:14pt\">in ann.<\/span><span style=\"font-size:14pt\"> Bh\u00ed<\/span><span style=\"font-size:14pt\"> baint ag an bhFuasc<\/span><span style=\"font-size:14pt\">ailteoir fh\u00e9in leis an \u00e1<\/span><span style=\"font-size:14pt\">it<\/span><span style=\"font-size:14pt\">, agus fuair s\u00e9 l\u00f3ist\u00ed<\/span><span style=\"font-size:14pt\">n ansin, amanta. Th\u00e1inig maithe m\u00f3ra eile freisin ar chuairt chuig an Lodge, daoine ar n\u00f3<\/span><span style=\"font-size:14pt\">s<\/span><span style=\"font-size:14pt\">, James Cagney, Tyrone <\/span><span style=\"font-size:14pt\">Power, agus muintir Guinness freisin.  <\/span><\/p><p style=\"text-align:justify;margin-top:0pt;padding-top:0;margin-bottom:10pt;padding-bottom:0;line-height:1.8\"><span style=\"font-size:14pt\">&nbsp;&nbsp;<\/span><span style=\"font-size:14pt\">N\u00ed g\u00e1 a r\u00e1, go<\/span><span style=\"font-size:14pt\"> bhfuair m\u00e9 an t-eolas sin<\/span><span style=\"font-size:14pt\"> sna hailt a scr\u00edobh Se\u00e1n sa Ph\u00e1ip\u00e9ar seo, le tamall anuas. <\/span><\/p><p style=\"text-align:center;margin-top:0pt;padding-top:0;margin-bottom:10pt;padding-bottom:0;line-height:1.38\"><span style=\"height:1em\"><span>.<\/span><\/span><\/p>","protected":false},"excerpt":{"rendered":"<p>I mB\u00e9al an Phobail Peadar Bair\u00e9ad . (This week, I mB\u00e9al an Phobail takes a look at the spells cast by the past.) M\u00e9ar na Staire Nach iontach go deo m\u00e9id agus \u00e9ags\u00falacht na n&#8211;iarsma\u00ed stairi\u00fala a f\u00e1gadh faoin\u00e1r gcomhair ag na gl\u00fanta a d\u2019imigh romhainn, agus le teacht orthu, n\u00edl le d\u00e9anamh againne ach [&hellip;]<\/p>\n","protected":false},"author":2,"featured_media":13435,"comment_status":"open","ping_status":"open","sticky":false,"template":"","format":"standard","meta":{"nf_dc_page":"","_et_pb_use_builder":"","_et_pb_old_content":"","_et_gb_content_width":"","footnotes":""},"categories":[1],"tags":[],"class_list":["post-12987","post","type-post","status-publish","format-standard","has-post-thumbnail","hentry","category-gan-chatagoir"],"_links":{"self":[{"href":"https:\/\/mickgb.com\/ga\/wp-json\/wp\/v2\/posts\/12987","targetHints":{"allow":["GET"]}}],"collection":[{"href":"https:\/\/mickgb.com\/ga\/wp-json\/wp\/v2\/posts"}],"about":[{"href":"https:\/\/mickgb.com\/ga\/wp-json\/wp\/v2\/types\/post"}],"author":[{"embeddable":true,"href":"https:\/\/mickgb.com\/ga\/wp-json\/wp\/v2\/users\/2"}],"replies":[{"embeddable":true,"href":"https:\/\/mickgb.com\/ga\/wp-json\/wp\/v2\/comments?post=12987"}],"version-history":[{"count":1,"href":"https:\/\/mickgb.com\/ga\/wp-json\/wp\/v2\/posts\/12987\/revisions"}],"predecessor-version":[{"id":12988,"href":"https:\/\/mickgb.com\/ga\/wp-json\/wp\/v2\/posts\/12987\/revisions\/12988"}],"wp:featuredmedia":[{"embeddable":true,"href":"https:\/\/mickgb.com\/ga\/wp-json\/wp\/v2\/media\/13435"}],"wp:attachment":[{"href":"https:\/\/mickgb.com\/ga\/wp-json\/wp\/v2\/media?parent=12987"}],"wp:term":[{"taxonomy":"category","embeddable":true,"href":"https:\/\/mickgb.com\/ga\/wp-json\/wp\/v2\/categories?post=12987"},{"taxonomy":"post_tag","embeddable":true,"href":"https:\/\/mickgb.com\/ga\/wp-json\/wp\/v2\/tags?post=12987"}],"curies":[{"name":"wp","href":"https:\/\/api.w.org\/{rel}","templated":true}]}}