{"id":13065,"date":"2017-04-04T11:00:00","date_gmt":"2017-04-04T11:00:00","guid":{"rendered":"https:\/\/mickgb.com\/?p=13065"},"modified":"2024-04-08T01:05:54","modified_gmt":"2024-04-08T01:05:54","slug":"oileain-inis-geidhe-2","status":"publish","type":"post","link":"https:\/\/mickgb.com\/ga\/oileain-inis-geidhe-2\/","title":{"rendered":"Oileain Inis Geidhe  &#8211; 2."},"content":{"rendered":"<p style=\"text-align:center;margin-top:0pt;padding-top:0;margin-bottom:0pt;padding-bottom:0;line-height:1.2;font-size:12pt\"><strong><span style=\"font-size:22pt\">O I L E \u00c1 I N     I N I S      G \u00c9 I D H E   2<\/span><\/strong><\/p><div class=\"ul\" style=\"margin-top:0;margin-bottom:0;margin-left:0;margin-right:0\"><div class=\"li\" style=\"margin-top:0;margin-bottom:0;margin-left:0;margin-right:0\"><div style=\"text-align:center;margin-top:0pt;padding-top:0;margin-bottom:0pt;padding-bottom:0;line-height:1.2;font-size:12pt;margin-left:36pt\"><span style=\"position:relative;text-indent:-18pt;font-weight:bold;font-size:22pt\">&#8211;<\/span><\/div><\/div><div class=\"li\" style=\"margin-top:0;margin-bottom:0;margin-left:0;margin-right:0\"><div style=\"text-align:center;margin-top:0pt;padding-top:0;margin-bottom:0pt;padding-bottom:0;line-height:1.2;font-size:12pt;margin-left:36pt\"><span style=\"position:relative;text-indent:-18pt;font-weight:bold;font-size:22pt\">&#8211;<\/span><strong><span style=\"font-size:22pt\">Mayo\u2019s  Lost  Islands  &#8211;<\/span><\/strong><\/div><\/div><div class=\"li\" style=\"margin-top:0;margin-bottom:0;margin-left:0;margin-right:0\"><div style=\"text-align:center;margin-top:0pt;padding-top:0;margin-bottom:0pt;padding-bottom:0;line-height:1.2;font-size:12pt;margin-left:36pt\"><span style=\"position:relative;text-indent:-18pt;font-weight:bold;font-size:22pt\">&#8211;<\/span><\/div><p style=\"text-align:center;margin-top:0pt;padding-top:0;margin-bottom:0pt;padding-bottom:0;line-height:1.2;font-size:12pt;margin-left:36pt\"><span style=\"height:1em\"><span>.<\/span><\/span><\/p><\/div><\/div><h3 style=\"margin-top:12pt;padding-top:0;margin-bottom:3pt;padding-bottom:0;line-height:1.2;font-weight:bold;font-size:13pt\"><span style=\"font-size:18pt\"> <\/span><span style=\"font-size:18pt\">\u201cT h e   I n i s h k e a s\u201d <\/span><span style=\"font-size:18pt\">&#8230;<\/span><span style=\"font-size:18pt\"> <\/span><span style=\"font-size:18pt\">by<\/span><span style=\"font-size:18pt\">&#8230; <\/span><span style=\"font-size:18pt\">B r i a n  D o r n a <\/span><span style=\"font-size:18pt\">n<\/span><span style=\"font-size:18pt\">\u201d<\/span><span style=\"font-size:18pt\">&nbsp;&nbsp;&nbsp;&nbsp;&nbsp;&nbsp;&nbsp;&nbsp;&nbsp;<\/span><\/h3><p style=\"text-align:center;margin-top:0pt;padding-top:0;margin-bottom:0pt;padding-bottom:0;line-height:1.8;font-size:12pt;margin-left:36pt\"><strong><span style=\"font-size:14pt\"><em>(Ar le<\/em><\/span><span style=\"font-size:14pt\"><em>an\u00faint \u00f3<\/em><\/span><span style=\"font-size:14pt\"><em>n tseachtain seo caite)<\/em><\/span><\/strong><\/p><p style=\"text-align:center;margin-top:0pt;padding-top:0;margin-bottom:0pt;padding-bottom:0;line-height:1.8;font-size:12pt\"><strong><span style=\"font-size:18pt\">Naomh\u00f3g Inis G\u00e9idhe<\/span><\/strong><\/p><p style=\"text-align:justify;margin-top:0pt;padding-top:0;margin-bottom:0pt;padding-bottom:0;line-height:1.8;font-size:12pt\"><span style=\"font-size:14pt\">Chr\u00ed<\/span><span style=\"font-size:14pt\">ochnaigh<\/span><span style=\"font-size:14pt\"> <\/span><span style=\"font-size:14pt\">muid an tseachtain s<\/span><span style=\"font-size:14pt\">eo caite agus tagairt \u00e1<\/span><span style=\"font-size:14pt\"> dh\u00e9anamh <\/span><span style=\"font-size:14pt\">againn <\/span><span style=\"font-size:14pt\">do Naomh\u00f3g Inis G\u00e9<\/span><span style=\"font-size:14pt\">, agus do<\/span><span style=\"font-size:14pt\">n chumhacht uilig<\/span><span style=\"font-size:14pt\"> a tuigeadh a bheith ag an<\/span><span style=\"font-size:14pt\"> n<\/span><span style=\"font-size:14pt\">deailbh\u00edn naofa si<\/span><span style=\"font-size:14pt\">n<\/span><span style=\"font-size:14pt\">, agus d\u00fais\u00edonn caint d\u00e1 leith\u00e9<\/span><span style=\"font-size:14pt\">id an cheist&#8230;<\/span><span style=\"font-size:14pt\">m\u00e1 bh\u00ed<\/span><span style=\"font-size:14pt\"> an chumhacht sin uilig ag<\/span><span style=\"font-size:14pt\"> \u201cNaomh\u00f3g\u201d sin Inis G\u00e9idh<\/span><span style=\"font-size:14pt\">e<\/span><span style=\"font-size:14pt\">, tuige n\u00e1r baineadh \u00fas\u00e1id aisti, <\/span><span style=\"font-size:14pt\">le linn na stoirme uaf\u00e1sa\u00ed \u00fad<\/span><span style=\"font-size:14pt\"> <\/span><span style=\"font-size:14pt\">1927?<\/span><span style=\"font-size:14pt\"> <\/span><span style=\"font-size:14pt\"> <\/span><span style=\"font-size:14pt\">Bhuel, t\u00e1 c\u00fais mhaith le sin, n\u00f3 tharla sa dara leath den nao\u00fa haois d\u00e9ag, gur ghabh an sagart par\u00e1iste an \u201cNaomh\u00f3g\u201d, agus ar bhealach amh\u00e1in, n\u00f3 ar bhealach eile,<\/span><span style=\"font-size:14pt\"> gur<\/span><span style=\"font-size:14pt\"> chuir s\u00e9 cos i bpoll lei.  Ba \u00e9 c\u00fais a bh\u00ed leis an ionsa\u00ed sin ar an <\/span><span style=\"font-size:14pt\">n<\/span><span style=\"font-size:14pt\">dealbh, n\u00f3 go raibh daoine<\/span><span style=\"font-size:14pt\"> \u00e1irithe<\/span><span style=\"font-size:14pt\"> ag ma\u00edomh go raibh dia br\u00e9ige \u00e1 adhradh ag muintir Inis G\u00e9idh<\/span><span style=\"font-size:14pt\">e<\/span><span style=\"font-size:14pt\">.  F\u00e9ach mar a chuir an <\/span><span style=\"font-size:14pt\">&nbsp;&nbsp;&nbsp;&nbsp;&nbsp;&nbsp;&nbsp;<\/span><span style=\"font-size:14pt\">t-\u00fadar \u00e9&#8230;<\/span><\/p><p style=\"text-align:justify;margin-top:0pt;padding-top:0;margin-bottom:0pt;padding-bottom:0;line-height:1.8;font-size:12pt;margin-left:36pt\"><span style=\"font-size:14pt\">\u201c<\/span><span style=\"font-size:14pt\">Some years later the Rev T.A. Armstrong, who was ordain<\/span><span style=\"font-size:14pt\">ed in Ballina in 1846 wrote <\/span><span style=\"font-size:14pt\">&#8230;<\/span><span style=\"font-size:14pt\">&#8211; <\/span><span style=\"font-size:14pt\">\u2018<\/span><span style=\"font-size:14pt\">still more gross superstition in the neighbouring island of Inishkea where a stone idol was invoked for the protection of the inhabitants and vengeance on their enemies.  This image was carefully clothed in flannel and when taken out for any special purpose was dressed in a new suit on return to the house in which it had been lodged.  It was warmed by the fire and put into the comfortable bed that was alotted for it.<\/span><span style=\"font-size:14pt\">\u201d<\/span><\/p><p style=\"text-align:justify;margin-top:0pt;padding-top:0;margin-bottom:0pt;padding-bottom:0;line-height:1.8;font-size:12pt\"><span style=\"font-size:14pt\">Is d\u00f3cha gur spreag altanna d\u00e1 leith\u00e9id na sagairt chun gn\u00edmh, agus ba \u00e9 deireadh an sc\u00e9il \u00e9 n\u00f3 gur b\u00e1itheadh an \u201cNaomh\u00f3g\u201d i ndoimhneas na Farraige M\u00f3ire. <\/span><\/p><p style=\"text-align:justify;margin-top:0pt;padding-top:0;margin-bottom:0pt;padding-bottom:0;line-height:1.8;font-size:12pt\"><span style=\"font-size:14pt\">N\u00ed g\u00e1 dhom a r\u00e1, go bhfuil an leabhar seo, \u201cTHE INISHKEAS,\u201d loml\u00e1n d\u2019eolas de chuile shaghas, faoi phobail na n-oile\u00e1n,  agus faoin gcine\u00e1l saoil a chaith siad, le linn d\u00f3ibh bheith ag cur f\u00fathu ar Inis G\u00e9idh<\/span><span style=\"font-size:14pt\">e<\/span><span style=\"font-size:14pt\">, ach le cr\u00edoch a chur leis an bp\u00edosa seo faoin leabhar iontach seo, b\u2019fh\u00e9idir gur ch\u00f3ir dom tagairt a dh\u00e9anamh d\u2019\u00e1bhar amh\u00e1in eile.<\/span><\/p><p style=\"text-align:justify;margin-top:0pt;padding-top:0;margin-bottom:0pt;padding-bottom:0;line-height:1.8;font-size:12pt\"><span style=\"font-size:14pt\">C\u00e9n t-\u00e1bhar \u00e9 sin, an ea?<\/span><\/p><p style=\"text-align:center;margin-top:0pt;padding-top:0;margin-bottom:0pt;padding-bottom:0;line-height:1.8;font-size:12pt\"><strong><span style=\"font-size:18pt\">Foghail Mhara<\/span><\/strong><\/p><p style=\"text-align:justify;margin-top:0pt;padding-top:0;margin-bottom:0pt;padding-bottom:0;line-height:1.8;font-size:12pt\"><span style=\"font-size:14pt\">Bhuel, an gcreidfe\u00e1 \u00e9,  d\u00e1 nd\u00e9arfainn \u201cfoghail mhara\u201d leat? <\/span><\/p><p style=\"text-align:justify;margin-top:0pt;padding-top:0;margin-bottom:0pt;padding-bottom:0;line-height:1.8;font-size:12pt\"><span style=\"font-size:14pt\">Ach conas a d\u2019fh\u00e9adfaid\u00eds an cheird sin a <\/span><span style=\"font-size:14pt\">chleachtadh agus gan acu ach cu<\/span><span style=\"font-size:14pt\">racha agus clocha? <\/span><\/p><p style=\"text-align:justify;margin-top:0pt;padding-top:0;margin-bottom:0pt;padding-bottom:0;line-height:1.8;font-size:12pt\"><span style=\"font-size:14pt\"> Bhuel, f\u00e9ach mar a chuireann an t-\u00fadar s\u00edos ar na c\u00farsai c\u00e9anna sin&#8230;.<\/span><\/p><p style=\"text-align:justify;margin-top:0pt;padding-top:0;margin-bottom:0pt;padding-bottom:0;line-height:1.8;font-size:12pt;margin-left:72pt\"><span style=\"font-size:14pt\">\u201c<\/span><span style=\"font-size:14pt\">The sea as a provider of less honest earnings through piracy developed in the 1830s and reached a peak in the 1840s.  By this time, being becalmed in the waters around Inishkea was dangerous for any boat.  The means whereby  the currach crews subdued the sailing craft was described as follows.  \u201cThe boats carried no arms but each<\/span><span style=\"font-size:14pt\"> carries<\/span><span style=\"font-size:14pt\"> a quantity of stones which they shower<\/span><span style=\"font-size:14pt\"> o<\/span><span style=\"font-size:14pt\">n the deck<\/span><span style=\"font-size:14pt\"> <\/span><span style=\"font-size:14pt\">and <\/span><span style=\"font-size:14pt\">that <\/span><span style=\"font-size:14pt\">drove the crew<\/span><span style=\"font-size:14pt\"> below.<\/span><span style=\"font-size:14pt\">\u201d<\/span><\/p><p style=\"text-align:justify;margin-top:0pt;padding-top:0;margin-bottom:0pt;padding-bottom:0;line-height:1.8;font-size:12pt\"><span style=\"font-size:14pt\">Ag an bpointe sin, th\u00e9adh lucht na gcurach ar bord, agus ghlacaid\u00eds seilbh ar an mb\u00e1d, agus d\u2019arda\u00edd\u00eds leo pe last a bh\u00ed ar bord.  Le linn an G<\/span><span style=\"font-size:14pt\">horta Mh\u00f3ir, bh\u00ed pl\u00far a nd\u00f3thain<\/span><span style=\"font-size:14pt\"> acu, tar \u00e9is d\u00f3ibh last pl\u00fair a ard\u00fa leo, \u00f3 bh\u00e1d seoil d\u00e1 leith\u00e9id, f\u00e9ach mar a chuirtear s\u00edos ar eachtra d\u00e1 leith\u00e9id.<\/span><\/p><p style=\"text-align:justify;margin-top:0pt;padding-top:0;margin-bottom:0pt;padding-bottom:0;line-height:1.8;font-size:12pt;margin-left:72pt\"><span style=\"font-size:14pt\">The efficiency of the plunder can be guaged by the action on the <\/span><strong><span style=\"font-size:14pt\"><em>Maris<\/em><\/span><\/strong><span style=\"font-size:14pt\"><em>, <\/em><\/span><span style=\"font-size:14pt\">already mentioned.  Two boats came alongside, threw a shower of stones at the crew, men landed and took over the helm, <\/span><span style=\"font-size:14pt\">unbattened the hatches and offloaded ten tons of flour.  A short time later two more boats came alongside.  In all, the captain estimated that fifty men were involved.<\/span><\/p><p style=\"text-align:justify;margin-top:0pt;padding-top:0;margin-bottom:0pt;padding-bottom:0;line-height:1.8;font-size:12pt\"><span style=\"font-size:14pt\">M\u00e1 t\u00e1 na huimhreacha sin intaofa, n\u00e1r mh\u00f3r ar fad an m\u00e9id daoine a d\u2019fh\u00e9adfaid\u00eds a bhaili\u00fa le ch\u00e9ile in achar gearr?  Caithfidh go raibh c\u00f3ras \u00e9ifeachtach comhartha\u00edochta acu, le go bhf\u00e9adfaid\u00eds glaoch ar a ch\u00e9ile, ar \u00e1im\u00e9ar na faille.  Bhuel, caithfidh m\u00e9 an chuid eile den obair a fh\u00e1g\u00e1il f\u00faibh fh\u00e9in.  M\u00e1 thagann sibh trasna ar an leabhar seo. \u201cThe Ini<\/span><span style=\"font-size:14pt\">shkeas\u201d l\u00e9<\/span><span style=\"font-size:14pt\">igh \u00e9, n\u00f3 t\u00e1<\/span><span style=\"font-size:14pt\"> m\u00e9 cinnte go mbainfidh sibh taitneamh as.<\/span><\/p><p style=\"text-align:justify;margin-top:0pt;padding-top:0;margin-bottom:0pt;padding-bottom:0;line-height:2.4;font-size:12pt\"><span style=\"font-size:14pt\">F\u00e9ach mar a chuir Se\u00e1n \u00d3 Monach\u00e1in cr\u00edoch lena chaoineadh faoin mb\u00e1thadh m\u00f3r sin 1927&#8230;.<\/span><span style=\"font-size:14pt\"> <\/span><\/p><p style=\"text-align:justify;margin-top:0pt;padding-top:0;margin-bottom:0pt;padding-bottom:0;line-height:1.8;font-size:12pt;margin-left:72pt\"><span style=\"font-size:14pt\">\u201c<\/span><span style=\"font-size:14pt\">Bh\u00ed Dia \u2018gh\u00e1 s\u00e1bh\u00e1il is ag r\u00e9iteach \u00e1it\u2019 d\u00f3ibh<\/span><\/p><p style=\"text-align:justify;margin-top:0pt;padding-top:0;margin-bottom:0pt;padding-bottom:0;line-height:1.8;font-size:12pt;margin-left:72pt\"><span style=\"font-size:14pt\">N\u00ed scathamh gearr \u00e9 n\u00e1 l\u00f3ist\u00edn o\u00edch\u2019,<\/span><\/p><p style=\"text-align:justify;margin-top:0pt;padding-top:0;margin-bottom:0pt;padding-bottom:0;line-height:1.8;font-size:12pt;margin-left:72pt\"><span style=\"font-size:14pt\">Acht do\u2019n anam t\u00e1raith\u2019 c\u00e9ad m\u00edle f\u00e1ilte<\/span><\/p><p style=\"text-align:justify;margin-top:0pt;padding-top:0;margin-bottom:0pt;padding-bottom:0;line-height:1.8;font-size:12pt;margin-left:72pt\"><span style=\"font-size:14pt\">I R\u00edocht an \u00c1ird-R\u00ed ar\u00edst a cho<\/span><span style=\"font-size:14pt\">\u00ed<\/span><span style=\"font-size:14pt\">ch\u2019.<\/span><span style=\"font-size:14pt\">\u201d<\/span><\/p><p style=\"text-align:justify;margin-top:0pt;padding-top:0;margin-bottom:0pt;padding-bottom:0;line-height:1.8;font-size:12pt;margin-left:72pt\"><span style=\"height:1em\"><span>.<\/span><\/span><\/p>","protected":false},"excerpt":{"rendered":"<p>O I L E \u00c1 I N I N I S G \u00c9 I D H E 2 &#8211; &#8211;Mayo\u2019s Lost Islands &#8211; &#8211; . \u201cT h e I n i s h k e a s\u201d &#8230; by&#8230; B r i a n D o r n a n\u201d&nbsp;&nbsp;&nbsp;&nbsp;&nbsp;&nbsp;&nbsp;&nbsp;&nbsp; (Ar lean\u00faint \u00f3n tseachtain seo [&hellip;]<\/p>\n","protected":false},"author":2,"featured_media":13435,"comment_status":"open","ping_status":"open","sticky":false,"template":"","format":"standard","meta":{"nf_dc_page":"","_et_pb_use_builder":"","_et_pb_old_content":"","_et_gb_content_width":"","footnotes":""},"categories":[1],"tags":[],"class_list":["post-13065","post","type-post","status-publish","format-standard","has-post-thumbnail","hentry","category-gan-chatagoir"],"_links":{"self":[{"href":"https:\/\/mickgb.com\/ga\/wp-json\/wp\/v2\/posts\/13065","targetHints":{"allow":["GET"]}}],"collection":[{"href":"https:\/\/mickgb.com\/ga\/wp-json\/wp\/v2\/posts"}],"about":[{"href":"https:\/\/mickgb.com\/ga\/wp-json\/wp\/v2\/types\/post"}],"author":[{"embeddable":true,"href":"https:\/\/mickgb.com\/ga\/wp-json\/wp\/v2\/users\/2"}],"replies":[{"embeddable":true,"href":"https:\/\/mickgb.com\/ga\/wp-json\/wp\/v2\/comments?post=13065"}],"version-history":[{"count":1,"href":"https:\/\/mickgb.com\/ga\/wp-json\/wp\/v2\/posts\/13065\/revisions"}],"predecessor-version":[{"id":13066,"href":"https:\/\/mickgb.com\/ga\/wp-json\/wp\/v2\/posts\/13065\/revisions\/13066"}],"wp:featuredmedia":[{"embeddable":true,"href":"https:\/\/mickgb.com\/ga\/wp-json\/wp\/v2\/media\/13435"}],"wp:attachment":[{"href":"https:\/\/mickgb.com\/ga\/wp-json\/wp\/v2\/media?parent=13065"}],"wp:term":[{"taxonomy":"category","embeddable":true,"href":"https:\/\/mickgb.com\/ga\/wp-json\/wp\/v2\/categories?post=13065"},{"taxonomy":"post_tag","embeddable":true,"href":"https:\/\/mickgb.com\/ga\/wp-json\/wp\/v2\/tags?post=13065"}],"curies":[{"name":"wp","href":"https:\/\/api.w.org\/{rel}","templated":true}]}}