{"id":13095,"date":"2017-04-04T11:00:00","date_gmt":"2017-04-04T11:00:00","guid":{"rendered":"https:\/\/mickgb.com\/?p=13095"},"modified":"2024-04-08T01:28:00","modified_gmt":"2024-04-08T01:28:00","slug":"prionsabail-an-daonlathais","status":"publish","type":"post","link":"https:\/\/mickgb.com\/ga\/prionsabail-an-daonlathais\/","title":{"rendered":"Prionsabail an Daonlathais"},"content":{"rendered":"<p style=\"text-align:center;margin-top:0pt;padding-top:0;margin-bottom:0pt;padding-bottom:0;line-height:2.4;font-weight:bold;font-size:24pt\">I  mB\u00e9al  an  Phobail<\/p><p style=\"margin-top:0pt;padding-top:0;margin-bottom:0pt;padding-bottom:0;line-height:2.4;font-size:14pt\">Peadar Bair\u00e9ad<\/p><p style=\"text-align:center;margin-top:0pt;padding-top:0;margin-bottom:0pt;padding-bottom:0;line-height:2.4\"><strong><span style=\"font-size:18pt\">Democracy at work!<\/span><\/strong><\/p><p style=\"text-align:justify;margin-top:0pt;padding-top:0;margin-bottom:0pt;padding-bottom:0;line-height:2.4\"><strong><span style=\"font-size:14pt\">(An Domhnach, an 6\u00fa l\u00e1 de Mh\u00e1rta, 2011.)<\/span><\/strong><\/p><p style=\"text-align:justify;margin-top:0pt;padding-top:0;margin-bottom:0pt;padding-bottom:0;line-height:2.4\"><span style=\"font-size:14pt\">T\u00e1 an tOlltoghch\u00e1n thart. T\u00e1 na v\u00f3ta\u00ed<\/span><span style=\"font-size:14pt\"> comhairthe. T\u00e1 breith an Phobail tugtha. T\u00e1 na Teachta\u00ed don Aon\u00fa D\u00e1il Triochad tofa. Agus t\u00e1 Comhrialtas \u00far r\u00e9idh le dul i mbun oibre \u00f3n 9\u00fa l\u00e1 de Mh\u00e1rta, 2011. T\u00e1 a fhios againn go l\u00e9ir, nach mbeadh s\u00e9 \u00e9asca aon chine\u00e1l eile Comhrialtais a chur i dtoll a ch\u00e9ile, leis an ngn\u00f3 c\u00e9anna sin a dh\u00e9anamh, \u00f3 tharla go raibh an oiread sin Teachta\u00ed ag Fine Gael agus ag P\u00e1irti an Lucht Oibre, ach nuair a chuireann t\u00fa cuingir ar an d\u00e1 Ph\u00e1irt\u00ed sin, bhuel, t\u00e1 Comhrialtas ar d\u00f3igh agat ansin. <\/span><\/p><p style=\"text-align:center;margin-top:0pt;padding-top:0;margin-bottom:0pt;padding-bottom:0;line-height:2.4\"><strong><span style=\"font-size:18pt\">Policy  V  Programme !<\/span><\/strong><\/p><p style=\"text-align:justify;margin-top:0pt;padding-top:0;margin-bottom:0pt;padding-bottom:0;line-height:2.4\"><span style=\"font-size:14pt\">T\u00e1 sin uilig go bre\u00e1, ach caithfidh t\u00fa breathn\u00fa ar na polasaithe a bh\u00ed leagtha amach ag an d\u00e1 Ph\u00e1irt\u00ed sin, roimh an toghch\u00e1n. N\u00ed f\u00e9idir a sh\u00e9anadh, gur mar sin a bh\u00ed, ach nuair a thagann an cr\u00fa ar an t\u00e1irne, caithfidh gach p\u00e1irt\u00ed acu cuid den pholasa\u00ed sin a chur ar athl\u00f3, m\u00e1s uathu teacht ar r\u00e9iteach. Is f\u00e9idir sin a fheice\u00e1il go soil\u00e9ir, m\u00e1 bhreathna\u00edonn t\u00fa ar pholasa\u00ed Fhine Gael i leith an d\u00e1ta 2014, a bhi socraithe sa Chonnradh a rinne an Comhrialtas deiridh leis an IMF, agus le ECB, agus gur theastaigh<\/span><span style=\"font-size:14pt\"> \u00f3 Ph\u00e1irt\u00ed an Lucht Oibre an bhliain 2016 a roghn\u00fa mar spriocdh\u00e1ta. Bhuel, shocraigh siad ar an mbliain 2015, sa chaoi go raibh cuid d\u00e1 <\/span><span style=\"font-size:14pt\">pholasa\u00ed fh\u00e9in, faighte ag gach P\u00e1irt\u00ed acu. Sin an prionsabal a chuirtaer i bhfeidhm agus Pairtithe ag iarraidh teacht ar r\u00e9iteach, r\u00e9iteach a th\u00e9ann cuid den bh\u00f3thar le chuile Ph\u00e1irt\u00ed acu.<\/span><\/p><p style=\"text-align:center;margin-top:0pt;padding-top:0;margin-bottom:0pt;padding-bottom:0;line-height:2.4\"><strong><span style=\"font-size:18pt\">Principle  V  Compromise !<\/span><\/strong><\/p><p style=\"text-align:justify;margin-top:0pt;padding-top:0;margin-bottom:0pt;padding-bottom:0;line-height:2.4\"><span style=\"font-size:14pt\">N\u00ed chuile dhuine a thuigeann an prionsabal sin, n\u00f3 nach raibh cinnl\u00ednte ag Nuacht\u00e1in \u00e1irithe, cheana f\u00e9in, go raibh a bprionsabal tr\u00e9igthe ag na p\u00e1irtithe sin, agus go raibh siad ag c\u00fal\u00fa \u00f3na ngeall\u00faint\u00ed anois, \u00f3 tharla go raibh bua faighte acu san Olltoghch\u00e1n. N\u00ed f\u00e9idir a sh\u00e9anadh go dtarla\u00edonn a leith\u00e9id, i socr\u00fa d\u00e1 leith\u00e9id, n\u00f3 n\u00ed f\u00e9idir le chuile ph\u00e1irt\u00ed acu a bpolasa\u00ed ioml\u00e1n fh\u00e9in a chur i gcr\u00edch, caithfidh comhgh\u00e9illeadh a bheith ann. Ach, ad\u00e9arfadh an dream sin, nach bhfuil siad ag tr\u00e9igean a bprions<\/span><span style=\"font-size:14pt\">abal, m\u00e1 ghlacann siad le comhgh\u00e9illeadh d\u00e1 leith\u00e9id? <\/span><\/p><p style=\"text-align:justify;margin-top:0pt;padding-top:0;margin-bottom:0pt;padding-bottom:0;line-height:2.4\"><span style=\"font-size:14pt\">T\u00e1, agus N\u00edl. M\u00e1 bhreathna\u00edonn t\u00fa ar an sc\u00e9al go fealls\u00fanta, caithfidh t\u00fa a admh\u00e1il go bhfuil an ceart acu sin, ach ar an dtaobh eile den sc\u00e9al, caithfidh t\u00fa breathn\u00fa ar an bpolasa\u00ed a leag siad os comhair an phobail, le linn a bhfeachtas toghch\u00e1na\u00edochta. Cad \u00e9 a gheall siad don phobal, i rith na tr\u00e9imhse sin? <\/span><\/p><p style=\"text-align:justify;margin-top:0pt;padding-top:0;margin-bottom:0pt;padding-bottom:0;line-height:2.4\"><span style=\"font-size:14pt\">Gheall siad, go nd\u00e9anfadh siad seo agus si\u00fad, d\u00e1 dtabharfadh an pobal m\u00f3ram ioml\u00e1n d\u00f3ibh san Olltoghch\u00e1n.<\/span><\/p><p style=\"text-align:justify;margin-top:0pt;padding-top:0;margin-bottom:0pt;padding-bottom:0;line-height:2.4\"><span style=\"font-size:14pt\">Ar thug an pobal an m\u00f3ramh sin d\u00f3ibh?<\/span><\/p><p style=\"text-align:justify;margin-top:0pt;padding-top:0;margin-bottom:0pt;padding-bottom:0;line-height:2.4\"><span style=\"font-size:14pt\">Is follas n\u00e1r thug, agus d\u00e1 bhr\u00ed sin, n\u00ed f\u00e9idir bheith ag s\u00fail, go gcoimhl\u00edonfa\u00ed go hioml\u00e1n, ar gheall\u00faint a tugadh. <\/span><\/p><p style=\"text-align:center;margin-top:0pt;padding-top:0;margin-bottom:0pt;padding-bottom:0;line-height:2.4\"><strong><span style=\"font-size:18pt\">What did the Voters say ?<\/span><\/strong><\/p><p style=\"text-align:justify;margin-top:0pt;padding-top:0;margin-bottom:0pt;padding-bottom:0;line-height:2.4\"><span style=\"font-size:14pt\">Cad \u00ed an bhreith a thug an pobal sa ch\u00e1s seo?<\/span><\/p><p style=\"text-align:justify;margin-top:0pt;padding-top:0;margin-bottom:0pt;padding-bottom:0;line-height:2.4\"><span style=\"font-size:14pt\">Ba \u00ed breith an phobail, n\u00f3 nach raibh siad s\u00e1sta m\u00f3ramh ioml\u00e1n a thabhairt do cheachtar acu, ionann sin is a r\u00e1, gurbh \u00e9 a bh\u00ed uathu n\u00f3 Comhrialtas, agus \u00f3 tharla gur mar sin a bh\u00ed, caithfidh an pobal a bheith s\u00e1sta le p\u00e9 comhr\u00e9iteach a dh\u00e9anfaidh na P\u00e1irtithe sa Chomhrialtas, faoi pholasa\u00ed an Chomhrialtais sin.<\/span><\/p><p style=\"text-align:justify;margin-top:0pt;padding-top:0;margin-bottom:0pt;padding-bottom:0;line-height:2.4\"><span style=\"font-size:14pt\">Mar sin, n\u00edl s\u00e9 ceart, c\u00f3ir, n\u00f3 feili\u00fanach, bheith ag caint ar thr\u00e9igean prionsabal, n\u00f3 faoi ch\u00fal\u00fa \u00f3 pholasaithe, agus na p\u00e1irtithe c\u00e9anna sin ag iarraidh teacht ar chomhgh\u00e9illeadh \u00e1irithe, le breith an phobail v\u00f3t\u00e1la a sh\u00e1samh, sa chaoi go mbeadh ar a gcumas Rialtas c\u00f3ir, cothrom, a chur in \u00faim, le leas an phobail a dh\u00e9anamh, idir seo agus an ch\u00e9ad olltoghch\u00e1n eile, nuair a bheidh deis ag an bpobal c\u00e9anna sin, a mbreith a thabhairt ar  thoradh a n-iarrachta\u00ed, san idirlinn. <\/span><\/p><p style=\"text-align:justify;margin-top:0pt;padding-top:0;margin-bottom:0pt;padding-bottom:0;line-height:2.4\"><span style=\"font-size:14pt\">Ar na prionsabail sin a buna\u00edtear feidhmi\u00fa \u00e1r ndaonlathais, anois, agus sna blianta at\u00e1 romhainn amach.                                          <\/span><\/p><p style=\"text-align:justify;margin-top:0pt;padding-top:0;margin-bottom:0pt;padding-bottom:0;line-height:2.4\"><span style=\"height:1em\"><span>.<\/span><\/span><\/p>","protected":false},"excerpt":{"rendered":"<p>I mB\u00e9al an Phobail Peadar Bair\u00e9ad Democracy at work! (An Domhnach, an 6\u00fa l\u00e1 de Mh\u00e1rta, 2011.) T\u00e1 an tOlltoghch\u00e1n thart. T\u00e1 na v\u00f3ta\u00ed comhairthe. T\u00e1 breith an Phobail tugtha. T\u00e1 na Teachta\u00ed don Aon\u00fa D\u00e1il Triochad tofa. Agus t\u00e1 Comhrialtas \u00far r\u00e9idh le dul i mbun oibre \u00f3n 9\u00fa l\u00e1 de Mh\u00e1rta, 2011. T\u00e1 [&hellip;]<\/p>\n","protected":false},"author":2,"featured_media":13435,"comment_status":"open","ping_status":"open","sticky":false,"template":"","format":"standard","meta":{"nf_dc_page":"","_et_pb_use_builder":"","_et_pb_old_content":"","_et_gb_content_width":"","footnotes":""},"categories":[1],"tags":[],"class_list":["post-13095","post","type-post","status-publish","format-standard","has-post-thumbnail","hentry","category-gan-chatagoir"],"_links":{"self":[{"href":"https:\/\/mickgb.com\/ga\/wp-json\/wp\/v2\/posts\/13095","targetHints":{"allow":["GET"]}}],"collection":[{"href":"https:\/\/mickgb.com\/ga\/wp-json\/wp\/v2\/posts"}],"about":[{"href":"https:\/\/mickgb.com\/ga\/wp-json\/wp\/v2\/types\/post"}],"author":[{"embeddable":true,"href":"https:\/\/mickgb.com\/ga\/wp-json\/wp\/v2\/users\/2"}],"replies":[{"embeddable":true,"href":"https:\/\/mickgb.com\/ga\/wp-json\/wp\/v2\/comments?post=13095"}],"version-history":[{"count":1,"href":"https:\/\/mickgb.com\/ga\/wp-json\/wp\/v2\/posts\/13095\/revisions"}],"predecessor-version":[{"id":13096,"href":"https:\/\/mickgb.com\/ga\/wp-json\/wp\/v2\/posts\/13095\/revisions\/13096"}],"wp:featuredmedia":[{"embeddable":true,"href":"https:\/\/mickgb.com\/ga\/wp-json\/wp\/v2\/media\/13435"}],"wp:attachment":[{"href":"https:\/\/mickgb.com\/ga\/wp-json\/wp\/v2\/media?parent=13095"}],"wp:term":[{"taxonomy":"category","embeddable":true,"href":"https:\/\/mickgb.com\/ga\/wp-json\/wp\/v2\/categories?post=13095"},{"taxonomy":"post_tag","embeddable":true,"href":"https:\/\/mickgb.com\/ga\/wp-json\/wp\/v2\/tags?post=13095"}],"curies":[{"name":"wp","href":"https:\/\/api.w.org\/{rel}","templated":true}]}}